{"id":8059,"date":"2009-04-22T12:31:15","date_gmt":"2009-04-22T10:31:15","guid":{"rendered":"http:\/\/www.mojabochnia.pl\/?p=8059"},"modified":"2009-04-22T12:31:15","modified_gmt":"2009-04-22T10:31:15","slug":"butelka-narzedziem-zbrodni","status":"publish","type":"post","link":"https:\/\/www.mojabochnia.pl\/?p=8059","title":{"rendered":"Butelka narz\u0119dziem zbrodni"},"content":{"rendered":"<p>Do zdarzenia dosz\u0142o 14 kwietnia, noc\u0105 ok. godziny 3.30 pod jednym z boche\u0144skich nocnych sklep\u00f3w. Sprawca wychodz\u0105c z niego po zrobionych zakupach zaatakowa\u0142 stoj\u0105cych w pobli\u017cu dw\u00f3ch m\u0119\u017cczyzn. Zada\u0142 im ciosy w g\u0142ow\u0119, jako narz\u0119dzia u\u017cywaj\u0105c pe\u0142nej butelki z piwem.  Jeden z poszkodowanych 21-letni mieszczanie Cikowic nie dozna\u0142 powa\u017cnych obra\u017ce\u0144 cia\u0142a. Natomiast drugi z zaatakowanych 25-letni mieszkaniec Bochni zosta\u0142 przewieziony do szpitala, gdzie stwierdzono p\u0119kni\u0119cie ko\u015bci skroniowej i obrz\u0119k m\u00f3zgu. Przy upadku po zadanym ciosie w g\u0142ow\u0119 m\u0119\u017cczyzna uderzy\u0142 g\u0142ow\u0105 o chodnik. <\/p>\n<p>&#8211; <em>W efekcie czynno\u015bci operacyjno \u2013 wykrywczych policjanci Wydzia\u0142u Kryminalnego KPP w Bochni ustalili sprawc\u0119, 18-letniego mieszka\u0144ca Bochni, kt\u00f3remu postawiono zarzut uszkodzenia cia\u0142a za co grozi mu kara pozbawienia wolno\u015bci do lat 5 <\/em>\u2013 poinformowa\u0142 nas Leszek Machaj.<\/p>\n<p>Na wniosek Policji Prokurator Rejonowy w Bochni zastosowa\u0142 wobec sprawcy \u015brodek zapobiegawczy w postaci dozoru policyjnego oraz por\u0119czenia maj\u0105tkowego. Sprawca odpowiada\u0142 juz w przesz\u0142o\u015bci przed s\u0105dem za wielokrotne naruszanie prawa.<\/p>\n","protected":false},"excerpt":{"rendered":"<p>18-latek najpierw zrobi\u0142 zakupy, a p\u00f3\u017aniej bez wyra\u017anego powodu zaatakowa\u0142 stoj\u0105cych przed sklepem m\u0119\u017cczyzn. <\/p>\n","protected":false},"author":1,"featured_media":0,"comment_status":"open","ping_status":"closed","sticky":false,"template":"","format":"standard","meta":{"_acf_changed":false,"footnotes":""},"categories":[5],"tags":[17504,17238,2896,17155,3512,1833,2033,17324,3101],"class_list":["post-8059","post","type-post","status-publish","format-standard","hentry","category-biezace-wydarzenia","tag-kara","tag-leszek-machaj","tag-obrazenia","tag-policja","tag-poszkodowany","tag-pozbawienie-wolnosci","tag-sprawca","tag-szpital","tag-wydzial-kryminalny"],"acf":[],"yoast_head":"<!-- This site is optimized with the Yoast SEO plugin v26.9 - https:\/\/yoast.com\/product\/yoast-seo-wordpress\/ -->\n<title>Butelka narz\u0119dziem zbrodni - mojabochnia.pl - portal informacyjny<\/title>\n<meta name=\"robots\" content=\"index, follow, max-snippet:-1, max-image-preview:large, max-video-preview:-1\" \/>\n<link rel=\"canonical\" href=\"https:\/\/www.mojabochnia.pl\/?p=8059\" \/>\n<meta property=\"og:locale\" content=\"pl_PL\" \/>\n<meta property=\"og:type\" content=\"article\" \/>\n<meta property=\"og:title\" content=\"Butelka narz\u0119dziem zbrodni - mojabochnia.pl - portal informacyjny\" \/>\n<meta property=\"og:description\" content=\"18-latek najpierw zrobi\u0142 zakupy, a p\u00f3\u017aniej bez wyra\u017anego powodu zaatakowa\u0142 stoj\u0105cych przed sklepem m\u0119\u017cczyzn.\" \/>\n<meta property=\"og:url\" content=\"https:\/\/www.mojabochnia.pl\/?p=8059\" \/>\n<meta property=\"og:site_name\" content=\"mojabochnia.pl - portal informacyjny\" \/>\n<meta property=\"article:publisher\" content=\"https:\/\/www.facebook.com\/mojabochnia\" \/>\n<meta property=\"article:published_time\" content=\"2009-04-22T10:31:15+00:00\" \/>\n<meta name=\"author\" content=\"administrator\" \/>\n<meta name=\"twitter:card\" content=\"summary_large_image\" \/>\n<meta name=\"twitter:label1\" content=\"Written by\" \/>\n\t<meta name=\"twitter:data1\" content=\"administrator\" \/>\n\t<meta name=\"twitter:label2\" content=\"Est. reading time\" \/>\n\t<meta name=\"twitter:data2\" content=\"1 minuta\" \/>\n<script type=\"application\/ld+json\" class=\"yoast-schema-graph\">{\"@context\":\"https:\/\/schema.org\",\"@graph\":[{\"@type\":\"Article\",\"@id\":\"https:\/\/www.mojabochnia.pl\/?p=8059#article\",\"isPartOf\":{\"@id\":\"https:\/\/www.mojabochnia.pl\/?p=8059\"},\"author\":{\"name\":\"administrator\",\"@id\":\"https:\/\/www.mojabochnia.pl\/#\/schema\/person\/c00e1f64e6fa0e6de6d410f2c340017f\"},\"headline\":\"Butelka narz\u0119dziem zbrodni\",\"datePublished\":\"2009-04-22T10:31:15+00:00\",\"mainEntityOfPage\":{\"@id\":\"https:\/\/www.mojabochnia.pl\/?p=8059\"},\"wordCount\":184,\"commentCount\":0,\"publisher\":{\"@id\":\"https:\/\/www.mojabochnia.pl\/#organization\"},\"keywords\":[\"kara\",\"leszek machaj\",\"obra\u017cenia\",\"policja\",\"poszkodowany\",\"pozbawienie wolno\u015bci\",\"sprawca\",\"szpital\",\"wydzia\u0142 kryminalny\"],\"articleSection\":[\"2_ostatnie\"],\"inLanguage\":\"pl-PL\",\"potentialAction\":[{\"@type\":\"CommentAction\",\"name\":\"Comment\",\"target\":[\"https:\/\/www.mojabochnia.pl\/?p=8059#respond\"]}]},{\"@type\":\"WebPage\",\"@id\":\"https:\/\/www.mojabochnia.pl\/?p=8059\",\"url\":\"https:\/\/www.mojabochnia.pl\/?p=8059\",\"name\":\"Butelka narz\u0119dziem zbrodni - mojabochnia.pl - portal informacyjny\",\"isPartOf\":{\"@id\":\"https:\/\/www.mojabochnia.pl\/#website\"},\"datePublished\":\"2009-04-22T10:31:15+00:00\",\"breadcrumb\":{\"@id\":\"https:\/\/www.mojabochnia.pl\/?p=8059#breadcrumb\"},\"inLanguage\":\"pl-PL\",\"potentialAction\":[{\"@type\":\"ReadAction\",\"target\":[\"https:\/\/www.mojabochnia.pl\/?p=8059\"]}]},{\"@type\":\"BreadcrumbList\",\"@id\":\"https:\/\/www.mojabochnia.pl\/?p=8059#breadcrumb\",\"itemListElement\":[{\"@type\":\"ListItem\",\"position\":1,\"name\":\"Home\",\"item\":\"https:\/\/www.mojabochnia.pl\/\"},{\"@type\":\"ListItem\",\"position\":2,\"name\":\"Butelka narz\u0119dziem zbrodni\"}]},{\"@type\":\"WebSite\",\"@id\":\"https:\/\/www.mojabochnia.pl\/#website\",\"url\":\"https:\/\/www.mojabochnia.pl\/\",\"name\":\"mojabochnia.pl - portal informacyjny\",\"description\":\"mojaBochnia to portal informacyjny o Bochni. Codziennie o Bochni piszemy i pokazujemy najwa\u017cniejsze wydarzenia\",\"publisher\":{\"@id\":\"https:\/\/www.mojabochnia.pl\/#organization\"},\"potentialAction\":[{\"@type\":\"SearchAction\",\"target\":{\"@type\":\"EntryPoint\",\"urlTemplate\":\"https:\/\/www.mojabochnia.pl\/?s={search_term_string}\"},\"query-input\":{\"@type\":\"PropertyValueSpecification\",\"valueRequired\":true,\"valueName\":\"search_term_string\"}}],\"inLanguage\":\"pl-PL\"},{\"@type\":\"Organization\",\"@id\":\"https:\/\/www.mojabochnia.pl\/#organization\",\"name\":\"mojabochnia.pl - portal informacyjny\",\"url\":\"https:\/\/www.mojabochnia.pl\/\",\"logo\":{\"@type\":\"ImageObject\",\"inLanguage\":\"pl-PL\",\"@id\":\"https:\/\/www.mojabochnia.pl\/#\/schema\/logo\/image\/\",\"url\":\"https:\/\/www.mojabochnia.pl\/wp-content\/uploads\/2017\/08\/logo-mb-opt.png\",\"contentUrl\":\"https:\/\/www.mojabochnia.pl\/wp-content\/uploads\/2017\/08\/logo-mb-opt.png\",\"width\":250,\"height\":48,\"caption\":\"mojabochnia.pl - portal informacyjny\"},\"image\":{\"@id\":\"https:\/\/www.mojabochnia.pl\/#\/schema\/logo\/image\/\"},\"sameAs\":[\"https:\/\/www.facebook.com\/mojabochnia\"]},{\"@type\":\"Person\",\"@id\":\"https:\/\/www.mojabochnia.pl\/#\/schema\/person\/c00e1f64e6fa0e6de6d410f2c340017f\",\"name\":\"administrator\",\"url\":\"https:\/\/www.mojabochnia.pl\/?author=1\"}]}<\/script>\n<!-- \/ Yoast SEO plugin. -->","yoast_head_json":{"title":"Butelka narz\u0119dziem zbrodni - mojabochnia.pl - portal informacyjny","robots":{"index":"index","follow":"follow","max-snippet":"max-snippet:-1","max-image-preview":"max-image-preview:large","max-video-preview":"max-video-preview:-1"},"canonical":"https:\/\/www.mojabochnia.pl\/?p=8059","og_locale":"pl_PL","og_type":"article","og_title":"Butelka narz\u0119dziem zbrodni - mojabochnia.pl - portal informacyjny","og_description":"18-latek najpierw zrobi\u0142 zakupy, a p\u00f3\u017aniej bez wyra\u017anego powodu zaatakowa\u0142 stoj\u0105cych przed sklepem m\u0119\u017cczyzn.","og_url":"https:\/\/www.mojabochnia.pl\/?p=8059","og_site_name":"mojabochnia.pl - portal informacyjny","article_publisher":"https:\/\/www.facebook.com\/mojabochnia","article_published_time":"2009-04-22T10:31:15+00:00","author":"administrator","twitter_card":"summary_large_image","twitter_misc":{"Written by":"administrator","Est. reading time":"1 minuta"},"schema":{"@context":"https:\/\/schema.org","@graph":[{"@type":"Article","@id":"https:\/\/www.mojabochnia.pl\/?p=8059#article","isPartOf":{"@id":"https:\/\/www.mojabochnia.pl\/?p=8059"},"author":{"name":"administrator","@id":"https:\/\/www.mojabochnia.pl\/#\/schema\/person\/c00e1f64e6fa0e6de6d410f2c340017f"},"headline":"Butelka narz\u0119dziem zbrodni","datePublished":"2009-04-22T10:31:15+00:00","mainEntityOfPage":{"@id":"https:\/\/www.mojabochnia.pl\/?p=8059"},"wordCount":184,"commentCount":0,"publisher":{"@id":"https:\/\/www.mojabochnia.pl\/#organization"},"keywords":["kara","leszek machaj","obra\u017cenia","policja","poszkodowany","pozbawienie wolno\u015bci","sprawca","szpital","wydzia\u0142 kryminalny"],"articleSection":["2_ostatnie"],"inLanguage":"pl-PL","potentialAction":[{"@type":"CommentAction","name":"Comment","target":["https:\/\/www.mojabochnia.pl\/?p=8059#respond"]}]},{"@type":"WebPage","@id":"https:\/\/www.mojabochnia.pl\/?p=8059","url":"https:\/\/www.mojabochnia.pl\/?p=8059","name":"Butelka narz\u0119dziem zbrodni - mojabochnia.pl - portal informacyjny","isPartOf":{"@id":"https:\/\/www.mojabochnia.pl\/#website"},"datePublished":"2009-04-22T10:31:15+00:00","breadcrumb":{"@id":"https:\/\/www.mojabochnia.pl\/?p=8059#breadcrumb"},"inLanguage":"pl-PL","potentialAction":[{"@type":"ReadAction","target":["https:\/\/www.mojabochnia.pl\/?p=8059"]}]},{"@type":"BreadcrumbList","@id":"https:\/\/www.mojabochnia.pl\/?p=8059#breadcrumb","itemListElement":[{"@type":"ListItem","position":1,"name":"Home","item":"https:\/\/www.mojabochnia.pl\/"},{"@type":"ListItem","position":2,"name":"Butelka narz\u0119dziem zbrodni"}]},{"@type":"WebSite","@id":"https:\/\/www.mojabochnia.pl\/#website","url":"https:\/\/www.mojabochnia.pl\/","name":"mojabochnia.pl - portal informacyjny","description":"mojaBochnia to portal informacyjny o Bochni. Codziennie o Bochni piszemy i pokazujemy najwa\u017cniejsze wydarzenia","publisher":{"@id":"https:\/\/www.mojabochnia.pl\/#organization"},"potentialAction":[{"@type":"SearchAction","target":{"@type":"EntryPoint","urlTemplate":"https:\/\/www.mojabochnia.pl\/?s={search_term_string}"},"query-input":{"@type":"PropertyValueSpecification","valueRequired":true,"valueName":"search_term_string"}}],"inLanguage":"pl-PL"},{"@type":"Organization","@id":"https:\/\/www.mojabochnia.pl\/#organization","name":"mojabochnia.pl - portal informacyjny","url":"https:\/\/www.mojabochnia.pl\/","logo":{"@type":"ImageObject","inLanguage":"pl-PL","@id":"https:\/\/www.mojabochnia.pl\/#\/schema\/logo\/image\/","url":"https:\/\/www.mojabochnia.pl\/wp-content\/uploads\/2017\/08\/logo-mb-opt.png","contentUrl":"https:\/\/www.mojabochnia.pl\/wp-content\/uploads\/2017\/08\/logo-mb-opt.png","width":250,"height":48,"caption":"mojabochnia.pl - portal informacyjny"},"image":{"@id":"https:\/\/www.mojabochnia.pl\/#\/schema\/logo\/image\/"},"sameAs":["https:\/\/www.facebook.com\/mojabochnia"]},{"@type":"Person","@id":"https:\/\/www.mojabochnia.pl\/#\/schema\/person\/c00e1f64e6fa0e6de6d410f2c340017f","name":"administrator","url":"https:\/\/www.mojabochnia.pl\/?author=1"}]}},"_links":{"self":[{"href":"https:\/\/www.mojabochnia.pl\/index.php?rest_route=\/wp\/v2\/posts\/8059","targetHints":{"allow":["GET"]}}],"collection":[{"href":"https:\/\/www.mojabochnia.pl\/index.php?rest_route=\/wp\/v2\/posts"}],"about":[{"href":"https:\/\/www.mojabochnia.pl\/index.php?rest_route=\/wp\/v2\/types\/post"}],"author":[{"embeddable":true,"href":"https:\/\/www.mojabochnia.pl\/index.php?rest_route=\/wp\/v2\/users\/1"}],"replies":[{"embeddable":true,"href":"https:\/\/www.mojabochnia.pl\/index.php?rest_route=%2Fwp%2Fv2%2Fcomments&post=8059"}],"version-history":[{"count":0,"href":"https:\/\/www.mojabochnia.pl\/index.php?rest_route=\/wp\/v2\/posts\/8059\/revisions"}],"wp:attachment":[{"href":"https:\/\/www.mojabochnia.pl\/index.php?rest_route=%2Fwp%2Fv2%2Fmedia&parent=8059"}],"wp:term":[{"taxonomy":"category","embeddable":true,"href":"https:\/\/www.mojabochnia.pl\/index.php?rest_route=%2Fwp%2Fv2%2Fcategories&post=8059"},{"taxonomy":"post_tag","embeddable":true,"href":"https:\/\/www.mojabochnia.pl\/index.php?rest_route=%2Fwp%2Fv2%2Ftags&post=8059"}],"curies":[{"name":"wp","href":"https:\/\/api.w.org\/{rel}","templated":true}]}}