{"id":8028,"date":"2009-04-21T16:01:24","date_gmt":"2009-04-21T14:01:24","guid":{"rendered":"http:\/\/www.mojabochnia.pl\/?p=8028"},"modified":"2009-04-22T08:24:55","modified_gmt":"2009-04-22T06:24:55","slug":"kinski-w-bochenskim-kinie","status":"publish","type":"post","link":"https:\/\/www.mojabochnia.pl\/?p=8028","title":{"rendered":"Klaus Kinski w boche\u0144skim kinie"},"content":{"rendered":"<p>Film wyre\u017cyserowa\u0142 Peter Geyer, w\u0142a\u015bciwie jest to zapis przedstawienia teatralnego, kt\u00f3re oby\u0142o si\u0119 21 listopada 1971 roku w Deutchlandhalle w Berlinie. Na pustej scenie pojawia si\u0119 jedynie Kinski, kt\u00f3ry recytuje sw\u00f3j w\u0142asny tekst &#8211; &#8222;Jezus Chrystus Zbawiciel&#8221;. W wizji aktora, Jezus to symbol kontrkultury, przyjaciel \u017cebrak\u00f3w, bezdomnych i dziwek, oderwany od epoki, w jakiej osadzi\u0142 go Nowy Testament.<br \/>\nW pewnym momencie monolog stylizowany na kazanie zamienia si\u0119 w wiec, wielk\u0105 dyskusj\u0119 artysty z odbiorcami, rozjuszeni widzowie te\u017c wchodz\u0105 na scen\u0119, aktor z obelgami wielokrotnie j\u0105 opuszcza. Po pewnym czasie w to wszystko wkracza policja. <\/p>\n<p>Luiza Sawicka z MDK-u pytana o wyb\u00f3r repertuaru, odpowiedzia\u0142a: <em>&#8211; film ten znalaz\u0142 si\u0119 li\u015bcie produkcji zaproponowanych przez nas Polskiemu Instytutowi Sztuki Filmowej, kt\u00f3ry finansuje ca\u0142y BAF. Nie jest to typowy film fabularny, ale nowatorskie kino. Co\u015b innego, czego do tej pory nie prezentowali\u015bmy, a wiemy , \u017ce w innych kinach cieszy\u0142o si\u0119 popularno\u015bci\u0105 i mamy nadzieje, \u017ce u nas r\u00f3wnie\u017c b\u0119dzie.<\/em><\/p>\n<p>Projekcj\u0119 filmu, kt\u00f3ra odb\u0119dzie si\u0119 we \u015brod\u0119 w Sali Kameralnej MDK o godz. 19:00 poprzedzi prelekcja Jacka Dziduszki.<\/p>\n","protected":false},"excerpt":{"rendered":"<p>Boche\u0144ski Dom Kultury w ramach projektu &#8222;Boche\u0144ska Akademia Filmowa&#8221; zaprasza na film &#8222;Jezus Chrystus Zbawiciel &#8222;. Projekcja ju\u017c jutro. Kino Regis serdecznie zaprasza.<\/p>\n","protected":false},"author":1,"featured_media":0,"comment_status":"open","ping_status":"closed","sticky":false,"template":"","format":"standard","meta":{"_acf_changed":false,"footnotes":""},"categories":[92],"tags":[2692,17142,3596,17289,17263,17444,2519,1977,2652,3120],"class_list":["post-8028","post","type-post","status-publish","format-standard","hentry","category-kultura","tag-baf","tag-film","tag-jacek-dziduszko","tag-kino","tag-kino-regis","tag-mdk","tag-projekcja","tag-repertuar","tag-sala-kameralna","tag-widowisko"],"acf":[],"yoast_head":"<!-- This site is optimized with the Yoast SEO plugin v26.9 - https:\/\/yoast.com\/product\/yoast-seo-wordpress\/ -->\n<title>Klaus Kinski w boche\u0144skim kinie - mojabochnia.pl - portal informacyjny<\/title>\n<meta name=\"robots\" content=\"index, follow, max-snippet:-1, max-image-preview:large, max-video-preview:-1\" \/>\n<link rel=\"canonical\" href=\"https:\/\/www.mojabochnia.pl\/?p=8028\" \/>\n<meta property=\"og:locale\" content=\"pl_PL\" \/>\n<meta property=\"og:type\" content=\"article\" \/>\n<meta property=\"og:title\" content=\"Klaus Kinski w boche\u0144skim kinie - mojabochnia.pl - portal informacyjny\" \/>\n<meta property=\"og:description\" content=\"Boche\u0144ski Dom Kultury w ramach projektu &quot;Boche\u0144ska Akademia Filmowa&quot; zaprasza na film &quot;Jezus Chrystus Zbawiciel &quot;. Projekcja ju\u017c jutro. Kino Regis serdecznie zaprasza.\" \/>\n<meta property=\"og:url\" content=\"https:\/\/www.mojabochnia.pl\/?p=8028\" \/>\n<meta property=\"og:site_name\" content=\"mojabochnia.pl - portal informacyjny\" \/>\n<meta property=\"article:publisher\" content=\"https:\/\/www.facebook.com\/mojabochnia\" \/>\n<meta property=\"article:published_time\" content=\"2009-04-21T14:01:24+00:00\" \/>\n<meta property=\"article:modified_time\" content=\"2009-04-22T06:24:55+00:00\" \/>\n<meta name=\"author\" content=\"administrator\" \/>\n<meta name=\"twitter:card\" content=\"summary_large_image\" \/>\n<meta name=\"twitter:label1\" content=\"Written by\" \/>\n\t<meta name=\"twitter:data1\" content=\"administrator\" \/>\n\t<meta name=\"twitter:label2\" content=\"Est. reading time\" \/>\n\t<meta name=\"twitter:data2\" content=\"1 minuta\" \/>\n<script type=\"application\/ld+json\" class=\"yoast-schema-graph\">{\"@context\":\"https:\/\/schema.org\",\"@graph\":[{\"@type\":\"Article\",\"@id\":\"https:\/\/www.mojabochnia.pl\/?p=8028#article\",\"isPartOf\":{\"@id\":\"https:\/\/www.mojabochnia.pl\/?p=8028\"},\"author\":{\"name\":\"administrator\",\"@id\":\"https:\/\/www.mojabochnia.pl\/#\/schema\/person\/c00e1f64e6fa0e6de6d410f2c340017f\"},\"headline\":\"Klaus Kinski w boche\u0144skim kinie\",\"datePublished\":\"2009-04-21T14:01:24+00:00\",\"dateModified\":\"2009-04-22T06:24:55+00:00\",\"mainEntityOfPage\":{\"@id\":\"https:\/\/www.mojabochnia.pl\/?p=8028\"},\"wordCount\":197,\"commentCount\":0,\"publisher\":{\"@id\":\"https:\/\/www.mojabochnia.pl\/#organization\"},\"keywords\":[\"BAF\",\"film\",\"jacek dziduszko\",\"Kino\",\"kino regis\",\"MDK\",\"projekcja\",\"repertuar\",\"sala kameralna\",\"widowisko\"],\"articleSection\":[\"kultura\"],\"inLanguage\":\"pl-PL\",\"potentialAction\":[{\"@type\":\"CommentAction\",\"name\":\"Comment\",\"target\":[\"https:\/\/www.mojabochnia.pl\/?p=8028#respond\"]}]},{\"@type\":\"WebPage\",\"@id\":\"https:\/\/www.mojabochnia.pl\/?p=8028\",\"url\":\"https:\/\/www.mojabochnia.pl\/?p=8028\",\"name\":\"Klaus Kinski w boche\u0144skim kinie - mojabochnia.pl - portal informacyjny\",\"isPartOf\":{\"@id\":\"https:\/\/www.mojabochnia.pl\/#website\"},\"datePublished\":\"2009-04-21T14:01:24+00:00\",\"dateModified\":\"2009-04-22T06:24:55+00:00\",\"breadcrumb\":{\"@id\":\"https:\/\/www.mojabochnia.pl\/?p=8028#breadcrumb\"},\"inLanguage\":\"pl-PL\",\"potentialAction\":[{\"@type\":\"ReadAction\",\"target\":[\"https:\/\/www.mojabochnia.pl\/?p=8028\"]}]},{\"@type\":\"BreadcrumbList\",\"@id\":\"https:\/\/www.mojabochnia.pl\/?p=8028#breadcrumb\",\"itemListElement\":[{\"@type\":\"ListItem\",\"position\":1,\"name\":\"Home\",\"item\":\"https:\/\/www.mojabochnia.pl\/\"},{\"@type\":\"ListItem\",\"position\":2,\"name\":\"Klaus Kinski w boche\u0144skim kinie\"}]},{\"@type\":\"WebSite\",\"@id\":\"https:\/\/www.mojabochnia.pl\/#website\",\"url\":\"https:\/\/www.mojabochnia.pl\/\",\"name\":\"mojabochnia.pl - portal informacyjny\",\"description\":\"mojaBochnia to portal informacyjny o Bochni. Codziennie o Bochni piszemy i pokazujemy najwa\u017cniejsze wydarzenia\",\"publisher\":{\"@id\":\"https:\/\/www.mojabochnia.pl\/#organization\"},\"potentialAction\":[{\"@type\":\"SearchAction\",\"target\":{\"@type\":\"EntryPoint\",\"urlTemplate\":\"https:\/\/www.mojabochnia.pl\/?s={search_term_string}\"},\"query-input\":{\"@type\":\"PropertyValueSpecification\",\"valueRequired\":true,\"valueName\":\"search_term_string\"}}],\"inLanguage\":\"pl-PL\"},{\"@type\":\"Organization\",\"@id\":\"https:\/\/www.mojabochnia.pl\/#organization\",\"name\":\"mojabochnia.pl - portal informacyjny\",\"url\":\"https:\/\/www.mojabochnia.pl\/\",\"logo\":{\"@type\":\"ImageObject\",\"inLanguage\":\"pl-PL\",\"@id\":\"https:\/\/www.mojabochnia.pl\/#\/schema\/logo\/image\/\",\"url\":\"https:\/\/www.mojabochnia.pl\/wp-content\/uploads\/2017\/08\/logo-mb-opt.png\",\"contentUrl\":\"https:\/\/www.mojabochnia.pl\/wp-content\/uploads\/2017\/08\/logo-mb-opt.png\",\"width\":250,\"height\":48,\"caption\":\"mojabochnia.pl - portal informacyjny\"},\"image\":{\"@id\":\"https:\/\/www.mojabochnia.pl\/#\/schema\/logo\/image\/\"},\"sameAs\":[\"https:\/\/www.facebook.com\/mojabochnia\"]},{\"@type\":\"Person\",\"@id\":\"https:\/\/www.mojabochnia.pl\/#\/schema\/person\/c00e1f64e6fa0e6de6d410f2c340017f\",\"name\":\"administrator\",\"url\":\"https:\/\/www.mojabochnia.pl\/?author=1\"}]}<\/script>\n<!-- \/ Yoast SEO plugin. -->","yoast_head_json":{"title":"Klaus Kinski w boche\u0144skim kinie - mojabochnia.pl - portal informacyjny","robots":{"index":"index","follow":"follow","max-snippet":"max-snippet:-1","max-image-preview":"max-image-preview:large","max-video-preview":"max-video-preview:-1"},"canonical":"https:\/\/www.mojabochnia.pl\/?p=8028","og_locale":"pl_PL","og_type":"article","og_title":"Klaus Kinski w boche\u0144skim kinie - mojabochnia.pl - portal informacyjny","og_description":"Boche\u0144ski Dom Kultury w ramach projektu \"Boche\u0144ska Akademia Filmowa\" zaprasza na film \"Jezus Chrystus Zbawiciel \". Projekcja ju\u017c jutro. Kino Regis serdecznie zaprasza.","og_url":"https:\/\/www.mojabochnia.pl\/?p=8028","og_site_name":"mojabochnia.pl - portal informacyjny","article_publisher":"https:\/\/www.facebook.com\/mojabochnia","article_published_time":"2009-04-21T14:01:24+00:00","article_modified_time":"2009-04-22T06:24:55+00:00","author":"administrator","twitter_card":"summary_large_image","twitter_misc":{"Written by":"administrator","Est. reading time":"1 minuta"},"schema":{"@context":"https:\/\/schema.org","@graph":[{"@type":"Article","@id":"https:\/\/www.mojabochnia.pl\/?p=8028#article","isPartOf":{"@id":"https:\/\/www.mojabochnia.pl\/?p=8028"},"author":{"name":"administrator","@id":"https:\/\/www.mojabochnia.pl\/#\/schema\/person\/c00e1f64e6fa0e6de6d410f2c340017f"},"headline":"Klaus Kinski w boche\u0144skim kinie","datePublished":"2009-04-21T14:01:24+00:00","dateModified":"2009-04-22T06:24:55+00:00","mainEntityOfPage":{"@id":"https:\/\/www.mojabochnia.pl\/?p=8028"},"wordCount":197,"commentCount":0,"publisher":{"@id":"https:\/\/www.mojabochnia.pl\/#organization"},"keywords":["BAF","film","jacek dziduszko","Kino","kino regis","MDK","projekcja","repertuar","sala kameralna","widowisko"],"articleSection":["kultura"],"inLanguage":"pl-PL","potentialAction":[{"@type":"CommentAction","name":"Comment","target":["https:\/\/www.mojabochnia.pl\/?p=8028#respond"]}]},{"@type":"WebPage","@id":"https:\/\/www.mojabochnia.pl\/?p=8028","url":"https:\/\/www.mojabochnia.pl\/?p=8028","name":"Klaus Kinski w boche\u0144skim kinie - mojabochnia.pl - portal informacyjny","isPartOf":{"@id":"https:\/\/www.mojabochnia.pl\/#website"},"datePublished":"2009-04-21T14:01:24+00:00","dateModified":"2009-04-22T06:24:55+00:00","breadcrumb":{"@id":"https:\/\/www.mojabochnia.pl\/?p=8028#breadcrumb"},"inLanguage":"pl-PL","potentialAction":[{"@type":"ReadAction","target":["https:\/\/www.mojabochnia.pl\/?p=8028"]}]},{"@type":"BreadcrumbList","@id":"https:\/\/www.mojabochnia.pl\/?p=8028#breadcrumb","itemListElement":[{"@type":"ListItem","position":1,"name":"Home","item":"https:\/\/www.mojabochnia.pl\/"},{"@type":"ListItem","position":2,"name":"Klaus Kinski w boche\u0144skim kinie"}]},{"@type":"WebSite","@id":"https:\/\/www.mojabochnia.pl\/#website","url":"https:\/\/www.mojabochnia.pl\/","name":"mojabochnia.pl - portal informacyjny","description":"mojaBochnia to portal informacyjny o Bochni. Codziennie o Bochni piszemy i pokazujemy najwa\u017cniejsze wydarzenia","publisher":{"@id":"https:\/\/www.mojabochnia.pl\/#organization"},"potentialAction":[{"@type":"SearchAction","target":{"@type":"EntryPoint","urlTemplate":"https:\/\/www.mojabochnia.pl\/?s={search_term_string}"},"query-input":{"@type":"PropertyValueSpecification","valueRequired":true,"valueName":"search_term_string"}}],"inLanguage":"pl-PL"},{"@type":"Organization","@id":"https:\/\/www.mojabochnia.pl\/#organization","name":"mojabochnia.pl - portal informacyjny","url":"https:\/\/www.mojabochnia.pl\/","logo":{"@type":"ImageObject","inLanguage":"pl-PL","@id":"https:\/\/www.mojabochnia.pl\/#\/schema\/logo\/image\/","url":"https:\/\/www.mojabochnia.pl\/wp-content\/uploads\/2017\/08\/logo-mb-opt.png","contentUrl":"https:\/\/www.mojabochnia.pl\/wp-content\/uploads\/2017\/08\/logo-mb-opt.png","width":250,"height":48,"caption":"mojabochnia.pl - portal informacyjny"},"image":{"@id":"https:\/\/www.mojabochnia.pl\/#\/schema\/logo\/image\/"},"sameAs":["https:\/\/www.facebook.com\/mojabochnia"]},{"@type":"Person","@id":"https:\/\/www.mojabochnia.pl\/#\/schema\/person\/c00e1f64e6fa0e6de6d410f2c340017f","name":"administrator","url":"https:\/\/www.mojabochnia.pl\/?author=1"}]}},"_links":{"self":[{"href":"https:\/\/www.mojabochnia.pl\/index.php?rest_route=\/wp\/v2\/posts\/8028","targetHints":{"allow":["GET"]}}],"collection":[{"href":"https:\/\/www.mojabochnia.pl\/index.php?rest_route=\/wp\/v2\/posts"}],"about":[{"href":"https:\/\/www.mojabochnia.pl\/index.php?rest_route=\/wp\/v2\/types\/post"}],"author":[{"embeddable":true,"href":"https:\/\/www.mojabochnia.pl\/index.php?rest_route=\/wp\/v2\/users\/1"}],"replies":[{"embeddable":true,"href":"https:\/\/www.mojabochnia.pl\/index.php?rest_route=%2Fwp%2Fv2%2Fcomments&post=8028"}],"version-history":[{"count":0,"href":"https:\/\/www.mojabochnia.pl\/index.php?rest_route=\/wp\/v2\/posts\/8028\/revisions"}],"wp:attachment":[{"href":"https:\/\/www.mojabochnia.pl\/index.php?rest_route=%2Fwp%2Fv2%2Fmedia&parent=8028"}],"wp:term":[{"taxonomy":"category","embeddable":true,"href":"https:\/\/www.mojabochnia.pl\/index.php?rest_route=%2Fwp%2Fv2%2Fcategories&post=8028"},{"taxonomy":"post_tag","embeddable":true,"href":"https:\/\/www.mojabochnia.pl\/index.php?rest_route=%2Fwp%2Fv2%2Ftags&post=8028"}],"curies":[{"name":"wp","href":"https:\/\/api.w.org\/{rel}","templated":true}]}}