{"id":8024,"date":"2009-04-22T10:53:32","date_gmt":"2009-04-22T08:53:32","guid":{"rendered":"http:\/\/www.mojabochnia.pl\/?p=8024"},"modified":"2009-04-21T15:14:53","modified_gmt":"2009-04-21T13:14:53","slug":"siedlec-pelen-nalesnikow","status":"publish","type":"post","link":"https:\/\/www.mojabochnia.pl\/?p=8024","title":{"rendered":"Siedlec pe\u0142en nale\u015bnik\u00f3w"},"content":{"rendered":"<p>Nale\u015bniki ocenia\u0142o jury w sk\u0142adzie:<br \/>\n1.\tAnna Biernat \u2013 Przewodnicz\u0105ca (nauczyciel technologii gastronomicznej w ZS im. Prof. Jana Zdzis\u0142awa W\u0142odka w D\u0105browicy)<br \/>\n2.\tHelena Augusty\u0144ska<br \/>\n3.\tHalina Skrzekucka<br \/>\n4.\tZofia Pukal (Przewodnicz\u0105ca Rady Gminy Bochnia)<br \/>\n5.\tPiotr Czekaj (Wicedyrektor ZS Nr 3 im. Ks. Prof. J\u00f3zefa Tischnera w Bochni).<\/p>\n<p>Jurorzy zwracali uwag\u0119 smak, wygl\u0105d i prezentacj\u0119 stoiska. Przyznano nast\u0119puj\u0105ce miejsca:<\/p>\n<p>I miejsce:<\/p>\n<p>&#8211; \u201eBrze\u017anickie Gosposie\u201d z Brze\u017anicy<br \/>\n&#8211; Wiejski Dom Kultury w \u0141apczycy<\/p>\n<p>II miejsce:<br \/>\n&#8211; Ko\u0142o Gospody\u0144 Wiejskich Siedlec<\/p>\n<p>III miejsce:<br \/>\n&#8211; Ko\u0142o Gospody\u0144 Wiejskich Cikowice<br \/>\n&#8211; Ko\u0142o Gospody\u0144 Wiejskich \u201eWeso\u0142e Kumoszki\u201d z Moszczenicy<\/p>\n<p>IV miejsce:<br \/>\n\u015awietlica Wiejskiego Domu Kultury w Siedlcu<\/p>\n<p>V miejsce:<br \/>\nKo\u0142o Gospody\u0144 Wiejskich Majkowice<\/p>\n<p>VI miejsce:<br \/>\n&#8211; \u201eGalerianie\u201d z Che\u0142mu.<\/p>\n<p>W konkursie wzi\u0119\u0142o udzia\u0142 16 stoisk.<\/p>\n<p><img decoding=\"async\" src=\"http:\/\/www.mojabochnia.pl\/f\/2009\/04\/090422_xx_nalesniki1.jpg\" \/><br \/>\n<img decoding=\"async\" src=\"http:\/\/www.mojabochnia.pl\/f\/2009\/04\/090422_xx_nalesniki2.jpg\" \/><br \/>\n<img decoding=\"async\" src=\"http:\/\/www.mojabochnia.pl\/f\/2009\/04\/090422_xx_nalesniki3.jpg\" \/><br \/>\n<img decoding=\"async\" src=\"http:\/\/www.mojabochnia.pl\/f\/2009\/04\/090422_xx_nalesniki4.jpg\" \/><br \/>\n<img decoding=\"async\" src=\"http:\/\/www.mojabochnia.pl\/f\/2009\/04\/090422_xx_nalesniki5.jpg\" \/><\/p>\n","protected":false},"excerpt":{"rendered":"<p>W niedziel\u0119 w Siedlcu zaroi\u0142o si\u0119 od nale\u015bnik\u00f3w. By\u0142y nale\u015bniki na s\u0142odko, nale\u015bniki z mi\u0119sem &#8211; wszystko to podczas konkursu na Najsmaczniejsze Nale\u015bniki Gminy Bochnia.<\/p>\n","protected":false},"author":4,"featured_media":0,"comment_status":"open","ping_status":"closed","sticky":false,"template":"","format":"standard","meta":{"_acf_changed":false,"footnotes":""},"categories":[92],"tags":[1647,642,464,17225,3071,17122,17218,1953,17117],"class_list":["post-8024","post","type-post","status-publish","format-standard","hentry","category-kultura","tag-danuta-niemiec","tag-degustacja","tag-degustacja-potraw","tag-gmina-bochnia","tag-gminne-centrum-kultury-czytelnictwa-i-sportu","tag-konkurs","tag-lapczyca","tag-paulina-urbanczyk","tag-siedlec"],"acf":[],"yoast_head":"<!-- This site is optimized with the Yoast SEO plugin v26.9 - https:\/\/yoast.com\/product\/yoast-seo-wordpress\/ -->\n<title>Siedlec pe\u0142en nale\u015bnik\u00f3w - mojabochnia.pl - portal informacyjny<\/title>\n<meta name=\"robots\" content=\"index, follow, max-snippet:-1, max-image-preview:large, max-video-preview:-1\" \/>\n<link rel=\"canonical\" href=\"https:\/\/www.mojabochnia.pl\/?p=8024\" \/>\n<meta property=\"og:locale\" content=\"pl_PL\" \/>\n<meta property=\"og:type\" content=\"article\" \/>\n<meta property=\"og:title\" content=\"Siedlec pe\u0142en nale\u015bnik\u00f3w - mojabochnia.pl - portal informacyjny\" \/>\n<meta property=\"og:description\" content=\"W niedziel\u0119 w Siedlcu zaroi\u0142o si\u0119 od nale\u015bnik\u00f3w. By\u0142y nale\u015bniki na s\u0142odko, nale\u015bniki z mi\u0119sem - wszystko to podczas konkursu na Najsmaczniejsze Nale\u015bniki Gminy Bochnia.\" \/>\n<meta property=\"og:url\" content=\"https:\/\/www.mojabochnia.pl\/?p=8024\" \/>\n<meta property=\"og:site_name\" content=\"mojabochnia.pl - portal informacyjny\" \/>\n<meta property=\"article:publisher\" content=\"https:\/\/www.facebook.com\/mojabochnia\" \/>\n<meta property=\"article:published_time\" content=\"2009-04-22T08:53:32+00:00\" \/>\n<meta property=\"og:image\" content=\"http:\/\/www.mojabochnia.pl\/f\/2009\/04\/090422_xx_nalesniki1.jpg\" \/>\n<meta name=\"author\" content=\"Pawe\u0142 Michalczyk\" \/>\n<meta name=\"twitter:card\" content=\"summary_large_image\" \/>\n<meta name=\"twitter:label1\" content=\"Written by\" \/>\n\t<meta name=\"twitter:data1\" content=\"Pawe\u0142 Michalczyk\" \/>\n\t<meta name=\"twitter:label2\" content=\"Est. reading time\" \/>\n\t<meta name=\"twitter:data2\" content=\"1 minuta\" \/>\n<script type=\"application\/ld+json\" class=\"yoast-schema-graph\">{\"@context\":\"https:\/\/schema.org\",\"@graph\":[{\"@type\":\"Article\",\"@id\":\"https:\/\/www.mojabochnia.pl\/?p=8024#article\",\"isPartOf\":{\"@id\":\"https:\/\/www.mojabochnia.pl\/?p=8024\"},\"author\":{\"name\":\"Pawe\u0142 Michalczyk\",\"@id\":\"https:\/\/www.mojabochnia.pl\/#\/schema\/person\/ea042e4724a77627963f02166828ead4\"},\"headline\":\"Siedlec pe\u0142en nale\u015bnik\u00f3w\",\"datePublished\":\"2009-04-22T08:53:32+00:00\",\"mainEntityOfPage\":{\"@id\":\"https:\/\/www.mojabochnia.pl\/?p=8024\"},\"wordCount\":141,\"commentCount\":0,\"publisher\":{\"@id\":\"https:\/\/www.mojabochnia.pl\/#organization\"},\"image\":{\"@id\":\"https:\/\/www.mojabochnia.pl\/?p=8024#primaryimage\"},\"thumbnailUrl\":\"http:\/\/www.mojabochnia.pl\/f\/2009\/04\/090422_xx_nalesniki1.jpg\",\"keywords\":[\"danuta niemiec\",\"degustacja\",\"degustacja potraw\",\"gmina bochnia\",\"gminne centrum kultury czytelnictwa i sportu\",\"konkurs\",\"\u0142apczyca\",\"paulina urba\u0144czyk\",\"siedlec\"],\"articleSection\":[\"kultura\"],\"inLanguage\":\"pl-PL\",\"potentialAction\":[{\"@type\":\"CommentAction\",\"name\":\"Comment\",\"target\":[\"https:\/\/www.mojabochnia.pl\/?p=8024#respond\"]}]},{\"@type\":\"WebPage\",\"@id\":\"https:\/\/www.mojabochnia.pl\/?p=8024\",\"url\":\"https:\/\/www.mojabochnia.pl\/?p=8024\",\"name\":\"Siedlec pe\u0142en nale\u015bnik\u00f3w - mojabochnia.pl - portal informacyjny\",\"isPartOf\":{\"@id\":\"https:\/\/www.mojabochnia.pl\/#website\"},\"primaryImageOfPage\":{\"@id\":\"https:\/\/www.mojabochnia.pl\/?p=8024#primaryimage\"},\"image\":{\"@id\":\"https:\/\/www.mojabochnia.pl\/?p=8024#primaryimage\"},\"thumbnailUrl\":\"http:\/\/www.mojabochnia.pl\/f\/2009\/04\/090422_xx_nalesniki1.jpg\",\"datePublished\":\"2009-04-22T08:53:32+00:00\",\"breadcrumb\":{\"@id\":\"https:\/\/www.mojabochnia.pl\/?p=8024#breadcrumb\"},\"inLanguage\":\"pl-PL\",\"potentialAction\":[{\"@type\":\"ReadAction\",\"target\":[\"https:\/\/www.mojabochnia.pl\/?p=8024\"]}]},{\"@type\":\"ImageObject\",\"inLanguage\":\"pl-PL\",\"@id\":\"https:\/\/www.mojabochnia.pl\/?p=8024#primaryimage\",\"url\":\"http:\/\/www.mojabochnia.pl\/f\/2009\/04\/090422_xx_nalesniki1.jpg\",\"contentUrl\":\"http:\/\/www.mojabochnia.pl\/f\/2009\/04\/090422_xx_nalesniki1.jpg\"},{\"@type\":\"BreadcrumbList\",\"@id\":\"https:\/\/www.mojabochnia.pl\/?p=8024#breadcrumb\",\"itemListElement\":[{\"@type\":\"ListItem\",\"position\":1,\"name\":\"Home\",\"item\":\"https:\/\/www.mojabochnia.pl\/\"},{\"@type\":\"ListItem\",\"position\":2,\"name\":\"Siedlec pe\u0142en nale\u015bnik\u00f3w\"}]},{\"@type\":\"WebSite\",\"@id\":\"https:\/\/www.mojabochnia.pl\/#website\",\"url\":\"https:\/\/www.mojabochnia.pl\/\",\"name\":\"mojabochnia.pl - portal informacyjny\",\"description\":\"mojaBochnia to portal informacyjny o Bochni. Codziennie o Bochni piszemy i pokazujemy najwa\u017cniejsze wydarzenia\",\"publisher\":{\"@id\":\"https:\/\/www.mojabochnia.pl\/#organization\"},\"potentialAction\":[{\"@type\":\"SearchAction\",\"target\":{\"@type\":\"EntryPoint\",\"urlTemplate\":\"https:\/\/www.mojabochnia.pl\/?s={search_term_string}\"},\"query-input\":{\"@type\":\"PropertyValueSpecification\",\"valueRequired\":true,\"valueName\":\"search_term_string\"}}],\"inLanguage\":\"pl-PL\"},{\"@type\":\"Organization\",\"@id\":\"https:\/\/www.mojabochnia.pl\/#organization\",\"name\":\"mojabochnia.pl - portal informacyjny\",\"url\":\"https:\/\/www.mojabochnia.pl\/\",\"logo\":{\"@type\":\"ImageObject\",\"inLanguage\":\"pl-PL\",\"@id\":\"https:\/\/www.mojabochnia.pl\/#\/schema\/logo\/image\/\",\"url\":\"https:\/\/www.mojabochnia.pl\/wp-content\/uploads\/2017\/08\/logo-mb-opt.png\",\"contentUrl\":\"https:\/\/www.mojabochnia.pl\/wp-content\/uploads\/2017\/08\/logo-mb-opt.png\",\"width\":250,\"height\":48,\"caption\":\"mojabochnia.pl - portal informacyjny\"},\"image\":{\"@id\":\"https:\/\/www.mojabochnia.pl\/#\/schema\/logo\/image\/\"},\"sameAs\":[\"https:\/\/www.facebook.com\/mojabochnia\"]},{\"@type\":\"Person\",\"@id\":\"https:\/\/www.mojabochnia.pl\/#\/schema\/person\/ea042e4724a77627963f02166828ead4\",\"name\":\"Pawe\u0142 Michalczyk\",\"url\":\"https:\/\/www.mojabochnia.pl\/?author=4\"}]}<\/script>\n<!-- \/ Yoast SEO plugin. -->","yoast_head_json":{"title":"Siedlec pe\u0142en nale\u015bnik\u00f3w - mojabochnia.pl - portal informacyjny","robots":{"index":"index","follow":"follow","max-snippet":"max-snippet:-1","max-image-preview":"max-image-preview:large","max-video-preview":"max-video-preview:-1"},"canonical":"https:\/\/www.mojabochnia.pl\/?p=8024","og_locale":"pl_PL","og_type":"article","og_title":"Siedlec pe\u0142en nale\u015bnik\u00f3w - mojabochnia.pl - portal informacyjny","og_description":"W niedziel\u0119 w Siedlcu zaroi\u0142o si\u0119 od nale\u015bnik\u00f3w. By\u0142y nale\u015bniki na s\u0142odko, nale\u015bniki z mi\u0119sem - wszystko to podczas konkursu na Najsmaczniejsze Nale\u015bniki Gminy Bochnia.","og_url":"https:\/\/www.mojabochnia.pl\/?p=8024","og_site_name":"mojabochnia.pl - portal informacyjny","article_publisher":"https:\/\/www.facebook.com\/mojabochnia","article_published_time":"2009-04-22T08:53:32+00:00","og_image":[{"url":"http:\/\/www.mojabochnia.pl\/f\/2009\/04\/090422_xx_nalesniki1.jpg","type":"","width":"","height":""}],"author":"Pawe\u0142 Michalczyk","twitter_card":"summary_large_image","twitter_misc":{"Written by":"Pawe\u0142 Michalczyk","Est. reading time":"1 minuta"},"schema":{"@context":"https:\/\/schema.org","@graph":[{"@type":"Article","@id":"https:\/\/www.mojabochnia.pl\/?p=8024#article","isPartOf":{"@id":"https:\/\/www.mojabochnia.pl\/?p=8024"},"author":{"name":"Pawe\u0142 Michalczyk","@id":"https:\/\/www.mojabochnia.pl\/#\/schema\/person\/ea042e4724a77627963f02166828ead4"},"headline":"Siedlec pe\u0142en nale\u015bnik\u00f3w","datePublished":"2009-04-22T08:53:32+00:00","mainEntityOfPage":{"@id":"https:\/\/www.mojabochnia.pl\/?p=8024"},"wordCount":141,"commentCount":0,"publisher":{"@id":"https:\/\/www.mojabochnia.pl\/#organization"},"image":{"@id":"https:\/\/www.mojabochnia.pl\/?p=8024#primaryimage"},"thumbnailUrl":"http:\/\/www.mojabochnia.pl\/f\/2009\/04\/090422_xx_nalesniki1.jpg","keywords":["danuta niemiec","degustacja","degustacja potraw","gmina bochnia","gminne centrum kultury czytelnictwa i sportu","konkurs","\u0142apczyca","paulina urba\u0144czyk","siedlec"],"articleSection":["kultura"],"inLanguage":"pl-PL","potentialAction":[{"@type":"CommentAction","name":"Comment","target":["https:\/\/www.mojabochnia.pl\/?p=8024#respond"]}]},{"@type":"WebPage","@id":"https:\/\/www.mojabochnia.pl\/?p=8024","url":"https:\/\/www.mojabochnia.pl\/?p=8024","name":"Siedlec pe\u0142en nale\u015bnik\u00f3w - mojabochnia.pl - portal informacyjny","isPartOf":{"@id":"https:\/\/www.mojabochnia.pl\/#website"},"primaryImageOfPage":{"@id":"https:\/\/www.mojabochnia.pl\/?p=8024#primaryimage"},"image":{"@id":"https:\/\/www.mojabochnia.pl\/?p=8024#primaryimage"},"thumbnailUrl":"http:\/\/www.mojabochnia.pl\/f\/2009\/04\/090422_xx_nalesniki1.jpg","datePublished":"2009-04-22T08:53:32+00:00","breadcrumb":{"@id":"https:\/\/www.mojabochnia.pl\/?p=8024#breadcrumb"},"inLanguage":"pl-PL","potentialAction":[{"@type":"ReadAction","target":["https:\/\/www.mojabochnia.pl\/?p=8024"]}]},{"@type":"ImageObject","inLanguage":"pl-PL","@id":"https:\/\/www.mojabochnia.pl\/?p=8024#primaryimage","url":"http:\/\/www.mojabochnia.pl\/f\/2009\/04\/090422_xx_nalesniki1.jpg","contentUrl":"http:\/\/www.mojabochnia.pl\/f\/2009\/04\/090422_xx_nalesniki1.jpg"},{"@type":"BreadcrumbList","@id":"https:\/\/www.mojabochnia.pl\/?p=8024#breadcrumb","itemListElement":[{"@type":"ListItem","position":1,"name":"Home","item":"https:\/\/www.mojabochnia.pl\/"},{"@type":"ListItem","position":2,"name":"Siedlec pe\u0142en nale\u015bnik\u00f3w"}]},{"@type":"WebSite","@id":"https:\/\/www.mojabochnia.pl\/#website","url":"https:\/\/www.mojabochnia.pl\/","name":"mojabochnia.pl - portal informacyjny","description":"mojaBochnia to portal informacyjny o Bochni. Codziennie o Bochni piszemy i pokazujemy najwa\u017cniejsze wydarzenia","publisher":{"@id":"https:\/\/www.mojabochnia.pl\/#organization"},"potentialAction":[{"@type":"SearchAction","target":{"@type":"EntryPoint","urlTemplate":"https:\/\/www.mojabochnia.pl\/?s={search_term_string}"},"query-input":{"@type":"PropertyValueSpecification","valueRequired":true,"valueName":"search_term_string"}}],"inLanguage":"pl-PL"},{"@type":"Organization","@id":"https:\/\/www.mojabochnia.pl\/#organization","name":"mojabochnia.pl - portal informacyjny","url":"https:\/\/www.mojabochnia.pl\/","logo":{"@type":"ImageObject","inLanguage":"pl-PL","@id":"https:\/\/www.mojabochnia.pl\/#\/schema\/logo\/image\/","url":"https:\/\/www.mojabochnia.pl\/wp-content\/uploads\/2017\/08\/logo-mb-opt.png","contentUrl":"https:\/\/www.mojabochnia.pl\/wp-content\/uploads\/2017\/08\/logo-mb-opt.png","width":250,"height":48,"caption":"mojabochnia.pl - portal informacyjny"},"image":{"@id":"https:\/\/www.mojabochnia.pl\/#\/schema\/logo\/image\/"},"sameAs":["https:\/\/www.facebook.com\/mojabochnia"]},{"@type":"Person","@id":"https:\/\/www.mojabochnia.pl\/#\/schema\/person\/ea042e4724a77627963f02166828ead4","name":"Pawe\u0142 Michalczyk","url":"https:\/\/www.mojabochnia.pl\/?author=4"}]}},"_links":{"self":[{"href":"https:\/\/www.mojabochnia.pl\/index.php?rest_route=\/wp\/v2\/posts\/8024","targetHints":{"allow":["GET"]}}],"collection":[{"href":"https:\/\/www.mojabochnia.pl\/index.php?rest_route=\/wp\/v2\/posts"}],"about":[{"href":"https:\/\/www.mojabochnia.pl\/index.php?rest_route=\/wp\/v2\/types\/post"}],"author":[{"embeddable":true,"href":"https:\/\/www.mojabochnia.pl\/index.php?rest_route=\/wp\/v2\/users\/4"}],"replies":[{"embeddable":true,"href":"https:\/\/www.mojabochnia.pl\/index.php?rest_route=%2Fwp%2Fv2%2Fcomments&post=8024"}],"version-history":[{"count":0,"href":"https:\/\/www.mojabochnia.pl\/index.php?rest_route=\/wp\/v2\/posts\/8024\/revisions"}],"wp:attachment":[{"href":"https:\/\/www.mojabochnia.pl\/index.php?rest_route=%2Fwp%2Fv2%2Fmedia&parent=8024"}],"wp:term":[{"taxonomy":"category","embeddable":true,"href":"https:\/\/www.mojabochnia.pl\/index.php?rest_route=%2Fwp%2Fv2%2Fcategories&post=8024"},{"taxonomy":"post_tag","embeddable":true,"href":"https:\/\/www.mojabochnia.pl\/index.php?rest_route=%2Fwp%2Fv2%2Ftags&post=8024"}],"curies":[{"name":"wp","href":"https:\/\/api.w.org\/{rel}","templated":true}]}}