{"id":8011,"date":"2009-04-21T14:08:22","date_gmt":"2009-04-21T12:08:22","guid":{"rendered":"http:\/\/www.mojabochnia.pl\/?p=8011"},"modified":"2009-04-21T14:08:22","modified_gmt":"2009-04-21T12:08:22","slug":"film-bochenskich-tworcow","status":"publish","type":"post","link":"https:\/\/www.mojabochnia.pl\/?p=8011","title":{"rendered":"Film boche\u0144skich tw\u00f3rc\u00f3w"},"content":{"rendered":"<p>Film \u201eKrwawa ba\u015b\u0144. Intryga przeznaczenia\u201d jest wsp\u00f3lnym efektem ci\u0119\u017ckiej pracy mi\u0142o\u015bnik\u00f3w kina. Wraz z Aleksandrem Kropid\u0142owskim i Piotrem Wi\u015bniowskim pracowa\u0142 wielu m\u0142odych amator\u00f3w kina z Bochni i okolic. Sceny zosta\u0142y nakr\u0119cone w ubieg\u0142e wakacje, p\u00f3\u017aniej przyszed\u0142 czas na monta\u017c.<\/p>\n<p><em> &#8211; Dwaj tak bliscy, a tak r\u00f3\u017cni sobie. Jeden pocz\u0105tek i jeden koniec. Ten, kt\u00f3ry pierwszy nawiedzi krain\u0119 cieni \u2013 powr\u00f3ci i \u015bwiat nie zazna spokoju nim nie padnie i nie wywrze swej zemsty<\/em> \u2013 takimi s\u0142owami rozpoczyna si\u0119 zwiastun filmu. <em> &#8211; Odwieczna walka dobra ze z\u0142em zn\u00f3w trwa. Czy chcesz ucieka\u0107 przed swym przeznaczeniem, czy tez stawisz mu czo\u0142a rami\u0119 w rami\u0119 z tymi, kt\u00f3rzy ju\u017c po\u015bwi\u0119cili swe \u017cycie tej sprawie?<\/em> \u2013 dowiadujemy si\u0119 z dalszej cz\u0119\u015bci kr\u00f3tkiego materia\u0142u. <\/p>\n<p>Film opowiada o walce dobra ze z\u0142em. Zakon \u015awiat\u0142a musi podj\u0105\u0107 walk\u0119 po reaktywacji Hord Ciemno\u015bci. Zmartwychwsta\u0142y Assur musi stoczy\u0107 pojedynek ze swoim zab\u00f3jc\u0105 Tyrionem, wed\u0142ug tego co m\u00f3wi\u0142a przepowiednia. Nie zabrak\u0142o w filmie tak\u017ce w\u0105tku mi\u0142osnego.<\/p>\n<p>Film b\u0119dzie mo\u017cna obejrze\u0107 w kinie Regis 23 i 30 kwietnia o godz. 17.30 i 19.00.  &#8211; <em>Je\u017celi byliby jeszcze ch\u0119tni, dokonamy stara\u0144, aby zrobi\u0107 kolejne seanse<\/em> \u2013 zapewniaj\u0105 producenci. <\/p>\n<p>Zwiastun filmu mo\u017cna obejrze\u0107 <a onclick=\"javascript:pageTracker._trackPageview('\/outgoing\/www.youtube.com\/watch?v=ln7tGwJtppo');\"  href=\"http:\/\/www.youtube.com\/watch?v=ln7tGwJtppo\">tutaj<\/a><\/p>\n","protected":false},"excerpt":{"rendered":"<p>Ju\u017c za dwa dni po raz pierwszy b\u0119dzie mo\u017cna ogl\u0105dn\u0105\u0107 film autorstwa bochnian w kinie Regis. Produkcja jest wsp\u00f3lnym dzie\u0142em Aleksandra Kropid\u0142owskiego i Piotra Wi\u015bniowskiego.<\/p>\n","protected":false},"author":1,"featured_media":0,"comment_status":"open","ping_status":"closed","sticky":false,"template":"","format":"standard","meta":{"_acf_changed":false,"footnotes":""},"categories":[92],"tags":[17142,17289,1393],"class_list":["post-8011","post","type-post","status-publish","format-standard","hentry","category-kultura","tag-film","tag-kino","tag-walka"],"acf":[],"yoast_head":"<!-- This site is optimized with the Yoast SEO plugin v26.9 - https:\/\/yoast.com\/product\/yoast-seo-wordpress\/ -->\n<title>Film boche\u0144skich tw\u00f3rc\u00f3w - mojabochnia.pl - portal informacyjny<\/title>\n<meta name=\"robots\" content=\"index, follow, max-snippet:-1, max-image-preview:large, max-video-preview:-1\" \/>\n<link rel=\"canonical\" href=\"https:\/\/www.mojabochnia.pl\/?p=8011\" \/>\n<meta property=\"og:locale\" content=\"pl_PL\" \/>\n<meta property=\"og:type\" content=\"article\" \/>\n<meta property=\"og:title\" content=\"Film boche\u0144skich tw\u00f3rc\u00f3w - mojabochnia.pl - portal informacyjny\" \/>\n<meta property=\"og:description\" content=\"Ju\u017c za dwa dni po raz pierwszy b\u0119dzie mo\u017cna ogl\u0105dn\u0105\u0107 film autorstwa bochnian w kinie Regis. Produkcja jest wsp\u00f3lnym dzie\u0142em Aleksandra Kropid\u0142owskiego i Piotra Wi\u015bniowskiego.\" \/>\n<meta property=\"og:url\" content=\"https:\/\/www.mojabochnia.pl\/?p=8011\" \/>\n<meta property=\"og:site_name\" content=\"mojabochnia.pl - portal informacyjny\" \/>\n<meta property=\"article:publisher\" content=\"https:\/\/www.facebook.com\/mojabochnia\" \/>\n<meta property=\"article:published_time\" content=\"2009-04-21T12:08:22+00:00\" \/>\n<meta name=\"author\" content=\"administrator\" \/>\n<meta name=\"twitter:card\" content=\"summary_large_image\" \/>\n<meta name=\"twitter:label1\" content=\"Written by\" \/>\n\t<meta name=\"twitter:data1\" content=\"administrator\" \/>\n\t<meta name=\"twitter:label2\" content=\"Est. reading time\" \/>\n\t<meta name=\"twitter:data2\" content=\"1 minuta\" \/>\n<script type=\"application\/ld+json\" class=\"yoast-schema-graph\">{\"@context\":\"https:\/\/schema.org\",\"@graph\":[{\"@type\":\"Article\",\"@id\":\"https:\/\/www.mojabochnia.pl\/?p=8011#article\",\"isPartOf\":{\"@id\":\"https:\/\/www.mojabochnia.pl\/?p=8011\"},\"author\":{\"name\":\"administrator\",\"@id\":\"https:\/\/www.mojabochnia.pl\/#\/schema\/person\/c00e1f64e6fa0e6de6d410f2c340017f\"},\"headline\":\"Film boche\u0144skich tw\u00f3rc\u00f3w\",\"datePublished\":\"2009-04-21T12:08:22+00:00\",\"mainEntityOfPage\":{\"@id\":\"https:\/\/www.mojabochnia.pl\/?p=8011\"},\"wordCount\":233,\"commentCount\":0,\"publisher\":{\"@id\":\"https:\/\/www.mojabochnia.pl\/#organization\"},\"keywords\":[\"film\",\"Kino\",\"walka\"],\"articleSection\":[\"kultura\"],\"inLanguage\":\"pl-PL\",\"potentialAction\":[{\"@type\":\"CommentAction\",\"name\":\"Comment\",\"target\":[\"https:\/\/www.mojabochnia.pl\/?p=8011#respond\"]}]},{\"@type\":\"WebPage\",\"@id\":\"https:\/\/www.mojabochnia.pl\/?p=8011\",\"url\":\"https:\/\/www.mojabochnia.pl\/?p=8011\",\"name\":\"Film boche\u0144skich tw\u00f3rc\u00f3w - mojabochnia.pl - portal informacyjny\",\"isPartOf\":{\"@id\":\"https:\/\/www.mojabochnia.pl\/#website\"},\"datePublished\":\"2009-04-21T12:08:22+00:00\",\"breadcrumb\":{\"@id\":\"https:\/\/www.mojabochnia.pl\/?p=8011#breadcrumb\"},\"inLanguage\":\"pl-PL\",\"potentialAction\":[{\"@type\":\"ReadAction\",\"target\":[\"https:\/\/www.mojabochnia.pl\/?p=8011\"]}]},{\"@type\":\"BreadcrumbList\",\"@id\":\"https:\/\/www.mojabochnia.pl\/?p=8011#breadcrumb\",\"itemListElement\":[{\"@type\":\"ListItem\",\"position\":1,\"name\":\"Home\",\"item\":\"https:\/\/www.mojabochnia.pl\/\"},{\"@type\":\"ListItem\",\"position\":2,\"name\":\"Film boche\u0144skich tw\u00f3rc\u00f3w\"}]},{\"@type\":\"WebSite\",\"@id\":\"https:\/\/www.mojabochnia.pl\/#website\",\"url\":\"https:\/\/www.mojabochnia.pl\/\",\"name\":\"mojabochnia.pl - portal informacyjny\",\"description\":\"mojaBochnia to portal informacyjny o Bochni. Codziennie o Bochni piszemy i pokazujemy najwa\u017cniejsze wydarzenia\",\"publisher\":{\"@id\":\"https:\/\/www.mojabochnia.pl\/#organization\"},\"potentialAction\":[{\"@type\":\"SearchAction\",\"target\":{\"@type\":\"EntryPoint\",\"urlTemplate\":\"https:\/\/www.mojabochnia.pl\/?s={search_term_string}\"},\"query-input\":{\"@type\":\"PropertyValueSpecification\",\"valueRequired\":true,\"valueName\":\"search_term_string\"}}],\"inLanguage\":\"pl-PL\"},{\"@type\":\"Organization\",\"@id\":\"https:\/\/www.mojabochnia.pl\/#organization\",\"name\":\"mojabochnia.pl - portal informacyjny\",\"url\":\"https:\/\/www.mojabochnia.pl\/\",\"logo\":{\"@type\":\"ImageObject\",\"inLanguage\":\"pl-PL\",\"@id\":\"https:\/\/www.mojabochnia.pl\/#\/schema\/logo\/image\/\",\"url\":\"https:\/\/www.mojabochnia.pl\/wp-content\/uploads\/2017\/08\/logo-mb-opt.png\",\"contentUrl\":\"https:\/\/www.mojabochnia.pl\/wp-content\/uploads\/2017\/08\/logo-mb-opt.png\",\"width\":250,\"height\":48,\"caption\":\"mojabochnia.pl - portal informacyjny\"},\"image\":{\"@id\":\"https:\/\/www.mojabochnia.pl\/#\/schema\/logo\/image\/\"},\"sameAs\":[\"https:\/\/www.facebook.com\/mojabochnia\"]},{\"@type\":\"Person\",\"@id\":\"https:\/\/www.mojabochnia.pl\/#\/schema\/person\/c00e1f64e6fa0e6de6d410f2c340017f\",\"name\":\"administrator\",\"url\":\"https:\/\/www.mojabochnia.pl\/?author=1\"}]}<\/script>\n<!-- \/ Yoast SEO plugin. -->","yoast_head_json":{"title":"Film boche\u0144skich tw\u00f3rc\u00f3w - mojabochnia.pl - portal informacyjny","robots":{"index":"index","follow":"follow","max-snippet":"max-snippet:-1","max-image-preview":"max-image-preview:large","max-video-preview":"max-video-preview:-1"},"canonical":"https:\/\/www.mojabochnia.pl\/?p=8011","og_locale":"pl_PL","og_type":"article","og_title":"Film boche\u0144skich tw\u00f3rc\u00f3w - mojabochnia.pl - portal informacyjny","og_description":"Ju\u017c za dwa dni po raz pierwszy b\u0119dzie mo\u017cna ogl\u0105dn\u0105\u0107 film autorstwa bochnian w kinie Regis. Produkcja jest wsp\u00f3lnym dzie\u0142em Aleksandra Kropid\u0142owskiego i Piotra Wi\u015bniowskiego.","og_url":"https:\/\/www.mojabochnia.pl\/?p=8011","og_site_name":"mojabochnia.pl - portal informacyjny","article_publisher":"https:\/\/www.facebook.com\/mojabochnia","article_published_time":"2009-04-21T12:08:22+00:00","author":"administrator","twitter_card":"summary_large_image","twitter_misc":{"Written by":"administrator","Est. reading time":"1 minuta"},"schema":{"@context":"https:\/\/schema.org","@graph":[{"@type":"Article","@id":"https:\/\/www.mojabochnia.pl\/?p=8011#article","isPartOf":{"@id":"https:\/\/www.mojabochnia.pl\/?p=8011"},"author":{"name":"administrator","@id":"https:\/\/www.mojabochnia.pl\/#\/schema\/person\/c00e1f64e6fa0e6de6d410f2c340017f"},"headline":"Film boche\u0144skich tw\u00f3rc\u00f3w","datePublished":"2009-04-21T12:08:22+00:00","mainEntityOfPage":{"@id":"https:\/\/www.mojabochnia.pl\/?p=8011"},"wordCount":233,"commentCount":0,"publisher":{"@id":"https:\/\/www.mojabochnia.pl\/#organization"},"keywords":["film","Kino","walka"],"articleSection":["kultura"],"inLanguage":"pl-PL","potentialAction":[{"@type":"CommentAction","name":"Comment","target":["https:\/\/www.mojabochnia.pl\/?p=8011#respond"]}]},{"@type":"WebPage","@id":"https:\/\/www.mojabochnia.pl\/?p=8011","url":"https:\/\/www.mojabochnia.pl\/?p=8011","name":"Film boche\u0144skich tw\u00f3rc\u00f3w - mojabochnia.pl - portal informacyjny","isPartOf":{"@id":"https:\/\/www.mojabochnia.pl\/#website"},"datePublished":"2009-04-21T12:08:22+00:00","breadcrumb":{"@id":"https:\/\/www.mojabochnia.pl\/?p=8011#breadcrumb"},"inLanguage":"pl-PL","potentialAction":[{"@type":"ReadAction","target":["https:\/\/www.mojabochnia.pl\/?p=8011"]}]},{"@type":"BreadcrumbList","@id":"https:\/\/www.mojabochnia.pl\/?p=8011#breadcrumb","itemListElement":[{"@type":"ListItem","position":1,"name":"Home","item":"https:\/\/www.mojabochnia.pl\/"},{"@type":"ListItem","position":2,"name":"Film boche\u0144skich tw\u00f3rc\u00f3w"}]},{"@type":"WebSite","@id":"https:\/\/www.mojabochnia.pl\/#website","url":"https:\/\/www.mojabochnia.pl\/","name":"mojabochnia.pl - portal informacyjny","description":"mojaBochnia to portal informacyjny o Bochni. Codziennie o Bochni piszemy i pokazujemy najwa\u017cniejsze wydarzenia","publisher":{"@id":"https:\/\/www.mojabochnia.pl\/#organization"},"potentialAction":[{"@type":"SearchAction","target":{"@type":"EntryPoint","urlTemplate":"https:\/\/www.mojabochnia.pl\/?s={search_term_string}"},"query-input":{"@type":"PropertyValueSpecification","valueRequired":true,"valueName":"search_term_string"}}],"inLanguage":"pl-PL"},{"@type":"Organization","@id":"https:\/\/www.mojabochnia.pl\/#organization","name":"mojabochnia.pl - portal informacyjny","url":"https:\/\/www.mojabochnia.pl\/","logo":{"@type":"ImageObject","inLanguage":"pl-PL","@id":"https:\/\/www.mojabochnia.pl\/#\/schema\/logo\/image\/","url":"https:\/\/www.mojabochnia.pl\/wp-content\/uploads\/2017\/08\/logo-mb-opt.png","contentUrl":"https:\/\/www.mojabochnia.pl\/wp-content\/uploads\/2017\/08\/logo-mb-opt.png","width":250,"height":48,"caption":"mojabochnia.pl - portal informacyjny"},"image":{"@id":"https:\/\/www.mojabochnia.pl\/#\/schema\/logo\/image\/"},"sameAs":["https:\/\/www.facebook.com\/mojabochnia"]},{"@type":"Person","@id":"https:\/\/www.mojabochnia.pl\/#\/schema\/person\/c00e1f64e6fa0e6de6d410f2c340017f","name":"administrator","url":"https:\/\/www.mojabochnia.pl\/?author=1"}]}},"_links":{"self":[{"href":"https:\/\/www.mojabochnia.pl\/index.php?rest_route=\/wp\/v2\/posts\/8011","targetHints":{"allow":["GET"]}}],"collection":[{"href":"https:\/\/www.mojabochnia.pl\/index.php?rest_route=\/wp\/v2\/posts"}],"about":[{"href":"https:\/\/www.mojabochnia.pl\/index.php?rest_route=\/wp\/v2\/types\/post"}],"author":[{"embeddable":true,"href":"https:\/\/www.mojabochnia.pl\/index.php?rest_route=\/wp\/v2\/users\/1"}],"replies":[{"embeddable":true,"href":"https:\/\/www.mojabochnia.pl\/index.php?rest_route=%2Fwp%2Fv2%2Fcomments&post=8011"}],"version-history":[{"count":0,"href":"https:\/\/www.mojabochnia.pl\/index.php?rest_route=\/wp\/v2\/posts\/8011\/revisions"}],"wp:attachment":[{"href":"https:\/\/www.mojabochnia.pl\/index.php?rest_route=%2Fwp%2Fv2%2Fmedia&parent=8011"}],"wp:term":[{"taxonomy":"category","embeddable":true,"href":"https:\/\/www.mojabochnia.pl\/index.php?rest_route=%2Fwp%2Fv2%2Fcategories&post=8011"},{"taxonomy":"post_tag","embeddable":true,"href":"https:\/\/www.mojabochnia.pl\/index.php?rest_route=%2Fwp%2Fv2%2Ftags&post=8011"}],"curies":[{"name":"wp","href":"https:\/\/api.w.org\/{rel}","templated":true}]}}