{"id":7990,"date":"2009-04-21T11:17:57","date_gmt":"2009-04-21T09:17:57","guid":{"rendered":"http:\/\/www.mojabochnia.pl\/?p=7990"},"modified":"2009-04-21T12:45:31","modified_gmt":"2009-04-21T10:45:31","slug":"ryszard-gaworczyk-najpopularniejszym-strazakiem-powiatu-bochenskiego","status":"publish","type":"post","link":"https:\/\/www.mojabochnia.pl\/?p=7990","title":{"rendered":"Ryszard Gaworczyk &#8211; Najpopularniejszy Stra\u017cak powiatu boche\u0144skiego"},"content":{"rendered":"<p>G\u0142\u00f3wnym organizatorem konkursu by\u0142 ZOSP RP w Tarnowie oraz zarz\u0105dy powiatowe ZOSP RP wraz z komendantami powiatowymi PSP w Tarnowie, D\u0105browie Tarnowskiej, Brzesku i Bochni. Patronat medialny obj\u0105\u0142 za\u015b &#8222;Dziennik Polski&#8221;, gazeta drukowa\u0142a kupony, na kt\u00f3rych czytelnicy mogli oddawa\u0107 swoje g\u0142osy. Konkurs przebieg\u0142 w dw\u00f3ch etapach, w pierwszym czytelnicy zg\u0142aszali swoich kandydat\u00f3w, w drugim g\u0142osowali na wy\u0142onion\u0105 fina\u0142ow\u0105 dwudziestk\u0119. <\/p>\n<p><em>&#8211; Jest to ju\u017c 3 edycja konkursu i faktycznie mo\u017cna stwierdzi\u0107, \u017ce cieszy si\u0119 on rosn\u0105c\u0105 popularno\u015bci\u0105, o czym \u015bwiadcz\u0105 liczby, w pierwszej edycji by\u0142o 25 zg\u0142osze\u0144, w obecnej ponad stu kandydat\u00f3w do tytu\u0142u z czterech powiat\u00f3w. W drodze g\u0142osowania wy\u0142oniono fina\u0142ow\u0105 20, kt\u00f3ra zosta\u0142a nagrodzona wycieczk\u0105 do Brukseli, ufundowan\u0105 przez europos\u0142a Czes\u0142awa Siekierskiego. Ka\u017cdy z uczestnik\u00f3w zosta\u0142 zaprezentowany na \u0142amach &#8222;Dziennika Polskiego&#8221;, jego sylwetka oraz dokonania, jako cz\u0142onka konkretnej jednostki Stra\u017cy Po\u017carnej &#8211;<\/em> powiedzia\u0142 w rozmowie z nami druh Kazimierz Sady, dyrektor tarnowskiego biura ZOSP RP, kt\u00f3ry poprowadzi\u0142 niedzieln\u0105 uroczysto\u015b\u0107.<\/p>\n<p>Zwyci\u0119zc\u0105 plebiscytu zosta\u0142 Piotr Musia\u0142 z OSP w Czchowie, kt\u00f3ry opr\u00f3cz wyr\u00f3\u017cnienia otrzyma\u0142 tak\u017ce skuter ufundowany przez Andrzeja Sztorca &#8211; przewodnicz\u0105cego sejmiku wojew\u00f3dztwa ma\u0142opolskiego. <\/p>\n<p>Najpopularniejszym stra\u017cakiem powiatu boche\u0144skiego zosta\u0142 Ryszard Gaworczyk z OSP w Much\u00f3wce (471 g\u0142os\u00f3w), kt\u00f3ry jest tak\u017ce stra\u017cakiem zawodowym w PSP w Bochni, nagrod\u0119 w postaci zestawu nawigacji satelitarnej GPS odebra\u0142 z r\u0105k Jacka Paj\u0105ka, boche\u0144skiego Starosty.<\/p>\n<p><img decoding=\"async\" src=\"\/f\/2009\/04\/090421_xx_strazak_roku_nagr.jpg\" alt=\"null\" \/><\/p>\n<p>Impreza, kt\u00f3ra odby\u0142a si\u0119 w Tarnowie, jest jedn\u0105 z najwi\u0119kszych uroczysto\u015bci stra\u017cacki w wojew\u00f3dztwie ma\u0142opolskim. Na ceremoni\u0119 og\u0142oszenia wynik\u00f3w przyby\u0142o wielu zaproszonych go\u015bci m.in.:troje pos\u0142\u00f3w W. Wod\u0119, C.Czesaka  i U. Augustyn, wicemarsza\u0142ek wojew\u00f3dztwa ma\u0142opolskiego Roman Ciepiela, wicewojewoda Stanis\u0142aw Sorys, przewodnicz\u0105cy sejmiku wojew\u00f3dztwa ma\u0142opolskiego Andrzej Sztorc oraz burmistrzowie miast i przedstawiciele czterech powiat\u00f3w. Nie mog\u0142o zabrakn\u0105\u0107 tak\u017ce samych stra\u017cak\u00f3w, zjawili si\u0119 komendanci poszczeg\u00f3lnych jednostek Stra\u017cy Po\u017carnych i st. bryg. mgr in\u017c. Andrzej Mr\u00f3z, Ma\u0142opolski Komendant Wojew\u00f3dzki.<\/p>\n","protected":false},"excerpt":{"rendered":"<p>W ostatni\u0105 niedziel\u0119 w auli Pa\u0144stwowej Wy\u017cszej Szko\u0142y Zawodowej w Tarnowie odby\u0142a si\u0119 wielka gala stra\u017cacka, na kt\u00f3rej og\u0142oszono wyniki plebiscytu na Najpopularniejszego Stra\u017caka Regionu Tarnowskiego. Impreza zgromadzi\u0142a ok. 500 stra\u017cak\u00f3w.<\/p>\n","protected":false},"author":1,"featured_media":0,"comment_status":"open","ping_status":"closed","sticky":false,"template":"","format":"standard","meta":{"_acf_changed":false,"footnotes":""},"categories":[5],"tags":[2322,3570,17122,2127,1789,2143,3572,17443,17141,263,1196],"class_list":["post-7990","post","type-post","status-publish","format-standard","hentry","category-biezace-wydarzenia","tag-gala","tag-komenda-powiatowa-strazy-pozarnej-w-bochni","tag-konkurs","tag-marszalek","tag-nagrody","tag-ochotnicza-straz-pozarna","tag-odznaczenia","tag-plebiscyt","tag-straz-pozarna","tag-tarnow","tag-wojewodztwo-malopolskie"],"acf":[],"yoast_head":"<!-- This site is optimized with the Yoast SEO plugin v26.9 - https:\/\/yoast.com\/product\/yoast-seo-wordpress\/ -->\n<title>Ryszard Gaworczyk - Najpopularniejszy Stra\u017cak powiatu boche\u0144skiego - mojabochnia.pl - portal informacyjny<\/title>\n<meta name=\"robots\" content=\"index, follow, max-snippet:-1, max-image-preview:large, max-video-preview:-1\" \/>\n<link rel=\"canonical\" href=\"https:\/\/www.mojabochnia.pl\/?p=7990\" \/>\n<meta property=\"og:locale\" content=\"pl_PL\" \/>\n<meta property=\"og:type\" content=\"article\" \/>\n<meta property=\"og:title\" content=\"Ryszard Gaworczyk - Najpopularniejszy Stra\u017cak powiatu boche\u0144skiego - mojabochnia.pl - portal informacyjny\" \/>\n<meta property=\"og:description\" content=\"W ostatni\u0105 niedziel\u0119 w auli Pa\u0144stwowej Wy\u017cszej Szko\u0142y Zawodowej w Tarnowie odby\u0142a si\u0119 wielka gala stra\u017cacka, na kt\u00f3rej og\u0142oszono wyniki plebiscytu na Najpopularniejszego Stra\u017caka Regionu Tarnowskiego. Impreza zgromadzi\u0142a ok. 500 stra\u017cak\u00f3w.\" \/>\n<meta property=\"og:url\" content=\"https:\/\/www.mojabochnia.pl\/?p=7990\" \/>\n<meta property=\"og:site_name\" content=\"mojabochnia.pl - portal informacyjny\" \/>\n<meta property=\"article:publisher\" content=\"https:\/\/www.facebook.com\/mojabochnia\" \/>\n<meta property=\"article:published_time\" content=\"2009-04-21T09:17:57+00:00\" \/>\n<meta property=\"article:modified_time\" content=\"2009-04-21T10:45:31+00:00\" \/>\n<meta name=\"author\" content=\"administrator\" \/>\n<meta name=\"twitter:card\" content=\"summary_large_image\" \/>\n<meta name=\"twitter:label1\" content=\"Written by\" \/>\n\t<meta name=\"twitter:data1\" content=\"administrator\" \/>\n\t<meta name=\"twitter:label2\" content=\"Est. reading time\" \/>\n\t<meta name=\"twitter:data2\" content=\"2 minuty\" \/>\n<script type=\"application\/ld+json\" class=\"yoast-schema-graph\">{\"@context\":\"https:\/\/schema.org\",\"@graph\":[{\"@type\":\"Article\",\"@id\":\"https:\/\/www.mojabochnia.pl\/?p=7990#article\",\"isPartOf\":{\"@id\":\"https:\/\/www.mojabochnia.pl\/?p=7990\"},\"author\":{\"name\":\"administrator\",\"@id\":\"https:\/\/www.mojabochnia.pl\/#\/schema\/person\/c00e1f64e6fa0e6de6d410f2c340017f\"},\"headline\":\"Ryszard Gaworczyk &#8211; Najpopularniejszy Stra\u017cak powiatu boche\u0144skiego\",\"datePublished\":\"2009-04-21T09:17:57+00:00\",\"dateModified\":\"2009-04-21T10:45:31+00:00\",\"mainEntityOfPage\":{\"@id\":\"https:\/\/www.mojabochnia.pl\/?p=7990\"},\"wordCount\":375,\"commentCount\":1,\"publisher\":{\"@id\":\"https:\/\/www.mojabochnia.pl\/#organization\"},\"keywords\":[\"gala\",\"komenda powiatowa stra\u017cy pozarnej w bochni\",\"konkurs\",\"marsza\u0142ek\",\"nagrody\",\"ochotnicza stra\u017c po\u017carna\",\"odznaczenia\",\"plebiscyt\",\"stra\u017c po\u017carna\",\"tarn\u00f3w\",\"wojew\u00f3dztwo ma\u0142opolskie\"],\"articleSection\":[\"2_ostatnie\"],\"inLanguage\":\"pl-PL\",\"potentialAction\":[{\"@type\":\"CommentAction\",\"name\":\"Comment\",\"target\":[\"https:\/\/www.mojabochnia.pl\/?p=7990#respond\"]}]},{\"@type\":\"WebPage\",\"@id\":\"https:\/\/www.mojabochnia.pl\/?p=7990\",\"url\":\"https:\/\/www.mojabochnia.pl\/?p=7990\",\"name\":\"Ryszard Gaworczyk - Najpopularniejszy Stra\u017cak powiatu boche\u0144skiego - mojabochnia.pl - portal informacyjny\",\"isPartOf\":{\"@id\":\"https:\/\/www.mojabochnia.pl\/#website\"},\"datePublished\":\"2009-04-21T09:17:57+00:00\",\"dateModified\":\"2009-04-21T10:45:31+00:00\",\"breadcrumb\":{\"@id\":\"https:\/\/www.mojabochnia.pl\/?p=7990#breadcrumb\"},\"inLanguage\":\"pl-PL\",\"potentialAction\":[{\"@type\":\"ReadAction\",\"target\":[\"https:\/\/www.mojabochnia.pl\/?p=7990\"]}]},{\"@type\":\"BreadcrumbList\",\"@id\":\"https:\/\/www.mojabochnia.pl\/?p=7990#breadcrumb\",\"itemListElement\":[{\"@type\":\"ListItem\",\"position\":1,\"name\":\"Home\",\"item\":\"https:\/\/www.mojabochnia.pl\/\"},{\"@type\":\"ListItem\",\"position\":2,\"name\":\"Ryszard Gaworczyk &#8211; Najpopularniejszy Stra\u017cak powiatu boche\u0144skiego\"}]},{\"@type\":\"WebSite\",\"@id\":\"https:\/\/www.mojabochnia.pl\/#website\",\"url\":\"https:\/\/www.mojabochnia.pl\/\",\"name\":\"mojabochnia.pl - portal informacyjny\",\"description\":\"mojaBochnia to portal informacyjny o Bochni. Codziennie o Bochni piszemy i pokazujemy najwa\u017cniejsze wydarzenia\",\"publisher\":{\"@id\":\"https:\/\/www.mojabochnia.pl\/#organization\"},\"potentialAction\":[{\"@type\":\"SearchAction\",\"target\":{\"@type\":\"EntryPoint\",\"urlTemplate\":\"https:\/\/www.mojabochnia.pl\/?s={search_term_string}\"},\"query-input\":{\"@type\":\"PropertyValueSpecification\",\"valueRequired\":true,\"valueName\":\"search_term_string\"}}],\"inLanguage\":\"pl-PL\"},{\"@type\":\"Organization\",\"@id\":\"https:\/\/www.mojabochnia.pl\/#organization\",\"name\":\"mojabochnia.pl - portal informacyjny\",\"url\":\"https:\/\/www.mojabochnia.pl\/\",\"logo\":{\"@type\":\"ImageObject\",\"inLanguage\":\"pl-PL\",\"@id\":\"https:\/\/www.mojabochnia.pl\/#\/schema\/logo\/image\/\",\"url\":\"https:\/\/www.mojabochnia.pl\/wp-content\/uploads\/2017\/08\/logo-mb-opt.png\",\"contentUrl\":\"https:\/\/www.mojabochnia.pl\/wp-content\/uploads\/2017\/08\/logo-mb-opt.png\",\"width\":250,\"height\":48,\"caption\":\"mojabochnia.pl - portal informacyjny\"},\"image\":{\"@id\":\"https:\/\/www.mojabochnia.pl\/#\/schema\/logo\/image\/\"},\"sameAs\":[\"https:\/\/www.facebook.com\/mojabochnia\"]},{\"@type\":\"Person\",\"@id\":\"https:\/\/www.mojabochnia.pl\/#\/schema\/person\/c00e1f64e6fa0e6de6d410f2c340017f\",\"name\":\"administrator\",\"url\":\"https:\/\/www.mojabochnia.pl\/?author=1\"}]}<\/script>\n<!-- \/ Yoast SEO plugin. -->","yoast_head_json":{"title":"Ryszard Gaworczyk - Najpopularniejszy Stra\u017cak powiatu boche\u0144skiego - mojabochnia.pl - portal informacyjny","robots":{"index":"index","follow":"follow","max-snippet":"max-snippet:-1","max-image-preview":"max-image-preview:large","max-video-preview":"max-video-preview:-1"},"canonical":"https:\/\/www.mojabochnia.pl\/?p=7990","og_locale":"pl_PL","og_type":"article","og_title":"Ryszard Gaworczyk - Najpopularniejszy Stra\u017cak powiatu boche\u0144skiego - mojabochnia.pl - portal informacyjny","og_description":"W ostatni\u0105 niedziel\u0119 w auli Pa\u0144stwowej Wy\u017cszej Szko\u0142y Zawodowej w Tarnowie odby\u0142a si\u0119 wielka gala stra\u017cacka, na kt\u00f3rej og\u0142oszono wyniki plebiscytu na Najpopularniejszego Stra\u017caka Regionu Tarnowskiego. Impreza zgromadzi\u0142a ok. 500 stra\u017cak\u00f3w.","og_url":"https:\/\/www.mojabochnia.pl\/?p=7990","og_site_name":"mojabochnia.pl - portal informacyjny","article_publisher":"https:\/\/www.facebook.com\/mojabochnia","article_published_time":"2009-04-21T09:17:57+00:00","article_modified_time":"2009-04-21T10:45:31+00:00","author":"administrator","twitter_card":"summary_large_image","twitter_misc":{"Written by":"administrator","Est. reading time":"2 minuty"},"schema":{"@context":"https:\/\/schema.org","@graph":[{"@type":"Article","@id":"https:\/\/www.mojabochnia.pl\/?p=7990#article","isPartOf":{"@id":"https:\/\/www.mojabochnia.pl\/?p=7990"},"author":{"name":"administrator","@id":"https:\/\/www.mojabochnia.pl\/#\/schema\/person\/c00e1f64e6fa0e6de6d410f2c340017f"},"headline":"Ryszard Gaworczyk &#8211; Najpopularniejszy Stra\u017cak powiatu boche\u0144skiego","datePublished":"2009-04-21T09:17:57+00:00","dateModified":"2009-04-21T10:45:31+00:00","mainEntityOfPage":{"@id":"https:\/\/www.mojabochnia.pl\/?p=7990"},"wordCount":375,"commentCount":1,"publisher":{"@id":"https:\/\/www.mojabochnia.pl\/#organization"},"keywords":["gala","komenda powiatowa stra\u017cy pozarnej w bochni","konkurs","marsza\u0142ek","nagrody","ochotnicza stra\u017c po\u017carna","odznaczenia","plebiscyt","stra\u017c po\u017carna","tarn\u00f3w","wojew\u00f3dztwo ma\u0142opolskie"],"articleSection":["2_ostatnie"],"inLanguage":"pl-PL","potentialAction":[{"@type":"CommentAction","name":"Comment","target":["https:\/\/www.mojabochnia.pl\/?p=7990#respond"]}]},{"@type":"WebPage","@id":"https:\/\/www.mojabochnia.pl\/?p=7990","url":"https:\/\/www.mojabochnia.pl\/?p=7990","name":"Ryszard Gaworczyk - Najpopularniejszy Stra\u017cak powiatu boche\u0144skiego - mojabochnia.pl - portal informacyjny","isPartOf":{"@id":"https:\/\/www.mojabochnia.pl\/#website"},"datePublished":"2009-04-21T09:17:57+00:00","dateModified":"2009-04-21T10:45:31+00:00","breadcrumb":{"@id":"https:\/\/www.mojabochnia.pl\/?p=7990#breadcrumb"},"inLanguage":"pl-PL","potentialAction":[{"@type":"ReadAction","target":["https:\/\/www.mojabochnia.pl\/?p=7990"]}]},{"@type":"BreadcrumbList","@id":"https:\/\/www.mojabochnia.pl\/?p=7990#breadcrumb","itemListElement":[{"@type":"ListItem","position":1,"name":"Home","item":"https:\/\/www.mojabochnia.pl\/"},{"@type":"ListItem","position":2,"name":"Ryszard Gaworczyk &#8211; Najpopularniejszy Stra\u017cak powiatu boche\u0144skiego"}]},{"@type":"WebSite","@id":"https:\/\/www.mojabochnia.pl\/#website","url":"https:\/\/www.mojabochnia.pl\/","name":"mojabochnia.pl - portal informacyjny","description":"mojaBochnia to portal informacyjny o Bochni. Codziennie o Bochni piszemy i pokazujemy najwa\u017cniejsze wydarzenia","publisher":{"@id":"https:\/\/www.mojabochnia.pl\/#organization"},"potentialAction":[{"@type":"SearchAction","target":{"@type":"EntryPoint","urlTemplate":"https:\/\/www.mojabochnia.pl\/?s={search_term_string}"},"query-input":{"@type":"PropertyValueSpecification","valueRequired":true,"valueName":"search_term_string"}}],"inLanguage":"pl-PL"},{"@type":"Organization","@id":"https:\/\/www.mojabochnia.pl\/#organization","name":"mojabochnia.pl - portal informacyjny","url":"https:\/\/www.mojabochnia.pl\/","logo":{"@type":"ImageObject","inLanguage":"pl-PL","@id":"https:\/\/www.mojabochnia.pl\/#\/schema\/logo\/image\/","url":"https:\/\/www.mojabochnia.pl\/wp-content\/uploads\/2017\/08\/logo-mb-opt.png","contentUrl":"https:\/\/www.mojabochnia.pl\/wp-content\/uploads\/2017\/08\/logo-mb-opt.png","width":250,"height":48,"caption":"mojabochnia.pl - portal informacyjny"},"image":{"@id":"https:\/\/www.mojabochnia.pl\/#\/schema\/logo\/image\/"},"sameAs":["https:\/\/www.facebook.com\/mojabochnia"]},{"@type":"Person","@id":"https:\/\/www.mojabochnia.pl\/#\/schema\/person\/c00e1f64e6fa0e6de6d410f2c340017f","name":"administrator","url":"https:\/\/www.mojabochnia.pl\/?author=1"}]}},"_links":{"self":[{"href":"https:\/\/www.mojabochnia.pl\/index.php?rest_route=\/wp\/v2\/posts\/7990","targetHints":{"allow":["GET"]}}],"collection":[{"href":"https:\/\/www.mojabochnia.pl\/index.php?rest_route=\/wp\/v2\/posts"}],"about":[{"href":"https:\/\/www.mojabochnia.pl\/index.php?rest_route=\/wp\/v2\/types\/post"}],"author":[{"embeddable":true,"href":"https:\/\/www.mojabochnia.pl\/index.php?rest_route=\/wp\/v2\/users\/1"}],"replies":[{"embeddable":true,"href":"https:\/\/www.mojabochnia.pl\/index.php?rest_route=%2Fwp%2Fv2%2Fcomments&post=7990"}],"version-history":[{"count":0,"href":"https:\/\/www.mojabochnia.pl\/index.php?rest_route=\/wp\/v2\/posts\/7990\/revisions"}],"wp:attachment":[{"href":"https:\/\/www.mojabochnia.pl\/index.php?rest_route=%2Fwp%2Fv2%2Fmedia&parent=7990"}],"wp:term":[{"taxonomy":"category","embeddable":true,"href":"https:\/\/www.mojabochnia.pl\/index.php?rest_route=%2Fwp%2Fv2%2Fcategories&post=7990"},{"taxonomy":"post_tag","embeddable":true,"href":"https:\/\/www.mojabochnia.pl\/index.php?rest_route=%2Fwp%2Fv2%2Ftags&post=7990"}],"curies":[{"name":"wp","href":"https:\/\/api.w.org\/{rel}","templated":true}]}}