{"id":7968,"date":"2009-04-20T15:53:26","date_gmt":"2009-04-20T13:53:26","guid":{"rendered":"http:\/\/www.mojabochnia.pl\/?p=7968"},"modified":"2009-04-20T16:28:18","modified_gmt":"2009-04-20T14:28:18","slug":"historia-kaplicy-w-kolanowie","status":"publish","type":"post","link":"https:\/\/www.mojabochnia.pl\/?p=7968","title":{"rendered":"Poznaj histori\u0119 Kaplicy w Kolanowie"},"content":{"rendered":"<p>Tematem najbli\u017cszego spotkania, kt\u00f3re odb\u0119dzie si\u0119 w pi\u0105tek, b\u0119d\u0105 dzieje oraz architektura Kaplicy Koronacyjnej p.w. Matki Bo\u017cej R\u00f3\u017ca\u0144cowej w Kolanowie. <\/p>\n<p>7 pa\u017adziernika 1934 roku kolanowskie \u0142\u0105ki sta\u0142y si\u0119 wielkim placem koronacyjnym, na kt\u00f3ry przyby\u0142a 120-tysi\u0119czna procesja wiernych, by wsp\u00f3lnie uczestniczy\u0107 w nabo\u017ce\u0144stwie koronacji Obrazu Matki Bo\u017cej Boche\u0144skiej, celebrowanym przez wyznaczonego przez Stolic\u0119 Apostolsk\u0105 Biskupa Tarnowskiego Franciszka Lisowskiego. W pierwsz\u0105 rocznic\u0119 tego wydarzenia, staraniem mieszka\u0144c\u00f3w Kolanowa zosta\u0142a wzniesiona kaplica. <\/p>\n<p><em>&#8211; Neogotycka budowla z ceg\u0142y, z prostok\u0105tn\u0105 naw\u0105 i tr\u00f3jbocznie zamkni\u0119tym prezbiterium, nawi\u0105zuje do architektury ko\u015bcio\u0142a \u015bw. Miko\u0142aja, gdzie znajduje si\u0119 wspomniany obraz. Dotyczy to w szczeg\u00f3lno\u015bci fasady ze sterczynami i dekoracj\u0105 o motywach blend. Wewn\u0105trz kaplicy znajduje si\u0119 neogotycki o\u0142tarzyk z kopi\u0105 cudownego obrazu, wykonan\u0105 przez miejscowego malarza Ferdynanda Koz\u0142owskiego &#8211;<\/em> opisuje budowl\u0119 Jan Flasza, dyrektor boche\u0144skiego Muzeum.<\/p>\n<p>Wszyscy ch\u0119tni do udzia\u0142u w tym spotkaniu proszeni s\u0105 o przybycie na godzin\u0119 14.15, 24 kwietnia, przed ko\u015bci\u00f3\u0142 \u015bw. Paw\u0142a Aposto\u0142a, sk\u0105d ca\u0142\u0105 grup\u0105 wyrusz\u0105 do Kaplicy.<\/p>\n","protected":false},"excerpt":{"rendered":"<p>Pewnie nieraz przeje\u017cd\u017ca\u0142e\u015b ko\u0142o niewielkiej Kaplicy w Kolanowie, ale czy kiedykolwiek zastanawia\u0142e\u015b kiedy i dlaczego w tym miejscu powsta\u0142a? Je\u017celi chcesz pozna\u0107 jej histori\u0119, to przyjd\u017a na spotkanie Kr\u0119gu Mi\u0142o\u015bnik\u00f3w Starej Bochni.<\/p>\n","protected":false},"author":1,"featured_media":0,"comment_status":"open","ping_status":"closed","sticky":false,"template":"","format":"standard","meta":{"_acf_changed":false,"footnotes":""},"categories":[92],"tags":[17126,17450,707,1437,804,2981,133],"class_list":["post-7968","post","type-post","status-publish","format-standard","hentry","category-kultura","tag-jan-flasza","tag-kaplica","tag-kolanow","tag-krag-milosnikow-starej-bochni","tag-matka-boza-rozancowa","tag-muzeum-w-bochni","tag-spotkania-czwartkowe"],"acf":[],"yoast_head":"<!-- This site is optimized with the Yoast SEO plugin v26.9 - https:\/\/yoast.com\/product\/yoast-seo-wordpress\/ -->\n<title>Poznaj histori\u0119 Kaplicy w Kolanowie - mojabochnia.pl - portal informacyjny<\/title>\n<meta name=\"robots\" content=\"index, follow, max-snippet:-1, max-image-preview:large, max-video-preview:-1\" \/>\n<link rel=\"canonical\" href=\"https:\/\/www.mojabochnia.pl\/?p=7968\" \/>\n<meta property=\"og:locale\" content=\"pl_PL\" \/>\n<meta property=\"og:type\" content=\"article\" \/>\n<meta property=\"og:title\" content=\"Poznaj histori\u0119 Kaplicy w Kolanowie - mojabochnia.pl - portal informacyjny\" \/>\n<meta property=\"og:description\" content=\"Pewnie nieraz przeje\u017cd\u017ca\u0142e\u015b ko\u0142o niewielkiej Kaplicy w Kolanowie, ale czy kiedykolwiek zastanawia\u0142e\u015b kiedy i dlaczego w tym miejscu powsta\u0142a? Je\u017celi chcesz pozna\u0107 jej histori\u0119, to przyjd\u017a na spotkanie Kr\u0119gu Mi\u0142o\u015bnik\u00f3w Starej Bochni.\" \/>\n<meta property=\"og:url\" content=\"https:\/\/www.mojabochnia.pl\/?p=7968\" \/>\n<meta property=\"og:site_name\" content=\"mojabochnia.pl - portal informacyjny\" \/>\n<meta property=\"article:publisher\" content=\"https:\/\/www.facebook.com\/mojabochnia\" \/>\n<meta property=\"article:published_time\" content=\"2009-04-20T13:53:26+00:00\" \/>\n<meta property=\"article:modified_time\" content=\"2009-04-20T14:28:18+00:00\" \/>\n<meta name=\"author\" content=\"administrator\" \/>\n<meta name=\"twitter:card\" content=\"summary_large_image\" \/>\n<meta name=\"twitter:label1\" content=\"Written by\" \/>\n\t<meta name=\"twitter:data1\" content=\"administrator\" \/>\n\t<meta name=\"twitter:label2\" content=\"Est. reading time\" \/>\n\t<meta name=\"twitter:data2\" content=\"1 minuta\" \/>\n<script type=\"application\/ld+json\" class=\"yoast-schema-graph\">{\"@context\":\"https:\/\/schema.org\",\"@graph\":[{\"@type\":\"Article\",\"@id\":\"https:\/\/www.mojabochnia.pl\/?p=7968#article\",\"isPartOf\":{\"@id\":\"https:\/\/www.mojabochnia.pl\/?p=7968\"},\"author\":{\"name\":\"administrator\",\"@id\":\"https:\/\/www.mojabochnia.pl\/#\/schema\/person\/c00e1f64e6fa0e6de6d410f2c340017f\"},\"headline\":\"Poznaj histori\u0119 Kaplicy w Kolanowie\",\"datePublished\":\"2009-04-20T13:53:26+00:00\",\"dateModified\":\"2009-04-20T14:28:18+00:00\",\"mainEntityOfPage\":{\"@id\":\"https:\/\/www.mojabochnia.pl\/?p=7968\"},\"wordCount\":197,\"commentCount\":0,\"publisher\":{\"@id\":\"https:\/\/www.mojabochnia.pl\/#organization\"},\"keywords\":[\"jan flasza\",\"kaplica\",\"kolan\u00f3w\",\"kr\u0105g mi\u0142o\u015bnik\u00f3w starej bochni\",\"matka bo\u017ca r\u00f3\u017ca\u0144cowa\",\"muzeum w bochni\",\"spotkania czwartkowe\"],\"articleSection\":[\"kultura\"],\"inLanguage\":\"pl-PL\",\"potentialAction\":[{\"@type\":\"CommentAction\",\"name\":\"Comment\",\"target\":[\"https:\/\/www.mojabochnia.pl\/?p=7968#respond\"]}]},{\"@type\":\"WebPage\",\"@id\":\"https:\/\/www.mojabochnia.pl\/?p=7968\",\"url\":\"https:\/\/www.mojabochnia.pl\/?p=7968\",\"name\":\"Poznaj histori\u0119 Kaplicy w Kolanowie - mojabochnia.pl - portal informacyjny\",\"isPartOf\":{\"@id\":\"https:\/\/www.mojabochnia.pl\/#website\"},\"datePublished\":\"2009-04-20T13:53:26+00:00\",\"dateModified\":\"2009-04-20T14:28:18+00:00\",\"breadcrumb\":{\"@id\":\"https:\/\/www.mojabochnia.pl\/?p=7968#breadcrumb\"},\"inLanguage\":\"pl-PL\",\"potentialAction\":[{\"@type\":\"ReadAction\",\"target\":[\"https:\/\/www.mojabochnia.pl\/?p=7968\"]}]},{\"@type\":\"BreadcrumbList\",\"@id\":\"https:\/\/www.mojabochnia.pl\/?p=7968#breadcrumb\",\"itemListElement\":[{\"@type\":\"ListItem\",\"position\":1,\"name\":\"Home\",\"item\":\"https:\/\/www.mojabochnia.pl\/\"},{\"@type\":\"ListItem\",\"position\":2,\"name\":\"Poznaj histori\u0119 Kaplicy w Kolanowie\"}]},{\"@type\":\"WebSite\",\"@id\":\"https:\/\/www.mojabochnia.pl\/#website\",\"url\":\"https:\/\/www.mojabochnia.pl\/\",\"name\":\"mojabochnia.pl - portal informacyjny\",\"description\":\"mojaBochnia to portal informacyjny o Bochni. Codziennie o Bochni piszemy i pokazujemy najwa\u017cniejsze wydarzenia\",\"publisher\":{\"@id\":\"https:\/\/www.mojabochnia.pl\/#organization\"},\"potentialAction\":[{\"@type\":\"SearchAction\",\"target\":{\"@type\":\"EntryPoint\",\"urlTemplate\":\"https:\/\/www.mojabochnia.pl\/?s={search_term_string}\"},\"query-input\":{\"@type\":\"PropertyValueSpecification\",\"valueRequired\":true,\"valueName\":\"search_term_string\"}}],\"inLanguage\":\"pl-PL\"},{\"@type\":\"Organization\",\"@id\":\"https:\/\/www.mojabochnia.pl\/#organization\",\"name\":\"mojabochnia.pl - portal informacyjny\",\"url\":\"https:\/\/www.mojabochnia.pl\/\",\"logo\":{\"@type\":\"ImageObject\",\"inLanguage\":\"pl-PL\",\"@id\":\"https:\/\/www.mojabochnia.pl\/#\/schema\/logo\/image\/\",\"url\":\"https:\/\/www.mojabochnia.pl\/wp-content\/uploads\/2017\/08\/logo-mb-opt.png\",\"contentUrl\":\"https:\/\/www.mojabochnia.pl\/wp-content\/uploads\/2017\/08\/logo-mb-opt.png\",\"width\":250,\"height\":48,\"caption\":\"mojabochnia.pl - portal informacyjny\"},\"image\":{\"@id\":\"https:\/\/www.mojabochnia.pl\/#\/schema\/logo\/image\/\"},\"sameAs\":[\"https:\/\/www.facebook.com\/mojabochnia\"]},{\"@type\":\"Person\",\"@id\":\"https:\/\/www.mojabochnia.pl\/#\/schema\/person\/c00e1f64e6fa0e6de6d410f2c340017f\",\"name\":\"administrator\",\"url\":\"https:\/\/www.mojabochnia.pl\/?author=1\"}]}<\/script>\n<!-- \/ Yoast SEO plugin. -->","yoast_head_json":{"title":"Poznaj histori\u0119 Kaplicy w Kolanowie - mojabochnia.pl - portal informacyjny","robots":{"index":"index","follow":"follow","max-snippet":"max-snippet:-1","max-image-preview":"max-image-preview:large","max-video-preview":"max-video-preview:-1"},"canonical":"https:\/\/www.mojabochnia.pl\/?p=7968","og_locale":"pl_PL","og_type":"article","og_title":"Poznaj histori\u0119 Kaplicy w Kolanowie - mojabochnia.pl - portal informacyjny","og_description":"Pewnie nieraz przeje\u017cd\u017ca\u0142e\u015b ko\u0142o niewielkiej Kaplicy w Kolanowie, ale czy kiedykolwiek zastanawia\u0142e\u015b kiedy i dlaczego w tym miejscu powsta\u0142a? Je\u017celi chcesz pozna\u0107 jej histori\u0119, to przyjd\u017a na spotkanie Kr\u0119gu Mi\u0142o\u015bnik\u00f3w Starej Bochni.","og_url":"https:\/\/www.mojabochnia.pl\/?p=7968","og_site_name":"mojabochnia.pl - portal informacyjny","article_publisher":"https:\/\/www.facebook.com\/mojabochnia","article_published_time":"2009-04-20T13:53:26+00:00","article_modified_time":"2009-04-20T14:28:18+00:00","author":"administrator","twitter_card":"summary_large_image","twitter_misc":{"Written by":"administrator","Est. reading time":"1 minuta"},"schema":{"@context":"https:\/\/schema.org","@graph":[{"@type":"Article","@id":"https:\/\/www.mojabochnia.pl\/?p=7968#article","isPartOf":{"@id":"https:\/\/www.mojabochnia.pl\/?p=7968"},"author":{"name":"administrator","@id":"https:\/\/www.mojabochnia.pl\/#\/schema\/person\/c00e1f64e6fa0e6de6d410f2c340017f"},"headline":"Poznaj histori\u0119 Kaplicy w Kolanowie","datePublished":"2009-04-20T13:53:26+00:00","dateModified":"2009-04-20T14:28:18+00:00","mainEntityOfPage":{"@id":"https:\/\/www.mojabochnia.pl\/?p=7968"},"wordCount":197,"commentCount":0,"publisher":{"@id":"https:\/\/www.mojabochnia.pl\/#organization"},"keywords":["jan flasza","kaplica","kolan\u00f3w","kr\u0105g mi\u0142o\u015bnik\u00f3w starej bochni","matka bo\u017ca r\u00f3\u017ca\u0144cowa","muzeum w bochni","spotkania czwartkowe"],"articleSection":["kultura"],"inLanguage":"pl-PL","potentialAction":[{"@type":"CommentAction","name":"Comment","target":["https:\/\/www.mojabochnia.pl\/?p=7968#respond"]}]},{"@type":"WebPage","@id":"https:\/\/www.mojabochnia.pl\/?p=7968","url":"https:\/\/www.mojabochnia.pl\/?p=7968","name":"Poznaj histori\u0119 Kaplicy w Kolanowie - mojabochnia.pl - portal informacyjny","isPartOf":{"@id":"https:\/\/www.mojabochnia.pl\/#website"},"datePublished":"2009-04-20T13:53:26+00:00","dateModified":"2009-04-20T14:28:18+00:00","breadcrumb":{"@id":"https:\/\/www.mojabochnia.pl\/?p=7968#breadcrumb"},"inLanguage":"pl-PL","potentialAction":[{"@type":"ReadAction","target":["https:\/\/www.mojabochnia.pl\/?p=7968"]}]},{"@type":"BreadcrumbList","@id":"https:\/\/www.mojabochnia.pl\/?p=7968#breadcrumb","itemListElement":[{"@type":"ListItem","position":1,"name":"Home","item":"https:\/\/www.mojabochnia.pl\/"},{"@type":"ListItem","position":2,"name":"Poznaj histori\u0119 Kaplicy w Kolanowie"}]},{"@type":"WebSite","@id":"https:\/\/www.mojabochnia.pl\/#website","url":"https:\/\/www.mojabochnia.pl\/","name":"mojabochnia.pl - portal informacyjny","description":"mojaBochnia to portal informacyjny o Bochni. Codziennie o Bochni piszemy i pokazujemy najwa\u017cniejsze wydarzenia","publisher":{"@id":"https:\/\/www.mojabochnia.pl\/#organization"},"potentialAction":[{"@type":"SearchAction","target":{"@type":"EntryPoint","urlTemplate":"https:\/\/www.mojabochnia.pl\/?s={search_term_string}"},"query-input":{"@type":"PropertyValueSpecification","valueRequired":true,"valueName":"search_term_string"}}],"inLanguage":"pl-PL"},{"@type":"Organization","@id":"https:\/\/www.mojabochnia.pl\/#organization","name":"mojabochnia.pl - portal informacyjny","url":"https:\/\/www.mojabochnia.pl\/","logo":{"@type":"ImageObject","inLanguage":"pl-PL","@id":"https:\/\/www.mojabochnia.pl\/#\/schema\/logo\/image\/","url":"https:\/\/www.mojabochnia.pl\/wp-content\/uploads\/2017\/08\/logo-mb-opt.png","contentUrl":"https:\/\/www.mojabochnia.pl\/wp-content\/uploads\/2017\/08\/logo-mb-opt.png","width":250,"height":48,"caption":"mojabochnia.pl - portal informacyjny"},"image":{"@id":"https:\/\/www.mojabochnia.pl\/#\/schema\/logo\/image\/"},"sameAs":["https:\/\/www.facebook.com\/mojabochnia"]},{"@type":"Person","@id":"https:\/\/www.mojabochnia.pl\/#\/schema\/person\/c00e1f64e6fa0e6de6d410f2c340017f","name":"administrator","url":"https:\/\/www.mojabochnia.pl\/?author=1"}]}},"_links":{"self":[{"href":"https:\/\/www.mojabochnia.pl\/index.php?rest_route=\/wp\/v2\/posts\/7968","targetHints":{"allow":["GET"]}}],"collection":[{"href":"https:\/\/www.mojabochnia.pl\/index.php?rest_route=\/wp\/v2\/posts"}],"about":[{"href":"https:\/\/www.mojabochnia.pl\/index.php?rest_route=\/wp\/v2\/types\/post"}],"author":[{"embeddable":true,"href":"https:\/\/www.mojabochnia.pl\/index.php?rest_route=\/wp\/v2\/users\/1"}],"replies":[{"embeddable":true,"href":"https:\/\/www.mojabochnia.pl\/index.php?rest_route=%2Fwp%2Fv2%2Fcomments&post=7968"}],"version-history":[{"count":0,"href":"https:\/\/www.mojabochnia.pl\/index.php?rest_route=\/wp\/v2\/posts\/7968\/revisions"}],"wp:attachment":[{"href":"https:\/\/www.mojabochnia.pl\/index.php?rest_route=%2Fwp%2Fv2%2Fmedia&parent=7968"}],"wp:term":[{"taxonomy":"category","embeddable":true,"href":"https:\/\/www.mojabochnia.pl\/index.php?rest_route=%2Fwp%2Fv2%2Fcategories&post=7968"},{"taxonomy":"post_tag","embeddable":true,"href":"https:\/\/www.mojabochnia.pl\/index.php?rest_route=%2Fwp%2Fv2%2Ftags&post=7968"}],"curies":[{"name":"wp","href":"https:\/\/api.w.org\/{rel}","templated":true}]}}