{"id":7953,"date":"2009-04-20T14:41:21","date_gmt":"2009-04-20T12:41:21","guid":{"rendered":"http:\/\/www.mojabochnia.pl\/?p=7953"},"modified":"2009-04-20T13:29:02","modified_gmt":"2009-04-20T11:29:02","slug":"swiecone-w-civitas-christiana","status":"publish","type":"post","link":"https:\/\/www.mojabochnia.pl\/?p=7953","title":{"rendered":"\u015awi\u0119cone w Civitas Christiana"},"content":{"rendered":"<p>Tegoroczne spotkanie \u015bwi\u0105teczne zosta\u0142o po\u0142\u0105czone z wr\u0119czeniem nagr\u00f3d za udzia\u0142 w konkursie palm, kt\u00f3rego stowarzyszenie Civitas Christiana by\u0142o organizatorem. Prace konkursowe zosta\u0142y wykonane przez uczni\u00f3w Szko\u0142y Podstawowej w Borku. Uroczysto\u015b\u0107 u\u015bwietni\u0142 wyst\u0119p uczni\u00f3w z Publicznej Szko\u0142y Podstawowej nr 1 w Bochni, kt\u00f3rzy pod kierownictwem Marii Ryglickiej przygotowali cz\u0119\u015b\u0107 artystyczn\u0105. Recytowali oni utwory poetyckie o tematyce Zmartwychwstania Pa\u0144skiego. \u2013  <em>Wsp\u00f3\u0142pracuj\u0119 z tymi szko\u0142ami od kilku lat, ze szko\u0142\u0105 z Borku ju\u017c od 2001 roku<\/em> \u2013 powiedzia\u0142a Halina Mucha, prezes Civitas Christiana. Zar\u00f3wno autorzy prac konkursowych, jak i uczniowie psp nr 1 otrzymali nagrody od stowarzyszenia oraz upominki od Urz\u0119du Miasta.<\/p>\n<p>Na \u015bwi\u0105tecznym spotkaniu pojawi\u0142o si\u0119 wielu go\u015bci. Pocz\u0119stunek, kt\u00f3ry zosta\u0142 dla nich przygotowany po\u015bwi\u0119ci\u0142 ks. Marek Ga\u0142 z Bazyliki \u015aw. Miko\u0142aja. \u2013 <em>Jestem bardzo szcz\u0119\u015bliwa, \u017ce pojawi\u0142o si\u0119 a\u017c tyle os\u00f3b. Wszystkie miejsca na sali by\u0142y zaj\u0119te<\/em> \u2013 doda\u0142a Halina Mucha. W\u015br\u00f3d go\u015bci znale\u017ali si\u0119 m.in.: Bogdan Kosturkiewicz \u2013 burmistrz Miasta Bochnia, Jacek Paj\u0105k \u2013 starosta boche\u0144ski, Ryszard Rozenbajgier \u2013 przewodnicz\u0105cy rady powiatu, J\u00f3zef S\u0142onina \u2013 w\u00f3jt gminy Rzezawa, Aleksander Dziadowiec \u2013 sekretarz gminy Rzezawa i inni.<\/p>\n","protected":false},"excerpt":{"rendered":"<p>W ubieg\u0142\u0105 \u015brod\u0119 w siedzibie katolickiego stowarzyszenia Civitas Christiana odby\u0142o si\u0119 spotkanie z okazji \u015awi\u0105t Zmartwychwstania Pa\u0144skiego. <\/p>\n","protected":false},"author":1,"featured_media":0,"comment_status":"open","ping_status":"closed","sticky":false,"template":"","format":"standard","meta":{"_acf_changed":false,"footnotes":""},"categories":[92],"tags":[3388,17445,600,17122,2716,3563,2044,17346,3392,2932],"class_list":["post-7953","post","type-post","status-publish","format-standard","hentry","category-kultura","tag-autorzy","tag-halina-mucha","tag-katolickie-stowarzyszenie-civitas-christiana","tag-konkurs","tag-ks-marek-gal","tag-prace-konkursowe","tag-prezes","tag-spotkanie","tag-swiecenie-pokarmow","tag-wystep"],"acf":[],"yoast_head":"<!-- This site is optimized with the Yoast SEO plugin v26.9 - https:\/\/yoast.com\/product\/yoast-seo-wordpress\/ -->\n<title>\u015awi\u0119cone w Civitas Christiana - mojabochnia.pl - portal informacyjny<\/title>\n<meta name=\"robots\" content=\"index, follow, max-snippet:-1, max-image-preview:large, max-video-preview:-1\" \/>\n<link rel=\"canonical\" href=\"https:\/\/www.mojabochnia.pl\/?p=7953\" \/>\n<meta property=\"og:locale\" content=\"pl_PL\" \/>\n<meta property=\"og:type\" content=\"article\" \/>\n<meta property=\"og:title\" content=\"\u015awi\u0119cone w Civitas Christiana - mojabochnia.pl - portal informacyjny\" \/>\n<meta property=\"og:description\" content=\"W ubieg\u0142\u0105 \u015brod\u0119 w siedzibie katolickiego stowarzyszenia Civitas Christiana odby\u0142o si\u0119 spotkanie z okazji \u015awi\u0105t Zmartwychwstania Pa\u0144skiego.\" \/>\n<meta property=\"og:url\" content=\"https:\/\/www.mojabochnia.pl\/?p=7953\" \/>\n<meta property=\"og:site_name\" content=\"mojabochnia.pl - portal informacyjny\" \/>\n<meta property=\"article:publisher\" content=\"https:\/\/www.facebook.com\/mojabochnia\" \/>\n<meta property=\"article:published_time\" content=\"2009-04-20T12:41:21+00:00\" \/>\n<meta name=\"author\" content=\"administrator\" \/>\n<meta name=\"twitter:card\" content=\"summary_large_image\" \/>\n<meta name=\"twitter:label1\" content=\"Written by\" \/>\n\t<meta name=\"twitter:data1\" content=\"administrator\" \/>\n\t<meta name=\"twitter:label2\" content=\"Est. reading time\" \/>\n\t<meta name=\"twitter:data2\" content=\"1 minuta\" \/>\n<script type=\"application\/ld+json\" class=\"yoast-schema-graph\">{\"@context\":\"https:\/\/schema.org\",\"@graph\":[{\"@type\":\"Article\",\"@id\":\"https:\/\/www.mojabochnia.pl\/?p=7953#article\",\"isPartOf\":{\"@id\":\"https:\/\/www.mojabochnia.pl\/?p=7953\"},\"author\":{\"name\":\"administrator\",\"@id\":\"https:\/\/www.mojabochnia.pl\/#\/schema\/person\/c00e1f64e6fa0e6de6d410f2c340017f\"},\"headline\":\"\u015awi\u0119cone w Civitas Christiana\",\"datePublished\":\"2009-04-20T12:41:21+00:00\",\"mainEntityOfPage\":{\"@id\":\"https:\/\/www.mojabochnia.pl\/?p=7953\"},\"wordCount\":215,\"commentCount\":0,\"publisher\":{\"@id\":\"https:\/\/www.mojabochnia.pl\/#organization\"},\"keywords\":[\"autorzy\",\"halina mucha\",\"katolickie stowarzyszenie civitas christiana\",\"konkurs\",\"ks. marek ga\u0142\",\"prace konkursowe\",\"prezes\",\"spotkanie\",\"\u015bwi\u0119cenie pokarm\u00f3w\",\"wyst\u0119p\"],\"articleSection\":[\"kultura\"],\"inLanguage\":\"pl-PL\",\"potentialAction\":[{\"@type\":\"CommentAction\",\"name\":\"Comment\",\"target\":[\"https:\/\/www.mojabochnia.pl\/?p=7953#respond\"]}]},{\"@type\":\"WebPage\",\"@id\":\"https:\/\/www.mojabochnia.pl\/?p=7953\",\"url\":\"https:\/\/www.mojabochnia.pl\/?p=7953\",\"name\":\"\u015awi\u0119cone w Civitas Christiana - mojabochnia.pl - portal informacyjny\",\"isPartOf\":{\"@id\":\"https:\/\/www.mojabochnia.pl\/#website\"},\"datePublished\":\"2009-04-20T12:41:21+00:00\",\"breadcrumb\":{\"@id\":\"https:\/\/www.mojabochnia.pl\/?p=7953#breadcrumb\"},\"inLanguage\":\"pl-PL\",\"potentialAction\":[{\"@type\":\"ReadAction\",\"target\":[\"https:\/\/www.mojabochnia.pl\/?p=7953\"]}]},{\"@type\":\"BreadcrumbList\",\"@id\":\"https:\/\/www.mojabochnia.pl\/?p=7953#breadcrumb\",\"itemListElement\":[{\"@type\":\"ListItem\",\"position\":1,\"name\":\"Home\",\"item\":\"https:\/\/www.mojabochnia.pl\/\"},{\"@type\":\"ListItem\",\"position\":2,\"name\":\"\u015awi\u0119cone w Civitas Christiana\"}]},{\"@type\":\"WebSite\",\"@id\":\"https:\/\/www.mojabochnia.pl\/#website\",\"url\":\"https:\/\/www.mojabochnia.pl\/\",\"name\":\"mojabochnia.pl - portal informacyjny\",\"description\":\"mojaBochnia to portal informacyjny o Bochni. Codziennie o Bochni piszemy i pokazujemy najwa\u017cniejsze wydarzenia\",\"publisher\":{\"@id\":\"https:\/\/www.mojabochnia.pl\/#organization\"},\"potentialAction\":[{\"@type\":\"SearchAction\",\"target\":{\"@type\":\"EntryPoint\",\"urlTemplate\":\"https:\/\/www.mojabochnia.pl\/?s={search_term_string}\"},\"query-input\":{\"@type\":\"PropertyValueSpecification\",\"valueRequired\":true,\"valueName\":\"search_term_string\"}}],\"inLanguage\":\"pl-PL\"},{\"@type\":\"Organization\",\"@id\":\"https:\/\/www.mojabochnia.pl\/#organization\",\"name\":\"mojabochnia.pl - portal informacyjny\",\"url\":\"https:\/\/www.mojabochnia.pl\/\",\"logo\":{\"@type\":\"ImageObject\",\"inLanguage\":\"pl-PL\",\"@id\":\"https:\/\/www.mojabochnia.pl\/#\/schema\/logo\/image\/\",\"url\":\"https:\/\/www.mojabochnia.pl\/wp-content\/uploads\/2017\/08\/logo-mb-opt.png\",\"contentUrl\":\"https:\/\/www.mojabochnia.pl\/wp-content\/uploads\/2017\/08\/logo-mb-opt.png\",\"width\":250,\"height\":48,\"caption\":\"mojabochnia.pl - portal informacyjny\"},\"image\":{\"@id\":\"https:\/\/www.mojabochnia.pl\/#\/schema\/logo\/image\/\"},\"sameAs\":[\"https:\/\/www.facebook.com\/mojabochnia\"]},{\"@type\":\"Person\",\"@id\":\"https:\/\/www.mojabochnia.pl\/#\/schema\/person\/c00e1f64e6fa0e6de6d410f2c340017f\",\"name\":\"administrator\",\"url\":\"https:\/\/www.mojabochnia.pl\/?author=1\"}]}<\/script>\n<!-- \/ Yoast SEO plugin. -->","yoast_head_json":{"title":"\u015awi\u0119cone w Civitas Christiana - mojabochnia.pl - portal informacyjny","robots":{"index":"index","follow":"follow","max-snippet":"max-snippet:-1","max-image-preview":"max-image-preview:large","max-video-preview":"max-video-preview:-1"},"canonical":"https:\/\/www.mojabochnia.pl\/?p=7953","og_locale":"pl_PL","og_type":"article","og_title":"\u015awi\u0119cone w Civitas Christiana - mojabochnia.pl - portal informacyjny","og_description":"W ubieg\u0142\u0105 \u015brod\u0119 w siedzibie katolickiego stowarzyszenia Civitas Christiana odby\u0142o si\u0119 spotkanie z okazji \u015awi\u0105t Zmartwychwstania Pa\u0144skiego.","og_url":"https:\/\/www.mojabochnia.pl\/?p=7953","og_site_name":"mojabochnia.pl - portal informacyjny","article_publisher":"https:\/\/www.facebook.com\/mojabochnia","article_published_time":"2009-04-20T12:41:21+00:00","author":"administrator","twitter_card":"summary_large_image","twitter_misc":{"Written by":"administrator","Est. reading time":"1 minuta"},"schema":{"@context":"https:\/\/schema.org","@graph":[{"@type":"Article","@id":"https:\/\/www.mojabochnia.pl\/?p=7953#article","isPartOf":{"@id":"https:\/\/www.mojabochnia.pl\/?p=7953"},"author":{"name":"administrator","@id":"https:\/\/www.mojabochnia.pl\/#\/schema\/person\/c00e1f64e6fa0e6de6d410f2c340017f"},"headline":"\u015awi\u0119cone w Civitas Christiana","datePublished":"2009-04-20T12:41:21+00:00","mainEntityOfPage":{"@id":"https:\/\/www.mojabochnia.pl\/?p=7953"},"wordCount":215,"commentCount":0,"publisher":{"@id":"https:\/\/www.mojabochnia.pl\/#organization"},"keywords":["autorzy","halina mucha","katolickie stowarzyszenie civitas christiana","konkurs","ks. marek ga\u0142","prace konkursowe","prezes","spotkanie","\u015bwi\u0119cenie pokarm\u00f3w","wyst\u0119p"],"articleSection":["kultura"],"inLanguage":"pl-PL","potentialAction":[{"@type":"CommentAction","name":"Comment","target":["https:\/\/www.mojabochnia.pl\/?p=7953#respond"]}]},{"@type":"WebPage","@id":"https:\/\/www.mojabochnia.pl\/?p=7953","url":"https:\/\/www.mojabochnia.pl\/?p=7953","name":"\u015awi\u0119cone w Civitas Christiana - mojabochnia.pl - portal informacyjny","isPartOf":{"@id":"https:\/\/www.mojabochnia.pl\/#website"},"datePublished":"2009-04-20T12:41:21+00:00","breadcrumb":{"@id":"https:\/\/www.mojabochnia.pl\/?p=7953#breadcrumb"},"inLanguage":"pl-PL","potentialAction":[{"@type":"ReadAction","target":["https:\/\/www.mojabochnia.pl\/?p=7953"]}]},{"@type":"BreadcrumbList","@id":"https:\/\/www.mojabochnia.pl\/?p=7953#breadcrumb","itemListElement":[{"@type":"ListItem","position":1,"name":"Home","item":"https:\/\/www.mojabochnia.pl\/"},{"@type":"ListItem","position":2,"name":"\u015awi\u0119cone w Civitas Christiana"}]},{"@type":"WebSite","@id":"https:\/\/www.mojabochnia.pl\/#website","url":"https:\/\/www.mojabochnia.pl\/","name":"mojabochnia.pl - portal informacyjny","description":"mojaBochnia to portal informacyjny o Bochni. Codziennie o Bochni piszemy i pokazujemy najwa\u017cniejsze wydarzenia","publisher":{"@id":"https:\/\/www.mojabochnia.pl\/#organization"},"potentialAction":[{"@type":"SearchAction","target":{"@type":"EntryPoint","urlTemplate":"https:\/\/www.mojabochnia.pl\/?s={search_term_string}"},"query-input":{"@type":"PropertyValueSpecification","valueRequired":true,"valueName":"search_term_string"}}],"inLanguage":"pl-PL"},{"@type":"Organization","@id":"https:\/\/www.mojabochnia.pl\/#organization","name":"mojabochnia.pl - portal informacyjny","url":"https:\/\/www.mojabochnia.pl\/","logo":{"@type":"ImageObject","inLanguage":"pl-PL","@id":"https:\/\/www.mojabochnia.pl\/#\/schema\/logo\/image\/","url":"https:\/\/www.mojabochnia.pl\/wp-content\/uploads\/2017\/08\/logo-mb-opt.png","contentUrl":"https:\/\/www.mojabochnia.pl\/wp-content\/uploads\/2017\/08\/logo-mb-opt.png","width":250,"height":48,"caption":"mojabochnia.pl - portal informacyjny"},"image":{"@id":"https:\/\/www.mojabochnia.pl\/#\/schema\/logo\/image\/"},"sameAs":["https:\/\/www.facebook.com\/mojabochnia"]},{"@type":"Person","@id":"https:\/\/www.mojabochnia.pl\/#\/schema\/person\/c00e1f64e6fa0e6de6d410f2c340017f","name":"administrator","url":"https:\/\/www.mojabochnia.pl\/?author=1"}]}},"_links":{"self":[{"href":"https:\/\/www.mojabochnia.pl\/index.php?rest_route=\/wp\/v2\/posts\/7953","targetHints":{"allow":["GET"]}}],"collection":[{"href":"https:\/\/www.mojabochnia.pl\/index.php?rest_route=\/wp\/v2\/posts"}],"about":[{"href":"https:\/\/www.mojabochnia.pl\/index.php?rest_route=\/wp\/v2\/types\/post"}],"author":[{"embeddable":true,"href":"https:\/\/www.mojabochnia.pl\/index.php?rest_route=\/wp\/v2\/users\/1"}],"replies":[{"embeddable":true,"href":"https:\/\/www.mojabochnia.pl\/index.php?rest_route=%2Fwp%2Fv2%2Fcomments&post=7953"}],"version-history":[{"count":0,"href":"https:\/\/www.mojabochnia.pl\/index.php?rest_route=\/wp\/v2\/posts\/7953\/revisions"}],"wp:attachment":[{"href":"https:\/\/www.mojabochnia.pl\/index.php?rest_route=%2Fwp%2Fv2%2Fmedia&parent=7953"}],"wp:term":[{"taxonomy":"category","embeddable":true,"href":"https:\/\/www.mojabochnia.pl\/index.php?rest_route=%2Fwp%2Fv2%2Fcategories&post=7953"},{"taxonomy":"post_tag","embeddable":true,"href":"https:\/\/www.mojabochnia.pl\/index.php?rest_route=%2Fwp%2Fv2%2Ftags&post=7953"}],"curies":[{"name":"wp","href":"https:\/\/api.w.org\/{rel}","templated":true}]}}