{"id":7942,"date":"2009-04-20T17:05:20","date_gmt":"2009-04-20T15:05:20","guid":{"rendered":"http:\/\/www.mojabochnia.pl\/?p=7942"},"modified":"2009-04-22T23:06:09","modified_gmt":"2009-04-22T21:06:09","slug":"udane-zawody-bochenskich-plywakow","status":"publish","type":"post","link":"https:\/\/www.mojabochnia.pl\/?p=7942","title":{"rendered":"Udane zawody boche\u0144skich p\u0142ywak\u00f3w"},"content":{"rendered":"<p>W zawodach, kt\u00f3re odby\u0142y si\u0119 w weekend wystartowa\u0142o ponad 150 zawodnik\u00f3w i zawodniczek \u0142\u0105cznie z 23 klub\u00f3w z ca\u0142ej Polski. Zmagania na boche\u0144skim basenie gwarantowa\u0142y nie tylko tytu\u0142 najlepszej dru\u017cyny dla zwyci\u0119zc\u00f3w, ale r\u00f3wnie\u017c awans do mi\u0119dzywojew\u00f3dzkich mistrzostw Polski m\u0142odzik\u00f3w 12-letnich oraz letnich mistrzostw Polski m\u0142odzik\u00f3w 13-letnich. Zawodnicy T.S. P\u0142ywak z Bochni zdobyli w sumie 6 medali: 3 z\u0142ote, 2 srebrne i jeden br\u0105zowy.<\/p>\n<p>W klasyfikacji dru\u017cynowej najlepiej wypad\u0142 zesp\u00f3\u0142 \u201eMKS Jordan Krak\u00f3w\u201d. Kolejne pozycje zaj\u0119li \u201eKSZO Ostrowiec \u015awi\u0119tokrzyski\u201d i \u201eMOTYL MOSiR Stalowa Wola\u201d. Spo\u015br\u00f3d zawodnik\u00f3w najlepszy by\u0142 Patryk Kowalski z MKS Unia Busko-Zdr\u00f3j, tytu\u0142 najlepszej p\u0142ywaczki przypad\u0142 Marcie Michalczyk z Korony-Swim Kielce.<\/p>\n<p> &#8211; <em>\u015awietne wyniki osi\u0105gn\u0119\u0142y dziewcz\u0119ta z T.S. P\u0142ywak Bochnia zdobywaj\u0105c z\u0142oty medal w sztafecie 4 x 100m stylem zmiennym oraz srebrny w sztafecie 4 x 100m stylem dowolnym<\/em> \u2013 poinformowa\u0142 nas Robert Ho\u0142da, dyrektor krytej p\u0142ywalni im. Jana Kota w Bochni. Dwa z\u0142ote medale zdoby\u0142a Ania Ca\u0142ka, okazuj\u0105c si\u0119 najlepsz\u0105 na dystansie 100 i 200 metr\u00f3w stylem grzbietowym. R\u00f3wnie\u017c ta sama zawodniczka si\u0119gn\u0119\u0142a po srebrny medal zajmuj\u0105c drugie miejsce na dystansie 100 metr\u00f3w stylem zmiennym. Br\u0105zowy medal wywalczy\u0142a Urszula Michalczyk, przyp\u0142ywaj\u0105c jako trzecia na dystansie 200 metr\u00f3w stylem klasycznym.<\/p>\n<p>Nad przebiegiem zawod\u00f3w czuwa\u0142a komisja s\u0119dziowska z\u0142o\u017cona z 21 os\u00f3b pod przewodnictwem Ma\u0142gorzaty Klich. Zawody zorganizowa\u0142a Kryta P\u0142ywalnia im. Jana Kota w Bochnia razem z Ma\u0142opolskim Okr\u0119gowym Zwi\u0105zkiem P\u0142ywackim i Akademi\u0105 Sport\u00f3w Wodnych \u201eWodnik\u201d. Nagrody dla zwyci\u0119zc\u00f3w zosta\u0142y ufundowane przez: Burmistrza Miasta Bochni, Ma\u0142opolski Okr\u0119gowy Zwi\u0105zek P\u0142ywacki, Kryt\u0105 P\u0142ywalni\u0119 w Bochni oraz firmy: Coca-Cola HBC Polska, Segafredo Zanetti Poland i Uzdrowisko Kopalnia Soli Bochnia.<\/p>\n","protected":false},"excerpt":{"rendered":"<p>Na Mistrzostwach Wojew\u00f3dztw M\u0142odzik\u00f3w 12-letnich zawodnikom boche\u0144skiego T.S. P\u0142ywak uda\u0142o si\u0119 wywalczy\u0107 a\u017c 6 medali.<\/p>\n","protected":false},"author":1,"featured_media":0,"comment_status":"open","ping_status":"closed","sticky":false,"template":"","format":"standard","meta":{"_acf_changed":false,"footnotes":""},"categories":[29],"tags":[17120,1755,17264,3125,3439,3550,17401,3171,2879,17107,3122],"class_list":["post-7942","post","type-post","status-publish","format-standard","hentry","category-sport","tag-basen","tag-druzyna","tag-kryta-plywalnia-w-bochni","tag-medale","tag-miedzywojewodzkie-mistrzostwa","tag-plywacy","tag-robert-holda","tag-ts-plywak","tag-zawodnicy","tag-zawody","tag-zmagania"],"acf":[],"yoast_head":"<!-- This site is optimized with the Yoast SEO plugin v26.9 - https:\/\/yoast.com\/product\/yoast-seo-wordpress\/ -->\n<title>Udane zawody boche\u0144skich p\u0142ywak\u00f3w - mojabochnia.pl - portal informacyjny<\/title>\n<meta name=\"robots\" content=\"index, follow, max-snippet:-1, max-image-preview:large, max-video-preview:-1\" \/>\n<link rel=\"canonical\" href=\"https:\/\/www.mojabochnia.pl\/?p=7942\" \/>\n<meta property=\"og:locale\" content=\"pl_PL\" \/>\n<meta property=\"og:type\" content=\"article\" \/>\n<meta property=\"og:title\" content=\"Udane zawody boche\u0144skich p\u0142ywak\u00f3w - mojabochnia.pl - portal informacyjny\" \/>\n<meta property=\"og:description\" content=\"Na Mistrzostwach Wojew\u00f3dztw M\u0142odzik\u00f3w 12-letnich zawodnikom boche\u0144skiego T.S. P\u0142ywak uda\u0142o si\u0119 wywalczy\u0107 a\u017c 6 medali.\" \/>\n<meta property=\"og:url\" content=\"https:\/\/www.mojabochnia.pl\/?p=7942\" \/>\n<meta property=\"og:site_name\" content=\"mojabochnia.pl - portal informacyjny\" \/>\n<meta property=\"article:publisher\" content=\"https:\/\/www.facebook.com\/mojabochnia\" \/>\n<meta property=\"article:published_time\" content=\"2009-04-20T15:05:20+00:00\" \/>\n<meta property=\"article:modified_time\" content=\"2009-04-22T21:06:09+00:00\" \/>\n<meta name=\"author\" content=\"administrator\" \/>\n<meta name=\"twitter:card\" content=\"summary_large_image\" \/>\n<meta name=\"twitter:label1\" content=\"Written by\" \/>\n\t<meta name=\"twitter:data1\" content=\"administrator\" \/>\n\t<meta name=\"twitter:label2\" content=\"Est. reading time\" \/>\n\t<meta name=\"twitter:data2\" content=\"2 minuty\" \/>\n<script type=\"application\/ld+json\" class=\"yoast-schema-graph\">{\"@context\":\"https:\/\/schema.org\",\"@graph\":[{\"@type\":\"Article\",\"@id\":\"https:\/\/www.mojabochnia.pl\/?p=7942#article\",\"isPartOf\":{\"@id\":\"https:\/\/www.mojabochnia.pl\/?p=7942\"},\"author\":{\"name\":\"administrator\",\"@id\":\"https:\/\/www.mojabochnia.pl\/#\/schema\/person\/c00e1f64e6fa0e6de6d410f2c340017f\"},\"headline\":\"Udane zawody boche\u0144skich p\u0142ywak\u00f3w\",\"datePublished\":\"2009-04-20T15:05:20+00:00\",\"dateModified\":\"2009-04-22T21:06:09+00:00\",\"mainEntityOfPage\":{\"@id\":\"https:\/\/www.mojabochnia.pl\/?p=7942\"},\"wordCount\":327,\"commentCount\":0,\"publisher\":{\"@id\":\"https:\/\/www.mojabochnia.pl\/#organization\"},\"keywords\":[\"basen\",\"dru\u017cyna\",\"kryta p\u0142ywalnia w bochni\",\"medale\",\"mi\u0119dzywojew\u00f3dzkie mistrzostwa\",\"p\u0142ywacy\",\"robert ho\u0142da\",\"ts p\u0142ywak\",\"zawodnicy\",\"zawody\",\"zmagania\"],\"articleSection\":[\"sport\"],\"inLanguage\":\"pl-PL\",\"potentialAction\":[{\"@type\":\"CommentAction\",\"name\":\"Comment\",\"target\":[\"https:\/\/www.mojabochnia.pl\/?p=7942#respond\"]}]},{\"@type\":\"WebPage\",\"@id\":\"https:\/\/www.mojabochnia.pl\/?p=7942\",\"url\":\"https:\/\/www.mojabochnia.pl\/?p=7942\",\"name\":\"Udane zawody boche\u0144skich p\u0142ywak\u00f3w - mojabochnia.pl - portal informacyjny\",\"isPartOf\":{\"@id\":\"https:\/\/www.mojabochnia.pl\/#website\"},\"datePublished\":\"2009-04-20T15:05:20+00:00\",\"dateModified\":\"2009-04-22T21:06:09+00:00\",\"breadcrumb\":{\"@id\":\"https:\/\/www.mojabochnia.pl\/?p=7942#breadcrumb\"},\"inLanguage\":\"pl-PL\",\"potentialAction\":[{\"@type\":\"ReadAction\",\"target\":[\"https:\/\/www.mojabochnia.pl\/?p=7942\"]}]},{\"@type\":\"BreadcrumbList\",\"@id\":\"https:\/\/www.mojabochnia.pl\/?p=7942#breadcrumb\",\"itemListElement\":[{\"@type\":\"ListItem\",\"position\":1,\"name\":\"Home\",\"item\":\"https:\/\/www.mojabochnia.pl\/\"},{\"@type\":\"ListItem\",\"position\":2,\"name\":\"Udane zawody boche\u0144skich p\u0142ywak\u00f3w\"}]},{\"@type\":\"WebSite\",\"@id\":\"https:\/\/www.mojabochnia.pl\/#website\",\"url\":\"https:\/\/www.mojabochnia.pl\/\",\"name\":\"mojabochnia.pl - portal informacyjny\",\"description\":\"mojaBochnia to portal informacyjny o Bochni. Codziennie o Bochni piszemy i pokazujemy najwa\u017cniejsze wydarzenia\",\"publisher\":{\"@id\":\"https:\/\/www.mojabochnia.pl\/#organization\"},\"potentialAction\":[{\"@type\":\"SearchAction\",\"target\":{\"@type\":\"EntryPoint\",\"urlTemplate\":\"https:\/\/www.mojabochnia.pl\/?s={search_term_string}\"},\"query-input\":{\"@type\":\"PropertyValueSpecification\",\"valueRequired\":true,\"valueName\":\"search_term_string\"}}],\"inLanguage\":\"pl-PL\"},{\"@type\":\"Organization\",\"@id\":\"https:\/\/www.mojabochnia.pl\/#organization\",\"name\":\"mojabochnia.pl - portal informacyjny\",\"url\":\"https:\/\/www.mojabochnia.pl\/\",\"logo\":{\"@type\":\"ImageObject\",\"inLanguage\":\"pl-PL\",\"@id\":\"https:\/\/www.mojabochnia.pl\/#\/schema\/logo\/image\/\",\"url\":\"https:\/\/www.mojabochnia.pl\/wp-content\/uploads\/2017\/08\/logo-mb-opt.png\",\"contentUrl\":\"https:\/\/www.mojabochnia.pl\/wp-content\/uploads\/2017\/08\/logo-mb-opt.png\",\"width\":250,\"height\":48,\"caption\":\"mojabochnia.pl - portal informacyjny\"},\"image\":{\"@id\":\"https:\/\/www.mojabochnia.pl\/#\/schema\/logo\/image\/\"},\"sameAs\":[\"https:\/\/www.facebook.com\/mojabochnia\"]},{\"@type\":\"Person\",\"@id\":\"https:\/\/www.mojabochnia.pl\/#\/schema\/person\/c00e1f64e6fa0e6de6d410f2c340017f\",\"name\":\"administrator\",\"url\":\"https:\/\/www.mojabochnia.pl\/?author=1\"}]}<\/script>\n<!-- \/ Yoast SEO plugin. -->","yoast_head_json":{"title":"Udane zawody boche\u0144skich p\u0142ywak\u00f3w - mojabochnia.pl - portal informacyjny","robots":{"index":"index","follow":"follow","max-snippet":"max-snippet:-1","max-image-preview":"max-image-preview:large","max-video-preview":"max-video-preview:-1"},"canonical":"https:\/\/www.mojabochnia.pl\/?p=7942","og_locale":"pl_PL","og_type":"article","og_title":"Udane zawody boche\u0144skich p\u0142ywak\u00f3w - mojabochnia.pl - portal informacyjny","og_description":"Na Mistrzostwach Wojew\u00f3dztw M\u0142odzik\u00f3w 12-letnich zawodnikom boche\u0144skiego T.S. P\u0142ywak uda\u0142o si\u0119 wywalczy\u0107 a\u017c 6 medali.","og_url":"https:\/\/www.mojabochnia.pl\/?p=7942","og_site_name":"mojabochnia.pl - portal informacyjny","article_publisher":"https:\/\/www.facebook.com\/mojabochnia","article_published_time":"2009-04-20T15:05:20+00:00","article_modified_time":"2009-04-22T21:06:09+00:00","author":"administrator","twitter_card":"summary_large_image","twitter_misc":{"Written by":"administrator","Est. reading time":"2 minuty"},"schema":{"@context":"https:\/\/schema.org","@graph":[{"@type":"Article","@id":"https:\/\/www.mojabochnia.pl\/?p=7942#article","isPartOf":{"@id":"https:\/\/www.mojabochnia.pl\/?p=7942"},"author":{"name":"administrator","@id":"https:\/\/www.mojabochnia.pl\/#\/schema\/person\/c00e1f64e6fa0e6de6d410f2c340017f"},"headline":"Udane zawody boche\u0144skich p\u0142ywak\u00f3w","datePublished":"2009-04-20T15:05:20+00:00","dateModified":"2009-04-22T21:06:09+00:00","mainEntityOfPage":{"@id":"https:\/\/www.mojabochnia.pl\/?p=7942"},"wordCount":327,"commentCount":0,"publisher":{"@id":"https:\/\/www.mojabochnia.pl\/#organization"},"keywords":["basen","dru\u017cyna","kryta p\u0142ywalnia w bochni","medale","mi\u0119dzywojew\u00f3dzkie mistrzostwa","p\u0142ywacy","robert ho\u0142da","ts p\u0142ywak","zawodnicy","zawody","zmagania"],"articleSection":["sport"],"inLanguage":"pl-PL","potentialAction":[{"@type":"CommentAction","name":"Comment","target":["https:\/\/www.mojabochnia.pl\/?p=7942#respond"]}]},{"@type":"WebPage","@id":"https:\/\/www.mojabochnia.pl\/?p=7942","url":"https:\/\/www.mojabochnia.pl\/?p=7942","name":"Udane zawody boche\u0144skich p\u0142ywak\u00f3w - mojabochnia.pl - portal informacyjny","isPartOf":{"@id":"https:\/\/www.mojabochnia.pl\/#website"},"datePublished":"2009-04-20T15:05:20+00:00","dateModified":"2009-04-22T21:06:09+00:00","breadcrumb":{"@id":"https:\/\/www.mojabochnia.pl\/?p=7942#breadcrumb"},"inLanguage":"pl-PL","potentialAction":[{"@type":"ReadAction","target":["https:\/\/www.mojabochnia.pl\/?p=7942"]}]},{"@type":"BreadcrumbList","@id":"https:\/\/www.mojabochnia.pl\/?p=7942#breadcrumb","itemListElement":[{"@type":"ListItem","position":1,"name":"Home","item":"https:\/\/www.mojabochnia.pl\/"},{"@type":"ListItem","position":2,"name":"Udane zawody boche\u0144skich p\u0142ywak\u00f3w"}]},{"@type":"WebSite","@id":"https:\/\/www.mojabochnia.pl\/#website","url":"https:\/\/www.mojabochnia.pl\/","name":"mojabochnia.pl - portal informacyjny","description":"mojaBochnia to portal informacyjny o Bochni. Codziennie o Bochni piszemy i pokazujemy najwa\u017cniejsze wydarzenia","publisher":{"@id":"https:\/\/www.mojabochnia.pl\/#organization"},"potentialAction":[{"@type":"SearchAction","target":{"@type":"EntryPoint","urlTemplate":"https:\/\/www.mojabochnia.pl\/?s={search_term_string}"},"query-input":{"@type":"PropertyValueSpecification","valueRequired":true,"valueName":"search_term_string"}}],"inLanguage":"pl-PL"},{"@type":"Organization","@id":"https:\/\/www.mojabochnia.pl\/#organization","name":"mojabochnia.pl - portal informacyjny","url":"https:\/\/www.mojabochnia.pl\/","logo":{"@type":"ImageObject","inLanguage":"pl-PL","@id":"https:\/\/www.mojabochnia.pl\/#\/schema\/logo\/image\/","url":"https:\/\/www.mojabochnia.pl\/wp-content\/uploads\/2017\/08\/logo-mb-opt.png","contentUrl":"https:\/\/www.mojabochnia.pl\/wp-content\/uploads\/2017\/08\/logo-mb-opt.png","width":250,"height":48,"caption":"mojabochnia.pl - portal informacyjny"},"image":{"@id":"https:\/\/www.mojabochnia.pl\/#\/schema\/logo\/image\/"},"sameAs":["https:\/\/www.facebook.com\/mojabochnia"]},{"@type":"Person","@id":"https:\/\/www.mojabochnia.pl\/#\/schema\/person\/c00e1f64e6fa0e6de6d410f2c340017f","name":"administrator","url":"https:\/\/www.mojabochnia.pl\/?author=1"}]}},"_links":{"self":[{"href":"https:\/\/www.mojabochnia.pl\/index.php?rest_route=\/wp\/v2\/posts\/7942","targetHints":{"allow":["GET"]}}],"collection":[{"href":"https:\/\/www.mojabochnia.pl\/index.php?rest_route=\/wp\/v2\/posts"}],"about":[{"href":"https:\/\/www.mojabochnia.pl\/index.php?rest_route=\/wp\/v2\/types\/post"}],"author":[{"embeddable":true,"href":"https:\/\/www.mojabochnia.pl\/index.php?rest_route=\/wp\/v2\/users\/1"}],"replies":[{"embeddable":true,"href":"https:\/\/www.mojabochnia.pl\/index.php?rest_route=%2Fwp%2Fv2%2Fcomments&post=7942"}],"version-history":[{"count":0,"href":"https:\/\/www.mojabochnia.pl\/index.php?rest_route=\/wp\/v2\/posts\/7942\/revisions"}],"wp:attachment":[{"href":"https:\/\/www.mojabochnia.pl\/index.php?rest_route=%2Fwp%2Fv2%2Fmedia&parent=7942"}],"wp:term":[{"taxonomy":"category","embeddable":true,"href":"https:\/\/www.mojabochnia.pl\/index.php?rest_route=%2Fwp%2Fv2%2Fcategories&post=7942"},{"taxonomy":"post_tag","embeddable":true,"href":"https:\/\/www.mojabochnia.pl\/index.php?rest_route=%2Fwp%2Fv2%2Ftags&post=7942"}],"curies":[{"name":"wp","href":"https:\/\/api.w.org\/{rel}","templated":true}]}}