{"id":7936,"date":"2009-04-20T09:08:16","date_gmt":"2009-04-20T07:08:16","guid":{"rendered":"http:\/\/www.mojabochnia.pl\/?p=7936"},"modified":"2009-04-20T09:10:12","modified_gmt":"2009-04-20T07:10:12","slug":"wyjatkowo-bezczelni-zlodzieje-zlomu","status":"publish","type":"post","link":"https:\/\/www.mojabochnia.pl\/?p=7936","title":{"rendered":"Wyj\u0105tkowo bezczelni z\u0142odzieje z\u0142omu"},"content":{"rendered":"<p>W minion\u0105 \u015brod\u0119 troje m\u0119\u017cczyzn z Bochni, w wieku od 30 do 40 lat skrad\u0142o z magazynu skupu metali kolorowych, korzystaj\u0105c z nieuwagi w\u0142a\u015bciciela, 20 kg z\u0142omu miedzi i mosi\u0119\u017cnych odlew\u00f3w.<br \/>\n<em><br \/>\n&#8211; Zabrany metal zanie\u015bli \u2026 w\u0142a\u015bcicielowi, kt\u00f3ry po zwa\u017ceniu kupi\u0142 w\u0142asny, skradziony mu metal za kwot\u0119 320 z\u0142. Po kilku godzinach postanowili jeszcze raz skra\u015b\u0107 ten sam worek z metalem. W tym celu w nocy weszli na teren dobrze im ju\u017c znanego punktu skupu, gdzie po odgi\u0119ciu blachy w dachu wiaty skradli worek z miedzi\u0105 oraz zw\u00f3j miedzianych rurek. Skradziony \u0142up sprzedali tym razem w innym punkcie skupu w Bochni za podobn\u0105 kwot\u0119 &#8211;<\/em> podaje Leszek Machaj, rzecznik Komendy Policji w Bochni.<\/p>\n<p>\u0141atwo zdobyte pieni\u0105dze dwukrotnie przeznaczyli na zakup alkoholu. Wszystko sz\u0142o g\u0142adko, a\u017c do momentu, gdy w\u0142a\u015bciciel punktu skupu, zorientowawszy si\u0119 nad ranem, \u017ce zosta\u0142 okradziony, poszed\u0142 na policj\u0119 i z\u0142o\u017cy\u0142 zawiadomienie, dok\u0142adnie opisuj\u0105c rysopis sprawc\u00f3w. W kr\u00f3tkim czasie przest\u0119pcy trafili w r\u0119ce policjant\u00f3w, a ich \u0142up zosta\u0142 odzyskany.<\/p>\n<p>Zatrzymani sprawcy s\u0105 znani boche\u0144skiej policji, jeden z nich tydzie\u0144 wcze\u015bniej dokona\u0142 podobnej kradzie\u017cy w innym punkcie skupu. Za pope\u0142nione przest\u0119pstwo, podw\u00f3jnej kradzie\u017cy i w\u0142amania, grozi im kara pozbawienia wolno\u015bci od roku do 10 lat.<\/p>\n","protected":false},"excerpt":{"rendered":"<p>Trzech &#8222;przedsi\u0119biorczych&#8221; mieszka\u0144c\u00f3w Bochni zgubi\u0142a w\u0142asna pazerno\u015b\u0107. Nie do\u015b\u0107 im by\u0142o,\u017ce sprzedali skradziony z\u0142om w\u0142a\u015bcicielowi skupu metali kolorowych, kt\u00f3ry ograbili, to na dodatek drugi raz przyszli po ten sam towar.<\/p>\n","protected":false},"author":1,"featured_media":0,"comment_status":"open","ping_status":"closed","sticky":false,"template":"","format":"standard","meta":{"_acf_changed":false,"footnotes":""},"categories":[5],"tags":[17504,17304,17238,2959,17155,1833,335,2853,1926,960],"class_list":["post-7936","post","type-post","status-publish","format-standard","hentry","category-biezace-wydarzenia","tag-kara","tag-kradziez","tag-leszek-machaj","tag-lup","tag-policja","tag-pozbawienie-wolnosci","tag-przestepstwo","tag-sprawcy","tag-wlamanie","tag-zlom"],"acf":[],"yoast_head":"<!-- This site is optimized with the Yoast SEO plugin v26.9 - https:\/\/yoast.com\/product\/yoast-seo-wordpress\/ -->\n<title>Wyj\u0105tkowo bezczelni z\u0142odzieje z\u0142omu - mojabochnia.pl - portal informacyjny<\/title>\n<meta name=\"robots\" content=\"index, follow, max-snippet:-1, max-image-preview:large, max-video-preview:-1\" \/>\n<link rel=\"canonical\" href=\"https:\/\/www.mojabochnia.pl\/?p=7936\" \/>\n<meta property=\"og:locale\" content=\"pl_PL\" \/>\n<meta property=\"og:type\" content=\"article\" \/>\n<meta property=\"og:title\" content=\"Wyj\u0105tkowo bezczelni z\u0142odzieje z\u0142omu - mojabochnia.pl - portal informacyjny\" \/>\n<meta property=\"og:description\" content=\"Trzech &quot;przedsi\u0119biorczych&quot; mieszka\u0144c\u00f3w Bochni zgubi\u0142a w\u0142asna pazerno\u015b\u0107. Nie do\u015b\u0107 im by\u0142o,\u017ce sprzedali skradziony z\u0142om w\u0142a\u015bcicielowi skupu metali kolorowych, kt\u00f3ry ograbili, to na dodatek drugi raz przyszli po ten sam towar.\" \/>\n<meta property=\"og:url\" content=\"https:\/\/www.mojabochnia.pl\/?p=7936\" \/>\n<meta property=\"og:site_name\" content=\"mojabochnia.pl - portal informacyjny\" \/>\n<meta property=\"article:publisher\" content=\"https:\/\/www.facebook.com\/mojabochnia\" \/>\n<meta property=\"article:published_time\" content=\"2009-04-20T07:08:16+00:00\" \/>\n<meta property=\"article:modified_time\" content=\"2009-04-20T07:10:12+00:00\" \/>\n<meta name=\"author\" content=\"administrator\" \/>\n<meta name=\"twitter:card\" content=\"summary_large_image\" \/>\n<meta name=\"twitter:label1\" content=\"Written by\" \/>\n\t<meta name=\"twitter:data1\" content=\"administrator\" \/>\n\t<meta name=\"twitter:label2\" content=\"Est. reading time\" \/>\n\t<meta name=\"twitter:data2\" content=\"1 minuta\" \/>\n<script type=\"application\/ld+json\" class=\"yoast-schema-graph\">{\"@context\":\"https:\/\/schema.org\",\"@graph\":[{\"@type\":\"Article\",\"@id\":\"https:\/\/www.mojabochnia.pl\/?p=7936#article\",\"isPartOf\":{\"@id\":\"https:\/\/www.mojabochnia.pl\/?p=7936\"},\"author\":{\"name\":\"administrator\",\"@id\":\"https:\/\/www.mojabochnia.pl\/#\/schema\/person\/c00e1f64e6fa0e6de6d410f2c340017f\"},\"headline\":\"Wyj\u0105tkowo bezczelni z\u0142odzieje z\u0142omu\",\"datePublished\":\"2009-04-20T07:08:16+00:00\",\"dateModified\":\"2009-04-20T07:10:12+00:00\",\"mainEntityOfPage\":{\"@id\":\"https:\/\/www.mojabochnia.pl\/?p=7936\"},\"wordCount\":236,\"commentCount\":0,\"publisher\":{\"@id\":\"https:\/\/www.mojabochnia.pl\/#organization\"},\"keywords\":[\"kara\",\"kradzie\u017c\",\"leszek machaj\",\"\u0142up\",\"policja\",\"pozbawienie wolno\u015bci\",\"przest\u0119pstwo\",\"sprawcy\",\"w\u0142amanie\",\"z\u0142om\"],\"articleSection\":[\"2_ostatnie\"],\"inLanguage\":\"pl-PL\",\"potentialAction\":[{\"@type\":\"CommentAction\",\"name\":\"Comment\",\"target\":[\"https:\/\/www.mojabochnia.pl\/?p=7936#respond\"]}]},{\"@type\":\"WebPage\",\"@id\":\"https:\/\/www.mojabochnia.pl\/?p=7936\",\"url\":\"https:\/\/www.mojabochnia.pl\/?p=7936\",\"name\":\"Wyj\u0105tkowo bezczelni z\u0142odzieje z\u0142omu - mojabochnia.pl - portal informacyjny\",\"isPartOf\":{\"@id\":\"https:\/\/www.mojabochnia.pl\/#website\"},\"datePublished\":\"2009-04-20T07:08:16+00:00\",\"dateModified\":\"2009-04-20T07:10:12+00:00\",\"breadcrumb\":{\"@id\":\"https:\/\/www.mojabochnia.pl\/?p=7936#breadcrumb\"},\"inLanguage\":\"pl-PL\",\"potentialAction\":[{\"@type\":\"ReadAction\",\"target\":[\"https:\/\/www.mojabochnia.pl\/?p=7936\"]}]},{\"@type\":\"BreadcrumbList\",\"@id\":\"https:\/\/www.mojabochnia.pl\/?p=7936#breadcrumb\",\"itemListElement\":[{\"@type\":\"ListItem\",\"position\":1,\"name\":\"Home\",\"item\":\"https:\/\/www.mojabochnia.pl\/\"},{\"@type\":\"ListItem\",\"position\":2,\"name\":\"Wyj\u0105tkowo bezczelni z\u0142odzieje z\u0142omu\"}]},{\"@type\":\"WebSite\",\"@id\":\"https:\/\/www.mojabochnia.pl\/#website\",\"url\":\"https:\/\/www.mojabochnia.pl\/\",\"name\":\"mojabochnia.pl - portal informacyjny\",\"description\":\"mojaBochnia to portal informacyjny o Bochni. Codziennie o Bochni piszemy i pokazujemy najwa\u017cniejsze wydarzenia\",\"publisher\":{\"@id\":\"https:\/\/www.mojabochnia.pl\/#organization\"},\"potentialAction\":[{\"@type\":\"SearchAction\",\"target\":{\"@type\":\"EntryPoint\",\"urlTemplate\":\"https:\/\/www.mojabochnia.pl\/?s={search_term_string}\"},\"query-input\":{\"@type\":\"PropertyValueSpecification\",\"valueRequired\":true,\"valueName\":\"search_term_string\"}}],\"inLanguage\":\"pl-PL\"},{\"@type\":\"Organization\",\"@id\":\"https:\/\/www.mojabochnia.pl\/#organization\",\"name\":\"mojabochnia.pl - portal informacyjny\",\"url\":\"https:\/\/www.mojabochnia.pl\/\",\"logo\":{\"@type\":\"ImageObject\",\"inLanguage\":\"pl-PL\",\"@id\":\"https:\/\/www.mojabochnia.pl\/#\/schema\/logo\/image\/\",\"url\":\"https:\/\/www.mojabochnia.pl\/wp-content\/uploads\/2017\/08\/logo-mb-opt.png\",\"contentUrl\":\"https:\/\/www.mojabochnia.pl\/wp-content\/uploads\/2017\/08\/logo-mb-opt.png\",\"width\":250,\"height\":48,\"caption\":\"mojabochnia.pl - portal informacyjny\"},\"image\":{\"@id\":\"https:\/\/www.mojabochnia.pl\/#\/schema\/logo\/image\/\"},\"sameAs\":[\"https:\/\/www.facebook.com\/mojabochnia\"]},{\"@type\":\"Person\",\"@id\":\"https:\/\/www.mojabochnia.pl\/#\/schema\/person\/c00e1f64e6fa0e6de6d410f2c340017f\",\"name\":\"administrator\",\"url\":\"https:\/\/www.mojabochnia.pl\/?author=1\"}]}<\/script>\n<!-- \/ Yoast SEO plugin. -->","yoast_head_json":{"title":"Wyj\u0105tkowo bezczelni z\u0142odzieje z\u0142omu - mojabochnia.pl - portal informacyjny","robots":{"index":"index","follow":"follow","max-snippet":"max-snippet:-1","max-image-preview":"max-image-preview:large","max-video-preview":"max-video-preview:-1"},"canonical":"https:\/\/www.mojabochnia.pl\/?p=7936","og_locale":"pl_PL","og_type":"article","og_title":"Wyj\u0105tkowo bezczelni z\u0142odzieje z\u0142omu - mojabochnia.pl - portal informacyjny","og_description":"Trzech \"przedsi\u0119biorczych\" mieszka\u0144c\u00f3w Bochni zgubi\u0142a w\u0142asna pazerno\u015b\u0107. Nie do\u015b\u0107 im by\u0142o,\u017ce sprzedali skradziony z\u0142om w\u0142a\u015bcicielowi skupu metali kolorowych, kt\u00f3ry ograbili, to na dodatek drugi raz przyszli po ten sam towar.","og_url":"https:\/\/www.mojabochnia.pl\/?p=7936","og_site_name":"mojabochnia.pl - portal informacyjny","article_publisher":"https:\/\/www.facebook.com\/mojabochnia","article_published_time":"2009-04-20T07:08:16+00:00","article_modified_time":"2009-04-20T07:10:12+00:00","author":"administrator","twitter_card":"summary_large_image","twitter_misc":{"Written by":"administrator","Est. reading time":"1 minuta"},"schema":{"@context":"https:\/\/schema.org","@graph":[{"@type":"Article","@id":"https:\/\/www.mojabochnia.pl\/?p=7936#article","isPartOf":{"@id":"https:\/\/www.mojabochnia.pl\/?p=7936"},"author":{"name":"administrator","@id":"https:\/\/www.mojabochnia.pl\/#\/schema\/person\/c00e1f64e6fa0e6de6d410f2c340017f"},"headline":"Wyj\u0105tkowo bezczelni z\u0142odzieje z\u0142omu","datePublished":"2009-04-20T07:08:16+00:00","dateModified":"2009-04-20T07:10:12+00:00","mainEntityOfPage":{"@id":"https:\/\/www.mojabochnia.pl\/?p=7936"},"wordCount":236,"commentCount":0,"publisher":{"@id":"https:\/\/www.mojabochnia.pl\/#organization"},"keywords":["kara","kradzie\u017c","leszek machaj","\u0142up","policja","pozbawienie wolno\u015bci","przest\u0119pstwo","sprawcy","w\u0142amanie","z\u0142om"],"articleSection":["2_ostatnie"],"inLanguage":"pl-PL","potentialAction":[{"@type":"CommentAction","name":"Comment","target":["https:\/\/www.mojabochnia.pl\/?p=7936#respond"]}]},{"@type":"WebPage","@id":"https:\/\/www.mojabochnia.pl\/?p=7936","url":"https:\/\/www.mojabochnia.pl\/?p=7936","name":"Wyj\u0105tkowo bezczelni z\u0142odzieje z\u0142omu - mojabochnia.pl - portal informacyjny","isPartOf":{"@id":"https:\/\/www.mojabochnia.pl\/#website"},"datePublished":"2009-04-20T07:08:16+00:00","dateModified":"2009-04-20T07:10:12+00:00","breadcrumb":{"@id":"https:\/\/www.mojabochnia.pl\/?p=7936#breadcrumb"},"inLanguage":"pl-PL","potentialAction":[{"@type":"ReadAction","target":["https:\/\/www.mojabochnia.pl\/?p=7936"]}]},{"@type":"BreadcrumbList","@id":"https:\/\/www.mojabochnia.pl\/?p=7936#breadcrumb","itemListElement":[{"@type":"ListItem","position":1,"name":"Home","item":"https:\/\/www.mojabochnia.pl\/"},{"@type":"ListItem","position":2,"name":"Wyj\u0105tkowo bezczelni z\u0142odzieje z\u0142omu"}]},{"@type":"WebSite","@id":"https:\/\/www.mojabochnia.pl\/#website","url":"https:\/\/www.mojabochnia.pl\/","name":"mojabochnia.pl - portal informacyjny","description":"mojaBochnia to portal informacyjny o Bochni. Codziennie o Bochni piszemy i pokazujemy najwa\u017cniejsze wydarzenia","publisher":{"@id":"https:\/\/www.mojabochnia.pl\/#organization"},"potentialAction":[{"@type":"SearchAction","target":{"@type":"EntryPoint","urlTemplate":"https:\/\/www.mojabochnia.pl\/?s={search_term_string}"},"query-input":{"@type":"PropertyValueSpecification","valueRequired":true,"valueName":"search_term_string"}}],"inLanguage":"pl-PL"},{"@type":"Organization","@id":"https:\/\/www.mojabochnia.pl\/#organization","name":"mojabochnia.pl - portal informacyjny","url":"https:\/\/www.mojabochnia.pl\/","logo":{"@type":"ImageObject","inLanguage":"pl-PL","@id":"https:\/\/www.mojabochnia.pl\/#\/schema\/logo\/image\/","url":"https:\/\/www.mojabochnia.pl\/wp-content\/uploads\/2017\/08\/logo-mb-opt.png","contentUrl":"https:\/\/www.mojabochnia.pl\/wp-content\/uploads\/2017\/08\/logo-mb-opt.png","width":250,"height":48,"caption":"mojabochnia.pl - portal informacyjny"},"image":{"@id":"https:\/\/www.mojabochnia.pl\/#\/schema\/logo\/image\/"},"sameAs":["https:\/\/www.facebook.com\/mojabochnia"]},{"@type":"Person","@id":"https:\/\/www.mojabochnia.pl\/#\/schema\/person\/c00e1f64e6fa0e6de6d410f2c340017f","name":"administrator","url":"https:\/\/www.mojabochnia.pl\/?author=1"}]}},"_links":{"self":[{"href":"https:\/\/www.mojabochnia.pl\/index.php?rest_route=\/wp\/v2\/posts\/7936","targetHints":{"allow":["GET"]}}],"collection":[{"href":"https:\/\/www.mojabochnia.pl\/index.php?rest_route=\/wp\/v2\/posts"}],"about":[{"href":"https:\/\/www.mojabochnia.pl\/index.php?rest_route=\/wp\/v2\/types\/post"}],"author":[{"embeddable":true,"href":"https:\/\/www.mojabochnia.pl\/index.php?rest_route=\/wp\/v2\/users\/1"}],"replies":[{"embeddable":true,"href":"https:\/\/www.mojabochnia.pl\/index.php?rest_route=%2Fwp%2Fv2%2Fcomments&post=7936"}],"version-history":[{"count":0,"href":"https:\/\/www.mojabochnia.pl\/index.php?rest_route=\/wp\/v2\/posts\/7936\/revisions"}],"wp:attachment":[{"href":"https:\/\/www.mojabochnia.pl\/index.php?rest_route=%2Fwp%2Fv2%2Fmedia&parent=7936"}],"wp:term":[{"taxonomy":"category","embeddable":true,"href":"https:\/\/www.mojabochnia.pl\/index.php?rest_route=%2Fwp%2Fv2%2Fcategories&post=7936"},{"taxonomy":"post_tag","embeddable":true,"href":"https:\/\/www.mojabochnia.pl\/index.php?rest_route=%2Fwp%2Fv2%2Ftags&post=7936"}],"curies":[{"name":"wp","href":"https:\/\/api.w.org\/{rel}","templated":true}]}}