{"id":7918,"date":"2009-04-20T06:31:19","date_gmt":"2009-04-20T04:31:19","guid":{"rendered":"http:\/\/www.mojabochnia.pl\/?p=7918"},"modified":"2009-04-17T14:41:50","modified_gmt":"2009-04-17T12:41:50","slug":"wladze-bochni-ukaraly-niesolidnego-wykonawce","status":"publish","type":"post","link":"https:\/\/www.mojabochnia.pl\/?p=7918","title":{"rendered":"W\u0142adze Bochni ukara\u0142y niesolidnego wykonawc\u0119"},"content":{"rendered":"<p>Wykonawca remontu jednej z ulic niesolidnie wywi\u0105za\u0142 si\u0119 ze swojego zadania i miasto nie wyp\u0142aci\u0142o jej pe\u0142nej ustalonej wcze\u015bniej sumy. Kara wynios\u0142a ok. 50 tys. z\u0142. To spos\u00f3b na to, aby wykonawcy inwestycji byli solidniejsi. &#8211; <em>Staramy si\u0119 na bie\u017c\u0105co monitorowa\u0107 spos\u00f3b wykonania okre\u015blonych inwestycji. Je\u017celi dochodzi do sytuacji, \u017ce s\u0105 pewne niedoci\u0105gni\u0119cia, firma, kt\u00f3ra wykonuje konkretne inwestycje powinna doprowadzi\u0107 je do stanu, kt\u00f3ry by\u0142by dla nas zadowalaj\u0105cy. Je\u017celi tego nie czyni, bo nie jest w stanie tego uczyni\u0107, bo np. pope\u0142ni\u0142a b\u0142\u0119dy przy wykonywaniu inwestycji, to w\u00f3wczas dopiero naliczamy kary umowne. Raz taka sytuacja mia\u0142a miejsce, przedstawiciele firmy przyj\u0119li t\u0119 kar\u0119 z godno\u015bci\u0105, ze zrozumieniem i sprawa zosta\u0142a za\u0142atwiona<\/em> &#8211; m\u00f3wi burmistrz Bochni Bogdan Kosturkiewicz.<\/p>\n<p>W ostatnich latach na terenie Bochni wykonywanych jest bardzo du\u017co inwestycji drogowych. W\u0142adze szczyc\u0105 si\u0119, \u017ce w ci\u0105gu roku robi\u0105 wi\u0119cej ni\u017c wykonano podczas ca\u0142ej poprzedniej kadencji. Dlatego &#8211; jak si\u0119 zdaje &#8211; tym bardziej wa\u017cna jest sprawa jako\u015bci realizowanych rob\u00f3t. <\/p>\n","protected":false},"excerpt":{"rendered":"<p>W\u0142adze Bochni szczeg\u00f3lnie czujne pod wzgl\u0119dem niesolidnych wykonawc\u00f3w inwestycji miejskich. Ostatnio jedna z firm zosta\u0142a ukarana finansowo.<\/p>\n","protected":false},"author":4,"featured_media":0,"comment_status":"open","ping_status":"closed","sticky":false,"template":"","format":"standard","meta":{"_acf_changed":false,"footnotes":""},"categories":[11],"tags":[17171,17421,17547,2702,232,128,17504,17300,17152,2766,17419,3535,1124,1484],"class_list":["post-7918","post","type-post","status-publish","format-standard","hentry","category-top-temat","tag-bogdan-kosturkiewicz","tag-burmistrz","tag-firma","tag-firma-budowlana","tag-gustaw-korta","tag-inwestycje","tag-kara","tag-remont","tag-remont-drogi","tag-remonty","tag-wiceburmistrz","tag-wladze","tag-wydatki","tag-wykonawca"],"acf":[],"yoast_head":"<!-- This site is optimized with the Yoast SEO plugin v26.9 - https:\/\/yoast.com\/product\/yoast-seo-wordpress\/ -->\n<title>W\u0142adze Bochni ukara\u0142y niesolidnego wykonawc\u0119 - mojabochnia.pl - portal informacyjny<\/title>\n<meta name=\"robots\" content=\"index, follow, max-snippet:-1, max-image-preview:large, max-video-preview:-1\" \/>\n<link rel=\"canonical\" href=\"https:\/\/www.mojabochnia.pl\/?p=7918\" \/>\n<meta property=\"og:locale\" content=\"pl_PL\" \/>\n<meta property=\"og:type\" content=\"article\" \/>\n<meta property=\"og:title\" content=\"W\u0142adze Bochni ukara\u0142y niesolidnego wykonawc\u0119 - mojabochnia.pl - portal informacyjny\" \/>\n<meta property=\"og:description\" content=\"W\u0142adze Bochni szczeg\u00f3lnie czujne pod wzgl\u0119dem niesolidnych wykonawc\u00f3w inwestycji miejskich. Ostatnio jedna z firm zosta\u0142a ukarana finansowo.\" \/>\n<meta property=\"og:url\" content=\"https:\/\/www.mojabochnia.pl\/?p=7918\" \/>\n<meta property=\"og:site_name\" content=\"mojabochnia.pl - portal informacyjny\" \/>\n<meta property=\"article:publisher\" content=\"https:\/\/www.facebook.com\/mojabochnia\" \/>\n<meta property=\"article:published_time\" content=\"2009-04-20T04:31:19+00:00\" \/>\n<meta name=\"author\" content=\"Pawe\u0142 Michalczyk\" \/>\n<meta name=\"twitter:card\" content=\"summary_large_image\" \/>\n<meta name=\"twitter:label1\" content=\"Written by\" \/>\n\t<meta name=\"twitter:data1\" content=\"Pawe\u0142 Michalczyk\" \/>\n\t<meta name=\"twitter:label2\" content=\"Est. reading time\" \/>\n\t<meta name=\"twitter:data2\" content=\"1 minuta\" \/>\n<script type=\"application\/ld+json\" class=\"yoast-schema-graph\">{\"@context\":\"https:\/\/schema.org\",\"@graph\":[{\"@type\":\"Article\",\"@id\":\"https:\/\/www.mojabochnia.pl\/?p=7918#article\",\"isPartOf\":{\"@id\":\"https:\/\/www.mojabochnia.pl\/?p=7918\"},\"author\":{\"name\":\"Pawe\u0142 Michalczyk\",\"@id\":\"https:\/\/www.mojabochnia.pl\/#\/schema\/person\/ea042e4724a77627963f02166828ead4\"},\"headline\":\"W\u0142adze Bochni ukara\u0142y niesolidnego wykonawc\u0119\",\"datePublished\":\"2009-04-20T04:31:19+00:00\",\"mainEntityOfPage\":{\"@id\":\"https:\/\/www.mojabochnia.pl\/?p=7918\"},\"wordCount\":199,\"commentCount\":1,\"publisher\":{\"@id\":\"https:\/\/www.mojabochnia.pl\/#organization\"},\"keywords\":[\"bogdan kosturkiewicz\",\"burmistrz\",\"firma\",\"firma budowlana\",\"gustaw korta\",\"inwestycje\",\"kara\",\"remont\",\"remont drogi\",\"remonty\",\"wiceburmistrz\",\"w\u0142adze\",\"wydatki\",\"wykonawca\"],\"articleSection\":[\"3_w centrum uwagi\"],\"inLanguage\":\"pl-PL\",\"potentialAction\":[{\"@type\":\"CommentAction\",\"name\":\"Comment\",\"target\":[\"https:\/\/www.mojabochnia.pl\/?p=7918#respond\"]}]},{\"@type\":\"WebPage\",\"@id\":\"https:\/\/www.mojabochnia.pl\/?p=7918\",\"url\":\"https:\/\/www.mojabochnia.pl\/?p=7918\",\"name\":\"W\u0142adze Bochni ukara\u0142y niesolidnego wykonawc\u0119 - mojabochnia.pl - portal informacyjny\",\"isPartOf\":{\"@id\":\"https:\/\/www.mojabochnia.pl\/#website\"},\"datePublished\":\"2009-04-20T04:31:19+00:00\",\"breadcrumb\":{\"@id\":\"https:\/\/www.mojabochnia.pl\/?p=7918#breadcrumb\"},\"inLanguage\":\"pl-PL\",\"potentialAction\":[{\"@type\":\"ReadAction\",\"target\":[\"https:\/\/www.mojabochnia.pl\/?p=7918\"]}]},{\"@type\":\"BreadcrumbList\",\"@id\":\"https:\/\/www.mojabochnia.pl\/?p=7918#breadcrumb\",\"itemListElement\":[{\"@type\":\"ListItem\",\"position\":1,\"name\":\"Home\",\"item\":\"https:\/\/www.mojabochnia.pl\/\"},{\"@type\":\"ListItem\",\"position\":2,\"name\":\"W\u0142adze Bochni ukara\u0142y niesolidnego wykonawc\u0119\"}]},{\"@type\":\"WebSite\",\"@id\":\"https:\/\/www.mojabochnia.pl\/#website\",\"url\":\"https:\/\/www.mojabochnia.pl\/\",\"name\":\"mojabochnia.pl - portal informacyjny\",\"description\":\"mojaBochnia to portal informacyjny o Bochni. Codziennie o Bochni piszemy i pokazujemy najwa\u017cniejsze wydarzenia\",\"publisher\":{\"@id\":\"https:\/\/www.mojabochnia.pl\/#organization\"},\"potentialAction\":[{\"@type\":\"SearchAction\",\"target\":{\"@type\":\"EntryPoint\",\"urlTemplate\":\"https:\/\/www.mojabochnia.pl\/?s={search_term_string}\"},\"query-input\":{\"@type\":\"PropertyValueSpecification\",\"valueRequired\":true,\"valueName\":\"search_term_string\"}}],\"inLanguage\":\"pl-PL\"},{\"@type\":\"Organization\",\"@id\":\"https:\/\/www.mojabochnia.pl\/#organization\",\"name\":\"mojabochnia.pl - portal informacyjny\",\"url\":\"https:\/\/www.mojabochnia.pl\/\",\"logo\":{\"@type\":\"ImageObject\",\"inLanguage\":\"pl-PL\",\"@id\":\"https:\/\/www.mojabochnia.pl\/#\/schema\/logo\/image\/\",\"url\":\"https:\/\/www.mojabochnia.pl\/wp-content\/uploads\/2017\/08\/logo-mb-opt.png\",\"contentUrl\":\"https:\/\/www.mojabochnia.pl\/wp-content\/uploads\/2017\/08\/logo-mb-opt.png\",\"width\":250,\"height\":48,\"caption\":\"mojabochnia.pl - portal informacyjny\"},\"image\":{\"@id\":\"https:\/\/www.mojabochnia.pl\/#\/schema\/logo\/image\/\"},\"sameAs\":[\"https:\/\/www.facebook.com\/mojabochnia\"]},{\"@type\":\"Person\",\"@id\":\"https:\/\/www.mojabochnia.pl\/#\/schema\/person\/ea042e4724a77627963f02166828ead4\",\"name\":\"Pawe\u0142 Michalczyk\",\"url\":\"https:\/\/www.mojabochnia.pl\/?author=4\"}]}<\/script>\n<!-- \/ Yoast SEO plugin. -->","yoast_head_json":{"title":"W\u0142adze Bochni ukara\u0142y niesolidnego wykonawc\u0119 - mojabochnia.pl - portal informacyjny","robots":{"index":"index","follow":"follow","max-snippet":"max-snippet:-1","max-image-preview":"max-image-preview:large","max-video-preview":"max-video-preview:-1"},"canonical":"https:\/\/www.mojabochnia.pl\/?p=7918","og_locale":"pl_PL","og_type":"article","og_title":"W\u0142adze Bochni ukara\u0142y niesolidnego wykonawc\u0119 - mojabochnia.pl - portal informacyjny","og_description":"W\u0142adze Bochni szczeg\u00f3lnie czujne pod wzgl\u0119dem niesolidnych wykonawc\u00f3w inwestycji miejskich. Ostatnio jedna z firm zosta\u0142a ukarana finansowo.","og_url":"https:\/\/www.mojabochnia.pl\/?p=7918","og_site_name":"mojabochnia.pl - portal informacyjny","article_publisher":"https:\/\/www.facebook.com\/mojabochnia","article_published_time":"2009-04-20T04:31:19+00:00","author":"Pawe\u0142 Michalczyk","twitter_card":"summary_large_image","twitter_misc":{"Written by":"Pawe\u0142 Michalczyk","Est. reading time":"1 minuta"},"schema":{"@context":"https:\/\/schema.org","@graph":[{"@type":"Article","@id":"https:\/\/www.mojabochnia.pl\/?p=7918#article","isPartOf":{"@id":"https:\/\/www.mojabochnia.pl\/?p=7918"},"author":{"name":"Pawe\u0142 Michalczyk","@id":"https:\/\/www.mojabochnia.pl\/#\/schema\/person\/ea042e4724a77627963f02166828ead4"},"headline":"W\u0142adze Bochni ukara\u0142y niesolidnego wykonawc\u0119","datePublished":"2009-04-20T04:31:19+00:00","mainEntityOfPage":{"@id":"https:\/\/www.mojabochnia.pl\/?p=7918"},"wordCount":199,"commentCount":1,"publisher":{"@id":"https:\/\/www.mojabochnia.pl\/#organization"},"keywords":["bogdan kosturkiewicz","burmistrz","firma","firma budowlana","gustaw korta","inwestycje","kara","remont","remont drogi","remonty","wiceburmistrz","w\u0142adze","wydatki","wykonawca"],"articleSection":["3_w centrum uwagi"],"inLanguage":"pl-PL","potentialAction":[{"@type":"CommentAction","name":"Comment","target":["https:\/\/www.mojabochnia.pl\/?p=7918#respond"]}]},{"@type":"WebPage","@id":"https:\/\/www.mojabochnia.pl\/?p=7918","url":"https:\/\/www.mojabochnia.pl\/?p=7918","name":"W\u0142adze Bochni ukara\u0142y niesolidnego wykonawc\u0119 - mojabochnia.pl - portal informacyjny","isPartOf":{"@id":"https:\/\/www.mojabochnia.pl\/#website"},"datePublished":"2009-04-20T04:31:19+00:00","breadcrumb":{"@id":"https:\/\/www.mojabochnia.pl\/?p=7918#breadcrumb"},"inLanguage":"pl-PL","potentialAction":[{"@type":"ReadAction","target":["https:\/\/www.mojabochnia.pl\/?p=7918"]}]},{"@type":"BreadcrumbList","@id":"https:\/\/www.mojabochnia.pl\/?p=7918#breadcrumb","itemListElement":[{"@type":"ListItem","position":1,"name":"Home","item":"https:\/\/www.mojabochnia.pl\/"},{"@type":"ListItem","position":2,"name":"W\u0142adze Bochni ukara\u0142y niesolidnego wykonawc\u0119"}]},{"@type":"WebSite","@id":"https:\/\/www.mojabochnia.pl\/#website","url":"https:\/\/www.mojabochnia.pl\/","name":"mojabochnia.pl - portal informacyjny","description":"mojaBochnia to portal informacyjny o Bochni. Codziennie o Bochni piszemy i pokazujemy najwa\u017cniejsze wydarzenia","publisher":{"@id":"https:\/\/www.mojabochnia.pl\/#organization"},"potentialAction":[{"@type":"SearchAction","target":{"@type":"EntryPoint","urlTemplate":"https:\/\/www.mojabochnia.pl\/?s={search_term_string}"},"query-input":{"@type":"PropertyValueSpecification","valueRequired":true,"valueName":"search_term_string"}}],"inLanguage":"pl-PL"},{"@type":"Organization","@id":"https:\/\/www.mojabochnia.pl\/#organization","name":"mojabochnia.pl - portal informacyjny","url":"https:\/\/www.mojabochnia.pl\/","logo":{"@type":"ImageObject","inLanguage":"pl-PL","@id":"https:\/\/www.mojabochnia.pl\/#\/schema\/logo\/image\/","url":"https:\/\/www.mojabochnia.pl\/wp-content\/uploads\/2017\/08\/logo-mb-opt.png","contentUrl":"https:\/\/www.mojabochnia.pl\/wp-content\/uploads\/2017\/08\/logo-mb-opt.png","width":250,"height":48,"caption":"mojabochnia.pl - portal informacyjny"},"image":{"@id":"https:\/\/www.mojabochnia.pl\/#\/schema\/logo\/image\/"},"sameAs":["https:\/\/www.facebook.com\/mojabochnia"]},{"@type":"Person","@id":"https:\/\/www.mojabochnia.pl\/#\/schema\/person\/ea042e4724a77627963f02166828ead4","name":"Pawe\u0142 Michalczyk","url":"https:\/\/www.mojabochnia.pl\/?author=4"}]}},"_links":{"self":[{"href":"https:\/\/www.mojabochnia.pl\/index.php?rest_route=\/wp\/v2\/posts\/7918","targetHints":{"allow":["GET"]}}],"collection":[{"href":"https:\/\/www.mojabochnia.pl\/index.php?rest_route=\/wp\/v2\/posts"}],"about":[{"href":"https:\/\/www.mojabochnia.pl\/index.php?rest_route=\/wp\/v2\/types\/post"}],"author":[{"embeddable":true,"href":"https:\/\/www.mojabochnia.pl\/index.php?rest_route=\/wp\/v2\/users\/4"}],"replies":[{"embeddable":true,"href":"https:\/\/www.mojabochnia.pl\/index.php?rest_route=%2Fwp%2Fv2%2Fcomments&post=7918"}],"version-history":[{"count":0,"href":"https:\/\/www.mojabochnia.pl\/index.php?rest_route=\/wp\/v2\/posts\/7918\/revisions"}],"wp:attachment":[{"href":"https:\/\/www.mojabochnia.pl\/index.php?rest_route=%2Fwp%2Fv2%2Fmedia&parent=7918"}],"wp:term":[{"taxonomy":"category","embeddable":true,"href":"https:\/\/www.mojabochnia.pl\/index.php?rest_route=%2Fwp%2Fv2%2Fcategories&post=7918"},{"taxonomy":"post_tag","embeddable":true,"href":"https:\/\/www.mojabochnia.pl\/index.php?rest_route=%2Fwp%2Fv2%2Ftags&post=7918"}],"curies":[{"name":"wp","href":"https:\/\/api.w.org\/{rel}","templated":true}]}}