{"id":7850,"date":"2009-04-16T14:05:04","date_gmt":"2009-04-16T12:05:04","guid":{"rendered":"http:\/\/www.mojabochnia.pl\/?p=7850"},"modified":"2009-04-16T13:40:17","modified_gmt":"2009-04-16T11:40:17","slug":"bochnianka-moze-zagrac-jedna-z-rol-w-filmie-feliksa-falka","status":"publish","type":"post","link":"https:\/\/www.mojabochnia.pl\/?p=7850","title":{"rendered":"Bochnianka mo\u017ce zagra\u0107 jedn\u0105 z r\u00f3l w filmie Feliksa Falka"},"content":{"rendered":"<p>Jesieni\u0105 rozpoczn\u0105 si\u0119 prace nad nowym filmem Feliksa Falka. Akcja \u201eJoanny\u201d, bo taki tytu\u0142 b\u0119dzie nosi\u0142 film, rozegra si\u0119 w czasach II wojny \u015bwiatowej. &#8211; <em>B\u0119dzie to historia m\u0142odej kobiety. W zawierusze wojennej zagin\u0105\u0142 m\u0105\u017c bohaterki. Kobieta zostaje sama. Przypadkiem znajduje ma\u0142\u0105 \u017cydowsk\u0105 dziewczynk\u0119. Okoliczno\u015bci sprawiaj\u0105, \u017ce zmuszona jest j\u0105 ukrywa\u0107<\/em> \u2013 powiedzia\u0142 Pa\u0144stwowej Agencji Prasowej re\u017cyser tego filmu. Warto doda\u0107, \u017ce film powstanie na podstawie scenariusza, kt\u00f3rego Falk jest autorem.<\/p>\n<p>Znana jest aktorka, kt\u00f3ra wcieli si\u0119 w rol\u0119 g\u0142\u00f3wnej bohaterki, b\u0119dzie to Urszula Grabowska. Poszukiwana jest natomiast dziewczynka, kt\u00f3ra zagra\u0142aby w roli R\u00f3\u017cy, czyli dziewczynki, kt\u00f3r\u0105 tytu\u0142owa Joanna b\u0119dzie chcia\u0142a uratowa\u0107. R\u00f3\u017ca to 7-letnia, ciemnow\u0142osa dziewczynka o du\u017cych i ciemnych oczach.<\/p>\n<p>Zdj\u0119cia do &#8222;Joanny&#8221; b\u0119d\u0105 kr\u0119cone w Warszawie, Krakowie i Zakopanem. Film wyprodukuje Akson Studio Micha\u0142a Kwieci\u0144skiego.<\/p>\n<p>Zg\u0142oszenia b\u0119d\u0105 przyjmowane od poniedzia\u0142ku do pi\u0105tku w godzinach 13 &#8211; 17 w Krakowie, ul. Zamojskiego 31 (wej\u015bcie od ul. Stromej). Bli\u017csze informacje pod nr: 503<br \/>\n871 169<\/p>\n","protected":false},"excerpt":{"rendered":"<p>Ruszy\u0142y przygotowania do nowego filmu Feliksa Falka. Poszukiwana jest dziewczynka, kt\u00f3ra wcieli si\u0119 w rol\u0119 jednej z bohaterek.<\/p>\n","protected":false},"author":1,"featured_media":0,"comment_status":"open","ping_status":"closed","sticky":false,"template":"","format":"standard","meta":{"_acf_changed":false,"footnotes":""},"categories":[92],"tags":[17142,528,3508],"class_list":["post-7850","post","type-post","status-publish","format-standard","hentry","category-kultura","tag-film","tag-ii-wojna-swiatowa","tag-rezyser"],"acf":[],"yoast_head":"<!-- This site is optimized with the Yoast SEO plugin v26.9 - https:\/\/yoast.com\/product\/yoast-seo-wordpress\/ -->\n<title>Bochnianka mo\u017ce zagra\u0107 jedn\u0105 z r\u00f3l w filmie Feliksa Falka - mojabochnia.pl - portal informacyjny<\/title>\n<meta name=\"robots\" content=\"index, follow, max-snippet:-1, max-image-preview:large, max-video-preview:-1\" \/>\n<link rel=\"canonical\" href=\"https:\/\/www.mojabochnia.pl\/?p=7850\" \/>\n<meta property=\"og:locale\" content=\"pl_PL\" \/>\n<meta property=\"og:type\" content=\"article\" \/>\n<meta property=\"og:title\" content=\"Bochnianka mo\u017ce zagra\u0107 jedn\u0105 z r\u00f3l w filmie Feliksa Falka - mojabochnia.pl - portal informacyjny\" \/>\n<meta property=\"og:description\" content=\"Ruszy\u0142y przygotowania do nowego filmu Feliksa Falka. Poszukiwana jest dziewczynka, kt\u00f3ra wcieli si\u0119 w rol\u0119 jednej z bohaterek.\" \/>\n<meta property=\"og:url\" content=\"https:\/\/www.mojabochnia.pl\/?p=7850\" \/>\n<meta property=\"og:site_name\" content=\"mojabochnia.pl - portal informacyjny\" \/>\n<meta property=\"article:publisher\" content=\"https:\/\/www.facebook.com\/mojabochnia\" \/>\n<meta property=\"article:published_time\" content=\"2009-04-16T12:05:04+00:00\" \/>\n<meta name=\"author\" content=\"administrator\" \/>\n<meta name=\"twitter:card\" content=\"summary_large_image\" \/>\n<meta name=\"twitter:label1\" content=\"Written by\" \/>\n\t<meta name=\"twitter:data1\" content=\"administrator\" \/>\n\t<meta name=\"twitter:label2\" content=\"Est. reading time\" \/>\n\t<meta name=\"twitter:data2\" content=\"1 minuta\" \/>\n<script type=\"application\/ld+json\" class=\"yoast-schema-graph\">{\"@context\":\"https:\/\/schema.org\",\"@graph\":[{\"@type\":\"Article\",\"@id\":\"https:\/\/www.mojabochnia.pl\/?p=7850#article\",\"isPartOf\":{\"@id\":\"https:\/\/www.mojabochnia.pl\/?p=7850\"},\"author\":{\"name\":\"administrator\",\"@id\":\"https:\/\/www.mojabochnia.pl\/#\/schema\/person\/c00e1f64e6fa0e6de6d410f2c340017f\"},\"headline\":\"Bochnianka mo\u017ce zagra\u0107 jedn\u0105 z r\u00f3l w filmie Feliksa Falka\",\"datePublished\":\"2009-04-16T12:05:04+00:00\",\"mainEntityOfPage\":{\"@id\":\"https:\/\/www.mojabochnia.pl\/?p=7850\"},\"wordCount\":192,\"commentCount\":0,\"publisher\":{\"@id\":\"https:\/\/www.mojabochnia.pl\/#organization\"},\"keywords\":[\"film\",\"II wojna \u015bwiatowa\",\"re\u017cyser\"],\"articleSection\":[\"kultura\"],\"inLanguage\":\"pl-PL\",\"potentialAction\":[{\"@type\":\"CommentAction\",\"name\":\"Comment\",\"target\":[\"https:\/\/www.mojabochnia.pl\/?p=7850#respond\"]}]},{\"@type\":\"WebPage\",\"@id\":\"https:\/\/www.mojabochnia.pl\/?p=7850\",\"url\":\"https:\/\/www.mojabochnia.pl\/?p=7850\",\"name\":\"Bochnianka mo\u017ce zagra\u0107 jedn\u0105 z r\u00f3l w filmie Feliksa Falka - mojabochnia.pl - portal informacyjny\",\"isPartOf\":{\"@id\":\"https:\/\/www.mojabochnia.pl\/#website\"},\"datePublished\":\"2009-04-16T12:05:04+00:00\",\"breadcrumb\":{\"@id\":\"https:\/\/www.mojabochnia.pl\/?p=7850#breadcrumb\"},\"inLanguage\":\"pl-PL\",\"potentialAction\":[{\"@type\":\"ReadAction\",\"target\":[\"https:\/\/www.mojabochnia.pl\/?p=7850\"]}]},{\"@type\":\"BreadcrumbList\",\"@id\":\"https:\/\/www.mojabochnia.pl\/?p=7850#breadcrumb\",\"itemListElement\":[{\"@type\":\"ListItem\",\"position\":1,\"name\":\"Home\",\"item\":\"https:\/\/www.mojabochnia.pl\/\"},{\"@type\":\"ListItem\",\"position\":2,\"name\":\"Bochnianka mo\u017ce zagra\u0107 jedn\u0105 z r\u00f3l w filmie Feliksa Falka\"}]},{\"@type\":\"WebSite\",\"@id\":\"https:\/\/www.mojabochnia.pl\/#website\",\"url\":\"https:\/\/www.mojabochnia.pl\/\",\"name\":\"mojabochnia.pl - portal informacyjny\",\"description\":\"mojaBochnia to portal informacyjny o Bochni. Codziennie o Bochni piszemy i pokazujemy najwa\u017cniejsze wydarzenia\",\"publisher\":{\"@id\":\"https:\/\/www.mojabochnia.pl\/#organization\"},\"potentialAction\":[{\"@type\":\"SearchAction\",\"target\":{\"@type\":\"EntryPoint\",\"urlTemplate\":\"https:\/\/www.mojabochnia.pl\/?s={search_term_string}\"},\"query-input\":{\"@type\":\"PropertyValueSpecification\",\"valueRequired\":true,\"valueName\":\"search_term_string\"}}],\"inLanguage\":\"pl-PL\"},{\"@type\":\"Organization\",\"@id\":\"https:\/\/www.mojabochnia.pl\/#organization\",\"name\":\"mojabochnia.pl - portal informacyjny\",\"url\":\"https:\/\/www.mojabochnia.pl\/\",\"logo\":{\"@type\":\"ImageObject\",\"inLanguage\":\"pl-PL\",\"@id\":\"https:\/\/www.mojabochnia.pl\/#\/schema\/logo\/image\/\",\"url\":\"https:\/\/www.mojabochnia.pl\/wp-content\/uploads\/2017\/08\/logo-mb-opt.png\",\"contentUrl\":\"https:\/\/www.mojabochnia.pl\/wp-content\/uploads\/2017\/08\/logo-mb-opt.png\",\"width\":250,\"height\":48,\"caption\":\"mojabochnia.pl - portal informacyjny\"},\"image\":{\"@id\":\"https:\/\/www.mojabochnia.pl\/#\/schema\/logo\/image\/\"},\"sameAs\":[\"https:\/\/www.facebook.com\/mojabochnia\"]},{\"@type\":\"Person\",\"@id\":\"https:\/\/www.mojabochnia.pl\/#\/schema\/person\/c00e1f64e6fa0e6de6d410f2c340017f\",\"name\":\"administrator\",\"url\":\"https:\/\/www.mojabochnia.pl\/?author=1\"}]}<\/script>\n<!-- \/ Yoast SEO plugin. -->","yoast_head_json":{"title":"Bochnianka mo\u017ce zagra\u0107 jedn\u0105 z r\u00f3l w filmie Feliksa Falka - mojabochnia.pl - portal informacyjny","robots":{"index":"index","follow":"follow","max-snippet":"max-snippet:-1","max-image-preview":"max-image-preview:large","max-video-preview":"max-video-preview:-1"},"canonical":"https:\/\/www.mojabochnia.pl\/?p=7850","og_locale":"pl_PL","og_type":"article","og_title":"Bochnianka mo\u017ce zagra\u0107 jedn\u0105 z r\u00f3l w filmie Feliksa Falka - mojabochnia.pl - portal informacyjny","og_description":"Ruszy\u0142y przygotowania do nowego filmu Feliksa Falka. Poszukiwana jest dziewczynka, kt\u00f3ra wcieli si\u0119 w rol\u0119 jednej z bohaterek.","og_url":"https:\/\/www.mojabochnia.pl\/?p=7850","og_site_name":"mojabochnia.pl - portal informacyjny","article_publisher":"https:\/\/www.facebook.com\/mojabochnia","article_published_time":"2009-04-16T12:05:04+00:00","author":"administrator","twitter_card":"summary_large_image","twitter_misc":{"Written by":"administrator","Est. reading time":"1 minuta"},"schema":{"@context":"https:\/\/schema.org","@graph":[{"@type":"Article","@id":"https:\/\/www.mojabochnia.pl\/?p=7850#article","isPartOf":{"@id":"https:\/\/www.mojabochnia.pl\/?p=7850"},"author":{"name":"administrator","@id":"https:\/\/www.mojabochnia.pl\/#\/schema\/person\/c00e1f64e6fa0e6de6d410f2c340017f"},"headline":"Bochnianka mo\u017ce zagra\u0107 jedn\u0105 z r\u00f3l w filmie Feliksa Falka","datePublished":"2009-04-16T12:05:04+00:00","mainEntityOfPage":{"@id":"https:\/\/www.mojabochnia.pl\/?p=7850"},"wordCount":192,"commentCount":0,"publisher":{"@id":"https:\/\/www.mojabochnia.pl\/#organization"},"keywords":["film","II wojna \u015bwiatowa","re\u017cyser"],"articleSection":["kultura"],"inLanguage":"pl-PL","potentialAction":[{"@type":"CommentAction","name":"Comment","target":["https:\/\/www.mojabochnia.pl\/?p=7850#respond"]}]},{"@type":"WebPage","@id":"https:\/\/www.mojabochnia.pl\/?p=7850","url":"https:\/\/www.mojabochnia.pl\/?p=7850","name":"Bochnianka mo\u017ce zagra\u0107 jedn\u0105 z r\u00f3l w filmie Feliksa Falka - mojabochnia.pl - portal informacyjny","isPartOf":{"@id":"https:\/\/www.mojabochnia.pl\/#website"},"datePublished":"2009-04-16T12:05:04+00:00","breadcrumb":{"@id":"https:\/\/www.mojabochnia.pl\/?p=7850#breadcrumb"},"inLanguage":"pl-PL","potentialAction":[{"@type":"ReadAction","target":["https:\/\/www.mojabochnia.pl\/?p=7850"]}]},{"@type":"BreadcrumbList","@id":"https:\/\/www.mojabochnia.pl\/?p=7850#breadcrumb","itemListElement":[{"@type":"ListItem","position":1,"name":"Home","item":"https:\/\/www.mojabochnia.pl\/"},{"@type":"ListItem","position":2,"name":"Bochnianka mo\u017ce zagra\u0107 jedn\u0105 z r\u00f3l w filmie Feliksa Falka"}]},{"@type":"WebSite","@id":"https:\/\/www.mojabochnia.pl\/#website","url":"https:\/\/www.mojabochnia.pl\/","name":"mojabochnia.pl - portal informacyjny","description":"mojaBochnia to portal informacyjny o Bochni. Codziennie o Bochni piszemy i pokazujemy najwa\u017cniejsze wydarzenia","publisher":{"@id":"https:\/\/www.mojabochnia.pl\/#organization"},"potentialAction":[{"@type":"SearchAction","target":{"@type":"EntryPoint","urlTemplate":"https:\/\/www.mojabochnia.pl\/?s={search_term_string}"},"query-input":{"@type":"PropertyValueSpecification","valueRequired":true,"valueName":"search_term_string"}}],"inLanguage":"pl-PL"},{"@type":"Organization","@id":"https:\/\/www.mojabochnia.pl\/#organization","name":"mojabochnia.pl - portal informacyjny","url":"https:\/\/www.mojabochnia.pl\/","logo":{"@type":"ImageObject","inLanguage":"pl-PL","@id":"https:\/\/www.mojabochnia.pl\/#\/schema\/logo\/image\/","url":"https:\/\/www.mojabochnia.pl\/wp-content\/uploads\/2017\/08\/logo-mb-opt.png","contentUrl":"https:\/\/www.mojabochnia.pl\/wp-content\/uploads\/2017\/08\/logo-mb-opt.png","width":250,"height":48,"caption":"mojabochnia.pl - portal informacyjny"},"image":{"@id":"https:\/\/www.mojabochnia.pl\/#\/schema\/logo\/image\/"},"sameAs":["https:\/\/www.facebook.com\/mojabochnia"]},{"@type":"Person","@id":"https:\/\/www.mojabochnia.pl\/#\/schema\/person\/c00e1f64e6fa0e6de6d410f2c340017f","name":"administrator","url":"https:\/\/www.mojabochnia.pl\/?author=1"}]}},"_links":{"self":[{"href":"https:\/\/www.mojabochnia.pl\/index.php?rest_route=\/wp\/v2\/posts\/7850","targetHints":{"allow":["GET"]}}],"collection":[{"href":"https:\/\/www.mojabochnia.pl\/index.php?rest_route=\/wp\/v2\/posts"}],"about":[{"href":"https:\/\/www.mojabochnia.pl\/index.php?rest_route=\/wp\/v2\/types\/post"}],"author":[{"embeddable":true,"href":"https:\/\/www.mojabochnia.pl\/index.php?rest_route=\/wp\/v2\/users\/1"}],"replies":[{"embeddable":true,"href":"https:\/\/www.mojabochnia.pl\/index.php?rest_route=%2Fwp%2Fv2%2Fcomments&post=7850"}],"version-history":[{"count":0,"href":"https:\/\/www.mojabochnia.pl\/index.php?rest_route=\/wp\/v2\/posts\/7850\/revisions"}],"wp:attachment":[{"href":"https:\/\/www.mojabochnia.pl\/index.php?rest_route=%2Fwp%2Fv2%2Fmedia&parent=7850"}],"wp:term":[{"taxonomy":"category","embeddable":true,"href":"https:\/\/www.mojabochnia.pl\/index.php?rest_route=%2Fwp%2Fv2%2Fcategories&post=7850"},{"taxonomy":"post_tag","embeddable":true,"href":"https:\/\/www.mojabochnia.pl\/index.php?rest_route=%2Fwp%2Fv2%2Ftags&post=7850"}],"curies":[{"name":"wp","href":"https:\/\/api.w.org\/{rel}","templated":true}]}}