{"id":77902,"date":"2012-09-10T08:51:21","date_gmt":"2012-09-10T06:51:21","guid":{"rendered":"http:\/\/www.mojabochnia.pl\/?p=77902"},"modified":"2012-09-10T08:54:23","modified_gmt":"2012-09-10T06:54:23","slug":"szpital-w-finale-konkursu-samorzadowy-lider-zarzadzania","status":"publish","type":"post","link":"https:\/\/www.mojabochnia.pl\/?p=77902","title":{"rendered":"Szpital w finale og\u00f3lnopolskiego konkursu"},"content":{"rendered":"<p>Wybrano 25 finalist\u00f3w tegorocznej, ju\u017c sz\u00f3stej edycji konkursu z 49 nades\u0142anych wniosk\u00f3w dotycz\u0105cych innowacji w us\u0142ugach technicznych: 39 z miast (w tym z du\u017cych miast 25, a z ma\u0142ych i \u015brednich &#8211; 14 ), 5 z powiat\u00f3w i 5 z gmin wiejskich.<\/p>\n<p>Do fina\u0142u zakwalifikowano rozwi\u0105zania zarz\u0105dcze dotycz\u0105ce czterech obszar\u00f3w: gospodarki komunalnej (8 wniosk\u00f3w), komunalnej gospodarki mieszkaniowej (7 wniosk\u00f3w), lokalnej gospodarki energetycznej (7 wniosk\u00f3w) oraz transportu (3 wniosk\u00f3w).  Ocen dokonano w 4 grupach jednostek o zbli\u017conej wielko\u015bci i charakterze: powiatach, miastach na prawach powiatu i miastach powy\u017cej 50 000 mieszka\u0144c\u00f3w, miastach ma\u0142ych i \u015brednich (do 50 000 mieszka\u0144c\u00f3w) oraz gminach wiejskich. <\/p>\n<p>Celem konkursu jest poprawa jako\u015bci us\u0142ug technicznych, \u015bwiadczonych przez administracj\u0119 samorz\u0105dow\u0105. Organizatorzy chc\u0105 go osi\u0105gn\u0105\u0107 poprzez wy\u0142onienie JST, kt\u00f3re samodzielnie, albo we wsp\u00f3\u0142pracy z innymi, wdro\u017cy\u0142y w ostatnich latach, we wskazanych dziedzinach, innowacyjne rozwi\u0105zania zarz\u0105dcze, a tak\u017ce poprzez  upowszechnienie nagrodzonych i wyr\u00f3\u017cnionych rozwi\u0105za\u0144 w\u015br\u00f3d innych jednostek samorz\u0105du terytorialnego w Polsce.<\/p>\n<p>Sz\u00f3sta edycja konkursu jest realizowana przez Zwi\u0105zek Miast Polskich w partnerstwie ze Zwi\u0105zkiem Powiat\u00f3w Polskich i Zwi\u0105zkiem Gmin Wiejskich RP oraz Ministerstwem Administracji i Cyfryzacji w ramach projektu \u201eDoskonalenie zarz\u0105dzania us\u0142ugami publicznymi i rozwojem w jednostkach samorz\u0105du lokalnego (gminach i powiatach)\u201d dofinansowanego z programu 2\/POKL\/5.2.1\/2009 Wzmocnienie zarz\u0105dzania w administracji samorz\u0105dowej.<\/p>\n","protected":false},"excerpt":{"rendered":"<p>Szpital Powiatowy w Bochni znalaz\u0142 si\u0119 w finale konkursu Samorz\u0105dowy Lider Zarz\u0105dzania. Sta\u0142o si\u0119 tak dzi\u0119ki przebudowie i modernizacji \u017ar\u00f3d\u0142a ciep\u0142a, w tym m.in. monta\u017cu kolektor\u00f3w s\u0142onecznych.<\/p>\n","protected":false},"author":8,"featured_media":0,"comment_status":"open","ping_status":"closed","sticky":true,"template":"","format":"standard","meta":{"_acf_changed":false,"footnotes":""},"categories":[5,6251,6250],"tags":[17122,17417,17398,17324],"class_list":["post-77902","post","type-post","status-publish","format-standard","hentry","category-biezace-wydarzenia","category-polityka-i-wydarzenia","category-tematyka","tag-konkurs","tag-mlodziezowa-rada-powiatu","tag-powiat","tag-szpital","main_tag-szpital"],"acf":[],"yoast_head":"<!-- This site is optimized with the Yoast SEO plugin v26.9 - https:\/\/yoast.com\/product\/yoast-seo-wordpress\/ -->\n<title>Szpital w finale og\u00f3lnopolskiego konkursu - mojabochnia.pl - portal informacyjny<\/title>\n<meta name=\"robots\" content=\"index, follow, max-snippet:-1, max-image-preview:large, max-video-preview:-1\" \/>\n<link rel=\"canonical\" href=\"https:\/\/www.mojabochnia.pl\/?p=77902\" \/>\n<meta property=\"og:locale\" content=\"pl_PL\" \/>\n<meta property=\"og:type\" content=\"article\" \/>\n<meta property=\"og:title\" content=\"Szpital w finale og\u00f3lnopolskiego konkursu - mojabochnia.pl - portal informacyjny\" \/>\n<meta property=\"og:description\" content=\"Szpital Powiatowy w Bochni znalaz\u0142 si\u0119 w finale konkursu Samorz\u0105dowy Lider Zarz\u0105dzania. Sta\u0142o si\u0119 tak dzi\u0119ki przebudowie i modernizacji \u017ar\u00f3d\u0142a ciep\u0142a, w tym m.in. monta\u017cu kolektor\u00f3w s\u0142onecznych.\" \/>\n<meta property=\"og:url\" content=\"https:\/\/www.mojabochnia.pl\/?p=77902\" \/>\n<meta property=\"og:site_name\" content=\"mojabochnia.pl - portal informacyjny\" \/>\n<meta property=\"article:publisher\" content=\"https:\/\/www.facebook.com\/mojabochnia\" \/>\n<meta property=\"article:published_time\" content=\"2012-09-10T06:51:21+00:00\" \/>\n<meta property=\"article:modified_time\" content=\"2012-09-10T06:54:23+00:00\" \/>\n<meta name=\"author\" content=\"informacja prasowa\" \/>\n<meta name=\"twitter:card\" content=\"summary_large_image\" \/>\n<meta name=\"twitter:label1\" content=\"Written by\" \/>\n\t<meta name=\"twitter:data1\" content=\"informacja prasowa\" \/>\n\t<meta name=\"twitter:label2\" content=\"Est. reading time\" \/>\n\t<meta name=\"twitter:data2\" content=\"1 minuta\" \/>\n<script type=\"application\/ld+json\" class=\"yoast-schema-graph\">{\"@context\":\"https:\/\/schema.org\",\"@graph\":[{\"@type\":\"Article\",\"@id\":\"https:\/\/www.mojabochnia.pl\/?p=77902#article\",\"isPartOf\":{\"@id\":\"https:\/\/www.mojabochnia.pl\/?p=77902\"},\"author\":{\"name\":\"informacja prasowa\",\"@id\":\"https:\/\/www.mojabochnia.pl\/#\/schema\/person\/9e15cf1bcb74043790f124a3130fe41e\"},\"headline\":\"Szpital w finale og\u00f3lnopolskiego konkursu\",\"datePublished\":\"2012-09-10T06:51:21+00:00\",\"dateModified\":\"2012-09-10T06:54:23+00:00\",\"mainEntityOfPage\":{\"@id\":\"https:\/\/www.mojabochnia.pl\/?p=77902\"},\"wordCount\":243,\"commentCount\":0,\"publisher\":{\"@id\":\"https:\/\/www.mojabochnia.pl\/#organization\"},\"keywords\":[\"konkurs\",\"m\u0142odzie\u017cowa rada powiatu\",\"powiat\",\"szpital\"],\"articleSection\":[\"2_ostatnie\",\"polityka i wydarzenia\",\"tematyka\"],\"inLanguage\":\"pl-PL\",\"potentialAction\":[{\"@type\":\"CommentAction\",\"name\":\"Comment\",\"target\":[\"https:\/\/www.mojabochnia.pl\/?p=77902#respond\"]}]},{\"@type\":\"WebPage\",\"@id\":\"https:\/\/www.mojabochnia.pl\/?p=77902\",\"url\":\"https:\/\/www.mojabochnia.pl\/?p=77902\",\"name\":\"Szpital w finale og\u00f3lnopolskiego konkursu - mojabochnia.pl - portal informacyjny\",\"isPartOf\":{\"@id\":\"https:\/\/www.mojabochnia.pl\/#website\"},\"datePublished\":\"2012-09-10T06:51:21+00:00\",\"dateModified\":\"2012-09-10T06:54:23+00:00\",\"breadcrumb\":{\"@id\":\"https:\/\/www.mojabochnia.pl\/?p=77902#breadcrumb\"},\"inLanguage\":\"pl-PL\",\"potentialAction\":[{\"@type\":\"ReadAction\",\"target\":[\"https:\/\/www.mojabochnia.pl\/?p=77902\"]}]},{\"@type\":\"BreadcrumbList\",\"@id\":\"https:\/\/www.mojabochnia.pl\/?p=77902#breadcrumb\",\"itemListElement\":[{\"@type\":\"ListItem\",\"position\":1,\"name\":\"Home\",\"item\":\"https:\/\/www.mojabochnia.pl\/\"},{\"@type\":\"ListItem\",\"position\":2,\"name\":\"Szpital w finale og\u00f3lnopolskiego konkursu\"}]},{\"@type\":\"WebSite\",\"@id\":\"https:\/\/www.mojabochnia.pl\/#website\",\"url\":\"https:\/\/www.mojabochnia.pl\/\",\"name\":\"mojabochnia.pl - portal informacyjny\",\"description\":\"mojaBochnia to portal informacyjny o Bochni. Codziennie o Bochni piszemy i pokazujemy najwa\u017cniejsze wydarzenia\",\"publisher\":{\"@id\":\"https:\/\/www.mojabochnia.pl\/#organization\"},\"potentialAction\":[{\"@type\":\"SearchAction\",\"target\":{\"@type\":\"EntryPoint\",\"urlTemplate\":\"https:\/\/www.mojabochnia.pl\/?s={search_term_string}\"},\"query-input\":{\"@type\":\"PropertyValueSpecification\",\"valueRequired\":true,\"valueName\":\"search_term_string\"}}],\"inLanguage\":\"pl-PL\"},{\"@type\":\"Organization\",\"@id\":\"https:\/\/www.mojabochnia.pl\/#organization\",\"name\":\"mojabochnia.pl - portal informacyjny\",\"url\":\"https:\/\/www.mojabochnia.pl\/\",\"logo\":{\"@type\":\"ImageObject\",\"inLanguage\":\"pl-PL\",\"@id\":\"https:\/\/www.mojabochnia.pl\/#\/schema\/logo\/image\/\",\"url\":\"https:\/\/www.mojabochnia.pl\/wp-content\/uploads\/2017\/08\/logo-mb-opt.png\",\"contentUrl\":\"https:\/\/www.mojabochnia.pl\/wp-content\/uploads\/2017\/08\/logo-mb-opt.png\",\"width\":250,\"height\":48,\"caption\":\"mojabochnia.pl - portal informacyjny\"},\"image\":{\"@id\":\"https:\/\/www.mojabochnia.pl\/#\/schema\/logo\/image\/\"},\"sameAs\":[\"https:\/\/www.facebook.com\/mojabochnia\"]},{\"@type\":\"Person\",\"@id\":\"https:\/\/www.mojabochnia.pl\/#\/schema\/person\/9e15cf1bcb74043790f124a3130fe41e\",\"name\":\"informacja prasowa\",\"sameAs\":[\"http:\/\/\"],\"url\":\"https:\/\/www.mojabochnia.pl\/?author=8\"}]}<\/script>\n<!-- \/ Yoast SEO plugin. -->","yoast_head_json":{"title":"Szpital w finale og\u00f3lnopolskiego konkursu - mojabochnia.pl - portal informacyjny","robots":{"index":"index","follow":"follow","max-snippet":"max-snippet:-1","max-image-preview":"max-image-preview:large","max-video-preview":"max-video-preview:-1"},"canonical":"https:\/\/www.mojabochnia.pl\/?p=77902","og_locale":"pl_PL","og_type":"article","og_title":"Szpital w finale og\u00f3lnopolskiego konkursu - mojabochnia.pl - portal informacyjny","og_description":"Szpital Powiatowy w Bochni znalaz\u0142 si\u0119 w finale konkursu Samorz\u0105dowy Lider Zarz\u0105dzania. Sta\u0142o si\u0119 tak dzi\u0119ki przebudowie i modernizacji \u017ar\u00f3d\u0142a ciep\u0142a, w tym m.in. monta\u017cu kolektor\u00f3w s\u0142onecznych.","og_url":"https:\/\/www.mojabochnia.pl\/?p=77902","og_site_name":"mojabochnia.pl - portal informacyjny","article_publisher":"https:\/\/www.facebook.com\/mojabochnia","article_published_time":"2012-09-10T06:51:21+00:00","article_modified_time":"2012-09-10T06:54:23+00:00","author":"informacja prasowa","twitter_card":"summary_large_image","twitter_misc":{"Written by":"informacja prasowa","Est. reading time":"1 minuta"},"schema":{"@context":"https:\/\/schema.org","@graph":[{"@type":"Article","@id":"https:\/\/www.mojabochnia.pl\/?p=77902#article","isPartOf":{"@id":"https:\/\/www.mojabochnia.pl\/?p=77902"},"author":{"name":"informacja prasowa","@id":"https:\/\/www.mojabochnia.pl\/#\/schema\/person\/9e15cf1bcb74043790f124a3130fe41e"},"headline":"Szpital w finale og\u00f3lnopolskiego konkursu","datePublished":"2012-09-10T06:51:21+00:00","dateModified":"2012-09-10T06:54:23+00:00","mainEntityOfPage":{"@id":"https:\/\/www.mojabochnia.pl\/?p=77902"},"wordCount":243,"commentCount":0,"publisher":{"@id":"https:\/\/www.mojabochnia.pl\/#organization"},"keywords":["konkurs","m\u0142odzie\u017cowa rada powiatu","powiat","szpital"],"articleSection":["2_ostatnie","polityka i wydarzenia","tematyka"],"inLanguage":"pl-PL","potentialAction":[{"@type":"CommentAction","name":"Comment","target":["https:\/\/www.mojabochnia.pl\/?p=77902#respond"]}]},{"@type":"WebPage","@id":"https:\/\/www.mojabochnia.pl\/?p=77902","url":"https:\/\/www.mojabochnia.pl\/?p=77902","name":"Szpital w finale og\u00f3lnopolskiego konkursu - mojabochnia.pl - portal informacyjny","isPartOf":{"@id":"https:\/\/www.mojabochnia.pl\/#website"},"datePublished":"2012-09-10T06:51:21+00:00","dateModified":"2012-09-10T06:54:23+00:00","breadcrumb":{"@id":"https:\/\/www.mojabochnia.pl\/?p=77902#breadcrumb"},"inLanguage":"pl-PL","potentialAction":[{"@type":"ReadAction","target":["https:\/\/www.mojabochnia.pl\/?p=77902"]}]},{"@type":"BreadcrumbList","@id":"https:\/\/www.mojabochnia.pl\/?p=77902#breadcrumb","itemListElement":[{"@type":"ListItem","position":1,"name":"Home","item":"https:\/\/www.mojabochnia.pl\/"},{"@type":"ListItem","position":2,"name":"Szpital w finale og\u00f3lnopolskiego konkursu"}]},{"@type":"WebSite","@id":"https:\/\/www.mojabochnia.pl\/#website","url":"https:\/\/www.mojabochnia.pl\/","name":"mojabochnia.pl - portal informacyjny","description":"mojaBochnia to portal informacyjny o Bochni. Codziennie o Bochni piszemy i pokazujemy najwa\u017cniejsze wydarzenia","publisher":{"@id":"https:\/\/www.mojabochnia.pl\/#organization"},"potentialAction":[{"@type":"SearchAction","target":{"@type":"EntryPoint","urlTemplate":"https:\/\/www.mojabochnia.pl\/?s={search_term_string}"},"query-input":{"@type":"PropertyValueSpecification","valueRequired":true,"valueName":"search_term_string"}}],"inLanguage":"pl-PL"},{"@type":"Organization","@id":"https:\/\/www.mojabochnia.pl\/#organization","name":"mojabochnia.pl - portal informacyjny","url":"https:\/\/www.mojabochnia.pl\/","logo":{"@type":"ImageObject","inLanguage":"pl-PL","@id":"https:\/\/www.mojabochnia.pl\/#\/schema\/logo\/image\/","url":"https:\/\/www.mojabochnia.pl\/wp-content\/uploads\/2017\/08\/logo-mb-opt.png","contentUrl":"https:\/\/www.mojabochnia.pl\/wp-content\/uploads\/2017\/08\/logo-mb-opt.png","width":250,"height":48,"caption":"mojabochnia.pl - portal informacyjny"},"image":{"@id":"https:\/\/www.mojabochnia.pl\/#\/schema\/logo\/image\/"},"sameAs":["https:\/\/www.facebook.com\/mojabochnia"]},{"@type":"Person","@id":"https:\/\/www.mojabochnia.pl\/#\/schema\/person\/9e15cf1bcb74043790f124a3130fe41e","name":"informacja prasowa","sameAs":["http:\/\/"],"url":"https:\/\/www.mojabochnia.pl\/?author=8"}]}},"_links":{"self":[{"href":"https:\/\/www.mojabochnia.pl\/index.php?rest_route=\/wp\/v2\/posts\/77902","targetHints":{"allow":["GET"]}}],"collection":[{"href":"https:\/\/www.mojabochnia.pl\/index.php?rest_route=\/wp\/v2\/posts"}],"about":[{"href":"https:\/\/www.mojabochnia.pl\/index.php?rest_route=\/wp\/v2\/types\/post"}],"author":[{"embeddable":true,"href":"https:\/\/www.mojabochnia.pl\/index.php?rest_route=\/wp\/v2\/users\/8"}],"replies":[{"embeddable":true,"href":"https:\/\/www.mojabochnia.pl\/index.php?rest_route=%2Fwp%2Fv2%2Fcomments&post=77902"}],"version-history":[{"count":4,"href":"https:\/\/www.mojabochnia.pl\/index.php?rest_route=\/wp\/v2\/posts\/77902\/revisions"}],"predecessor-version":[{"id":77906,"href":"https:\/\/www.mojabochnia.pl\/index.php?rest_route=\/wp\/v2\/posts\/77902\/revisions\/77906"}],"wp:attachment":[{"href":"https:\/\/www.mojabochnia.pl\/index.php?rest_route=%2Fwp%2Fv2%2Fmedia&parent=77902"}],"wp:term":[{"taxonomy":"category","embeddable":true,"href":"https:\/\/www.mojabochnia.pl\/index.php?rest_route=%2Fwp%2Fv2%2Fcategories&post=77902"},{"taxonomy":"post_tag","embeddable":true,"href":"https:\/\/www.mojabochnia.pl\/index.php?rest_route=%2Fwp%2Fv2%2Ftags&post=77902"}],"curies":[{"name":"wp","href":"https:\/\/api.w.org\/{rel}","templated":true}]}}