{"id":77804,"date":"2012-09-06T14:24:33","date_gmt":"2012-09-06T12:24:33","guid":{"rendered":"http:\/\/www.mojabochnia.pl\/?p=77804"},"modified":"2012-09-06T21:40:11","modified_gmt":"2012-09-06T19:40:11","slug":"750-lecie-klaja-wystapi-z-wodecki-program","status":"publish","type":"post","link":"https:\/\/www.mojabochnia.pl\/?p=77804","title":{"rendered":"750-lecie K\u0142aja. Wyst\u0105pi Z. Wodecki &#8211; program"},"content":{"rendered":"<p><strong>Sobota, 8 wrze\u015bnia 2012<\/strong><\/p>\n<p>Scena przy centrum K\u0142aja<\/p>\n<p>12.00 Uroczyste otwarcie \u2013 \u201eCeremonia \u015bci\u0119cia W\u00f3jta\u201d<br \/>\n12.20 Zabawy mojej mamy i babci<br \/>\n12.45 Wyst\u0119p Ch\u00f3ru \u201eGaudium\u201d z K\u0142aja &#8211; Sala Widowiskowa w Urz\u0119dzie Gminy K\u0142aj<br \/>\n13.10 \u201eCzerwony Kapturek szuka ksi\u0119cia\u201d<br \/>\n13.30 Nauka Ta\u0144ca Dworskiego<br \/>\n14.00 Parada Rycerzy i Dam Dworu &#8211; przemarsz korowodu<br \/>\n14.15 \u201eZabawa w \u015api\u0105c\u0105 Kr\u00f3lewn\u0119\u201d<br \/>\n14.35 \u201eCzerwone Kapturki z r\u00f3\u017cnych stron \u015bwiata\u201d<br \/>\n14.55 \u201eNauczmy si\u0119 naszego kraju ta\u0144cem i piosenk\u0105\u201d<br \/>\n15.20 Karate po rycersku<br \/>\n16.00 Format C &#8211; koncert<br \/>\n18.00 Gwiazda wieczoru: Zbigniew Wodecki z zespo\u0142em<br \/>\n19.10 Szafa Graj\u0105ca &#8211; koncert<br \/>\n20.00 Zesp\u00f3\u0142 Ostrowski Band &#8211; Biesiada przy muzyce<\/p>\n<p>Park w centrum K\u0142aja<\/p>\n<p>15.00 \u2013 18.00 Indywidualny Turniej Strzelecki<\/p>\n<p><strong>Niedziela, 9 wrze\u015bnia 2012<\/strong><\/p>\n<p>Kompleks Sportowy przy Zespole Szk\u00f3\u0142 Og\u00f3lnokszta\u0142c\u0105cych w K\u0142aju<\/p>\n<p>10.00 &#8211; Msza \u015awi\u0119ta<br \/>\n11.00 \u2013 Uroczyste otwarcie Kompleksu Sportowego<\/p>\n<p>Scena w centrum K\u0142aja<\/p>\n<p>12.00 Wr\u0119czenie medali \u201eZas\u0142u\u017conym dla K\u0142aja\u201d<br \/>\nTort Jubileuszowy \u2013 pocz\u0119stunek<br \/>\n14.20 \u201eTo nie raj \u2013 to jest nasz cudowny K\u0142aj\u201d<br \/>\n14.45 Wiejska Biesiada &#8211; program artystyczny<br \/>\n15.15 \u201ePolowanie na \u017cubra, \u015bredniowiecze, a tera\u017aniejszo\u015b\u0107\u201d-<br \/>\n15.45 \u201ePokaz Mody Ekologicznej\u201d<br \/>\n16.00 Piosenki o K\u0142aju<br \/>\n17.00 Prezentacja Dzieci\u0119cego Zespo\u0142u Tanecznego DANCE &#038; FUN<br \/>\n17.10 \u2013 18.00 OESWU \u2013 koncert hip hopowy<\/p>\n<p>Sala Widowiskowa w Urz\u0119dzie Gminy K\u0142aj<\/p>\n<p>12.30 Ch\u00f3r Camerata z Wieliczki<br \/>\n13.15 Koncert Zespo\u0142u Muzyki Dawnej i Ta\u0144ca im. Matki Zofii Czeskiej<br \/>\n16.20 \u201ePi\u0119kna i Bestia\u201d<br \/>\n18.00 \u201eBalladyna\u201d<\/p>\n<p>Park w centrum K\u0142aja<\/p>\n<p>15.00 \u2013 18.00 Rodzinny Turniej Strzelecki.<\/p>\n","protected":false},"excerpt":{"rendered":"<p>Podboche\u0144ski K\u0142aj obchodzi w tym roku 750-lecie istnienia. W najbli\u017cszy weekend odb\u0119dzie si\u0119 wiele imprez zwi\u0105zanych z tym jubileuszem. Zobacz program.<\/p>\n","protected":false},"author":13,"featured_media":0,"comment_status":"open","ping_status":"closed","sticky":false,"template":"","format":"standard","meta":{"_acf_changed":false,"footnotes":""},"categories":[5,92,6250],"tags":[17298,17456,17108,436],"class_list":["post-77804","post","type-post","status-publish","format-standard","hentry","category-biezace-wydarzenia","category-kultura","category-tematyka","tag-jubileusz","tag-klaj","tag-koncert","tag-zbigniew-wodecki","main_tag-klaj"],"acf":[],"yoast_head":"<!-- This site is optimized with the Yoast SEO plugin v26.9 - https:\/\/yoast.com\/product\/yoast-seo-wordpress\/ -->\n<title>750-lecie K\u0142aja. Wyst\u0105pi Z. Wodecki - program - mojabochnia.pl - portal informacyjny<\/title>\n<meta name=\"robots\" content=\"index, follow, max-snippet:-1, max-image-preview:large, max-video-preview:-1\" \/>\n<link rel=\"canonical\" href=\"https:\/\/www.mojabochnia.pl\/?p=77804\" \/>\n<meta property=\"og:locale\" content=\"pl_PL\" \/>\n<meta property=\"og:type\" content=\"article\" \/>\n<meta property=\"og:title\" content=\"750-lecie K\u0142aja. Wyst\u0105pi Z. Wodecki - program - mojabochnia.pl - portal informacyjny\" \/>\n<meta property=\"og:description\" content=\"Podboche\u0144ski K\u0142aj obchodzi w tym roku 750-lecie istnienia. W najbli\u017cszy weekend odb\u0119dzie si\u0119 wiele imprez zwi\u0105zanych z tym jubileuszem. Zobacz program.\" \/>\n<meta property=\"og:url\" content=\"https:\/\/www.mojabochnia.pl\/?p=77804\" \/>\n<meta property=\"og:site_name\" content=\"mojabochnia.pl - portal informacyjny\" \/>\n<meta property=\"article:publisher\" content=\"https:\/\/www.facebook.com\/mojabochnia\" \/>\n<meta property=\"article:published_time\" content=\"2012-09-06T12:24:33+00:00\" \/>\n<meta property=\"article:modified_time\" content=\"2012-09-06T19:40:11+00:00\" \/>\n<meta name=\"author\" content=\"redakcja\" \/>\n<meta name=\"twitter:card\" content=\"summary_large_image\" \/>\n<meta name=\"twitter:label1\" content=\"Written by\" \/>\n\t<meta name=\"twitter:data1\" content=\"redakcja\" \/>\n\t<meta name=\"twitter:label2\" content=\"Est. reading time\" \/>\n\t<meta name=\"twitter:data2\" content=\"1 minuta\" \/>\n<script type=\"application\/ld+json\" class=\"yoast-schema-graph\">{\"@context\":\"https:\/\/schema.org\",\"@graph\":[{\"@type\":\"Article\",\"@id\":\"https:\/\/www.mojabochnia.pl\/?p=77804#article\",\"isPartOf\":{\"@id\":\"https:\/\/www.mojabochnia.pl\/?p=77804\"},\"author\":{\"name\":\"redakcja\",\"@id\":\"https:\/\/www.mojabochnia.pl\/#\/schema\/person\/7e2f20ead9902216a3384f13606c0ab7\"},\"headline\":\"750-lecie K\u0142aja. Wyst\u0105pi Z. Wodecki &#8211; program\",\"datePublished\":\"2012-09-06T12:24:33+00:00\",\"dateModified\":\"2012-09-06T19:40:11+00:00\",\"mainEntityOfPage\":{\"@id\":\"https:\/\/www.mojabochnia.pl\/?p=77804\"},\"wordCount\":238,\"commentCount\":0,\"publisher\":{\"@id\":\"https:\/\/www.mojabochnia.pl\/#organization\"},\"keywords\":[\"jubileusz\",\"k\u0142aj\",\"koncert\",\"zbigniew wodecki\"],\"articleSection\":[\"2_ostatnie\",\"kultura\",\"tematyka\"],\"inLanguage\":\"pl-PL\",\"potentialAction\":[{\"@type\":\"CommentAction\",\"name\":\"Comment\",\"target\":[\"https:\/\/www.mojabochnia.pl\/?p=77804#respond\"]}]},{\"@type\":\"WebPage\",\"@id\":\"https:\/\/www.mojabochnia.pl\/?p=77804\",\"url\":\"https:\/\/www.mojabochnia.pl\/?p=77804\",\"name\":\"750-lecie K\u0142aja. Wyst\u0105pi Z. Wodecki - program - mojabochnia.pl - portal informacyjny\",\"isPartOf\":{\"@id\":\"https:\/\/www.mojabochnia.pl\/#website\"},\"datePublished\":\"2012-09-06T12:24:33+00:00\",\"dateModified\":\"2012-09-06T19:40:11+00:00\",\"breadcrumb\":{\"@id\":\"https:\/\/www.mojabochnia.pl\/?p=77804#breadcrumb\"},\"inLanguage\":\"pl-PL\",\"potentialAction\":[{\"@type\":\"ReadAction\",\"target\":[\"https:\/\/www.mojabochnia.pl\/?p=77804\"]}]},{\"@type\":\"BreadcrumbList\",\"@id\":\"https:\/\/www.mojabochnia.pl\/?p=77804#breadcrumb\",\"itemListElement\":[{\"@type\":\"ListItem\",\"position\":1,\"name\":\"Home\",\"item\":\"https:\/\/www.mojabochnia.pl\/\"},{\"@type\":\"ListItem\",\"position\":2,\"name\":\"750-lecie K\u0142aja. Wyst\u0105pi Z. Wodecki &#8211; program\"}]},{\"@type\":\"WebSite\",\"@id\":\"https:\/\/www.mojabochnia.pl\/#website\",\"url\":\"https:\/\/www.mojabochnia.pl\/\",\"name\":\"mojabochnia.pl - portal informacyjny\",\"description\":\"mojaBochnia to portal informacyjny o Bochni. Codziennie o Bochni piszemy i pokazujemy najwa\u017cniejsze wydarzenia\",\"publisher\":{\"@id\":\"https:\/\/www.mojabochnia.pl\/#organization\"},\"potentialAction\":[{\"@type\":\"SearchAction\",\"target\":{\"@type\":\"EntryPoint\",\"urlTemplate\":\"https:\/\/www.mojabochnia.pl\/?s={search_term_string}\"},\"query-input\":{\"@type\":\"PropertyValueSpecification\",\"valueRequired\":true,\"valueName\":\"search_term_string\"}}],\"inLanguage\":\"pl-PL\"},{\"@type\":\"Organization\",\"@id\":\"https:\/\/www.mojabochnia.pl\/#organization\",\"name\":\"mojabochnia.pl - portal informacyjny\",\"url\":\"https:\/\/www.mojabochnia.pl\/\",\"logo\":{\"@type\":\"ImageObject\",\"inLanguage\":\"pl-PL\",\"@id\":\"https:\/\/www.mojabochnia.pl\/#\/schema\/logo\/image\/\",\"url\":\"https:\/\/www.mojabochnia.pl\/wp-content\/uploads\/2017\/08\/logo-mb-opt.png\",\"contentUrl\":\"https:\/\/www.mojabochnia.pl\/wp-content\/uploads\/2017\/08\/logo-mb-opt.png\",\"width\":250,\"height\":48,\"caption\":\"mojabochnia.pl - portal informacyjny\"},\"image\":{\"@id\":\"https:\/\/www.mojabochnia.pl\/#\/schema\/logo\/image\/\"},\"sameAs\":[\"https:\/\/www.facebook.com\/mojabochnia\"]},{\"@type\":\"Person\",\"@id\":\"https:\/\/www.mojabochnia.pl\/#\/schema\/person\/7e2f20ead9902216a3384f13606c0ab7\",\"name\":\"redakcja\",\"sameAs\":[\"http:\/\/\"],\"url\":\"https:\/\/www.mojabochnia.pl\/?author=13\"}]}<\/script>\n<!-- \/ Yoast SEO plugin. -->","yoast_head_json":{"title":"750-lecie K\u0142aja. Wyst\u0105pi Z. Wodecki - program - mojabochnia.pl - portal informacyjny","robots":{"index":"index","follow":"follow","max-snippet":"max-snippet:-1","max-image-preview":"max-image-preview:large","max-video-preview":"max-video-preview:-1"},"canonical":"https:\/\/www.mojabochnia.pl\/?p=77804","og_locale":"pl_PL","og_type":"article","og_title":"750-lecie K\u0142aja. Wyst\u0105pi Z. Wodecki - program - mojabochnia.pl - portal informacyjny","og_description":"Podboche\u0144ski K\u0142aj obchodzi w tym roku 750-lecie istnienia. W najbli\u017cszy weekend odb\u0119dzie si\u0119 wiele imprez zwi\u0105zanych z tym jubileuszem. Zobacz program.","og_url":"https:\/\/www.mojabochnia.pl\/?p=77804","og_site_name":"mojabochnia.pl - portal informacyjny","article_publisher":"https:\/\/www.facebook.com\/mojabochnia","article_published_time":"2012-09-06T12:24:33+00:00","article_modified_time":"2012-09-06T19:40:11+00:00","author":"redakcja","twitter_card":"summary_large_image","twitter_misc":{"Written by":"redakcja","Est. reading time":"1 minuta"},"schema":{"@context":"https:\/\/schema.org","@graph":[{"@type":"Article","@id":"https:\/\/www.mojabochnia.pl\/?p=77804#article","isPartOf":{"@id":"https:\/\/www.mojabochnia.pl\/?p=77804"},"author":{"name":"redakcja","@id":"https:\/\/www.mojabochnia.pl\/#\/schema\/person\/7e2f20ead9902216a3384f13606c0ab7"},"headline":"750-lecie K\u0142aja. Wyst\u0105pi Z. Wodecki &#8211; program","datePublished":"2012-09-06T12:24:33+00:00","dateModified":"2012-09-06T19:40:11+00:00","mainEntityOfPage":{"@id":"https:\/\/www.mojabochnia.pl\/?p=77804"},"wordCount":238,"commentCount":0,"publisher":{"@id":"https:\/\/www.mojabochnia.pl\/#organization"},"keywords":["jubileusz","k\u0142aj","koncert","zbigniew wodecki"],"articleSection":["2_ostatnie","kultura","tematyka"],"inLanguage":"pl-PL","potentialAction":[{"@type":"CommentAction","name":"Comment","target":["https:\/\/www.mojabochnia.pl\/?p=77804#respond"]}]},{"@type":"WebPage","@id":"https:\/\/www.mojabochnia.pl\/?p=77804","url":"https:\/\/www.mojabochnia.pl\/?p=77804","name":"750-lecie K\u0142aja. Wyst\u0105pi Z. Wodecki - program - mojabochnia.pl - portal informacyjny","isPartOf":{"@id":"https:\/\/www.mojabochnia.pl\/#website"},"datePublished":"2012-09-06T12:24:33+00:00","dateModified":"2012-09-06T19:40:11+00:00","breadcrumb":{"@id":"https:\/\/www.mojabochnia.pl\/?p=77804#breadcrumb"},"inLanguage":"pl-PL","potentialAction":[{"@type":"ReadAction","target":["https:\/\/www.mojabochnia.pl\/?p=77804"]}]},{"@type":"BreadcrumbList","@id":"https:\/\/www.mojabochnia.pl\/?p=77804#breadcrumb","itemListElement":[{"@type":"ListItem","position":1,"name":"Home","item":"https:\/\/www.mojabochnia.pl\/"},{"@type":"ListItem","position":2,"name":"750-lecie K\u0142aja. Wyst\u0105pi Z. Wodecki &#8211; program"}]},{"@type":"WebSite","@id":"https:\/\/www.mojabochnia.pl\/#website","url":"https:\/\/www.mojabochnia.pl\/","name":"mojabochnia.pl - portal informacyjny","description":"mojaBochnia to portal informacyjny o Bochni. Codziennie o Bochni piszemy i pokazujemy najwa\u017cniejsze wydarzenia","publisher":{"@id":"https:\/\/www.mojabochnia.pl\/#organization"},"potentialAction":[{"@type":"SearchAction","target":{"@type":"EntryPoint","urlTemplate":"https:\/\/www.mojabochnia.pl\/?s={search_term_string}"},"query-input":{"@type":"PropertyValueSpecification","valueRequired":true,"valueName":"search_term_string"}}],"inLanguage":"pl-PL"},{"@type":"Organization","@id":"https:\/\/www.mojabochnia.pl\/#organization","name":"mojabochnia.pl - portal informacyjny","url":"https:\/\/www.mojabochnia.pl\/","logo":{"@type":"ImageObject","inLanguage":"pl-PL","@id":"https:\/\/www.mojabochnia.pl\/#\/schema\/logo\/image\/","url":"https:\/\/www.mojabochnia.pl\/wp-content\/uploads\/2017\/08\/logo-mb-opt.png","contentUrl":"https:\/\/www.mojabochnia.pl\/wp-content\/uploads\/2017\/08\/logo-mb-opt.png","width":250,"height":48,"caption":"mojabochnia.pl - portal informacyjny"},"image":{"@id":"https:\/\/www.mojabochnia.pl\/#\/schema\/logo\/image\/"},"sameAs":["https:\/\/www.facebook.com\/mojabochnia"]},{"@type":"Person","@id":"https:\/\/www.mojabochnia.pl\/#\/schema\/person\/7e2f20ead9902216a3384f13606c0ab7","name":"redakcja","sameAs":["http:\/\/"],"url":"https:\/\/www.mojabochnia.pl\/?author=13"}]}},"_links":{"self":[{"href":"https:\/\/www.mojabochnia.pl\/index.php?rest_route=\/wp\/v2\/posts\/77804","targetHints":{"allow":["GET"]}}],"collection":[{"href":"https:\/\/www.mojabochnia.pl\/index.php?rest_route=\/wp\/v2\/posts"}],"about":[{"href":"https:\/\/www.mojabochnia.pl\/index.php?rest_route=\/wp\/v2\/types\/post"}],"author":[{"embeddable":true,"href":"https:\/\/www.mojabochnia.pl\/index.php?rest_route=\/wp\/v2\/users\/13"}],"replies":[{"embeddable":true,"href":"https:\/\/www.mojabochnia.pl\/index.php?rest_route=%2Fwp%2Fv2%2Fcomments&post=77804"}],"version-history":[{"count":6,"href":"https:\/\/www.mojabochnia.pl\/index.php?rest_route=\/wp\/v2\/posts\/77804\/revisions"}],"predecessor-version":[{"id":77814,"href":"https:\/\/www.mojabochnia.pl\/index.php?rest_route=\/wp\/v2\/posts\/77804\/revisions\/77814"}],"wp:attachment":[{"href":"https:\/\/www.mojabochnia.pl\/index.php?rest_route=%2Fwp%2Fv2%2Fmedia&parent=77804"}],"wp:term":[{"taxonomy":"category","embeddable":true,"href":"https:\/\/www.mojabochnia.pl\/index.php?rest_route=%2Fwp%2Fv2%2Fcategories&post=77804"},{"taxonomy":"post_tag","embeddable":true,"href":"https:\/\/www.mojabochnia.pl\/index.php?rest_route=%2Fwp%2Fv2%2Ftags&post=77804"}],"curies":[{"name":"wp","href":"https:\/\/api.w.org\/{rel}","templated":true}]}}