{"id":77801,"date":"2012-09-06T11:20:45","date_gmt":"2012-09-06T09:20:45","guid":{"rendered":"http:\/\/www.mojabochnia.pl\/?p=77801"},"modified":"2012-09-06T11:20:45","modified_gmt":"2012-09-06T09:20:45","slug":"dofinansowania-dla-osob-niepelnosprawnych-2","status":"publish","type":"post","link":"https:\/\/www.mojabochnia.pl\/?p=77801","title":{"rendered":"Dofinansowania dla os\u00f3b niepe\u0142nosprawnych"},"content":{"rendered":"<p>Dofinansowanie mo\u017ce wynie\u015b\u0107 200 z\u0142 na miesi\u0105c i maksymalnie 2200 z\u0142 na rok. Zainteresowani szczeg\u00f3\u0142owymi informacjami mog\u0105 kontaktowa\u0107 si\u0119 z Powiatowym Centrum Pomocy Rodzinie w Bochni od poniedzia\u0142ku do pi\u0105tku, w godzinach od 8 do 15.<\/p>\n<p>Niepe\u0142nosprawni mieszka\u0144cy dzi\u0119ki uczestnictwu Powiatu Boche\u0144skiego w programie \u201eAktywny Samorz\u0105d\u201d mog\u0105 r\u00f3wnie\u017c uzyska\u0107 dofinansowanie ze \u015brodk\u00f3w PFRON do wysoko specjalistycznego sprz\u0119tu komputerowego, urz\u0105dze\u0144 brajlowskich i lektorskich dla os\u00f3b niewidomych lub os\u00f3b z uszkodzeniami ko\u0144czyn g\u00f3rnych. G\u0142\u00f3wnym problemem os\u00f3b niepe\u0142nosprawnych z uszkodzeniem ko\u0144czyn g\u00f3rnych s\u0105 utrudnienia, ograniczenia, b\u0105d\u017a uniemo\u017cliwienie wykonywania czynno\u015bci manipulacyjnych, co mo\u017ce by\u0107 przezwyci\u0119\u017cone dzi\u0119ki specjalistycznemu oprzyrz\u0105dowaniu. <\/p>\n<p>Osoby z najwi\u0119kszymi ograniczeniami ruchowymi, nieporuszaj\u0105ce si\u0119 samodzielnie i dodatkowo niesprawne manualnie mog\u0105 uzyska\u0107 dofinansowanie do zakupu w\u00f3zka inwalidzkiego o nap\u0119dzie elektrycznym. Osoby u\u017cytkuj\u0105ce w\u00f3zki o nap\u0119dzie elektrycznym mog\u0105 uzyska\u0107 dofinansowanie do utrzymania sprawno\u015bci technicznej w\u00f3zka. <\/p>\n<p>W sierpniu Powiat Boche\u0144ski przyst\u0105pi\u0142 do realizacji programu PFRON pn. \u201eAktywny Samorz\u0105d\u201d. Jest to program, kt\u00f3ry w roku 2012 r. po raz pierwszy umo\u017cliwia aktywnym Powiatom udzielenie dofinansowania osobom niepe\u0142nosprawnym z najwi\u0119kszymi trudno\u015bciami w poruszaniu si\u0119, w komunikowaniu i z najci\u0119\u017cszymi schorzeniami. Termin sk\u0142adania wniosk\u00f3w w ramach programu do Powiatowego Centrum Pomocy Rodzinie w Bochni przy ul. E. Windakiewicza 9\/5 up\u0142ywa 28 wrze\u015bnia.  <\/p>\n<p>Poza programem \u201eAktywny Samorz\u0105d\u201d Powiat Boche\u0144ski realizuje na co dzie\u0144 szereg zada\u0144 z zakresu rehabilitacji spo\u0142ecznej i zawodowej os\u00f3b niepe\u0142nosprawnych w zale\u017cno\u015bci od indywidualnych potrzeb mieszka\u0144c\u00f3w jak i potrzeb ca\u0142ego \u015brodowiska lokalnego. Pomoc osobom niepe\u0142nosprawnym jest oferowana adekwatnie do stopnia i rodzaju niepe\u0142nosprawno\u015bci. Osoby niepe\u0142nosprawne i ich otoczenie mog\u0105 korzysta\u0107 z us\u0142ug PCPR w Bochni poprzez kontakt bezpo\u015bredni z pracownikami Centrum lub telefonicznie pod numerem 14-611-97-40 albo faxem 14-611-97-43.<\/p>\n","protected":false},"excerpt":{"rendered":"<p>Osoby niepe\u0142nosprawne w stopniu znacznym lub umiarkowanym, kt\u00f3re s\u0105 aktywne zawodowo i opiekuj\u0105 si\u0119 ma\u0142ymi dzie\u0107mi mog\u0105 uzyska\u0107 wsparcie ze \u015brodk\u00f3w Pa\u0144stwowego Funduszu Rehabilitacji Os\u00f3b Niepe\u0142nosprawnych w formie dofinansowania koszt\u00f3w pobytu dziecka w \u017c\u0142obku lub przedszkolu. <\/p>\n","protected":false},"author":13,"featured_media":0,"comment_status":"open","ping_status":"closed","sticky":false,"template":"","format":"standard","meta":{"_acf_changed":false,"footnotes":""},"categories":[5,6251,6250],"tags":[17344,17253,17221,17576,22,17398,17821],"class_list":["post-77801","post","type-post","status-publish","format-standard","hentry","category-biezace-wydarzenia","category-polityka-i-wydarzenia","category-tematyka","tag-dofinansowanie","tag-dotacja","tag-niepelnosprawni","tag-pcpr","tag-pfron","tag-powiat","tag-starostwo","main_tag-niepelnosprawni"],"acf":[],"yoast_head":"<!-- This site is optimized with the Yoast SEO plugin v26.9 - https:\/\/yoast.com\/product\/yoast-seo-wordpress\/ -->\n<title>Dofinansowania dla os\u00f3b niepe\u0142nosprawnych - mojabochnia.pl - portal informacyjny<\/title>\n<meta name=\"robots\" content=\"index, follow, max-snippet:-1, max-image-preview:large, max-video-preview:-1\" \/>\n<link rel=\"canonical\" href=\"https:\/\/www.mojabochnia.pl\/?p=77801\" \/>\n<meta property=\"og:locale\" content=\"pl_PL\" \/>\n<meta property=\"og:type\" content=\"article\" \/>\n<meta property=\"og:title\" content=\"Dofinansowania dla os\u00f3b niepe\u0142nosprawnych - mojabochnia.pl - portal informacyjny\" \/>\n<meta property=\"og:description\" content=\"Osoby niepe\u0142nosprawne w stopniu znacznym lub umiarkowanym, kt\u00f3re s\u0105 aktywne zawodowo i opiekuj\u0105 si\u0119 ma\u0142ymi dzie\u0107mi mog\u0105 uzyska\u0107 wsparcie ze \u015brodk\u00f3w Pa\u0144stwowego Funduszu Rehabilitacji Os\u00f3b Niepe\u0142nosprawnych w formie dofinansowania koszt\u00f3w pobytu dziecka w \u017c\u0142obku lub przedszkolu.\" \/>\n<meta property=\"og:url\" content=\"https:\/\/www.mojabochnia.pl\/?p=77801\" \/>\n<meta property=\"og:site_name\" content=\"mojabochnia.pl - portal informacyjny\" \/>\n<meta property=\"article:publisher\" content=\"https:\/\/www.facebook.com\/mojabochnia\" \/>\n<meta property=\"article:published_time\" content=\"2012-09-06T09:20:45+00:00\" \/>\n<meta name=\"author\" content=\"redakcja\" \/>\n<meta name=\"twitter:card\" content=\"summary_large_image\" \/>\n<meta name=\"twitter:label1\" content=\"Written by\" \/>\n\t<meta name=\"twitter:data1\" content=\"redakcja\" \/>\n\t<meta name=\"twitter:label2\" content=\"Est. reading time\" \/>\n\t<meta name=\"twitter:data2\" content=\"2 minuty\" \/>\n<script type=\"application\/ld+json\" class=\"yoast-schema-graph\">{\"@context\":\"https:\/\/schema.org\",\"@graph\":[{\"@type\":\"Article\",\"@id\":\"https:\/\/www.mojabochnia.pl\/?p=77801#article\",\"isPartOf\":{\"@id\":\"https:\/\/www.mojabochnia.pl\/?p=77801\"},\"author\":{\"name\":\"redakcja\",\"@id\":\"https:\/\/www.mojabochnia.pl\/#\/schema\/person\/7e2f20ead9902216a3384f13606c0ab7\"},\"headline\":\"Dofinansowania dla os\u00f3b niepe\u0142nosprawnych\",\"datePublished\":\"2012-09-06T09:20:45+00:00\",\"mainEntityOfPage\":{\"@id\":\"https:\/\/www.mojabochnia.pl\/?p=77801\"},\"wordCount\":334,\"commentCount\":0,\"publisher\":{\"@id\":\"https:\/\/www.mojabochnia.pl\/#organization\"},\"keywords\":[\"dofinansowanie\",\"dotacja\",\"niepe\u0142nosprawni\",\"pcpr\",\"PFRON\",\"powiat\",\"starostwo\"],\"articleSection\":[\"2_ostatnie\",\"polityka i wydarzenia\",\"tematyka\"],\"inLanguage\":\"pl-PL\",\"potentialAction\":[{\"@type\":\"CommentAction\",\"name\":\"Comment\",\"target\":[\"https:\/\/www.mojabochnia.pl\/?p=77801#respond\"]}]},{\"@type\":\"WebPage\",\"@id\":\"https:\/\/www.mojabochnia.pl\/?p=77801\",\"url\":\"https:\/\/www.mojabochnia.pl\/?p=77801\",\"name\":\"Dofinansowania dla os\u00f3b niepe\u0142nosprawnych - mojabochnia.pl - portal informacyjny\",\"isPartOf\":{\"@id\":\"https:\/\/www.mojabochnia.pl\/#website\"},\"datePublished\":\"2012-09-06T09:20:45+00:00\",\"breadcrumb\":{\"@id\":\"https:\/\/www.mojabochnia.pl\/?p=77801#breadcrumb\"},\"inLanguage\":\"pl-PL\",\"potentialAction\":[{\"@type\":\"ReadAction\",\"target\":[\"https:\/\/www.mojabochnia.pl\/?p=77801\"]}]},{\"@type\":\"BreadcrumbList\",\"@id\":\"https:\/\/www.mojabochnia.pl\/?p=77801#breadcrumb\",\"itemListElement\":[{\"@type\":\"ListItem\",\"position\":1,\"name\":\"Home\",\"item\":\"https:\/\/www.mojabochnia.pl\/\"},{\"@type\":\"ListItem\",\"position\":2,\"name\":\"Dofinansowania dla os\u00f3b niepe\u0142nosprawnych\"}]},{\"@type\":\"WebSite\",\"@id\":\"https:\/\/www.mojabochnia.pl\/#website\",\"url\":\"https:\/\/www.mojabochnia.pl\/\",\"name\":\"mojabochnia.pl - portal informacyjny\",\"description\":\"mojaBochnia to portal informacyjny o Bochni. Codziennie o Bochni piszemy i pokazujemy najwa\u017cniejsze wydarzenia\",\"publisher\":{\"@id\":\"https:\/\/www.mojabochnia.pl\/#organization\"},\"potentialAction\":[{\"@type\":\"SearchAction\",\"target\":{\"@type\":\"EntryPoint\",\"urlTemplate\":\"https:\/\/www.mojabochnia.pl\/?s={search_term_string}\"},\"query-input\":{\"@type\":\"PropertyValueSpecification\",\"valueRequired\":true,\"valueName\":\"search_term_string\"}}],\"inLanguage\":\"pl-PL\"},{\"@type\":\"Organization\",\"@id\":\"https:\/\/www.mojabochnia.pl\/#organization\",\"name\":\"mojabochnia.pl - portal informacyjny\",\"url\":\"https:\/\/www.mojabochnia.pl\/\",\"logo\":{\"@type\":\"ImageObject\",\"inLanguage\":\"pl-PL\",\"@id\":\"https:\/\/www.mojabochnia.pl\/#\/schema\/logo\/image\/\",\"url\":\"https:\/\/www.mojabochnia.pl\/wp-content\/uploads\/2017\/08\/logo-mb-opt.png\",\"contentUrl\":\"https:\/\/www.mojabochnia.pl\/wp-content\/uploads\/2017\/08\/logo-mb-opt.png\",\"width\":250,\"height\":48,\"caption\":\"mojabochnia.pl - portal informacyjny\"},\"image\":{\"@id\":\"https:\/\/www.mojabochnia.pl\/#\/schema\/logo\/image\/\"},\"sameAs\":[\"https:\/\/www.facebook.com\/mojabochnia\"]},{\"@type\":\"Person\",\"@id\":\"https:\/\/www.mojabochnia.pl\/#\/schema\/person\/7e2f20ead9902216a3384f13606c0ab7\",\"name\":\"redakcja\",\"sameAs\":[\"http:\/\/\"],\"url\":\"https:\/\/www.mojabochnia.pl\/?author=13\"}]}<\/script>\n<!-- \/ Yoast SEO plugin. -->","yoast_head_json":{"title":"Dofinansowania dla os\u00f3b niepe\u0142nosprawnych - mojabochnia.pl - portal informacyjny","robots":{"index":"index","follow":"follow","max-snippet":"max-snippet:-1","max-image-preview":"max-image-preview:large","max-video-preview":"max-video-preview:-1"},"canonical":"https:\/\/www.mojabochnia.pl\/?p=77801","og_locale":"pl_PL","og_type":"article","og_title":"Dofinansowania dla os\u00f3b niepe\u0142nosprawnych - mojabochnia.pl - portal informacyjny","og_description":"Osoby niepe\u0142nosprawne w stopniu znacznym lub umiarkowanym, kt\u00f3re s\u0105 aktywne zawodowo i opiekuj\u0105 si\u0119 ma\u0142ymi dzie\u0107mi mog\u0105 uzyska\u0107 wsparcie ze \u015brodk\u00f3w Pa\u0144stwowego Funduszu Rehabilitacji Os\u00f3b Niepe\u0142nosprawnych w formie dofinansowania koszt\u00f3w pobytu dziecka w \u017c\u0142obku lub przedszkolu.","og_url":"https:\/\/www.mojabochnia.pl\/?p=77801","og_site_name":"mojabochnia.pl - portal informacyjny","article_publisher":"https:\/\/www.facebook.com\/mojabochnia","article_published_time":"2012-09-06T09:20:45+00:00","author":"redakcja","twitter_card":"summary_large_image","twitter_misc":{"Written by":"redakcja","Est. reading time":"2 minuty"},"schema":{"@context":"https:\/\/schema.org","@graph":[{"@type":"Article","@id":"https:\/\/www.mojabochnia.pl\/?p=77801#article","isPartOf":{"@id":"https:\/\/www.mojabochnia.pl\/?p=77801"},"author":{"name":"redakcja","@id":"https:\/\/www.mojabochnia.pl\/#\/schema\/person\/7e2f20ead9902216a3384f13606c0ab7"},"headline":"Dofinansowania dla os\u00f3b niepe\u0142nosprawnych","datePublished":"2012-09-06T09:20:45+00:00","mainEntityOfPage":{"@id":"https:\/\/www.mojabochnia.pl\/?p=77801"},"wordCount":334,"commentCount":0,"publisher":{"@id":"https:\/\/www.mojabochnia.pl\/#organization"},"keywords":["dofinansowanie","dotacja","niepe\u0142nosprawni","pcpr","PFRON","powiat","starostwo"],"articleSection":["2_ostatnie","polityka i wydarzenia","tematyka"],"inLanguage":"pl-PL","potentialAction":[{"@type":"CommentAction","name":"Comment","target":["https:\/\/www.mojabochnia.pl\/?p=77801#respond"]}]},{"@type":"WebPage","@id":"https:\/\/www.mojabochnia.pl\/?p=77801","url":"https:\/\/www.mojabochnia.pl\/?p=77801","name":"Dofinansowania dla os\u00f3b niepe\u0142nosprawnych - mojabochnia.pl - portal informacyjny","isPartOf":{"@id":"https:\/\/www.mojabochnia.pl\/#website"},"datePublished":"2012-09-06T09:20:45+00:00","breadcrumb":{"@id":"https:\/\/www.mojabochnia.pl\/?p=77801#breadcrumb"},"inLanguage":"pl-PL","potentialAction":[{"@type":"ReadAction","target":["https:\/\/www.mojabochnia.pl\/?p=77801"]}]},{"@type":"BreadcrumbList","@id":"https:\/\/www.mojabochnia.pl\/?p=77801#breadcrumb","itemListElement":[{"@type":"ListItem","position":1,"name":"Home","item":"https:\/\/www.mojabochnia.pl\/"},{"@type":"ListItem","position":2,"name":"Dofinansowania dla os\u00f3b niepe\u0142nosprawnych"}]},{"@type":"WebSite","@id":"https:\/\/www.mojabochnia.pl\/#website","url":"https:\/\/www.mojabochnia.pl\/","name":"mojabochnia.pl - portal informacyjny","description":"mojaBochnia to portal informacyjny o Bochni. Codziennie o Bochni piszemy i pokazujemy najwa\u017cniejsze wydarzenia","publisher":{"@id":"https:\/\/www.mojabochnia.pl\/#organization"},"potentialAction":[{"@type":"SearchAction","target":{"@type":"EntryPoint","urlTemplate":"https:\/\/www.mojabochnia.pl\/?s={search_term_string}"},"query-input":{"@type":"PropertyValueSpecification","valueRequired":true,"valueName":"search_term_string"}}],"inLanguage":"pl-PL"},{"@type":"Organization","@id":"https:\/\/www.mojabochnia.pl\/#organization","name":"mojabochnia.pl - portal informacyjny","url":"https:\/\/www.mojabochnia.pl\/","logo":{"@type":"ImageObject","inLanguage":"pl-PL","@id":"https:\/\/www.mojabochnia.pl\/#\/schema\/logo\/image\/","url":"https:\/\/www.mojabochnia.pl\/wp-content\/uploads\/2017\/08\/logo-mb-opt.png","contentUrl":"https:\/\/www.mojabochnia.pl\/wp-content\/uploads\/2017\/08\/logo-mb-opt.png","width":250,"height":48,"caption":"mojabochnia.pl - portal informacyjny"},"image":{"@id":"https:\/\/www.mojabochnia.pl\/#\/schema\/logo\/image\/"},"sameAs":["https:\/\/www.facebook.com\/mojabochnia"]},{"@type":"Person","@id":"https:\/\/www.mojabochnia.pl\/#\/schema\/person\/7e2f20ead9902216a3384f13606c0ab7","name":"redakcja","sameAs":["http:\/\/"],"url":"https:\/\/www.mojabochnia.pl\/?author=13"}]}},"_links":{"self":[{"href":"https:\/\/www.mojabochnia.pl\/index.php?rest_route=\/wp\/v2\/posts\/77801","targetHints":{"allow":["GET"]}}],"collection":[{"href":"https:\/\/www.mojabochnia.pl\/index.php?rest_route=\/wp\/v2\/posts"}],"about":[{"href":"https:\/\/www.mojabochnia.pl\/index.php?rest_route=\/wp\/v2\/types\/post"}],"author":[{"embeddable":true,"href":"https:\/\/www.mojabochnia.pl\/index.php?rest_route=\/wp\/v2\/users\/13"}],"replies":[{"embeddable":true,"href":"https:\/\/www.mojabochnia.pl\/index.php?rest_route=%2Fwp%2Fv2%2Fcomments&post=77801"}],"version-history":[{"count":2,"href":"https:\/\/www.mojabochnia.pl\/index.php?rest_route=\/wp\/v2\/posts\/77801\/revisions"}],"predecessor-version":[{"id":77803,"href":"https:\/\/www.mojabochnia.pl\/index.php?rest_route=\/wp\/v2\/posts\/77801\/revisions\/77803"}],"wp:attachment":[{"href":"https:\/\/www.mojabochnia.pl\/index.php?rest_route=%2Fwp%2Fv2%2Fmedia&parent=77801"}],"wp:term":[{"taxonomy":"category","embeddable":true,"href":"https:\/\/www.mojabochnia.pl\/index.php?rest_route=%2Fwp%2Fv2%2Fcategories&post=77801"},{"taxonomy":"post_tag","embeddable":true,"href":"https:\/\/www.mojabochnia.pl\/index.php?rest_route=%2Fwp%2Fv2%2Ftags&post=77801"}],"curies":[{"name":"wp","href":"https:\/\/api.w.org\/{rel}","templated":true}]}}