{"id":77686,"date":"2012-09-05T09:44:13","date_gmt":"2012-09-05T07:44:13","guid":{"rendered":"http:\/\/www.mojabochnia.pl\/?p=77686"},"modified":"2012-09-05T09:44:47","modified_gmt":"2012-09-05T07:44:47","slug":"bochnia-podzielona-na-21-okregow-jednomandatowych","status":"publish","type":"post","link":"https:\/\/www.mojabochnia.pl\/?p=77686","title":{"rendered":"Bochnia podzielona na 21 okr\u0119g\u00f3w jednomandatowych"},"content":{"rendered":"<p>Nowy podzia\u0142 to skutek obowi\u0105zuj\u0105cej teraz ordynacji wyborczej. <em>B\u0119dzie to zupe\u0142nie nowe zagadnienie, nie mamy takich do\u015bwiadcze\u0144. B\u0119d\u0105 nowe problemy wyborcze. Dodatkowym utrudnieniem jest to, \u017ce mamy 15 lokali wyborczych, a b\u0119dzie 21 okr\u0119g\u00f3w wyborczych<\/em> \u2013 m\u00f3wi burmistrz Stefan Kolawi\u0144ski.<\/p>\n<p>Najbli\u017csze wybory samorz\u0105dowe odb\u0119d\u0105 si\u0119 w 2014 r. W\u00f3wczas g\u0142osowanie b\u0119dzie si\u0119 odbywa\u0142o wed\u0142ug nowych zasad. <\/p>\n<p><strong>Oto nowy podzia\u0142 Bochni na okr\u0119gi jednomandatowe:<\/strong><\/p>\n<p>I<br \/>\nU l i c e:  Gazowa, Jana Pta\u015bnika, \u0141any, Na Buczk\u00f3w, Na K\u0105ty, Partyzant\u00f3w, Proszowska, Sk\u0142adowa, Stefana \u017beromskiego, Wodoci\u0105gowa. <\/p>\n<p>II<br \/>\nU l i c e:  20 Stycznia,  Garncarska, Graniczna, Hutnicza,  Julii i Wojciecha Gocza\u0142kowskich, Kr\u00f3tka,  Ks. Stanis\u0142awa Staszica,  Ludwika Piotrowicza,<br \/>\nRomana Grodeckiego, Tadeusza Rejtana, Wygoda.  <\/p>\n<p>III<br \/>\nU l i c e:  Birk\u00f3w,   Franciszka Kaima,    Karolina,  Krzy\u017canowicka,  Smyk\u00f3w<\/p>\n<p>IV<br \/>\nU l i c e: Brzeska, Krzeczowska, Podedworze<\/p>\n<p>V<br \/>\nU l i c e: Brze\u017anicka, \u0141opianka,  \u0141ych\u00f3w,  My\u015bliwska, Stanis\u0142awa G\u0105siorka,  \u015awi\u0119tego Urbana, Waleriana Hillenbranda, Wawrzy\u0144ca Pisza.<\/p>\n<p>VI<br \/>\nP l a c e: Boles\u0142awa Wstydliwego, Gazaris<br \/>\nU l i c e: D\u0119bcza, Floris, Gazaris, Heleny Modrzejewskiej,  Konfederat\u00f3w Barskich,  Krz\u0119czk\u00f3w, Ks. Stanis\u0142awa W\u00f3jtowicza, Ogrodowa, P\u0142k. Stefana Osiki, Trudna, Warzelnicza<\/p>\n<p>VII<br \/>\nU l i c a: \u015awi\u0119tego Jana\t<\/p>\n<p>VIII<br \/>\nU l i c e: Murowianka, Nad Babic\u0105, Prof. Stanis\u0142awa Fischera, Tadeusza Ko\u015bciuszki, W\u0142adys\u0142awa Kiernika, Zygmunta Krasi\u0144skiego. <\/p>\n<p>IX<br \/>\nU l i c e: Antoniego Langera, Kolejowa,  Konstytucji  3 Maja, Ksi\u0119cia J\u00f3zefa Poniatowskiego, Marii Bielawskiej, Wojska Polskiego. <\/p>\n<p>X<br \/>\nU l i c e: Piotra Galasa, Pod Lipk\u0105, \u015awi\u0119tego Leonarda. <\/p>\n<p>XI<br \/>\nP l a c e: Ks. Antoniego Czapli\u0144skiego, \u015awi\u0119tej Kingi.<br \/>\nU l i c e: Bernardy\u0144ska, Campi, Go\u0142\u0119bia, G\u00f3rnik\u00f3w, J\u00f3zefa Romana, Ks. Walentego Gadowskiego, Ludwika Stasiaka, Oracka, Ofiar Katynia, Polna, Regis, rtm. Witolda Pileckiego, Studencka, Szewska, \u015awi\u0119tokrzyska, Tadeusza Czackiego, Za Szybem, Zau\u0142ek \u015aw. Miko\u0142aja.  <\/p>\n<p>XII<br \/>\nP l a c e: Gen. Kazimierza Pu\u0142askiego, Gen. Leopolda Okulickiego.<br \/>\nU l i c e: Adama Mickiewicza, Andrzeja Benesza, Bia\u0142a, Bracka, Dominika\u0144ska, Jana Matejki, J\u00f3zefa Ignacego Kraszewskiego, Kowalska, Nieca\u0142a, R\u00f3\u017cana, Rynek, Skwer Waleriana Kasprzyka, Solna, Solna G\u00f3ra, Storynka, Sutoris, W\u0105ska, Wi\u0119\u017ani\u00f3w O\u015bwi\u0119cimia, Wolnica.  <\/p>\n<p>XIII<br \/>\nP l a c: Turka<br \/>\nU l i c e: Gejzy Bukowskiego, Gipsowa, G\u00f3rska, Jana Kantego Andrusikiewcza,  Kazimierza Wielkiego,  Le\u015bna, Parkowa, Rze\u017anicka, \u015awi\u0119tego Marka. <\/p>\n<p>XIV<br \/>\nU l i c e: Edwarda Dembowskiego, Franciszka Hoszarda, Gen. Henryka D\u0105browskiego,  Gr\u00f3dek W\u00f3jtowski, Henryka Sienkiewicza, J\u00f3zefa Wybickiego, Juliana Goslara, K\u0105cik, Micha\u0142a Czy\u017cewicza, S\u0105decka, Uzbornia, W\u0119gierska, Widok, Zalesie Dolne. <\/p>\n<p>XV<br \/>\nU l i c e: Eugeniusza Kwiatkowskiego,  Ferdynanda Maissa, Karola Frycza, Krzy\u017caki, Kur\u00f3w, Macieja Rataja,  Micha\u0142a \u017bu\u0142kiewicza, Prof. Franciszka Bujaka, Przysieki, Romana Niwickiego, Serafi\u0144skich, Spiska, Tadeusza Lecha, Wac\u0142awa Korty, Wincentego Witosa, Wi\u015bnicka, W\u0142adys\u0142awa Grabskiego, W\u0142adys\u0142awa Skoczylasa. <\/p>\n<p>XVI<br \/>\nU l i c e: Czerwieniec, D\u0119bnik, Do\u0142uszycka, Jana Sondla, Kolanowska, Ks. W\u0142adys\u0142awa Kuca, Lucjana Rydla, Pag\u00f3rek, Stanis\u0142awa Pachuty, Strzelecka, \u015awi\u0119tego Paw\u0142a Aposto\u0142a, Zdzis\u0142awa W\u0142odka. <\/p>\n<p>XVII<br \/>\nU l i c e: Armii Krajowej, Bogus\u0142awa Serwina, Kazimierza Brodzi\u0144skiego, Krakowska, Krakowskie Przedmie\u015bcie, Marcina Samlickiego, Nowy \u015awiat, Stanis\u0142awa Wyspia\u0144skiego, W\u0142odzimierza Podg\u00f3rca. <\/p>\n<p>XVIII<br \/>\nU l i c e:  Gen. Tadeusza Jakubowskiego, Legion\u00f3w Polskich od 24 do ko\u0144ca. <\/p>\n<p>XIX<br \/>\nU l i c e:  Gen. Mariana Turkowskiego, Gen. Waleriana Czumy, Legion\u00f3w Polskich 12 &#8211; 22,  P\u0142k. J\u00f3zefa Serugi. <\/p>\n<p>XX<br \/>\nU l i c e:  Edwarda Windakiewicza, Legion\u00f3w Polskich 5 &#8211; 11, Zau\u0142ek Franciszka Mollo. <\/p>\n<p>XXI<br \/>\nU l i c e:  Brzozowa, Chodenicka, Edwarda Karasia, Karosek, Kr\u0119ta, Ks. J\u00f3zefa Tischnera, Lipie, Miko\u0142aja Volkmara, Majora Bacy, Solidarno\u015bci, Tadeusza Popka, Trinitatis, W\u0105w\u00f3z. <\/p>\n","protected":false},"excerpt":{"rendered":"<p>Bochnia zosta\u0142a podzielona na 21 okr\u0119g\u00f3w jednomandatowych. Decyzj\u0119 w tej sprawie podj\u0119li radni podczas ostatniej sesji. Do tej pory miasto by\u0142o podzielone tylko na 4 okr\u0119gi. <\/p>\n","protected":false},"author":4,"featured_media":0,"comment_status":"closed","ping_status":"closed","sticky":true,"template":"","format":"standard","meta":{"_acf_changed":false,"footnotes":""},"categories":[5,6251,6250],"tags":[11350,9753,11349,930,346,17519,17200,7619],"class_list":["post-77686","post","type-post","status-publish","format-standard","hentry","category-biezace-wydarzenia","category-polityka-i-wydarzenia","category-tematyka","tag-komisja-wyborcza","tag-okregi-jednomandatowe","tag-okregi-wyborcze","tag-rada-miejska","tag-radni","tag-sesja","tag-wybory","tag-wybory-samorzadowe","main_tag-wybory"],"acf":[],"yoast_head":"<!-- This site is optimized with the Yoast SEO plugin v26.9 - https:\/\/yoast.com\/product\/yoast-seo-wordpress\/ -->\n<title>Bochnia podzielona na 21 okr\u0119g\u00f3w jednomandatowych - mojabochnia.pl - portal informacyjny<\/title>\n<meta name=\"robots\" content=\"index, follow, max-snippet:-1, max-image-preview:large, max-video-preview:-1\" \/>\n<link rel=\"canonical\" href=\"https:\/\/www.mojabochnia.pl\/?p=77686\" \/>\n<meta property=\"og:locale\" content=\"pl_PL\" \/>\n<meta property=\"og:type\" content=\"article\" \/>\n<meta property=\"og:title\" content=\"Bochnia podzielona na 21 okr\u0119g\u00f3w jednomandatowych - mojabochnia.pl - portal informacyjny\" \/>\n<meta property=\"og:description\" content=\"Bochnia zosta\u0142a podzielona na 21 okr\u0119g\u00f3w jednomandatowych. Decyzj\u0119 w tej sprawie podj\u0119li radni podczas ostatniej sesji. Do tej pory miasto by\u0142o podzielone tylko na 4 okr\u0119gi.\" \/>\n<meta property=\"og:url\" content=\"https:\/\/www.mojabochnia.pl\/?p=77686\" \/>\n<meta property=\"og:site_name\" content=\"mojabochnia.pl - portal informacyjny\" \/>\n<meta property=\"article:publisher\" content=\"https:\/\/www.facebook.com\/mojabochnia\" \/>\n<meta property=\"article:published_time\" content=\"2012-09-05T07:44:13+00:00\" \/>\n<meta property=\"article:modified_time\" content=\"2012-09-05T07:44:47+00:00\" \/>\n<meta name=\"author\" content=\"Pawe\u0142 Michalczyk\" \/>\n<meta name=\"twitter:card\" content=\"summary_large_image\" \/>\n<meta name=\"twitter:label1\" content=\"Written by\" \/>\n\t<meta name=\"twitter:data1\" content=\"Pawe\u0142 Michalczyk\" \/>\n\t<meta name=\"twitter:label2\" content=\"Est. reading time\" \/>\n\t<meta name=\"twitter:data2\" content=\"3 minuty\" \/>\n<script type=\"application\/ld+json\" class=\"yoast-schema-graph\">{\"@context\":\"https:\/\/schema.org\",\"@graph\":[{\"@type\":\"Article\",\"@id\":\"https:\/\/www.mojabochnia.pl\/?p=77686#article\",\"isPartOf\":{\"@id\":\"https:\/\/www.mojabochnia.pl\/?p=77686\"},\"author\":{\"name\":\"Pawe\u0142 Michalczyk\",\"@id\":\"https:\/\/www.mojabochnia.pl\/#\/schema\/person\/ea042e4724a77627963f02166828ead4\"},\"headline\":\"Bochnia podzielona na 21 okr\u0119g\u00f3w jednomandatowych\",\"datePublished\":\"2012-09-05T07:44:13+00:00\",\"dateModified\":\"2012-09-05T07:44:47+00:00\",\"mainEntityOfPage\":{\"@id\":\"https:\/\/www.mojabochnia.pl\/?p=77686\"},\"wordCount\":672,\"publisher\":{\"@id\":\"https:\/\/www.mojabochnia.pl\/#organization\"},\"keywords\":[\"komisja wyborcza\",\"okr\u0119gi jednomandatowe\",\"okr\u0119gi wyborcze\",\"rada miejska\",\"radni\",\"sesja\",\"wybory\",\"wybory samorz\u0105dowe\"],\"articleSection\":[\"2_ostatnie\",\"polityka i wydarzenia\",\"tematyka\"],\"inLanguage\":\"pl-PL\"},{\"@type\":\"WebPage\",\"@id\":\"https:\/\/www.mojabochnia.pl\/?p=77686\",\"url\":\"https:\/\/www.mojabochnia.pl\/?p=77686\",\"name\":\"Bochnia podzielona na 21 okr\u0119g\u00f3w jednomandatowych - mojabochnia.pl - portal informacyjny\",\"isPartOf\":{\"@id\":\"https:\/\/www.mojabochnia.pl\/#website\"},\"datePublished\":\"2012-09-05T07:44:13+00:00\",\"dateModified\":\"2012-09-05T07:44:47+00:00\",\"breadcrumb\":{\"@id\":\"https:\/\/www.mojabochnia.pl\/?p=77686#breadcrumb\"},\"inLanguage\":\"pl-PL\",\"potentialAction\":[{\"@type\":\"ReadAction\",\"target\":[\"https:\/\/www.mojabochnia.pl\/?p=77686\"]}]},{\"@type\":\"BreadcrumbList\",\"@id\":\"https:\/\/www.mojabochnia.pl\/?p=77686#breadcrumb\",\"itemListElement\":[{\"@type\":\"ListItem\",\"position\":1,\"name\":\"Home\",\"item\":\"https:\/\/www.mojabochnia.pl\/\"},{\"@type\":\"ListItem\",\"position\":2,\"name\":\"Bochnia podzielona na 21 okr\u0119g\u00f3w jednomandatowych\"}]},{\"@type\":\"WebSite\",\"@id\":\"https:\/\/www.mojabochnia.pl\/#website\",\"url\":\"https:\/\/www.mojabochnia.pl\/\",\"name\":\"mojabochnia.pl - portal informacyjny\",\"description\":\"mojaBochnia to portal informacyjny o Bochni. Codziennie o Bochni piszemy i pokazujemy najwa\u017cniejsze wydarzenia\",\"publisher\":{\"@id\":\"https:\/\/www.mojabochnia.pl\/#organization\"},\"potentialAction\":[{\"@type\":\"SearchAction\",\"target\":{\"@type\":\"EntryPoint\",\"urlTemplate\":\"https:\/\/www.mojabochnia.pl\/?s={search_term_string}\"},\"query-input\":{\"@type\":\"PropertyValueSpecification\",\"valueRequired\":true,\"valueName\":\"search_term_string\"}}],\"inLanguage\":\"pl-PL\"},{\"@type\":\"Organization\",\"@id\":\"https:\/\/www.mojabochnia.pl\/#organization\",\"name\":\"mojabochnia.pl - portal informacyjny\",\"url\":\"https:\/\/www.mojabochnia.pl\/\",\"logo\":{\"@type\":\"ImageObject\",\"inLanguage\":\"pl-PL\",\"@id\":\"https:\/\/www.mojabochnia.pl\/#\/schema\/logo\/image\/\",\"url\":\"https:\/\/www.mojabochnia.pl\/wp-content\/uploads\/2017\/08\/logo-mb-opt.png\",\"contentUrl\":\"https:\/\/www.mojabochnia.pl\/wp-content\/uploads\/2017\/08\/logo-mb-opt.png\",\"width\":250,\"height\":48,\"caption\":\"mojabochnia.pl - portal informacyjny\"},\"image\":{\"@id\":\"https:\/\/www.mojabochnia.pl\/#\/schema\/logo\/image\/\"},\"sameAs\":[\"https:\/\/www.facebook.com\/mojabochnia\"]},{\"@type\":\"Person\",\"@id\":\"https:\/\/www.mojabochnia.pl\/#\/schema\/person\/ea042e4724a77627963f02166828ead4\",\"name\":\"Pawe\u0142 Michalczyk\",\"url\":\"https:\/\/www.mojabochnia.pl\/?author=4\"}]}<\/script>\n<!-- \/ Yoast SEO plugin. -->","yoast_head_json":{"title":"Bochnia podzielona na 21 okr\u0119g\u00f3w jednomandatowych - mojabochnia.pl - portal informacyjny","robots":{"index":"index","follow":"follow","max-snippet":"max-snippet:-1","max-image-preview":"max-image-preview:large","max-video-preview":"max-video-preview:-1"},"canonical":"https:\/\/www.mojabochnia.pl\/?p=77686","og_locale":"pl_PL","og_type":"article","og_title":"Bochnia podzielona na 21 okr\u0119g\u00f3w jednomandatowych - mojabochnia.pl - portal informacyjny","og_description":"Bochnia zosta\u0142a podzielona na 21 okr\u0119g\u00f3w jednomandatowych. Decyzj\u0119 w tej sprawie podj\u0119li radni podczas ostatniej sesji. Do tej pory miasto by\u0142o podzielone tylko na 4 okr\u0119gi.","og_url":"https:\/\/www.mojabochnia.pl\/?p=77686","og_site_name":"mojabochnia.pl - portal informacyjny","article_publisher":"https:\/\/www.facebook.com\/mojabochnia","article_published_time":"2012-09-05T07:44:13+00:00","article_modified_time":"2012-09-05T07:44:47+00:00","author":"Pawe\u0142 Michalczyk","twitter_card":"summary_large_image","twitter_misc":{"Written by":"Pawe\u0142 Michalczyk","Est. reading time":"3 minuty"},"schema":{"@context":"https:\/\/schema.org","@graph":[{"@type":"Article","@id":"https:\/\/www.mojabochnia.pl\/?p=77686#article","isPartOf":{"@id":"https:\/\/www.mojabochnia.pl\/?p=77686"},"author":{"name":"Pawe\u0142 Michalczyk","@id":"https:\/\/www.mojabochnia.pl\/#\/schema\/person\/ea042e4724a77627963f02166828ead4"},"headline":"Bochnia podzielona na 21 okr\u0119g\u00f3w jednomandatowych","datePublished":"2012-09-05T07:44:13+00:00","dateModified":"2012-09-05T07:44:47+00:00","mainEntityOfPage":{"@id":"https:\/\/www.mojabochnia.pl\/?p=77686"},"wordCount":672,"publisher":{"@id":"https:\/\/www.mojabochnia.pl\/#organization"},"keywords":["komisja wyborcza","okr\u0119gi jednomandatowe","okr\u0119gi wyborcze","rada miejska","radni","sesja","wybory","wybory samorz\u0105dowe"],"articleSection":["2_ostatnie","polityka i wydarzenia","tematyka"],"inLanguage":"pl-PL"},{"@type":"WebPage","@id":"https:\/\/www.mojabochnia.pl\/?p=77686","url":"https:\/\/www.mojabochnia.pl\/?p=77686","name":"Bochnia podzielona na 21 okr\u0119g\u00f3w jednomandatowych - mojabochnia.pl - portal informacyjny","isPartOf":{"@id":"https:\/\/www.mojabochnia.pl\/#website"},"datePublished":"2012-09-05T07:44:13+00:00","dateModified":"2012-09-05T07:44:47+00:00","breadcrumb":{"@id":"https:\/\/www.mojabochnia.pl\/?p=77686#breadcrumb"},"inLanguage":"pl-PL","potentialAction":[{"@type":"ReadAction","target":["https:\/\/www.mojabochnia.pl\/?p=77686"]}]},{"@type":"BreadcrumbList","@id":"https:\/\/www.mojabochnia.pl\/?p=77686#breadcrumb","itemListElement":[{"@type":"ListItem","position":1,"name":"Home","item":"https:\/\/www.mojabochnia.pl\/"},{"@type":"ListItem","position":2,"name":"Bochnia podzielona na 21 okr\u0119g\u00f3w jednomandatowych"}]},{"@type":"WebSite","@id":"https:\/\/www.mojabochnia.pl\/#website","url":"https:\/\/www.mojabochnia.pl\/","name":"mojabochnia.pl - portal informacyjny","description":"mojaBochnia to portal informacyjny o Bochni. Codziennie o Bochni piszemy i pokazujemy najwa\u017cniejsze wydarzenia","publisher":{"@id":"https:\/\/www.mojabochnia.pl\/#organization"},"potentialAction":[{"@type":"SearchAction","target":{"@type":"EntryPoint","urlTemplate":"https:\/\/www.mojabochnia.pl\/?s={search_term_string}"},"query-input":{"@type":"PropertyValueSpecification","valueRequired":true,"valueName":"search_term_string"}}],"inLanguage":"pl-PL"},{"@type":"Organization","@id":"https:\/\/www.mojabochnia.pl\/#organization","name":"mojabochnia.pl - portal informacyjny","url":"https:\/\/www.mojabochnia.pl\/","logo":{"@type":"ImageObject","inLanguage":"pl-PL","@id":"https:\/\/www.mojabochnia.pl\/#\/schema\/logo\/image\/","url":"https:\/\/www.mojabochnia.pl\/wp-content\/uploads\/2017\/08\/logo-mb-opt.png","contentUrl":"https:\/\/www.mojabochnia.pl\/wp-content\/uploads\/2017\/08\/logo-mb-opt.png","width":250,"height":48,"caption":"mojabochnia.pl - portal informacyjny"},"image":{"@id":"https:\/\/www.mojabochnia.pl\/#\/schema\/logo\/image\/"},"sameAs":["https:\/\/www.facebook.com\/mojabochnia"]},{"@type":"Person","@id":"https:\/\/www.mojabochnia.pl\/#\/schema\/person\/ea042e4724a77627963f02166828ead4","name":"Pawe\u0142 Michalczyk","url":"https:\/\/www.mojabochnia.pl\/?author=4"}]}},"_links":{"self":[{"href":"https:\/\/www.mojabochnia.pl\/index.php?rest_route=\/wp\/v2\/posts\/77686","targetHints":{"allow":["GET"]}}],"collection":[{"href":"https:\/\/www.mojabochnia.pl\/index.php?rest_route=\/wp\/v2\/posts"}],"about":[{"href":"https:\/\/www.mojabochnia.pl\/index.php?rest_route=\/wp\/v2\/types\/post"}],"author":[{"embeddable":true,"href":"https:\/\/www.mojabochnia.pl\/index.php?rest_route=\/wp\/v2\/users\/4"}],"replies":[{"embeddable":true,"href":"https:\/\/www.mojabochnia.pl\/index.php?rest_route=%2Fwp%2Fv2%2Fcomments&post=77686"}],"version-history":[{"count":8,"href":"https:\/\/www.mojabochnia.pl\/index.php?rest_route=\/wp\/v2\/posts\/77686\/revisions"}],"predecessor-version":[{"id":77734,"href":"https:\/\/www.mojabochnia.pl\/index.php?rest_route=\/wp\/v2\/posts\/77686\/revisions\/77734"}],"wp:attachment":[{"href":"https:\/\/www.mojabochnia.pl\/index.php?rest_route=%2Fwp%2Fv2%2Fmedia&parent=77686"}],"wp:term":[{"taxonomy":"category","embeddable":true,"href":"https:\/\/www.mojabochnia.pl\/index.php?rest_route=%2Fwp%2Fv2%2Fcategories&post=77686"},{"taxonomy":"post_tag","embeddable":true,"href":"https:\/\/www.mojabochnia.pl\/index.php?rest_route=%2Fwp%2Fv2%2Ftags&post=77686"}],"curies":[{"name":"wp","href":"https:\/\/api.w.org\/{rel}","templated":true}]}}