{"id":77226,"date":"2012-08-28T11:30:47","date_gmt":"2012-08-28T09:30:47","guid":{"rendered":"http:\/\/www.mojabochnia.pl\/?p=77226"},"modified":"2012-08-28T11:31:18","modified_gmt":"2012-08-28T09:31:18","slug":"koncert-orkiestr-detych-z-bochni-i-bad-salzdetfurth","status":"publish","type":"post","link":"https:\/\/www.mojabochnia.pl\/?p=77226","title":{"rendered":"Koncert orkiestr d\u0119tych z Bochni i Bad Salzdetfurth"},"content":{"rendered":"<p>Podczas koncertu, zorganizowanego w ramach odbywaj\u0105cych si\u0119 w tym czasie \u201eDni Partnerstwa\u201d, zostanie wr\u0119czony tytu\u0142 \u201eHonorowy Ambasador Kr\u00f3lewsko-G\u00f3rniczego Miasta Bochnia\u201d Janowi Ludydze z Bad Salzdetfurth. Ten zaszczytny tytu\u0142 Janowi Ludydze przyzna\u0142a Kapitu\u0142a Tytu\u0142u, w uznaniu jego wieloletnich dzia\u0142a\u0144 na rzecz rozwoju kontakt\u00f3w pomi\u0119dzy spo\u0142eczno\u015bciami Bochni i Badu.<\/p>\n<p>Przypomnijmy: wsp\u00f3\u0142praca mi\u0119dzy Bochni\u0105 i Bad Salzdetfurth rozpocz\u0119\u0142a si\u0119 w 1996 roku i zaowocowa\u0142a podpisaniem umowy o wzajemnej wsp\u00f3\u0142pracy i partnerstwie w kwietniu 2001 roku w ramach \u201eDni Partnerstwa\u201d (umow\u0119 ratyfikowano w Badzie jesieni\u0105 2001 r.).<\/p>\n<p>Kontakty z Badem s\u0105 cz\u0119ste i szerokie. Wsp\u00f3\u0142pracuj\u0105 muzea (liczne wystawy i odczyty w obydwu miastach), szko\u0142y (wsp\u00f3\u0142pracuj\u0105ce ze sob\u0105 Gimnazjum nr 1 w Bochni i Hauptschule und Realschule w Bad Salzdetfurth stale pozyskuj\u0105 \u015brodki z Unii Europejskiej na regularnie prowadzon\u0105 wymian\u0119).<\/p>\n<p>Dobr\u0105 wsp\u00f3\u0142prac\u0119 nawi\u0105za\u0142y i kontynuuj\u0105 Orkiestry Kopal\u0144 Soli i sportowcy. Ci ostatni na wzajemne kontakty r\u00f3wnie\u017c pozyskuj\u0105 fundusze z UE oraz od organizacji Polsko-Niemiecka Wsp\u00f3\u0142praca M\u0142odzie\u017cy z siedzib\u0105 w Poczdamie.<\/p>\n<p>W\u0142adze Bad Salzdetfurth dofinansowa\u0142y kwot\u0105 blisko 7 tys. euro zakup samochodu specjalistycznego dla boche\u0144skiej Pa\u0144stwowej Stra\u017cy Po\u017carnej oraz motopompy dla OSP Do\u0142uszyce.<\/p>\n<p>Podczas tegorocznych \u201eDni Partnerstwa\u201d, ich uczestnicy \u2013 delegacje miast partnerskich \u2013 poznaj\u0105 wszystkie nowe atrakcje Bochni. Zwiedz\u0105 podziemn\u0105 tras\u0119 multimedialn\u0105 w Kopalni Soli, Muzeum Motyli, odwiedz\u0105 nowoczesn\u0105 stacj\u0119 uzdatniania wody w MPWiK, wezm\u0105 te\u017c udzia\u0142 w obchodach 73. rocznicy wybuchu II wojny \u015bwiatowej.<\/p>\n<p>Impreza odb\u0119dzie si\u0119 w czwartek 30 sierpnia o godzinie 18.30 na boche\u0144skim Rynku (w razie niepogody w Oratorium \u015awi\u0119tej Kingi).<\/p>\n","protected":false},"excerpt":{"rendered":"<p>W czwartek na boche\u0144skim Rynku odb\u0119dzie si\u0119 koncert g\u00f3rniczych orkiestr d\u0119tych z Bochni i Bad Saldetfurth \u2013 partnerskiego miasta Bochni. Zostanie te\u017c wr\u0119czony tytu\u0142 \u201eHonorowy Ambasador Kr\u00f3lewsko-G\u00f3rniczego Miasta Bochnia\u201d.<\/p>\n","protected":false},"author":4,"featured_media":0,"comment_status":"open","ping_status":"closed","sticky":false,"template":"","format":"standard","meta":{"_acf_changed":false,"footnotes":""},"categories":[5,92,6250],"tags":[6509,17108,4004,18092],"class_list":["post-77226","post","type-post","status-publish","format-standard","hentry","category-biezace-wydarzenia","category-kultura","category-tematyka","tag-bad-salzdetfurth","tag-koncert","tag-orkiestra-deta","tag-orkiestra-gornicza","main_tag-koncert"],"acf":[],"yoast_head":"<!-- This site is optimized with the Yoast SEO plugin v26.9 - https:\/\/yoast.com\/product\/yoast-seo-wordpress\/ -->\n<title>Koncert orkiestr d\u0119tych z Bochni i Bad Salzdetfurth - mojabochnia.pl - portal informacyjny<\/title>\n<meta name=\"robots\" content=\"index, follow, max-snippet:-1, max-image-preview:large, max-video-preview:-1\" \/>\n<link rel=\"canonical\" href=\"https:\/\/www.mojabochnia.pl\/?p=77226\" \/>\n<meta property=\"og:locale\" content=\"pl_PL\" \/>\n<meta property=\"og:type\" content=\"article\" \/>\n<meta property=\"og:title\" content=\"Koncert orkiestr d\u0119tych z Bochni i Bad Salzdetfurth - mojabochnia.pl - portal informacyjny\" \/>\n<meta property=\"og:description\" content=\"W czwartek na boche\u0144skim Rynku odb\u0119dzie si\u0119 koncert g\u00f3rniczych orkiestr d\u0119tych z Bochni i Bad Saldetfurth \u2013 partnerskiego miasta Bochni. Zostanie te\u017c wr\u0119czony tytu\u0142 \u201eHonorowy Ambasador Kr\u00f3lewsko-G\u00f3rniczego Miasta Bochnia\u201d.\" \/>\n<meta property=\"og:url\" content=\"https:\/\/www.mojabochnia.pl\/?p=77226\" \/>\n<meta property=\"og:site_name\" content=\"mojabochnia.pl - portal informacyjny\" \/>\n<meta property=\"article:publisher\" content=\"https:\/\/www.facebook.com\/mojabochnia\" \/>\n<meta property=\"article:published_time\" content=\"2012-08-28T09:30:47+00:00\" \/>\n<meta property=\"article:modified_time\" content=\"2012-08-28T09:31:18+00:00\" \/>\n<meta name=\"author\" content=\"Pawe\u0142 Michalczyk\" \/>\n<meta name=\"twitter:card\" content=\"summary_large_image\" \/>\n<meta name=\"twitter:label1\" content=\"Written by\" \/>\n\t<meta name=\"twitter:data1\" content=\"Pawe\u0142 Michalczyk\" \/>\n\t<meta name=\"twitter:label2\" content=\"Est. reading time\" \/>\n\t<meta name=\"twitter:data2\" content=\"1 minuta\" \/>\n<script type=\"application\/ld+json\" class=\"yoast-schema-graph\">{\"@context\":\"https:\/\/schema.org\",\"@graph\":[{\"@type\":\"Article\",\"@id\":\"https:\/\/www.mojabochnia.pl\/?p=77226#article\",\"isPartOf\":{\"@id\":\"https:\/\/www.mojabochnia.pl\/?p=77226\"},\"author\":{\"name\":\"Pawe\u0142 Michalczyk\",\"@id\":\"https:\/\/www.mojabochnia.pl\/#\/schema\/person\/ea042e4724a77627963f02166828ead4\"},\"headline\":\"Koncert orkiestr d\u0119tych z Bochni i Bad Salzdetfurth\",\"datePublished\":\"2012-08-28T09:30:47+00:00\",\"dateModified\":\"2012-08-28T09:31:18+00:00\",\"mainEntityOfPage\":{\"@id\":\"https:\/\/www.mojabochnia.pl\/?p=77226\"},\"wordCount\":278,\"commentCount\":0,\"publisher\":{\"@id\":\"https:\/\/www.mojabochnia.pl\/#organization\"},\"keywords\":[\"bad salzdetfurth\",\"koncert\",\"orkiestra d\u0119ta\",\"orkiestra g\u00f3rnicza\"],\"articleSection\":[\"2_ostatnie\",\"kultura\",\"tematyka\"],\"inLanguage\":\"pl-PL\",\"potentialAction\":[{\"@type\":\"CommentAction\",\"name\":\"Comment\",\"target\":[\"https:\/\/www.mojabochnia.pl\/?p=77226#respond\"]}]},{\"@type\":\"WebPage\",\"@id\":\"https:\/\/www.mojabochnia.pl\/?p=77226\",\"url\":\"https:\/\/www.mojabochnia.pl\/?p=77226\",\"name\":\"Koncert orkiestr d\u0119tych z Bochni i Bad Salzdetfurth - mojabochnia.pl - portal informacyjny\",\"isPartOf\":{\"@id\":\"https:\/\/www.mojabochnia.pl\/#website\"},\"datePublished\":\"2012-08-28T09:30:47+00:00\",\"dateModified\":\"2012-08-28T09:31:18+00:00\",\"breadcrumb\":{\"@id\":\"https:\/\/www.mojabochnia.pl\/?p=77226#breadcrumb\"},\"inLanguage\":\"pl-PL\",\"potentialAction\":[{\"@type\":\"ReadAction\",\"target\":[\"https:\/\/www.mojabochnia.pl\/?p=77226\"]}]},{\"@type\":\"BreadcrumbList\",\"@id\":\"https:\/\/www.mojabochnia.pl\/?p=77226#breadcrumb\",\"itemListElement\":[{\"@type\":\"ListItem\",\"position\":1,\"name\":\"Home\",\"item\":\"https:\/\/www.mojabochnia.pl\/\"},{\"@type\":\"ListItem\",\"position\":2,\"name\":\"Koncert orkiestr d\u0119tych z Bochni i Bad Salzdetfurth\"}]},{\"@type\":\"WebSite\",\"@id\":\"https:\/\/www.mojabochnia.pl\/#website\",\"url\":\"https:\/\/www.mojabochnia.pl\/\",\"name\":\"mojabochnia.pl - portal informacyjny\",\"description\":\"mojaBochnia to portal informacyjny o Bochni. Codziennie o Bochni piszemy i pokazujemy najwa\u017cniejsze wydarzenia\",\"publisher\":{\"@id\":\"https:\/\/www.mojabochnia.pl\/#organization\"},\"potentialAction\":[{\"@type\":\"SearchAction\",\"target\":{\"@type\":\"EntryPoint\",\"urlTemplate\":\"https:\/\/www.mojabochnia.pl\/?s={search_term_string}\"},\"query-input\":{\"@type\":\"PropertyValueSpecification\",\"valueRequired\":true,\"valueName\":\"search_term_string\"}}],\"inLanguage\":\"pl-PL\"},{\"@type\":\"Organization\",\"@id\":\"https:\/\/www.mojabochnia.pl\/#organization\",\"name\":\"mojabochnia.pl - portal informacyjny\",\"url\":\"https:\/\/www.mojabochnia.pl\/\",\"logo\":{\"@type\":\"ImageObject\",\"inLanguage\":\"pl-PL\",\"@id\":\"https:\/\/www.mojabochnia.pl\/#\/schema\/logo\/image\/\",\"url\":\"https:\/\/www.mojabochnia.pl\/wp-content\/uploads\/2017\/08\/logo-mb-opt.png\",\"contentUrl\":\"https:\/\/www.mojabochnia.pl\/wp-content\/uploads\/2017\/08\/logo-mb-opt.png\",\"width\":250,\"height\":48,\"caption\":\"mojabochnia.pl - portal informacyjny\"},\"image\":{\"@id\":\"https:\/\/www.mojabochnia.pl\/#\/schema\/logo\/image\/\"},\"sameAs\":[\"https:\/\/www.facebook.com\/mojabochnia\"]},{\"@type\":\"Person\",\"@id\":\"https:\/\/www.mojabochnia.pl\/#\/schema\/person\/ea042e4724a77627963f02166828ead4\",\"name\":\"Pawe\u0142 Michalczyk\",\"url\":\"https:\/\/www.mojabochnia.pl\/?author=4\"}]}<\/script>\n<!-- \/ Yoast SEO plugin. -->","yoast_head_json":{"title":"Koncert orkiestr d\u0119tych z Bochni i Bad Salzdetfurth - mojabochnia.pl - portal informacyjny","robots":{"index":"index","follow":"follow","max-snippet":"max-snippet:-1","max-image-preview":"max-image-preview:large","max-video-preview":"max-video-preview:-1"},"canonical":"https:\/\/www.mojabochnia.pl\/?p=77226","og_locale":"pl_PL","og_type":"article","og_title":"Koncert orkiestr d\u0119tych z Bochni i Bad Salzdetfurth - mojabochnia.pl - portal informacyjny","og_description":"W czwartek na boche\u0144skim Rynku odb\u0119dzie si\u0119 koncert g\u00f3rniczych orkiestr d\u0119tych z Bochni i Bad Saldetfurth \u2013 partnerskiego miasta Bochni. Zostanie te\u017c wr\u0119czony tytu\u0142 \u201eHonorowy Ambasador Kr\u00f3lewsko-G\u00f3rniczego Miasta Bochnia\u201d.","og_url":"https:\/\/www.mojabochnia.pl\/?p=77226","og_site_name":"mojabochnia.pl - portal informacyjny","article_publisher":"https:\/\/www.facebook.com\/mojabochnia","article_published_time":"2012-08-28T09:30:47+00:00","article_modified_time":"2012-08-28T09:31:18+00:00","author":"Pawe\u0142 Michalczyk","twitter_card":"summary_large_image","twitter_misc":{"Written by":"Pawe\u0142 Michalczyk","Est. reading time":"1 minuta"},"schema":{"@context":"https:\/\/schema.org","@graph":[{"@type":"Article","@id":"https:\/\/www.mojabochnia.pl\/?p=77226#article","isPartOf":{"@id":"https:\/\/www.mojabochnia.pl\/?p=77226"},"author":{"name":"Pawe\u0142 Michalczyk","@id":"https:\/\/www.mojabochnia.pl\/#\/schema\/person\/ea042e4724a77627963f02166828ead4"},"headline":"Koncert orkiestr d\u0119tych z Bochni i Bad Salzdetfurth","datePublished":"2012-08-28T09:30:47+00:00","dateModified":"2012-08-28T09:31:18+00:00","mainEntityOfPage":{"@id":"https:\/\/www.mojabochnia.pl\/?p=77226"},"wordCount":278,"commentCount":0,"publisher":{"@id":"https:\/\/www.mojabochnia.pl\/#organization"},"keywords":["bad salzdetfurth","koncert","orkiestra d\u0119ta","orkiestra g\u00f3rnicza"],"articleSection":["2_ostatnie","kultura","tematyka"],"inLanguage":"pl-PL","potentialAction":[{"@type":"CommentAction","name":"Comment","target":["https:\/\/www.mojabochnia.pl\/?p=77226#respond"]}]},{"@type":"WebPage","@id":"https:\/\/www.mojabochnia.pl\/?p=77226","url":"https:\/\/www.mojabochnia.pl\/?p=77226","name":"Koncert orkiestr d\u0119tych z Bochni i Bad Salzdetfurth - mojabochnia.pl - portal informacyjny","isPartOf":{"@id":"https:\/\/www.mojabochnia.pl\/#website"},"datePublished":"2012-08-28T09:30:47+00:00","dateModified":"2012-08-28T09:31:18+00:00","breadcrumb":{"@id":"https:\/\/www.mojabochnia.pl\/?p=77226#breadcrumb"},"inLanguage":"pl-PL","potentialAction":[{"@type":"ReadAction","target":["https:\/\/www.mojabochnia.pl\/?p=77226"]}]},{"@type":"BreadcrumbList","@id":"https:\/\/www.mojabochnia.pl\/?p=77226#breadcrumb","itemListElement":[{"@type":"ListItem","position":1,"name":"Home","item":"https:\/\/www.mojabochnia.pl\/"},{"@type":"ListItem","position":2,"name":"Koncert orkiestr d\u0119tych z Bochni i Bad Salzdetfurth"}]},{"@type":"WebSite","@id":"https:\/\/www.mojabochnia.pl\/#website","url":"https:\/\/www.mojabochnia.pl\/","name":"mojabochnia.pl - portal informacyjny","description":"mojaBochnia to portal informacyjny o Bochni. Codziennie o Bochni piszemy i pokazujemy najwa\u017cniejsze wydarzenia","publisher":{"@id":"https:\/\/www.mojabochnia.pl\/#organization"},"potentialAction":[{"@type":"SearchAction","target":{"@type":"EntryPoint","urlTemplate":"https:\/\/www.mojabochnia.pl\/?s={search_term_string}"},"query-input":{"@type":"PropertyValueSpecification","valueRequired":true,"valueName":"search_term_string"}}],"inLanguage":"pl-PL"},{"@type":"Organization","@id":"https:\/\/www.mojabochnia.pl\/#organization","name":"mojabochnia.pl - portal informacyjny","url":"https:\/\/www.mojabochnia.pl\/","logo":{"@type":"ImageObject","inLanguage":"pl-PL","@id":"https:\/\/www.mojabochnia.pl\/#\/schema\/logo\/image\/","url":"https:\/\/www.mojabochnia.pl\/wp-content\/uploads\/2017\/08\/logo-mb-opt.png","contentUrl":"https:\/\/www.mojabochnia.pl\/wp-content\/uploads\/2017\/08\/logo-mb-opt.png","width":250,"height":48,"caption":"mojabochnia.pl - portal informacyjny"},"image":{"@id":"https:\/\/www.mojabochnia.pl\/#\/schema\/logo\/image\/"},"sameAs":["https:\/\/www.facebook.com\/mojabochnia"]},{"@type":"Person","@id":"https:\/\/www.mojabochnia.pl\/#\/schema\/person\/ea042e4724a77627963f02166828ead4","name":"Pawe\u0142 Michalczyk","url":"https:\/\/www.mojabochnia.pl\/?author=4"}]}},"_links":{"self":[{"href":"https:\/\/www.mojabochnia.pl\/index.php?rest_route=\/wp\/v2\/posts\/77226","targetHints":{"allow":["GET"]}}],"collection":[{"href":"https:\/\/www.mojabochnia.pl\/index.php?rest_route=\/wp\/v2\/posts"}],"about":[{"href":"https:\/\/www.mojabochnia.pl\/index.php?rest_route=\/wp\/v2\/types\/post"}],"author":[{"embeddable":true,"href":"https:\/\/www.mojabochnia.pl\/index.php?rest_route=\/wp\/v2\/users\/4"}],"replies":[{"embeddable":true,"href":"https:\/\/www.mojabochnia.pl\/index.php?rest_route=%2Fwp%2Fv2%2Fcomments&post=77226"}],"version-history":[{"count":5,"href":"https:\/\/www.mojabochnia.pl\/index.php?rest_route=\/wp\/v2\/posts\/77226\/revisions"}],"predecessor-version":[{"id":77231,"href":"https:\/\/www.mojabochnia.pl\/index.php?rest_route=\/wp\/v2\/posts\/77226\/revisions\/77231"}],"wp:attachment":[{"href":"https:\/\/www.mojabochnia.pl\/index.php?rest_route=%2Fwp%2Fv2%2Fmedia&parent=77226"}],"wp:term":[{"taxonomy":"category","embeddable":true,"href":"https:\/\/www.mojabochnia.pl\/index.php?rest_route=%2Fwp%2Fv2%2Fcategories&post=77226"},{"taxonomy":"post_tag","embeddable":true,"href":"https:\/\/www.mojabochnia.pl\/index.php?rest_route=%2Fwp%2Fv2%2Ftags&post=77226"}],"curies":[{"name":"wp","href":"https:\/\/api.w.org\/{rel}","templated":true}]}}