{"id":77213,"date":"2012-08-27T14:30:56","date_gmt":"2012-08-27T12:30:56","guid":{"rendered":"http:\/\/www.mojabochnia.pl\/?p=77213"},"modified":"2012-08-27T14:31:21","modified_gmt":"2012-08-27T12:31:21","slug":"ustawa-smieciowa-10-tys-ulotek-trafi-do-mieszkancow-bochni","status":"publish","type":"post","link":"https:\/\/www.mojabochnia.pl\/?p=77213","title":{"rendered":"Ustawa \u015bmieciowa: 10 tys. ulotek trafi do mieszka\u0144c\u00f3w Bochni"},"content":{"rendered":"<p>Og\u00f3\u0142em zostanie rozkolportowanych 10 tys. ulotek. Plakaty informacyjne znajd\u0105 si\u0119 we wszystkich budynkach u\u017cyteczno\u015bci publicznej oraz na tablicach i s\u0142upach og\u0142oszeniowych. <\/p>\n<p>Od lipca 2013 roku ca\u0142kowicie zmieni\u0105 si\u0119 zasady odbioru odpad\u00f3w. Zgodnie z nowymi przepisami mieszka\u0144cy nie b\u0119d\u0105 ju\u017c podpisywa\u0107 um\u00f3w z firm\u0105 odbieraj\u0105c\u0105 \u015bmieci, zrobi to gmina, kt\u00f3ra na\u0142o\u017cy na wszystkich mieszka\u0144c\u00f3w obligatoryjn\u0105 op\u0142at\u0119 lokaln\u0105 z tego tytu\u0142u.<\/p>\n<p>Stawki i spos\u00f3b naliczania op\u0142at za odbieranie odpad\u00f3w a tak\u017ce tryb, spos\u00f3b i cz\u0119stotliwo\u015b\u0107 jej wnoszenia ustali Rada Miasta w drodze uchwa\u0142y. Zgodnie z zapisami nowej ustawy o utrzymaniu czysto\u015bci i porz\u0105dku w gminach op\u0142ata za odpady posegregowane b\u0119dzie ni\u017csza.<\/p>\n<p>Gmina w drodze przetargu wy\u0142oni firm\u0119, kt\u00f3ra b\u0119dzie odbiera\u0107 odpady od mieszka\u0144c\u00f3w z terenu ca\u0142ej gminy, zar\u00f3wno odpady zmieszane, jak i posegregowane. Ustawodawca wprowadzi\u0142 tak\u017ce wym\u00f3g zorganizowania punkt\u00f3w selektywnego zbierania odpad\u00f3w, do kt\u00f3rych wszyscy mieszka\u0144cy b\u0119d\u0105 mogli odda\u0107 zebrane odpady.<\/p>\n<p>We wrze\u015bniu Radnym Miasta Bochni zostan\u0105 przedstawione projekty uchwa\u0142 w tej sprawie, kiedy przyjm\u0105 one ostateczny kszta\u0142t i zostan\u0105 przez Radnych przeg\u0142osowane ruszy drugi etap kampanii, w kt\u00f3rym Magistrat poinformuje o stawkach, ostatecznym sposobie i miejscach zbi\u00f3rki odpad\u00f3w na terenie miasta Bochni.<\/p>\n","protected":false},"excerpt":{"rendered":"<p>Od dzisiaj do ko\u0144ca tygodnia do skrzynek na listy wszystkich gospodarstw domowych, za po\u015brednictwem listonoszy, dotr\u0105 ulotki wyja\u015bniaj\u0105ce jak po zmianach b\u0119dzie wygl\u0105da\u0142 spos\u00f3b odbioru \u015bmieci. W ten spos\u00f3b Urz\u0105d Miasta rozpocz\u0105\u0142 kampani\u0119 informacyjn\u0105 dotycz\u0105c\u0105 zmian w systemie gospodarowania odpadami.<\/p>\n","protected":false},"author":8,"featured_media":0,"comment_status":"open","ping_status":"closed","sticky":false,"template":"","format":"standard","meta":{"_acf_changed":false,"footnotes":""},"categories":[5,6251,6250],"tags":[17319,17303,17240,11315,17845],"class_list":["post-77213","post","type-post","status-publish","format-standard","hentry","category-biezace-wydarzenia","category-polityka-i-wydarzenia","category-tematyka","tag-kampania","tag-smieci","tag-ustawa","tag-ustawa-smieciowa","tag-wysypisko","main_tag-smieci"],"acf":[],"yoast_head":"<!-- This site is optimized with the Yoast SEO plugin v26.9 - https:\/\/yoast.com\/product\/yoast-seo-wordpress\/ -->\n<title>Ustawa \u015bmieciowa: 10 tys. ulotek trafi do mieszka\u0144c\u00f3w Bochni - mojabochnia.pl - portal informacyjny<\/title>\n<meta name=\"robots\" content=\"index, follow, max-snippet:-1, max-image-preview:large, max-video-preview:-1\" \/>\n<link rel=\"canonical\" href=\"https:\/\/www.mojabochnia.pl\/?p=77213\" \/>\n<meta property=\"og:locale\" content=\"pl_PL\" \/>\n<meta property=\"og:type\" content=\"article\" \/>\n<meta property=\"og:title\" content=\"Ustawa \u015bmieciowa: 10 tys. ulotek trafi do mieszka\u0144c\u00f3w Bochni - mojabochnia.pl - portal informacyjny\" \/>\n<meta property=\"og:description\" content=\"Od dzisiaj do ko\u0144ca tygodnia do skrzynek na listy wszystkich gospodarstw domowych, za po\u015brednictwem listonoszy, dotr\u0105 ulotki wyja\u015bniaj\u0105ce jak po zmianach b\u0119dzie wygl\u0105da\u0142 spos\u00f3b odbioru \u015bmieci. W ten spos\u00f3b Urz\u0105d Miasta rozpocz\u0105\u0142 kampani\u0119 informacyjn\u0105 dotycz\u0105c\u0105 zmian w systemie gospodarowania odpadami.\" \/>\n<meta property=\"og:url\" content=\"https:\/\/www.mojabochnia.pl\/?p=77213\" \/>\n<meta property=\"og:site_name\" content=\"mojabochnia.pl - portal informacyjny\" \/>\n<meta property=\"article:publisher\" content=\"https:\/\/www.facebook.com\/mojabochnia\" \/>\n<meta property=\"article:published_time\" content=\"2012-08-27T12:30:56+00:00\" \/>\n<meta property=\"article:modified_time\" content=\"2012-08-27T12:31:21+00:00\" \/>\n<meta name=\"author\" content=\"informacja prasowa\" \/>\n<meta name=\"twitter:card\" content=\"summary_large_image\" \/>\n<meta name=\"twitter:label1\" content=\"Written by\" \/>\n\t<meta name=\"twitter:data1\" content=\"informacja prasowa\" \/>\n\t<meta name=\"twitter:label2\" content=\"Est. reading time\" \/>\n\t<meta name=\"twitter:data2\" content=\"1 minuta\" \/>\n<script type=\"application\/ld+json\" class=\"yoast-schema-graph\">{\"@context\":\"https:\/\/schema.org\",\"@graph\":[{\"@type\":\"Article\",\"@id\":\"https:\/\/www.mojabochnia.pl\/?p=77213#article\",\"isPartOf\":{\"@id\":\"https:\/\/www.mojabochnia.pl\/?p=77213\"},\"author\":{\"name\":\"informacja prasowa\",\"@id\":\"https:\/\/www.mojabochnia.pl\/#\/schema\/person\/9e15cf1bcb74043790f124a3130fe41e\"},\"headline\":\"Ustawa \u015bmieciowa: 10 tys. ulotek trafi do mieszka\u0144c\u00f3w Bochni\",\"datePublished\":\"2012-08-27T12:30:56+00:00\",\"dateModified\":\"2012-08-27T12:31:21+00:00\",\"mainEntityOfPage\":{\"@id\":\"https:\/\/www.mojabochnia.pl\/?p=77213\"},\"wordCount\":239,\"commentCount\":0,\"publisher\":{\"@id\":\"https:\/\/www.mojabochnia.pl\/#organization\"},\"keywords\":[\"kampania\",\"\u015bmieci\",\"ustawa\",\"ustawa \u015bmieciowa\",\"wysypisko\"],\"articleSection\":[\"2_ostatnie\",\"polityka i wydarzenia\",\"tematyka\"],\"inLanguage\":\"pl-PL\",\"potentialAction\":[{\"@type\":\"CommentAction\",\"name\":\"Comment\",\"target\":[\"https:\/\/www.mojabochnia.pl\/?p=77213#respond\"]}]},{\"@type\":\"WebPage\",\"@id\":\"https:\/\/www.mojabochnia.pl\/?p=77213\",\"url\":\"https:\/\/www.mojabochnia.pl\/?p=77213\",\"name\":\"Ustawa \u015bmieciowa: 10 tys. ulotek trafi do mieszka\u0144c\u00f3w Bochni - mojabochnia.pl - portal informacyjny\",\"isPartOf\":{\"@id\":\"https:\/\/www.mojabochnia.pl\/#website\"},\"datePublished\":\"2012-08-27T12:30:56+00:00\",\"dateModified\":\"2012-08-27T12:31:21+00:00\",\"breadcrumb\":{\"@id\":\"https:\/\/www.mojabochnia.pl\/?p=77213#breadcrumb\"},\"inLanguage\":\"pl-PL\",\"potentialAction\":[{\"@type\":\"ReadAction\",\"target\":[\"https:\/\/www.mojabochnia.pl\/?p=77213\"]}]},{\"@type\":\"BreadcrumbList\",\"@id\":\"https:\/\/www.mojabochnia.pl\/?p=77213#breadcrumb\",\"itemListElement\":[{\"@type\":\"ListItem\",\"position\":1,\"name\":\"Home\",\"item\":\"https:\/\/www.mojabochnia.pl\/\"},{\"@type\":\"ListItem\",\"position\":2,\"name\":\"Ustawa \u015bmieciowa: 10 tys. ulotek trafi do mieszka\u0144c\u00f3w Bochni\"}]},{\"@type\":\"WebSite\",\"@id\":\"https:\/\/www.mojabochnia.pl\/#website\",\"url\":\"https:\/\/www.mojabochnia.pl\/\",\"name\":\"mojabochnia.pl - portal informacyjny\",\"description\":\"mojaBochnia to portal informacyjny o Bochni. Codziennie o Bochni piszemy i pokazujemy najwa\u017cniejsze wydarzenia\",\"publisher\":{\"@id\":\"https:\/\/www.mojabochnia.pl\/#organization\"},\"potentialAction\":[{\"@type\":\"SearchAction\",\"target\":{\"@type\":\"EntryPoint\",\"urlTemplate\":\"https:\/\/www.mojabochnia.pl\/?s={search_term_string}\"},\"query-input\":{\"@type\":\"PropertyValueSpecification\",\"valueRequired\":true,\"valueName\":\"search_term_string\"}}],\"inLanguage\":\"pl-PL\"},{\"@type\":\"Organization\",\"@id\":\"https:\/\/www.mojabochnia.pl\/#organization\",\"name\":\"mojabochnia.pl - portal informacyjny\",\"url\":\"https:\/\/www.mojabochnia.pl\/\",\"logo\":{\"@type\":\"ImageObject\",\"inLanguage\":\"pl-PL\",\"@id\":\"https:\/\/www.mojabochnia.pl\/#\/schema\/logo\/image\/\",\"url\":\"https:\/\/www.mojabochnia.pl\/wp-content\/uploads\/2017\/08\/logo-mb-opt.png\",\"contentUrl\":\"https:\/\/www.mojabochnia.pl\/wp-content\/uploads\/2017\/08\/logo-mb-opt.png\",\"width\":250,\"height\":48,\"caption\":\"mojabochnia.pl - portal informacyjny\"},\"image\":{\"@id\":\"https:\/\/www.mojabochnia.pl\/#\/schema\/logo\/image\/\"},\"sameAs\":[\"https:\/\/www.facebook.com\/mojabochnia\"]},{\"@type\":\"Person\",\"@id\":\"https:\/\/www.mojabochnia.pl\/#\/schema\/person\/9e15cf1bcb74043790f124a3130fe41e\",\"name\":\"informacja prasowa\",\"sameAs\":[\"http:\/\/\"],\"url\":\"https:\/\/www.mojabochnia.pl\/?author=8\"}]}<\/script>\n<!-- \/ Yoast SEO plugin. -->","yoast_head_json":{"title":"Ustawa \u015bmieciowa: 10 tys. ulotek trafi do mieszka\u0144c\u00f3w Bochni - mojabochnia.pl - portal informacyjny","robots":{"index":"index","follow":"follow","max-snippet":"max-snippet:-1","max-image-preview":"max-image-preview:large","max-video-preview":"max-video-preview:-1"},"canonical":"https:\/\/www.mojabochnia.pl\/?p=77213","og_locale":"pl_PL","og_type":"article","og_title":"Ustawa \u015bmieciowa: 10 tys. ulotek trafi do mieszka\u0144c\u00f3w Bochni - mojabochnia.pl - portal informacyjny","og_description":"Od dzisiaj do ko\u0144ca tygodnia do skrzynek na listy wszystkich gospodarstw domowych, za po\u015brednictwem listonoszy, dotr\u0105 ulotki wyja\u015bniaj\u0105ce jak po zmianach b\u0119dzie wygl\u0105da\u0142 spos\u00f3b odbioru \u015bmieci. W ten spos\u00f3b Urz\u0105d Miasta rozpocz\u0105\u0142 kampani\u0119 informacyjn\u0105 dotycz\u0105c\u0105 zmian w systemie gospodarowania odpadami.","og_url":"https:\/\/www.mojabochnia.pl\/?p=77213","og_site_name":"mojabochnia.pl - portal informacyjny","article_publisher":"https:\/\/www.facebook.com\/mojabochnia","article_published_time":"2012-08-27T12:30:56+00:00","article_modified_time":"2012-08-27T12:31:21+00:00","author":"informacja prasowa","twitter_card":"summary_large_image","twitter_misc":{"Written by":"informacja prasowa","Est. reading time":"1 minuta"},"schema":{"@context":"https:\/\/schema.org","@graph":[{"@type":"Article","@id":"https:\/\/www.mojabochnia.pl\/?p=77213#article","isPartOf":{"@id":"https:\/\/www.mojabochnia.pl\/?p=77213"},"author":{"name":"informacja prasowa","@id":"https:\/\/www.mojabochnia.pl\/#\/schema\/person\/9e15cf1bcb74043790f124a3130fe41e"},"headline":"Ustawa \u015bmieciowa: 10 tys. ulotek trafi do mieszka\u0144c\u00f3w Bochni","datePublished":"2012-08-27T12:30:56+00:00","dateModified":"2012-08-27T12:31:21+00:00","mainEntityOfPage":{"@id":"https:\/\/www.mojabochnia.pl\/?p=77213"},"wordCount":239,"commentCount":0,"publisher":{"@id":"https:\/\/www.mojabochnia.pl\/#organization"},"keywords":["kampania","\u015bmieci","ustawa","ustawa \u015bmieciowa","wysypisko"],"articleSection":["2_ostatnie","polityka i wydarzenia","tematyka"],"inLanguage":"pl-PL","potentialAction":[{"@type":"CommentAction","name":"Comment","target":["https:\/\/www.mojabochnia.pl\/?p=77213#respond"]}]},{"@type":"WebPage","@id":"https:\/\/www.mojabochnia.pl\/?p=77213","url":"https:\/\/www.mojabochnia.pl\/?p=77213","name":"Ustawa \u015bmieciowa: 10 tys. ulotek trafi do mieszka\u0144c\u00f3w Bochni - mojabochnia.pl - portal informacyjny","isPartOf":{"@id":"https:\/\/www.mojabochnia.pl\/#website"},"datePublished":"2012-08-27T12:30:56+00:00","dateModified":"2012-08-27T12:31:21+00:00","breadcrumb":{"@id":"https:\/\/www.mojabochnia.pl\/?p=77213#breadcrumb"},"inLanguage":"pl-PL","potentialAction":[{"@type":"ReadAction","target":["https:\/\/www.mojabochnia.pl\/?p=77213"]}]},{"@type":"BreadcrumbList","@id":"https:\/\/www.mojabochnia.pl\/?p=77213#breadcrumb","itemListElement":[{"@type":"ListItem","position":1,"name":"Home","item":"https:\/\/www.mojabochnia.pl\/"},{"@type":"ListItem","position":2,"name":"Ustawa \u015bmieciowa: 10 tys. ulotek trafi do mieszka\u0144c\u00f3w Bochni"}]},{"@type":"WebSite","@id":"https:\/\/www.mojabochnia.pl\/#website","url":"https:\/\/www.mojabochnia.pl\/","name":"mojabochnia.pl - portal informacyjny","description":"mojaBochnia to portal informacyjny o Bochni. Codziennie o Bochni piszemy i pokazujemy najwa\u017cniejsze wydarzenia","publisher":{"@id":"https:\/\/www.mojabochnia.pl\/#organization"},"potentialAction":[{"@type":"SearchAction","target":{"@type":"EntryPoint","urlTemplate":"https:\/\/www.mojabochnia.pl\/?s={search_term_string}"},"query-input":{"@type":"PropertyValueSpecification","valueRequired":true,"valueName":"search_term_string"}}],"inLanguage":"pl-PL"},{"@type":"Organization","@id":"https:\/\/www.mojabochnia.pl\/#organization","name":"mojabochnia.pl - portal informacyjny","url":"https:\/\/www.mojabochnia.pl\/","logo":{"@type":"ImageObject","inLanguage":"pl-PL","@id":"https:\/\/www.mojabochnia.pl\/#\/schema\/logo\/image\/","url":"https:\/\/www.mojabochnia.pl\/wp-content\/uploads\/2017\/08\/logo-mb-opt.png","contentUrl":"https:\/\/www.mojabochnia.pl\/wp-content\/uploads\/2017\/08\/logo-mb-opt.png","width":250,"height":48,"caption":"mojabochnia.pl - portal informacyjny"},"image":{"@id":"https:\/\/www.mojabochnia.pl\/#\/schema\/logo\/image\/"},"sameAs":["https:\/\/www.facebook.com\/mojabochnia"]},{"@type":"Person","@id":"https:\/\/www.mojabochnia.pl\/#\/schema\/person\/9e15cf1bcb74043790f124a3130fe41e","name":"informacja prasowa","sameAs":["http:\/\/"],"url":"https:\/\/www.mojabochnia.pl\/?author=8"}]}},"_links":{"self":[{"href":"https:\/\/www.mojabochnia.pl\/index.php?rest_route=\/wp\/v2\/posts\/77213","targetHints":{"allow":["GET"]}}],"collection":[{"href":"https:\/\/www.mojabochnia.pl\/index.php?rest_route=\/wp\/v2\/posts"}],"about":[{"href":"https:\/\/www.mojabochnia.pl\/index.php?rest_route=\/wp\/v2\/types\/post"}],"author":[{"embeddable":true,"href":"https:\/\/www.mojabochnia.pl\/index.php?rest_route=\/wp\/v2\/users\/8"}],"replies":[{"embeddable":true,"href":"https:\/\/www.mojabochnia.pl\/index.php?rest_route=%2Fwp%2Fv2%2Fcomments&post=77213"}],"version-history":[{"count":7,"href":"https:\/\/www.mojabochnia.pl\/index.php?rest_route=\/wp\/v2\/posts\/77213\/revisions"}],"predecessor-version":[{"id":77223,"href":"https:\/\/www.mojabochnia.pl\/index.php?rest_route=\/wp\/v2\/posts\/77213\/revisions\/77223"}],"wp:attachment":[{"href":"https:\/\/www.mojabochnia.pl\/index.php?rest_route=%2Fwp%2Fv2%2Fmedia&parent=77213"}],"wp:term":[{"taxonomy":"category","embeddable":true,"href":"https:\/\/www.mojabochnia.pl\/index.php?rest_route=%2Fwp%2Fv2%2Fcategories&post=77213"},{"taxonomy":"post_tag","embeddable":true,"href":"https:\/\/www.mojabochnia.pl\/index.php?rest_route=%2Fwp%2Fv2%2Ftags&post=77213"}],"curies":[{"name":"wp","href":"https:\/\/api.w.org\/{rel}","templated":true}]}}