{"id":77184,"date":"2012-08-28T07:37:34","date_gmt":"2012-08-28T05:37:34","guid":{"rendered":"http:\/\/www.mojabochnia.pl\/?p=77184"},"modified":"2012-08-28T09:23:58","modified_gmt":"2012-08-28T07:23:58","slug":"setki-dzieci-odwiedzily-w-wakacje-straz-pozarna","status":"publish","type":"post","link":"https:\/\/www.mojabochnia.pl\/?p=77184","title":{"rendered":"Setki dzieci odwiedzi\u0142y w wakacje stra\u017c po\u017carn\u0105"},"content":{"rendered":"<p><em>Akcja ma na celu zapozna\u0107 dzieci z naszym zawodem, zaprezentowa\u0107 si\u0119 im jako stra\u017cacy, jak r\u00f3wnie\u017c zapewni\u0107 zwi\u0119kszone bezpiecze\u0144stwo podczas wypoczynku. Przekazujemy r\u00f3wnie\u017c dzieciom wiedz\u0119, jak si\u0119 zachowywa\u0107 w czasie r\u00f3\u017cnych zagro\u017ce\u0144, wypadk\u00f3w, po\u017car\u00f3w, przypominamy o alarmowaniu stra\u017cy po\u017carnej i generalnie o zasadach bezpiecznego wypoczynku<\/em> \u2013 m\u00f3wi Gerard Wydrych, rzecznik prasowy Pa\u0144stwowej Stra\u017cy Po\u017carnej w  Bochni.<\/p>\n<p>W czasie wizyty u stra\u017cak\u00f3w mo\u017cna dowiedzie\u0107 si\u0119 wielu ciekawych szczeg\u00f3\u0142\u00f3w na temat ich pracy. <em>Pokazujemy nasz sprz\u0119t po\u017carniczy, wozy bojowe, zapoznajemy z zawodem stra\u017caka, pokazujemy remiz\u0119. Jest mo\u017cliwo\u015b\u0107 zobaczenia pr\u00f3bnego alarmu stra\u017cy po\u017carnej, czyli jakby wyjazdu do po\u017caru. Gdy s\u0105 sprzyjaj\u0105ce warunki pogodowe, mo\u017cna r\u00f3wnie\u017c zobaczy\u0107 panoram\u0119 Bochni z naszej drabiny mechanicznej<\/em> \u2013 dodaje Gerard Wydrych.<\/p>\n<p>Ci\u0105gle jeszcze mo\u017cna zg\u0142asza\u0107 ch\u0119tnych. <em>Nie musz\u0105 to by\u0107 grupy zorganizowane. Mo\u017ce to by\u0107 rodzic z dzie\u0107mi. Aby obejrze\u0107 stra\u017c po\u017carn\u0105, nale\u017cy wcze\u015bniej do nas zadzwoni\u0107, um\u00f3wi\u0107 si\u0119 na spotkanie, \u017ceby nie by\u0142o kilku grup jednocze\u015bnie<\/em>. <\/p>\n<p>Zwiedzanie boche\u0144skiej stra\u017cnicy mo\u017cna uzgodni\u0107 pod numerem telefonu 14 611 60 97 wewn. 38. <\/p>\n\t  \r\n\t\r\n\t    <div class=\"mb-gallery\">\r\n\t    <a href=\"https:\/\/www.mojabochnia.pl\/?attachment_id=77186\" class=\"\"><img loading=\"lazy\" decoding=\"async\" width=\"100\" height=\"56\" src=\"https:\/\/www.mojabochnia.pl\/wp-content\/uploads\/2012\/08\/IMG_7669.JPG-120x67.jpg\" class=\"attachment-100x100 size-100x100\" alt=\"\" srcset=\"https:\/\/www.mojabochnia.pl\/wp-content\/uploads\/2012\/08\/IMG_7669.JPG-120x67.jpg 120w, https:\/\/www.mojabochnia.pl\/wp-content\/uploads\/2012\/08\/IMG_7669.JPG-468x263.jpg 468w, https:\/\/www.mojabochnia.pl\/wp-content\/uploads\/2012\/08\/IMG_7669.JPG-660x371.jpg 660w, https:\/\/www.mojabochnia.pl\/wp-content\/uploads\/2012\/08\/IMG_7669.JPG.jpg 800w\" sizes=\"auto, (max-width: 100px) 100vw, 100px\" \/><\/a><a href=\"https:\/\/www.mojabochnia.pl\/?attachment_id=77187\" class=\"\"><img loading=\"lazy\" decoding=\"async\" width=\"100\" height=\"56\" src=\"https:\/\/www.mojabochnia.pl\/wp-content\/uploads\/2012\/08\/IMG_7670.JPG-120x67.jpg\" class=\"attachment-100x100 size-100x100\" alt=\"\" srcset=\"https:\/\/www.mojabochnia.pl\/wp-content\/uploads\/2012\/08\/IMG_7670.JPG-120x67.jpg 120w, https:\/\/www.mojabochnia.pl\/wp-content\/uploads\/2012\/08\/IMG_7670.JPG-468x263.jpg 468w, https:\/\/www.mojabochnia.pl\/wp-content\/uploads\/2012\/08\/IMG_7670.JPG-660x371.jpg 660w, https:\/\/www.mojabochnia.pl\/wp-content\/uploads\/2012\/08\/IMG_7670.JPG.jpg 800w\" sizes=\"auto, (max-width: 100px) 100vw, 100px\" \/><\/a><a href=\"https:\/\/www.mojabochnia.pl\/?attachment_id=77188\" class=\"\"><img loading=\"lazy\" decoding=\"async\" width=\"100\" height=\"56\" src=\"https:\/\/www.mojabochnia.pl\/wp-content\/uploads\/2012\/08\/IMG_7671.JPG-120x67.jpg\" class=\"attachment-100x100 size-100x100\" alt=\"\" srcset=\"https:\/\/www.mojabochnia.pl\/wp-content\/uploads\/2012\/08\/IMG_7671.JPG-120x67.jpg 120w, https:\/\/www.mojabochnia.pl\/wp-content\/uploads\/2012\/08\/IMG_7671.JPG-468x263.jpg 468w, https:\/\/www.mojabochnia.pl\/wp-content\/uploads\/2012\/08\/IMG_7671.JPG-660x371.jpg 660w, https:\/\/www.mojabochnia.pl\/wp-content\/uploads\/2012\/08\/IMG_7671.JPG.jpg 800w\" sizes=\"auto, (max-width: 100px) 100vw, 100px\" \/><\/a>\t    <\/div>\r\n\t    ","protected":false},"excerpt":{"rendered":"<p>Kilkaset dzieci zwiedzi\u0142o w te wakacje boche\u0144sk\u0105 komend\u0119 Pa\u0144stwowej Stra\u017cy Po\u017carnej. Akcja Otwarta Stra\u017cnica wci\u0105\u017c trwa, mo\u017cna zg\u0142asza\u0107 ch\u0119tnych do zapoznania sie z zawodem stra\u017caka.<\/p>\n","protected":false},"author":4,"featured_media":0,"comment_status":"open","ping_status":"closed","sticky":false,"template":"","format":"standard","meta":{"_acf_changed":false,"footnotes":""},"categories":[5,6251,6250],"tags":[17328,17326,1746,17755,17141,17166],"class_list":["post-77184","post","type-post","status-publish","format-standard","hentry","category-biezace-wydarzenia","category-polityka-i-wydarzenia","category-tematyka","tag-bezpieczenstwo","tag-dzieci","tag-gerard-wydrych","tag-osp","tag-straz-pozarna","tag-wakacje","main_tag-straz-pozarna"],"acf":[],"yoast_head":"<!-- This site is optimized with the Yoast SEO plugin v26.9 - https:\/\/yoast.com\/product\/yoast-seo-wordpress\/ -->\n<title>Setki dzieci odwiedzi\u0142y w wakacje stra\u017c po\u017carn\u0105 - mojabochnia.pl - portal informacyjny<\/title>\n<meta name=\"robots\" content=\"index, follow, max-snippet:-1, max-image-preview:large, max-video-preview:-1\" \/>\n<link rel=\"canonical\" href=\"https:\/\/www.mojabochnia.pl\/?p=77184\" \/>\n<meta property=\"og:locale\" content=\"pl_PL\" \/>\n<meta property=\"og:type\" content=\"article\" \/>\n<meta property=\"og:title\" content=\"Setki dzieci odwiedzi\u0142y w wakacje stra\u017c po\u017carn\u0105 - mojabochnia.pl - portal informacyjny\" \/>\n<meta property=\"og:description\" content=\"Kilkaset dzieci zwiedzi\u0142o w te wakacje boche\u0144sk\u0105 komend\u0119 Pa\u0144stwowej Stra\u017cy Po\u017carnej. Akcja Otwarta Stra\u017cnica wci\u0105\u017c trwa, mo\u017cna zg\u0142asza\u0107 ch\u0119tnych do zapoznania sie z zawodem stra\u017caka.\" \/>\n<meta property=\"og:url\" content=\"https:\/\/www.mojabochnia.pl\/?p=77184\" \/>\n<meta property=\"og:site_name\" content=\"mojabochnia.pl - portal informacyjny\" \/>\n<meta property=\"article:publisher\" content=\"https:\/\/www.facebook.com\/mojabochnia\" \/>\n<meta property=\"article:published_time\" content=\"2012-08-28T05:37:34+00:00\" \/>\n<meta property=\"article:modified_time\" content=\"2012-08-28T07:23:58+00:00\" \/>\n<meta name=\"author\" content=\"Pawe\u0142 Michalczyk\" \/>\n<meta name=\"twitter:card\" content=\"summary_large_image\" \/>\n<meta name=\"twitter:label1\" content=\"Written by\" \/>\n\t<meta name=\"twitter:data1\" content=\"Pawe\u0142 Michalczyk\" \/>\n\t<meta name=\"twitter:label2\" content=\"Est. reading time\" \/>\n\t<meta name=\"twitter:data2\" content=\"1 minuta\" \/>\n<script type=\"application\/ld+json\" class=\"yoast-schema-graph\">{\"@context\":\"https:\/\/schema.org\",\"@graph\":[{\"@type\":\"Article\",\"@id\":\"https:\/\/www.mojabochnia.pl\/?p=77184#article\",\"isPartOf\":{\"@id\":\"https:\/\/www.mojabochnia.pl\/?p=77184\"},\"author\":{\"name\":\"Pawe\u0142 Michalczyk\",\"@id\":\"https:\/\/www.mojabochnia.pl\/#\/schema\/person\/ea042e4724a77627963f02166828ead4\"},\"headline\":\"Setki dzieci odwiedzi\u0142y w wakacje stra\u017c po\u017carn\u0105\",\"datePublished\":\"2012-08-28T05:37:34+00:00\",\"dateModified\":\"2012-08-28T07:23:58+00:00\",\"mainEntityOfPage\":{\"@id\":\"https:\/\/www.mojabochnia.pl\/?p=77184\"},\"wordCount\":211,\"commentCount\":0,\"publisher\":{\"@id\":\"https:\/\/www.mojabochnia.pl\/#organization\"},\"keywords\":[\"bezpiecze\u0144stwo\",\"dzieci\",\"gerard wydrych\",\"osp\",\"stra\u017c po\u017carna\",\"wakacje\"],\"articleSection\":[\"2_ostatnie\",\"polityka i wydarzenia\",\"tematyka\"],\"inLanguage\":\"pl-PL\",\"potentialAction\":[{\"@type\":\"CommentAction\",\"name\":\"Comment\",\"target\":[\"https:\/\/www.mojabochnia.pl\/?p=77184#respond\"]}]},{\"@type\":\"WebPage\",\"@id\":\"https:\/\/www.mojabochnia.pl\/?p=77184\",\"url\":\"https:\/\/www.mojabochnia.pl\/?p=77184\",\"name\":\"Setki dzieci odwiedzi\u0142y w wakacje stra\u017c po\u017carn\u0105 - mojabochnia.pl - portal informacyjny\",\"isPartOf\":{\"@id\":\"https:\/\/www.mojabochnia.pl\/#website\"},\"datePublished\":\"2012-08-28T05:37:34+00:00\",\"dateModified\":\"2012-08-28T07:23:58+00:00\",\"breadcrumb\":{\"@id\":\"https:\/\/www.mojabochnia.pl\/?p=77184#breadcrumb\"},\"inLanguage\":\"pl-PL\",\"potentialAction\":[{\"@type\":\"ReadAction\",\"target\":[\"https:\/\/www.mojabochnia.pl\/?p=77184\"]}]},{\"@type\":\"BreadcrumbList\",\"@id\":\"https:\/\/www.mojabochnia.pl\/?p=77184#breadcrumb\",\"itemListElement\":[{\"@type\":\"ListItem\",\"position\":1,\"name\":\"Home\",\"item\":\"https:\/\/www.mojabochnia.pl\/\"},{\"@type\":\"ListItem\",\"position\":2,\"name\":\"Setki dzieci odwiedzi\u0142y w wakacje stra\u017c po\u017carn\u0105\"}]},{\"@type\":\"WebSite\",\"@id\":\"https:\/\/www.mojabochnia.pl\/#website\",\"url\":\"https:\/\/www.mojabochnia.pl\/\",\"name\":\"mojabochnia.pl - portal informacyjny\",\"description\":\"mojaBochnia to portal informacyjny o Bochni. Codziennie o Bochni piszemy i pokazujemy najwa\u017cniejsze wydarzenia\",\"publisher\":{\"@id\":\"https:\/\/www.mojabochnia.pl\/#organization\"},\"potentialAction\":[{\"@type\":\"SearchAction\",\"target\":{\"@type\":\"EntryPoint\",\"urlTemplate\":\"https:\/\/www.mojabochnia.pl\/?s={search_term_string}\"},\"query-input\":{\"@type\":\"PropertyValueSpecification\",\"valueRequired\":true,\"valueName\":\"search_term_string\"}}],\"inLanguage\":\"pl-PL\"},{\"@type\":\"Organization\",\"@id\":\"https:\/\/www.mojabochnia.pl\/#organization\",\"name\":\"mojabochnia.pl - portal informacyjny\",\"url\":\"https:\/\/www.mojabochnia.pl\/\",\"logo\":{\"@type\":\"ImageObject\",\"inLanguage\":\"pl-PL\",\"@id\":\"https:\/\/www.mojabochnia.pl\/#\/schema\/logo\/image\/\",\"url\":\"https:\/\/www.mojabochnia.pl\/wp-content\/uploads\/2017\/08\/logo-mb-opt.png\",\"contentUrl\":\"https:\/\/www.mojabochnia.pl\/wp-content\/uploads\/2017\/08\/logo-mb-opt.png\",\"width\":250,\"height\":48,\"caption\":\"mojabochnia.pl - portal informacyjny\"},\"image\":{\"@id\":\"https:\/\/www.mojabochnia.pl\/#\/schema\/logo\/image\/\"},\"sameAs\":[\"https:\/\/www.facebook.com\/mojabochnia\"]},{\"@type\":\"Person\",\"@id\":\"https:\/\/www.mojabochnia.pl\/#\/schema\/person\/ea042e4724a77627963f02166828ead4\",\"name\":\"Pawe\u0142 Michalczyk\",\"url\":\"https:\/\/www.mojabochnia.pl\/?author=4\"}]}<\/script>\n<!-- \/ Yoast SEO plugin. -->","yoast_head_json":{"title":"Setki dzieci odwiedzi\u0142y w wakacje stra\u017c po\u017carn\u0105 - mojabochnia.pl - portal informacyjny","robots":{"index":"index","follow":"follow","max-snippet":"max-snippet:-1","max-image-preview":"max-image-preview:large","max-video-preview":"max-video-preview:-1"},"canonical":"https:\/\/www.mojabochnia.pl\/?p=77184","og_locale":"pl_PL","og_type":"article","og_title":"Setki dzieci odwiedzi\u0142y w wakacje stra\u017c po\u017carn\u0105 - mojabochnia.pl - portal informacyjny","og_description":"Kilkaset dzieci zwiedzi\u0142o w te wakacje boche\u0144sk\u0105 komend\u0119 Pa\u0144stwowej Stra\u017cy Po\u017carnej. Akcja Otwarta Stra\u017cnica wci\u0105\u017c trwa, mo\u017cna zg\u0142asza\u0107 ch\u0119tnych do zapoznania sie z zawodem stra\u017caka.","og_url":"https:\/\/www.mojabochnia.pl\/?p=77184","og_site_name":"mojabochnia.pl - portal informacyjny","article_publisher":"https:\/\/www.facebook.com\/mojabochnia","article_published_time":"2012-08-28T05:37:34+00:00","article_modified_time":"2012-08-28T07:23:58+00:00","author":"Pawe\u0142 Michalczyk","twitter_card":"summary_large_image","twitter_misc":{"Written by":"Pawe\u0142 Michalczyk","Est. reading time":"1 minuta"},"schema":{"@context":"https:\/\/schema.org","@graph":[{"@type":"Article","@id":"https:\/\/www.mojabochnia.pl\/?p=77184#article","isPartOf":{"@id":"https:\/\/www.mojabochnia.pl\/?p=77184"},"author":{"name":"Pawe\u0142 Michalczyk","@id":"https:\/\/www.mojabochnia.pl\/#\/schema\/person\/ea042e4724a77627963f02166828ead4"},"headline":"Setki dzieci odwiedzi\u0142y w wakacje stra\u017c po\u017carn\u0105","datePublished":"2012-08-28T05:37:34+00:00","dateModified":"2012-08-28T07:23:58+00:00","mainEntityOfPage":{"@id":"https:\/\/www.mojabochnia.pl\/?p=77184"},"wordCount":211,"commentCount":0,"publisher":{"@id":"https:\/\/www.mojabochnia.pl\/#organization"},"keywords":["bezpiecze\u0144stwo","dzieci","gerard wydrych","osp","stra\u017c po\u017carna","wakacje"],"articleSection":["2_ostatnie","polityka i wydarzenia","tematyka"],"inLanguage":"pl-PL","potentialAction":[{"@type":"CommentAction","name":"Comment","target":["https:\/\/www.mojabochnia.pl\/?p=77184#respond"]}]},{"@type":"WebPage","@id":"https:\/\/www.mojabochnia.pl\/?p=77184","url":"https:\/\/www.mojabochnia.pl\/?p=77184","name":"Setki dzieci odwiedzi\u0142y w wakacje stra\u017c po\u017carn\u0105 - mojabochnia.pl - portal informacyjny","isPartOf":{"@id":"https:\/\/www.mojabochnia.pl\/#website"},"datePublished":"2012-08-28T05:37:34+00:00","dateModified":"2012-08-28T07:23:58+00:00","breadcrumb":{"@id":"https:\/\/www.mojabochnia.pl\/?p=77184#breadcrumb"},"inLanguage":"pl-PL","potentialAction":[{"@type":"ReadAction","target":["https:\/\/www.mojabochnia.pl\/?p=77184"]}]},{"@type":"BreadcrumbList","@id":"https:\/\/www.mojabochnia.pl\/?p=77184#breadcrumb","itemListElement":[{"@type":"ListItem","position":1,"name":"Home","item":"https:\/\/www.mojabochnia.pl\/"},{"@type":"ListItem","position":2,"name":"Setki dzieci odwiedzi\u0142y w wakacje stra\u017c po\u017carn\u0105"}]},{"@type":"WebSite","@id":"https:\/\/www.mojabochnia.pl\/#website","url":"https:\/\/www.mojabochnia.pl\/","name":"mojabochnia.pl - portal informacyjny","description":"mojaBochnia to portal informacyjny o Bochni. Codziennie o Bochni piszemy i pokazujemy najwa\u017cniejsze wydarzenia","publisher":{"@id":"https:\/\/www.mojabochnia.pl\/#organization"},"potentialAction":[{"@type":"SearchAction","target":{"@type":"EntryPoint","urlTemplate":"https:\/\/www.mojabochnia.pl\/?s={search_term_string}"},"query-input":{"@type":"PropertyValueSpecification","valueRequired":true,"valueName":"search_term_string"}}],"inLanguage":"pl-PL"},{"@type":"Organization","@id":"https:\/\/www.mojabochnia.pl\/#organization","name":"mojabochnia.pl - portal informacyjny","url":"https:\/\/www.mojabochnia.pl\/","logo":{"@type":"ImageObject","inLanguage":"pl-PL","@id":"https:\/\/www.mojabochnia.pl\/#\/schema\/logo\/image\/","url":"https:\/\/www.mojabochnia.pl\/wp-content\/uploads\/2017\/08\/logo-mb-opt.png","contentUrl":"https:\/\/www.mojabochnia.pl\/wp-content\/uploads\/2017\/08\/logo-mb-opt.png","width":250,"height":48,"caption":"mojabochnia.pl - portal informacyjny"},"image":{"@id":"https:\/\/www.mojabochnia.pl\/#\/schema\/logo\/image\/"},"sameAs":["https:\/\/www.facebook.com\/mojabochnia"]},{"@type":"Person","@id":"https:\/\/www.mojabochnia.pl\/#\/schema\/person\/ea042e4724a77627963f02166828ead4","name":"Pawe\u0142 Michalczyk","url":"https:\/\/www.mojabochnia.pl\/?author=4"}]}},"_links":{"self":[{"href":"https:\/\/www.mojabochnia.pl\/index.php?rest_route=\/wp\/v2\/posts\/77184","targetHints":{"allow":["GET"]}}],"collection":[{"href":"https:\/\/www.mojabochnia.pl\/index.php?rest_route=\/wp\/v2\/posts"}],"about":[{"href":"https:\/\/www.mojabochnia.pl\/index.php?rest_route=\/wp\/v2\/types\/post"}],"author":[{"embeddable":true,"href":"https:\/\/www.mojabochnia.pl\/index.php?rest_route=\/wp\/v2\/users\/4"}],"replies":[{"embeddable":true,"href":"https:\/\/www.mojabochnia.pl\/index.php?rest_route=%2Fwp%2Fv2%2Fcomments&post=77184"}],"version-history":[{"count":7,"href":"https:\/\/www.mojabochnia.pl\/index.php?rest_route=\/wp\/v2\/posts\/77184\/revisions"}],"predecessor-version":[{"id":77225,"href":"https:\/\/www.mojabochnia.pl\/index.php?rest_route=\/wp\/v2\/posts\/77184\/revisions\/77225"}],"wp:attachment":[{"href":"https:\/\/www.mojabochnia.pl\/index.php?rest_route=%2Fwp%2Fv2%2Fmedia&parent=77184"}],"wp:term":[{"taxonomy":"category","embeddable":true,"href":"https:\/\/www.mojabochnia.pl\/index.php?rest_route=%2Fwp%2Fv2%2Fcategories&post=77184"},{"taxonomy":"post_tag","embeddable":true,"href":"https:\/\/www.mojabochnia.pl\/index.php?rest_route=%2Fwp%2Fv2%2Ftags&post=77184"}],"curies":[{"name":"wp","href":"https:\/\/api.w.org\/{rel}","templated":true}]}}