{"id":77154,"date":"2012-08-25T11:13:17","date_gmt":"2012-08-25T09:13:17","guid":{"rendered":"http:\/\/www.mojabochnia.pl\/?p=77154"},"modified":"2012-08-25T11:13:17","modified_gmt":"2012-08-25T09:13:17","slug":"przedszkole-w-sp-nr-5-odpowiedz-na-list-otwarty-burmistrza","status":"publish","type":"post","link":"https:\/\/www.mojabochnia.pl\/?p=77154","title":{"rendered":"Przedszkole w SP nr 5: Odpowied\u017a na list otwarty burmistrza"},"content":{"rendered":"<p><strong>Odpowied\u017a na list otwarty Burmistrza Miasta Bochnia<br \/>\nw sprawie oddzia\u0142\u00f3w przedszkolnych w Szkole Podstawowej nr 5<\/strong><\/p>\n<p>W zwi\u0105zku z opublikowanym 20 sierpnia listem otwartym burmistrza pragn\u0119, w imieniu wszystkich os\u00f3b zaanga\u017cowanych w starania o utworzenie oddzia\u0142\u00f3w przedszkolnych w Szkole Podstawowej nr 5, wyrazi\u0107 rozczarowanie og\u0142oszon\u0105 w ten spos\u00f3b odmown\u0105 decyzj\u0105. Postanowi\u0142em jeszcze raz zabra\u0107 g\u0142os i odpowiedzie\u0107 na list burmistrza przede wszystkim z powodu uzasadnienia, kt\u00f3re zawiera niew\u0142a\u015bciw\u0105 w moim przekonaniu ocen\u0119 i prognoz\u0119 sytuacji w boche\u0144skich przedszkolach. S\u0105dz\u0119, \u017ce mieszka\u0144cy Bochni tak licznie podpisani pod petycj\u0105 maj\u0105 prawo pozna\u0107 rzetelny obraz sprawy oraz us\u0142ysze\u0107 argumenty drugiej strony.<\/p>\n<p>Burmistrz podaje dwa g\u0142\u00f3wne powody odmownej decyzji w sprawie utworzenia dodatkowych dw\u00f3ch oddzia\u0142\u00f3w przedszkolnych. Po pierwsze, w jego ocenie przedsi\u0119wzi\u0119cie takie wi\u0105za\u0142oby si\u0119 z \u201eniewsp\u00f3\u0142miernie do efekt\u00f3w wysokimi kosztami\u201d i w zwi\u0105zku z tym utworzenie 50 miejsc przedszkolnych skutkowa\u0142oby  \u201erealnymi szkodami dla samorz\u0105du\u201d . Po drugie, by\u0142by to wydatek jedynie na dwa lata, bo w momencie, gdy sze\u015bciolatki p\u00f3jd\u0105 do szk\u00f3\u0142, przystosowane dla przedszkolak\u00f3w sale w \u201ePi\u0105tce\u201d nie b\u0119d\u0105 ju\u017c potrzebne. Poni\u017cej chcia\u0142bym przedstawi\u0107 wyliczenia i analiz\u0119, kt\u00f3re prowadz\u0105 do zupe\u0142nie odmiennych wniosk\u00f3w.<br \/>\n<strong><br \/>\nZbyt wysokie koszty?<\/strong><\/p>\n<p>Przygotowany w lipcu kosztorys otwarcia i rocznego funkcjonowania dw\u00f3ch oddzia\u0142\u00f3w przedszkolnych  w \u201ePi\u0105tce\u201d opiewa\u0142 na ok. 400 tysi\u0119cy z\u0142. Tak\u0105 kwot\u0105 pos\u0142ugiwa\u0142 si\u0119 burmistrz w wypowiedziach dla medi\u00f3w, ale z niewiadomych powod\u00f3w w li\u015bcie otwartym wymienia ju\u017c sum\u0119 \u201eponad p\u00f3\u0142 miliona z\u0142otych\u201d. Rodzi si\u0119 zatem pytanie o rzetelno\u015b\u0107 tych wylicze\u0144, zw\u0142aszcza \u017ce nie zosta\u0142y one ujawnione, a nasza pro\u015bba o udost\u0119pnienie kosztorysu (w celu poszukania ewentualnych sponsor\u00f3w) spotka\u0142a si\u0119 z odmow\u0105 burmistrza.<\/p>\n<p>Jednak nawet operuj\u0105c t\u0105 podwy\u017cszon\u0105 w ostatniej chwili kwot\u0105 mo\u017cna si\u0119 przekona\u0107, \u017ce przedstawione koszty wcale nie s\u0105 \u201eniewsp\u00f3\u0142mierne do efekt\u00f3w\u201d, a nawet s\u0105 mniejsze ni\u017c koszty utrzymywania tej samej liczby miejsc w dotychczasowych przedszkolach publicznych. Taki wniosek wynika z prostego obliczenia. Wydatki bie\u017c\u0105ce miasta przewidziane w bud\u017cecie na 2012 rok na prowadzenie przedszkoli dla ok. 860 dzieci wynosz\u0105 8 509 406 z\u0142otych. Po przeliczeniu daje to sum\u0119 blisko 495 tysi\u0119cy z\u0142otych rocznych wydatk\u00f3w na 50 dzieci w miejskich przedszkolach publicznych, przy czym w kwocie tej nie ma \u017cadnej inwestycji. Przez dwa lata miasto wyda na ten cel oko\u0142o miliona z\u0142otych i \u017cadne trwa\u0142e obiekty po tym wydatku nie pozostan\u0105. W tym samym czasie wedle przywo\u0142anych wylicze\u0144 burmistrza edukacja 50 dzieci w oddzia\u0142ach przedszkolnych przy Szkole Podstawowej nr 5 kosztowa\u0142aby ok. 800 tysi\u0119cy z\u0142otych (500 tys. \u2013 pierwszy rok, 300 tys. \u2013drugi), ale w tej kwocie ok. 40 procent b\u0119dzie stanowi\u0142a inwestycja w nowoczesne pomieszczenia dydaktyczne dla najm\u0142odszych dzieci, kt\u00f3re podnios\u0105 standard lokalowy szko\u0142y i b\u0119d\u0105 s\u0142u\u017cy\u0142y boche\u0144skim dzieciom przez wiele lat.<\/p>\n<p>Wniosek jest chyba oczywisty: koszty remontu pomieszcze\u0144 i prowadzenia oddzia\u0142\u00f3w przedszkolnych przy \u201ePi\u0105tce\u201d by\u0142yby ni\u017csze ni\u017c  same koszty utrzymania tej samej liczby dzieci w dotychczasowych przedszkolach. W zwi\u0105zku z tym podniesiony przez burmistrza argument \u201eniewsp\u00f3\u0142miernie do efekt\u00f3w wysokich koszt\u00f3w\u201d jest po prostu nietrafny.<\/p>\n<p><strong>Inwestycja na dwa lata?<\/strong><\/p>\n<p>Podobnie rzecz si\u0119 ma z drugim koronnym argumentem burmistrza. Przekonuje on w swoim li\u015bcie, \u017ce wyremontowane sale przesta\u0142yby by\u0107 potrzebne ju\u017c po dw\u00f3ch latach, kiedy to do szk\u00f3\u0142 p\u00f3jd\u0105 wszystkie dzieci sze\u015bcioletnie i miejsc w przedszkolach wystarczy dla wszystkich m\u0142odszych kandydat\u00f3w.  <\/p>\n<p>Argumentuj\u0105c w ten spos\u00f3b burmistrz zapomina jednak  o jednej bardzo istotnej sprawie: w 2014 roku wraz z obowi\u0105zkiem szkolnym dla sze\u015bciolatk\u00f3w pojawi si\u0119 obowi\u0105zek przygotowania przedszkolnego dla pi\u0119ciolatk\u00f3w. A to oznacza, \u017ce do boche\u0144skich przedszkoli w 2014 przyjdzie o wiele wi\u0119cej pi\u0119ciolatk\u00f3w (bez tego obowi\u0105zku wiele z nich obecnie nie korzysta z opieki przedszkolnej). B\u0119d\u0105 oni musieli by\u0107 przyj\u0119ci w pierwszej kolejno\u015bci i zajm\u0105 prawdopodobnie wszystkie miejsca zajmowane dzisiaj przez sze\u015bciolatk\u00f3w, a dla dzieci m\u0142odszych 3-4 letnich znowu zabraknie miejsc.  <\/p>\n<p>Dlatego uwa\u017cam, \u017ce utworzenie nowych oddzia\u0142\u00f3w przedszkolnych przy Szkole Podstawowej nr 5 rozwi\u0105za\u0142oby problem braku miejsc w przedszkolach nie tylko przez najbli\u017csze dwa lata, ale tak\u017ce w latach nast\u0119pnych. Na pewno  nie by\u0142oby to dzia\u0142anie kr\u00f3tkowzroczne i niegospodarne. Przeciwnie, by\u0142by to w\u0142a\u015bnie przejaw my\u015blenia dalekowzrocznego, strategicznego, a zarazem, jak pokazuj\u0105 przedstawione powy\u017cej wyliczenia, przyk\u0142ad oszcz\u0119dnego wydatkowania \u015brodk\u00f3w z miejskiej kasy. <\/p>\n<p>Burmistrz chc\u0105c zobrazowa\u0107, jak wysoki by\u0142by koszt postulowanego przez mieszka\u0144c\u00f3w przedsi\u0119wzi\u0119cia, stwierdza: \u201ekoszt uruchomienia i dwuletniego funkcjonowania 2 oddzia\u0142\u00f3w przedszkolnych (50 miejsc) w PSP Nr 5 to tyle, ile miasto rocznie wydaje na remonty i inwestycje we wszystkich budynkach zwi\u0105zanych z o\u015bwiat\u0105 i wychowaniem, a jest ich 13 (6 przedszkoli, 5 szk\u00f3\u0142 podstawowych i 2 gimnazja). W 2011 roku miasto na ten cel wyda\u0142o 874 tys. z\u0142\u201d. Chcia\u0142bym zauwa\u017cy\u0107, \u017ce przyk\u0142ad ten nie \u015bwiadczy o wysokich kosztach funkcjonowania oddzia\u0142\u00f3w przedszkolnych, ale raczej o dramatycznie niskich nak\u0142adach inwestycyjnych na boche\u0144sk\u0105 o\u015bwiat\u0119. Dla por\u00f3wnania, wymieniona kwota jest mniejsza od kwoty przeznaczonej w tym roku na wybudowanie trzech niezbyt d\u0142ugich odcink\u00f3w chodnika (np. ul. Trudna, Krakowskie Przedmie\u015bcie, Brodzi\u0144skiego \u2013 w sumie  900 tysi\u0119cy z\u0142).<br \/>\nWarto jeszcze doda\u0107, \u017ce wyposa\u017cona w nowoczesne sale do edukacji przedszkolnej \u201ePi\u0105tka\u201d sta\u0142aby si\u0119 jedyn\u0105 szko\u0142\u0105 w pe\u0142ni przygotowan\u0105 do realizowania  wspomnianego wcze\u015bniejszego obowi\u0105zkowego przygotowania przedszkolnego (tzw. \u201ezer\u00f3wka\u201d). W\u0142adze miasta powinny sobie bowiem u\u015bwiadamia\u0107 ju\u017c teraz, \u017ce obowi\u0105zkowi temu we wrze\u015bniu 2014 roku b\u0119d\u0105 podlega\u0107 dzieci, kt\u00f3re nie b\u0119d\u0105 mia\u0142y jeszcze uko\u0144czonych 5 lat (je\u015bli urodzi\u0142y si\u0119 w miesi\u0105cach pa\u017adziernik-grudzie\u0144). Czy jaki\u015b rodzic zapisze takie dziecko do \u201ezer\u00f3wki\u201d w szkole nie posiadaj\u0105cej specjalnie przystosowanych sal?  W takiej sytuacji pojawi si\u0119 by\u0107 mo\u017ce konieczno\u015b\u0107 wybudowania  w kolejnych latach takich sal tak\u017ce w pozosta\u0142ych boche\u0144skich szko\u0142ach podstawowych.<\/p>\n<p>Na koniec swojego listu burmistrz podaje jeszcze dowody swojej dba\u0142o\u015bci o boche\u0144sk\u0105 o\u015bwiat\u0119 pisz\u0105c: \u201ewyniki egzamin\u00f3w sz\u00f3stoklasist\u00f3w i gimnazjalist\u00f3w wskazuj\u0105, \u017ce poziom nauczania w Bochni jest wysoki i ma sta\u0142\u0105 tendencj\u0119 wzrostow\u0105\u201d. Pozwol\u0119 sobie zauwa\u017cy\u0107, \u017ce wysoki poziom nauczania jest przede wszystkim zas\u0142ug\u0105 pracuj\u0105cych w boche\u0144skich szko\u0142ach nauczycieli. Ich prac\u0119 i wyniki nale\u017cy doceni\u0107 tym bardziej, \u017ce dzia\u0142ania magistratu zmierzaj\u0105 w zgo\u0142a odmiennym kierunku. Tworzenie wi\u0119kszych ni\u017c dotychczas klas (burmistrz odrzuci\u0142 niedawno propozycj\u0119 utworzenia trzech 20 osobowych zamiast dw\u00f3ch 30 osobowych klas w  Szkole Podstawowej nr 7) czy pozbawianie 100 osobowej grupy dzieci mo\u017cliwo\u015bci edukacji przedszkolnej, to dzia\u0142ania, kt\u00f3re na pewno nie sprzyjaj\u0105 dalszemu utrzymywaniu wysokich wynik\u00f3w nauczania.<\/p>\n<p>Pomimo takiego niekorzystnego fina\u0142u stara\u0144 o utworzenie od wrze\u015bnia 2012 roku oddzia\u0142\u00f3w przedszkolnych przy Szkole podstawowej nr 5 wraz z innymi rodzicami i mieszka\u0144cami podpisanymi pod petycj\u0105 licz\u0119 na to, \u017ce Burmistrz dotrzyma sk\u0142adanej kilkakrotnie publicznie obietnicy (w \u201eGazecie  Krakowskiej\u201d, w wypowiedziach dla lokalnych portali internetowych, podczas spotkania z delegacj\u0105 sk\u0142adaj\u0105c\u0105 petycj\u0119) utworzenia oddzia\u0142\u00f3w przedszkolnych w boche\u0144skiej \u201ePi\u0105tce\u201d w nast\u0119pnym roku szkolnym. Licz\u0119 tak\u017ce na to, \u017ce w trosce o dobro najm\u0142odszych mieszka\u0144c\u00f3w miasta inicjatyw\u0119 bud\u017cetow\u0105 w tej sprawie popr\u0105 tak\u017ce wszyscy boche\u0144scy radni.<\/p>\n<p><em>Jan Zi\u0119ba, przedstawiciel Rady Rodzic\u00f3w<br \/>\nPublicznej Szko\u0142y Podstawowej nr 5 W Bochni <\/em><\/p>\n","protected":false},"excerpt":{"rendered":"<p>List otwarty burmistrza Stefana Kolawi\u0144skiego nt. odmownej decyzji utworzenia oddzia\u0142\u00f3w przedszkolnych w &#8222;Pi\u0105tce&#8221; spotka\u0142 si\u0119 z odpowiedzi\u0105 przedstawiciela Rady Rodzic\u00f3w w tej szkole.<\/p>\n","protected":false},"author":4,"featured_media":0,"comment_status":"open","ping_status":"closed","sticky":true,"template":"","format":"standard","meta":{"_acf_changed":false,"footnotes":""},"categories":[5,6251,6250],"tags":[17421,17326,11128,17279,7781,17251],"class_list":["post-77154","post","type-post","status-publish","format-standard","hentry","category-biezace-wydarzenia","category-polityka-i-wydarzenia","category-tematyka","tag-burmistrz","tag-dzieci","tag-jan-zieba","tag-przedszkole","tag-stefan-kolawinski","tag-szkola-podstawowa-nr-5","main_tag-przedszkole"],"acf":[],"yoast_head":"<!-- This site is optimized with the Yoast SEO plugin v26.9 - https:\/\/yoast.com\/product\/yoast-seo-wordpress\/ -->\n<title>Przedszkole w SP nr 5: Odpowied\u017a na list otwarty burmistrza - mojabochnia.pl - portal informacyjny<\/title>\n<meta name=\"robots\" content=\"index, follow, max-snippet:-1, max-image-preview:large, max-video-preview:-1\" \/>\n<link rel=\"canonical\" href=\"https:\/\/www.mojabochnia.pl\/?p=77154\" \/>\n<meta property=\"og:locale\" content=\"pl_PL\" \/>\n<meta property=\"og:type\" content=\"article\" \/>\n<meta property=\"og:title\" content=\"Przedszkole w SP nr 5: Odpowied\u017a na list otwarty burmistrza - mojabochnia.pl - portal informacyjny\" \/>\n<meta property=\"og:description\" content=\"List otwarty burmistrza Stefana Kolawi\u0144skiego nt. odmownej decyzji utworzenia oddzia\u0142\u00f3w przedszkolnych w &quot;Pi\u0105tce&quot; spotka\u0142 si\u0119 z odpowiedzi\u0105 przedstawiciela Rady Rodzic\u00f3w w tej szkole.\" \/>\n<meta property=\"og:url\" content=\"https:\/\/www.mojabochnia.pl\/?p=77154\" \/>\n<meta property=\"og:site_name\" content=\"mojabochnia.pl - portal informacyjny\" \/>\n<meta property=\"article:publisher\" content=\"https:\/\/www.facebook.com\/mojabochnia\" \/>\n<meta property=\"article:published_time\" content=\"2012-08-25T09:13:17+00:00\" \/>\n<meta name=\"author\" content=\"Pawe\u0142 Michalczyk\" \/>\n<meta name=\"twitter:card\" content=\"summary_large_image\" \/>\n<meta name=\"twitter:label1\" content=\"Written by\" \/>\n\t<meta name=\"twitter:data1\" content=\"Pawe\u0142 Michalczyk\" \/>\n\t<meta name=\"twitter:label2\" content=\"Est. reading time\" \/>\n\t<meta name=\"twitter:data2\" content=\"6 minut\" \/>\n<script type=\"application\/ld+json\" class=\"yoast-schema-graph\">{\"@context\":\"https:\/\/schema.org\",\"@graph\":[{\"@type\":\"Article\",\"@id\":\"https:\/\/www.mojabochnia.pl\/?p=77154#article\",\"isPartOf\":{\"@id\":\"https:\/\/www.mojabochnia.pl\/?p=77154\"},\"author\":{\"name\":\"Pawe\u0142 Michalczyk\",\"@id\":\"https:\/\/www.mojabochnia.pl\/#\/schema\/person\/ea042e4724a77627963f02166828ead4\"},\"headline\":\"Przedszkole w SP nr 5: Odpowied\u017a na list otwarty burmistrza\",\"datePublished\":\"2012-08-25T09:13:17+00:00\",\"mainEntityOfPage\":{\"@id\":\"https:\/\/www.mojabochnia.pl\/?p=77154\"},\"wordCount\":1272,\"commentCount\":0,\"publisher\":{\"@id\":\"https:\/\/www.mojabochnia.pl\/#organization\"},\"keywords\":[\"burmistrz\",\"dzieci\",\"jan zi\u0119ba\",\"przedszkole\",\"stefan kolawi\u0144ski\",\"szko\u0142a podstawowa nr 5\"],\"articleSection\":[\"2_ostatnie\",\"polityka i wydarzenia\",\"tematyka\"],\"inLanguage\":\"pl-PL\",\"potentialAction\":[{\"@type\":\"CommentAction\",\"name\":\"Comment\",\"target\":[\"https:\/\/www.mojabochnia.pl\/?p=77154#respond\"]}]},{\"@type\":\"WebPage\",\"@id\":\"https:\/\/www.mojabochnia.pl\/?p=77154\",\"url\":\"https:\/\/www.mojabochnia.pl\/?p=77154\",\"name\":\"Przedszkole w SP nr 5: Odpowied\u017a na list otwarty burmistrza - mojabochnia.pl - portal informacyjny\",\"isPartOf\":{\"@id\":\"https:\/\/www.mojabochnia.pl\/#website\"},\"datePublished\":\"2012-08-25T09:13:17+00:00\",\"breadcrumb\":{\"@id\":\"https:\/\/www.mojabochnia.pl\/?p=77154#breadcrumb\"},\"inLanguage\":\"pl-PL\",\"potentialAction\":[{\"@type\":\"ReadAction\",\"target\":[\"https:\/\/www.mojabochnia.pl\/?p=77154\"]}]},{\"@type\":\"BreadcrumbList\",\"@id\":\"https:\/\/www.mojabochnia.pl\/?p=77154#breadcrumb\",\"itemListElement\":[{\"@type\":\"ListItem\",\"position\":1,\"name\":\"Home\",\"item\":\"https:\/\/www.mojabochnia.pl\/\"},{\"@type\":\"ListItem\",\"position\":2,\"name\":\"Przedszkole w SP nr 5: Odpowied\u017a na list otwarty burmistrza\"}]},{\"@type\":\"WebSite\",\"@id\":\"https:\/\/www.mojabochnia.pl\/#website\",\"url\":\"https:\/\/www.mojabochnia.pl\/\",\"name\":\"mojabochnia.pl - portal informacyjny\",\"description\":\"mojaBochnia to portal informacyjny o Bochni. Codziennie o Bochni piszemy i pokazujemy najwa\u017cniejsze wydarzenia\",\"publisher\":{\"@id\":\"https:\/\/www.mojabochnia.pl\/#organization\"},\"potentialAction\":[{\"@type\":\"SearchAction\",\"target\":{\"@type\":\"EntryPoint\",\"urlTemplate\":\"https:\/\/www.mojabochnia.pl\/?s={search_term_string}\"},\"query-input\":{\"@type\":\"PropertyValueSpecification\",\"valueRequired\":true,\"valueName\":\"search_term_string\"}}],\"inLanguage\":\"pl-PL\"},{\"@type\":\"Organization\",\"@id\":\"https:\/\/www.mojabochnia.pl\/#organization\",\"name\":\"mojabochnia.pl - portal informacyjny\",\"url\":\"https:\/\/www.mojabochnia.pl\/\",\"logo\":{\"@type\":\"ImageObject\",\"inLanguage\":\"pl-PL\",\"@id\":\"https:\/\/www.mojabochnia.pl\/#\/schema\/logo\/image\/\",\"url\":\"https:\/\/www.mojabochnia.pl\/wp-content\/uploads\/2017\/08\/logo-mb-opt.png\",\"contentUrl\":\"https:\/\/www.mojabochnia.pl\/wp-content\/uploads\/2017\/08\/logo-mb-opt.png\",\"width\":250,\"height\":48,\"caption\":\"mojabochnia.pl - portal informacyjny\"},\"image\":{\"@id\":\"https:\/\/www.mojabochnia.pl\/#\/schema\/logo\/image\/\"},\"sameAs\":[\"https:\/\/www.facebook.com\/mojabochnia\"]},{\"@type\":\"Person\",\"@id\":\"https:\/\/www.mojabochnia.pl\/#\/schema\/person\/ea042e4724a77627963f02166828ead4\",\"name\":\"Pawe\u0142 Michalczyk\",\"url\":\"https:\/\/www.mojabochnia.pl\/?author=4\"}]}<\/script>\n<!-- \/ Yoast SEO plugin. -->","yoast_head_json":{"title":"Przedszkole w SP nr 5: Odpowied\u017a na list otwarty burmistrza - mojabochnia.pl - portal informacyjny","robots":{"index":"index","follow":"follow","max-snippet":"max-snippet:-1","max-image-preview":"max-image-preview:large","max-video-preview":"max-video-preview:-1"},"canonical":"https:\/\/www.mojabochnia.pl\/?p=77154","og_locale":"pl_PL","og_type":"article","og_title":"Przedszkole w SP nr 5: Odpowied\u017a na list otwarty burmistrza - mojabochnia.pl - portal informacyjny","og_description":"List otwarty burmistrza Stefana Kolawi\u0144skiego nt. odmownej decyzji utworzenia oddzia\u0142\u00f3w przedszkolnych w \"Pi\u0105tce\" spotka\u0142 si\u0119 z odpowiedzi\u0105 przedstawiciela Rady Rodzic\u00f3w w tej szkole.","og_url":"https:\/\/www.mojabochnia.pl\/?p=77154","og_site_name":"mojabochnia.pl - portal informacyjny","article_publisher":"https:\/\/www.facebook.com\/mojabochnia","article_published_time":"2012-08-25T09:13:17+00:00","author":"Pawe\u0142 Michalczyk","twitter_card":"summary_large_image","twitter_misc":{"Written by":"Pawe\u0142 Michalczyk","Est. reading time":"6 minut"},"schema":{"@context":"https:\/\/schema.org","@graph":[{"@type":"Article","@id":"https:\/\/www.mojabochnia.pl\/?p=77154#article","isPartOf":{"@id":"https:\/\/www.mojabochnia.pl\/?p=77154"},"author":{"name":"Pawe\u0142 Michalczyk","@id":"https:\/\/www.mojabochnia.pl\/#\/schema\/person\/ea042e4724a77627963f02166828ead4"},"headline":"Przedszkole w SP nr 5: Odpowied\u017a na list otwarty burmistrza","datePublished":"2012-08-25T09:13:17+00:00","mainEntityOfPage":{"@id":"https:\/\/www.mojabochnia.pl\/?p=77154"},"wordCount":1272,"commentCount":0,"publisher":{"@id":"https:\/\/www.mojabochnia.pl\/#organization"},"keywords":["burmistrz","dzieci","jan zi\u0119ba","przedszkole","stefan kolawi\u0144ski","szko\u0142a podstawowa nr 5"],"articleSection":["2_ostatnie","polityka i wydarzenia","tematyka"],"inLanguage":"pl-PL","potentialAction":[{"@type":"CommentAction","name":"Comment","target":["https:\/\/www.mojabochnia.pl\/?p=77154#respond"]}]},{"@type":"WebPage","@id":"https:\/\/www.mojabochnia.pl\/?p=77154","url":"https:\/\/www.mojabochnia.pl\/?p=77154","name":"Przedszkole w SP nr 5: Odpowied\u017a na list otwarty burmistrza - mojabochnia.pl - portal informacyjny","isPartOf":{"@id":"https:\/\/www.mojabochnia.pl\/#website"},"datePublished":"2012-08-25T09:13:17+00:00","breadcrumb":{"@id":"https:\/\/www.mojabochnia.pl\/?p=77154#breadcrumb"},"inLanguage":"pl-PL","potentialAction":[{"@type":"ReadAction","target":["https:\/\/www.mojabochnia.pl\/?p=77154"]}]},{"@type":"BreadcrumbList","@id":"https:\/\/www.mojabochnia.pl\/?p=77154#breadcrumb","itemListElement":[{"@type":"ListItem","position":1,"name":"Home","item":"https:\/\/www.mojabochnia.pl\/"},{"@type":"ListItem","position":2,"name":"Przedszkole w SP nr 5: Odpowied\u017a na list otwarty burmistrza"}]},{"@type":"WebSite","@id":"https:\/\/www.mojabochnia.pl\/#website","url":"https:\/\/www.mojabochnia.pl\/","name":"mojabochnia.pl - portal informacyjny","description":"mojaBochnia to portal informacyjny o Bochni. Codziennie o Bochni piszemy i pokazujemy najwa\u017cniejsze wydarzenia","publisher":{"@id":"https:\/\/www.mojabochnia.pl\/#organization"},"potentialAction":[{"@type":"SearchAction","target":{"@type":"EntryPoint","urlTemplate":"https:\/\/www.mojabochnia.pl\/?s={search_term_string}"},"query-input":{"@type":"PropertyValueSpecification","valueRequired":true,"valueName":"search_term_string"}}],"inLanguage":"pl-PL"},{"@type":"Organization","@id":"https:\/\/www.mojabochnia.pl\/#organization","name":"mojabochnia.pl - portal informacyjny","url":"https:\/\/www.mojabochnia.pl\/","logo":{"@type":"ImageObject","inLanguage":"pl-PL","@id":"https:\/\/www.mojabochnia.pl\/#\/schema\/logo\/image\/","url":"https:\/\/www.mojabochnia.pl\/wp-content\/uploads\/2017\/08\/logo-mb-opt.png","contentUrl":"https:\/\/www.mojabochnia.pl\/wp-content\/uploads\/2017\/08\/logo-mb-opt.png","width":250,"height":48,"caption":"mojabochnia.pl - portal informacyjny"},"image":{"@id":"https:\/\/www.mojabochnia.pl\/#\/schema\/logo\/image\/"},"sameAs":["https:\/\/www.facebook.com\/mojabochnia"]},{"@type":"Person","@id":"https:\/\/www.mojabochnia.pl\/#\/schema\/person\/ea042e4724a77627963f02166828ead4","name":"Pawe\u0142 Michalczyk","url":"https:\/\/www.mojabochnia.pl\/?author=4"}]}},"_links":{"self":[{"href":"https:\/\/www.mojabochnia.pl\/index.php?rest_route=\/wp\/v2\/posts\/77154","targetHints":{"allow":["GET"]}}],"collection":[{"href":"https:\/\/www.mojabochnia.pl\/index.php?rest_route=\/wp\/v2\/posts"}],"about":[{"href":"https:\/\/www.mojabochnia.pl\/index.php?rest_route=\/wp\/v2\/types\/post"}],"author":[{"embeddable":true,"href":"https:\/\/www.mojabochnia.pl\/index.php?rest_route=\/wp\/v2\/users\/4"}],"replies":[{"embeddable":true,"href":"https:\/\/www.mojabochnia.pl\/index.php?rest_route=%2Fwp%2Fv2%2Fcomments&post=77154"}],"version-history":[{"count":3,"href":"https:\/\/www.mojabochnia.pl\/index.php?rest_route=\/wp\/v2\/posts\/77154\/revisions"}],"predecessor-version":[{"id":77157,"href":"https:\/\/www.mojabochnia.pl\/index.php?rest_route=\/wp\/v2\/posts\/77154\/revisions\/77157"}],"wp:attachment":[{"href":"https:\/\/www.mojabochnia.pl\/index.php?rest_route=%2Fwp%2Fv2%2Fmedia&parent=77154"}],"wp:term":[{"taxonomy":"category","embeddable":true,"href":"https:\/\/www.mojabochnia.pl\/index.php?rest_route=%2Fwp%2Fv2%2Fcategories&post=77154"},{"taxonomy":"post_tag","embeddable":true,"href":"https:\/\/www.mojabochnia.pl\/index.php?rest_route=%2Fwp%2Fv2%2Ftags&post=77154"}],"curies":[{"name":"wp","href":"https:\/\/api.w.org\/{rel}","templated":true}]}}