{"id":77150,"date":"2012-08-25T09:23:13","date_gmt":"2012-08-25T07:23:13","guid":{"rendered":"http:\/\/www.mojabochnia.pl\/?p=77150"},"modified":"2012-08-25T11:31:39","modified_gmt":"2012-08-25T09:31:39","slug":"dzis-z-bochni-wyrusza-nocna-pielgrzymka-do-pasierbca","status":"publish","type":"post","link":"https:\/\/www.mojabochnia.pl\/?p=77150","title":{"rendered":"Dzi\u015b z Bochni wyrusza nocna pielgrzymka do Pasierbca &#8211; materia\u0142 TV"},"content":{"rendered":"","protected":false},"excerpt":{"rendered":"<p>Nocna pielgrzymka z Bochni do Pasierbca organizowana jest ju\u017c od 19 lat. Na pomys\u0142 jej zorganizowania wpad\u0142 Ryszard D\u017awigaj. Pos\u0142uchaj, jak jednorazowa rodzinna wyprawa przerodzi\u0142a si\u0119 we wsp\u00f3lne pielgrzymowanie ponad 200 os\u00f3b. Przypominamy materia\u0142 filmowy z 2011 r.<\/p>\n","protected":false},"author":4,"featured_media":0,"comment_status":"open","ping_status":"closed","sticky":false,"template":"","format":"standard","meta":{"_acf_changed":false,"footnotes":""},"categories":[5,6246,6250,3633,3276,1342],"tags":[17709,17129,9801,17714],"class_list":["post-77150","post","type-post","status-publish","format-standard","hentry","category-biezace-wydarzenia","category-medium","category-tematyka","category-tv","category-tv-flesz","category-zycie-religijne","tag-pasierbiec","tag-pielgrzymka","tag-ryszard-dzwigaj","tag-tv","main_tag-pielgrzymka"],"acf":[],"yoast_head":"<!-- This site is optimized with the Yoast SEO plugin v26.9 - https:\/\/yoast.com\/product\/yoast-seo-wordpress\/ -->\n<title>Dzi\u015b z Bochni wyrusza nocna pielgrzymka do Pasierbca - materia\u0142 TV - mojabochnia.pl - portal informacyjny<\/title>\n<meta name=\"robots\" content=\"index, follow, max-snippet:-1, max-image-preview:large, max-video-preview:-1\" \/>\n<link rel=\"canonical\" href=\"https:\/\/www.mojabochnia.pl\/?p=77150\" \/>\n<meta property=\"og:locale\" content=\"pl_PL\" \/>\n<meta property=\"og:type\" content=\"article\" \/>\n<meta property=\"og:title\" content=\"Dzi\u015b z Bochni wyrusza nocna pielgrzymka do Pasierbca - materia\u0142 TV - mojabochnia.pl - portal informacyjny\" \/>\n<meta property=\"og:description\" content=\"Nocna pielgrzymka z Bochni do Pasierbca organizowana jest ju\u017c od 19 lat. Na pomys\u0142 jej zorganizowania wpad\u0142 Ryszard D\u017awigaj. Pos\u0142uchaj, jak jednorazowa rodzinna wyprawa przerodzi\u0142a si\u0119 we wsp\u00f3lne pielgrzymowanie ponad 200 os\u00f3b. Przypominamy materia\u0142 filmowy z 2011 r.\" \/>\n<meta property=\"og:url\" content=\"https:\/\/www.mojabochnia.pl\/?p=77150\" \/>\n<meta property=\"og:site_name\" content=\"mojabochnia.pl - portal informacyjny\" \/>\n<meta property=\"article:publisher\" content=\"https:\/\/www.facebook.com\/mojabochnia\" \/>\n<meta property=\"article:published_time\" content=\"2012-08-25T07:23:13+00:00\" \/>\n<meta property=\"article:modified_time\" content=\"2012-08-25T09:31:39+00:00\" \/>\n<meta name=\"author\" content=\"Pawe\u0142 Michalczyk\" \/>\n<meta name=\"twitter:card\" content=\"summary_large_image\" \/>\n<meta name=\"twitter:label1\" content=\"Written by\" \/>\n\t<meta name=\"twitter:data1\" content=\"Pawe\u0142 Michalczyk\" \/>\n<script type=\"application\/ld+json\" class=\"yoast-schema-graph\">{\"@context\":\"https:\/\/schema.org\",\"@graph\":[{\"@type\":\"Article\",\"@id\":\"https:\/\/www.mojabochnia.pl\/?p=77150#article\",\"isPartOf\":{\"@id\":\"https:\/\/www.mojabochnia.pl\/?p=77150\"},\"author\":{\"name\":\"Pawe\u0142 Michalczyk\",\"@id\":\"https:\/\/www.mojabochnia.pl\/#\/schema\/person\/ea042e4724a77627963f02166828ead4\"},\"headline\":\"Dzi\u015b z Bochni wyrusza nocna pielgrzymka do Pasierbca &#8211; materia\u0142 TV\",\"datePublished\":\"2012-08-25T07:23:13+00:00\",\"dateModified\":\"2012-08-25T09:31:39+00:00\",\"mainEntityOfPage\":{\"@id\":\"https:\/\/www.mojabochnia.pl\/?p=77150\"},\"wordCount\":11,\"commentCount\":0,\"publisher\":{\"@id\":\"https:\/\/www.mojabochnia.pl\/#organization\"},\"keywords\":[\"pasierbiec\",\"pielgrzymka\",\"ryszard d\u017awigaj\",\"TV\"],\"articleSection\":[\"2_ostatnie\",\"Medium\",\"tematyka\",\"TV\",\"TV Flesz\",\"\u017bycie religijne\"],\"inLanguage\":\"pl-PL\",\"potentialAction\":[{\"@type\":\"CommentAction\",\"name\":\"Comment\",\"target\":[\"https:\/\/www.mojabochnia.pl\/?p=77150#respond\"]}]},{\"@type\":\"WebPage\",\"@id\":\"https:\/\/www.mojabochnia.pl\/?p=77150\",\"url\":\"https:\/\/www.mojabochnia.pl\/?p=77150\",\"name\":\"Dzi\u015b z Bochni wyrusza nocna pielgrzymka do Pasierbca - materia\u0142 TV - mojabochnia.pl - portal informacyjny\",\"isPartOf\":{\"@id\":\"https:\/\/www.mojabochnia.pl\/#website\"},\"datePublished\":\"2012-08-25T07:23:13+00:00\",\"dateModified\":\"2012-08-25T09:31:39+00:00\",\"breadcrumb\":{\"@id\":\"https:\/\/www.mojabochnia.pl\/?p=77150#breadcrumb\"},\"inLanguage\":\"pl-PL\",\"potentialAction\":[{\"@type\":\"ReadAction\",\"target\":[\"https:\/\/www.mojabochnia.pl\/?p=77150\"]}]},{\"@type\":\"BreadcrumbList\",\"@id\":\"https:\/\/www.mojabochnia.pl\/?p=77150#breadcrumb\",\"itemListElement\":[{\"@type\":\"ListItem\",\"position\":1,\"name\":\"Home\",\"item\":\"https:\/\/www.mojabochnia.pl\/\"},{\"@type\":\"ListItem\",\"position\":2,\"name\":\"Dzi\u015b z Bochni wyrusza nocna pielgrzymka do Pasierbca &#8211; materia\u0142 TV\"}]},{\"@type\":\"WebSite\",\"@id\":\"https:\/\/www.mojabochnia.pl\/#website\",\"url\":\"https:\/\/www.mojabochnia.pl\/\",\"name\":\"mojabochnia.pl - portal informacyjny\",\"description\":\"mojaBochnia to portal informacyjny o Bochni. Codziennie o Bochni piszemy i pokazujemy najwa\u017cniejsze wydarzenia\",\"publisher\":{\"@id\":\"https:\/\/www.mojabochnia.pl\/#organization\"},\"potentialAction\":[{\"@type\":\"SearchAction\",\"target\":{\"@type\":\"EntryPoint\",\"urlTemplate\":\"https:\/\/www.mojabochnia.pl\/?s={search_term_string}\"},\"query-input\":{\"@type\":\"PropertyValueSpecification\",\"valueRequired\":true,\"valueName\":\"search_term_string\"}}],\"inLanguage\":\"pl-PL\"},{\"@type\":\"Organization\",\"@id\":\"https:\/\/www.mojabochnia.pl\/#organization\",\"name\":\"mojabochnia.pl - portal informacyjny\",\"url\":\"https:\/\/www.mojabochnia.pl\/\",\"logo\":{\"@type\":\"ImageObject\",\"inLanguage\":\"pl-PL\",\"@id\":\"https:\/\/www.mojabochnia.pl\/#\/schema\/logo\/image\/\",\"url\":\"https:\/\/www.mojabochnia.pl\/wp-content\/uploads\/2017\/08\/logo-mb-opt.png\",\"contentUrl\":\"https:\/\/www.mojabochnia.pl\/wp-content\/uploads\/2017\/08\/logo-mb-opt.png\",\"width\":250,\"height\":48,\"caption\":\"mojabochnia.pl - portal informacyjny\"},\"image\":{\"@id\":\"https:\/\/www.mojabochnia.pl\/#\/schema\/logo\/image\/\"},\"sameAs\":[\"https:\/\/www.facebook.com\/mojabochnia\"]},{\"@type\":\"Person\",\"@id\":\"https:\/\/www.mojabochnia.pl\/#\/schema\/person\/ea042e4724a77627963f02166828ead4\",\"name\":\"Pawe\u0142 Michalczyk\",\"url\":\"https:\/\/www.mojabochnia.pl\/?author=4\"}]}<\/script>\n<!-- \/ Yoast SEO plugin. -->","yoast_head_json":{"title":"Dzi\u015b z Bochni wyrusza nocna pielgrzymka do Pasierbca - materia\u0142 TV - mojabochnia.pl - portal informacyjny","robots":{"index":"index","follow":"follow","max-snippet":"max-snippet:-1","max-image-preview":"max-image-preview:large","max-video-preview":"max-video-preview:-1"},"canonical":"https:\/\/www.mojabochnia.pl\/?p=77150","og_locale":"pl_PL","og_type":"article","og_title":"Dzi\u015b z Bochni wyrusza nocna pielgrzymka do Pasierbca - materia\u0142 TV - mojabochnia.pl - portal informacyjny","og_description":"Nocna pielgrzymka z Bochni do Pasierbca organizowana jest ju\u017c od 19 lat. Na pomys\u0142 jej zorganizowania wpad\u0142 Ryszard D\u017awigaj. Pos\u0142uchaj, jak jednorazowa rodzinna wyprawa przerodzi\u0142a si\u0119 we wsp\u00f3lne pielgrzymowanie ponad 200 os\u00f3b. Przypominamy materia\u0142 filmowy z 2011 r.","og_url":"https:\/\/www.mojabochnia.pl\/?p=77150","og_site_name":"mojabochnia.pl - portal informacyjny","article_publisher":"https:\/\/www.facebook.com\/mojabochnia","article_published_time":"2012-08-25T07:23:13+00:00","article_modified_time":"2012-08-25T09:31:39+00:00","author":"Pawe\u0142 Michalczyk","twitter_card":"summary_large_image","twitter_misc":{"Written by":"Pawe\u0142 Michalczyk"},"schema":{"@context":"https:\/\/schema.org","@graph":[{"@type":"Article","@id":"https:\/\/www.mojabochnia.pl\/?p=77150#article","isPartOf":{"@id":"https:\/\/www.mojabochnia.pl\/?p=77150"},"author":{"name":"Pawe\u0142 Michalczyk","@id":"https:\/\/www.mojabochnia.pl\/#\/schema\/person\/ea042e4724a77627963f02166828ead4"},"headline":"Dzi\u015b z Bochni wyrusza nocna pielgrzymka do Pasierbca &#8211; materia\u0142 TV","datePublished":"2012-08-25T07:23:13+00:00","dateModified":"2012-08-25T09:31:39+00:00","mainEntityOfPage":{"@id":"https:\/\/www.mojabochnia.pl\/?p=77150"},"wordCount":11,"commentCount":0,"publisher":{"@id":"https:\/\/www.mojabochnia.pl\/#organization"},"keywords":["pasierbiec","pielgrzymka","ryszard d\u017awigaj","TV"],"articleSection":["2_ostatnie","Medium","tematyka","TV","TV Flesz","\u017bycie religijne"],"inLanguage":"pl-PL","potentialAction":[{"@type":"CommentAction","name":"Comment","target":["https:\/\/www.mojabochnia.pl\/?p=77150#respond"]}]},{"@type":"WebPage","@id":"https:\/\/www.mojabochnia.pl\/?p=77150","url":"https:\/\/www.mojabochnia.pl\/?p=77150","name":"Dzi\u015b z Bochni wyrusza nocna pielgrzymka do Pasierbca - materia\u0142 TV - mojabochnia.pl - portal informacyjny","isPartOf":{"@id":"https:\/\/www.mojabochnia.pl\/#website"},"datePublished":"2012-08-25T07:23:13+00:00","dateModified":"2012-08-25T09:31:39+00:00","breadcrumb":{"@id":"https:\/\/www.mojabochnia.pl\/?p=77150#breadcrumb"},"inLanguage":"pl-PL","potentialAction":[{"@type":"ReadAction","target":["https:\/\/www.mojabochnia.pl\/?p=77150"]}]},{"@type":"BreadcrumbList","@id":"https:\/\/www.mojabochnia.pl\/?p=77150#breadcrumb","itemListElement":[{"@type":"ListItem","position":1,"name":"Home","item":"https:\/\/www.mojabochnia.pl\/"},{"@type":"ListItem","position":2,"name":"Dzi\u015b z Bochni wyrusza nocna pielgrzymka do Pasierbca &#8211; materia\u0142 TV"}]},{"@type":"WebSite","@id":"https:\/\/www.mojabochnia.pl\/#website","url":"https:\/\/www.mojabochnia.pl\/","name":"mojabochnia.pl - portal informacyjny","description":"mojaBochnia to portal informacyjny o Bochni. Codziennie o Bochni piszemy i pokazujemy najwa\u017cniejsze wydarzenia","publisher":{"@id":"https:\/\/www.mojabochnia.pl\/#organization"},"potentialAction":[{"@type":"SearchAction","target":{"@type":"EntryPoint","urlTemplate":"https:\/\/www.mojabochnia.pl\/?s={search_term_string}"},"query-input":{"@type":"PropertyValueSpecification","valueRequired":true,"valueName":"search_term_string"}}],"inLanguage":"pl-PL"},{"@type":"Organization","@id":"https:\/\/www.mojabochnia.pl\/#organization","name":"mojabochnia.pl - portal informacyjny","url":"https:\/\/www.mojabochnia.pl\/","logo":{"@type":"ImageObject","inLanguage":"pl-PL","@id":"https:\/\/www.mojabochnia.pl\/#\/schema\/logo\/image\/","url":"https:\/\/www.mojabochnia.pl\/wp-content\/uploads\/2017\/08\/logo-mb-opt.png","contentUrl":"https:\/\/www.mojabochnia.pl\/wp-content\/uploads\/2017\/08\/logo-mb-opt.png","width":250,"height":48,"caption":"mojabochnia.pl - portal informacyjny"},"image":{"@id":"https:\/\/www.mojabochnia.pl\/#\/schema\/logo\/image\/"},"sameAs":["https:\/\/www.facebook.com\/mojabochnia"]},{"@type":"Person","@id":"https:\/\/www.mojabochnia.pl\/#\/schema\/person\/ea042e4724a77627963f02166828ead4","name":"Pawe\u0142 Michalczyk","url":"https:\/\/www.mojabochnia.pl\/?author=4"}]}},"_links":{"self":[{"href":"https:\/\/www.mojabochnia.pl\/index.php?rest_route=\/wp\/v2\/posts\/77150","targetHints":{"allow":["GET"]}}],"collection":[{"href":"https:\/\/www.mojabochnia.pl\/index.php?rest_route=\/wp\/v2\/posts"}],"about":[{"href":"https:\/\/www.mojabochnia.pl\/index.php?rest_route=\/wp\/v2\/types\/post"}],"author":[{"embeddable":true,"href":"https:\/\/www.mojabochnia.pl\/index.php?rest_route=\/wp\/v2\/users\/4"}],"replies":[{"embeddable":true,"href":"https:\/\/www.mojabochnia.pl\/index.php?rest_route=%2Fwp%2Fv2%2Fcomments&post=77150"}],"version-history":[{"count":4,"href":"https:\/\/www.mojabochnia.pl\/index.php?rest_route=\/wp\/v2\/posts\/77150\/revisions"}],"predecessor-version":[{"id":77158,"href":"https:\/\/www.mojabochnia.pl\/index.php?rest_route=\/wp\/v2\/posts\/77150\/revisions\/77158"}],"wp:attachment":[{"href":"https:\/\/www.mojabochnia.pl\/index.php?rest_route=%2Fwp%2Fv2%2Fmedia&parent=77150"}],"wp:term":[{"taxonomy":"category","embeddable":true,"href":"https:\/\/www.mojabochnia.pl\/index.php?rest_route=%2Fwp%2Fv2%2Fcategories&post=77150"},{"taxonomy":"post_tag","embeddable":true,"href":"https:\/\/www.mojabochnia.pl\/index.php?rest_route=%2Fwp%2Fv2%2Ftags&post=77150"}],"curies":[{"name":"wp","href":"https:\/\/api.w.org\/{rel}","templated":true}]}}