{"id":7710,"date":"2009-04-16T10:10:06","date_gmt":"2009-04-16T08:10:06","guid":{"rendered":"http:\/\/www.mojabochnia.pl\/?p=7710"},"modified":"2009-04-16T09:55:50","modified_gmt":"2009-04-16T07:55:50","slug":"bochnia-%e2%80%9eutonie-w-kwiatach-i-zieleni%e2%80%9d","status":"publish","type":"post","link":"https:\/\/www.mojabochnia.pl\/?p=7710","title":{"rendered":"Bochnia \u201eutonie w kwiatach i zieleni\u201d"},"content":{"rendered":"<p>Celem konkursu jest nak\u0142onienie mieszka\u0144c\u00f3w Miasta Soli do dbania o otaczaj\u0105ce ich tereny, uwra\u017cliwienie na pi\u0119kno otaczaj\u0105cej przyrody, nam\u00f3wienie ich do tworzenia zak\u0105tk\u00f3w pe\u0142nych zieleni i kwiat\u00f3w. W konkursie mog\u0105 wzi\u0105\u0107 udzia\u0142 nie tylko mieszka\u0144cy, ale r\u00f3wnie\u017c instytucje i zak\u0142ady pracy. Komisja konkursowa b\u0119dzie ocenia\u0142a zg\u0142oszony przez nich teren pod wzgl\u0119dem estetyki zagospodarowania, utrzymania czysto\u015bci tego miejsca oraz r\u00f3\u017cnorodno\u015bci i oryginalno\u015bci zieleni. &#8211; <em>Zg\u0142osze\u0144 do konkursu jest coraz wi\u0119cej. Swoje uczestnictwo podczas ka\u017cdej edycji zg\u0142asza poza osobami prywatnymi wiele instytucji, czy osiedli<\/em> \u2013 powiedzia\u0142a Ewa Krzywda z Miejskiego Domu Kultury w Bochni.<\/p>\n<p>Konkurs b\u0119dzie przeprowadzany w kilku kategoriach. Pierwsza z nich to najpi\u0119kniejszy balkon. Oceniana b\u0119dzie r\u00f3\u017cnorodno\u015b\u0107 i estetyka kwiat\u00f3w, pn\u0105czy, iglak\u00f3w oraz innych ro\u015blin, czyli ca\u0142o\u015b\u0107 zagospodarowanego k\u0105cika wypoczynkowego. Przy wyborze najciekawszego przydomowego ogr\u00f3dka, jury zwr\u00f3ci uwag\u0119 na oryginalno\u015b\u0107 zagospodarowania terenu, krzewy ozdobne, iglaki, rabaty kwiatowe, trawniki i inne ro\u015bliny. Kategoria naj\u0142adniejsze otoczenie jest przeznaczona dla instytucji, plac\u00f3wek o\u015bwiatowych i kultury oraz zak\u0142ad\u00f3w pracy. Zg\u0142oszony przez nich teren b\u0119dzie oceniany pod wzgl\u0119dem estetyki otoczenia i zieleni. Naj\u0142adniejsze otoczenie, b\u0119dzie to obszar charakteryzuj\u0105cy si\u0119 og\u00f3ln\u0105 czysto\u015bci\u0105 osiedla, zagospodarowaniem i utrzymaniem teren\u00f3w zielonych, klomb\u00f3w, krzew\u00f3w i drzew. Ocena zg\u0142oszonych obiekt\u00f3w b\u0119dzie dokonywana dwukrotnie: w porze wiosennej oraz letniej.<\/p>\n<p>Wszyscy zainteresowani do 8 maja musza zg\u0142osi\u0107 sw\u00f3j zamiar uczestnictwa w konkursie w sekretariacie Miejskiego Domu Kultury. Warunkiem jest wype\u0142nienie zg\u0142oszenia i wyra\u017cenie zgody na sfotografowanie zg\u0142oszonego miejsca oraz w przypadku otrzymania nagrody opublikowanie zdj\u0119\u0107 w mediach. Zg\u0142oszone to konkursu balkony, przydomowe ogr\u00f3dki, osiedla oraz inne tereny b\u0119d\u0105 oceniane przez komisj\u0119, w sk\u0142ad kt\u00f3rej wejd\u0105: Przedstawiciele Komisji Kultury Rady Miejskiej w Bochni, Pracownik Urz\u0119du Miasta, Pracownik Miejskiego Domu Kultury w Bochni, Laureat ostatniej edycji konkursu. Komisja dokona oceny zg\u0142oszonych obiekt\u00f3w, przydzielaj\u0105c im do 10 punkt\u00f3w, kieruj\u0105c si\u0119 nast\u0119puj\u0105cymi kryteriami: oryginalno\u015b\u0107 pomys\u0142u zagospodarowania obiektu, dob\u00f3r zastosowanych ro\u015blin, utrzymanie zieleni. Osoby lub inne podmioty, kt\u00f3re przez trzy kolejne lata zaj\u0119\u0142y miejsca honorowane nagrod\u0105 rzeczow\u0105, w nast\u0119pnej edycji przedsi\u0119wzi\u0119cia mog\u0105 uczestniczy\u0107 poza konkursem (nie s\u0105 brane pod uwag\u0119 przy przydziale nagr\u00f3d rzeczowych). Zwyci\u0119scy konkursu otrzymaj\u0105 nagrody oraz dyplomy.<\/p>\n<p>Organizatorami konkursu s\u0105: Komisja Kultury Rady Miejskiej w Bochni, Referat Promocji i Rozwoju Miasta, Miejski Dom Kultury.<\/p>\n","protected":false},"excerpt":{"rendered":"<p>Pochwal si\u0119 swoim najbli\u017cszym otoczeniem i we\u017a udzia\u0142 w VII edycji konkursu \u201eNiech nasze miasto tonie w kwiatach i zieleni\u201d.<\/p>\n","protected":false},"author":1,"featured_media":0,"comment_status":"open","ping_status":"closed","sticky":false,"template":"","format":"standard","meta":{"_acf_changed":false,"footnotes":""},"categories":[92],"tags":[3490,1704,1047,3390,17122,17163,3489,2313,17704,3491],"class_list":["post-7710","post","type-post","status-publish","format-standard","hentry","category-kultura","tag-balkon","tag-ewa-krzywda","tag-jury","tag-komisja","tag-konkurs","tag-kwiaty","tag-ogrodek","tag-organizatorzy","tag-osiedle","tag-teren"],"acf":[],"yoast_head":"<!-- This site is optimized with the Yoast SEO plugin v26.9 - https:\/\/yoast.com\/product\/yoast-seo-wordpress\/ -->\n<title>Bochnia \u201eutonie w kwiatach i zieleni\u201d - mojabochnia.pl - portal informacyjny<\/title>\n<meta name=\"robots\" content=\"index, follow, max-snippet:-1, max-image-preview:large, max-video-preview:-1\" \/>\n<link rel=\"canonical\" href=\"https:\/\/www.mojabochnia.pl\/?p=7710\" \/>\n<meta property=\"og:locale\" content=\"pl_PL\" \/>\n<meta property=\"og:type\" content=\"article\" \/>\n<meta property=\"og:title\" content=\"Bochnia \u201eutonie w kwiatach i zieleni\u201d - mojabochnia.pl - portal informacyjny\" \/>\n<meta property=\"og:description\" content=\"Pochwal si\u0119 swoim najbli\u017cszym otoczeniem i we\u017a udzia\u0142 w VII edycji konkursu \u201eNiech nasze miasto tonie w kwiatach i zieleni\u201d.\" \/>\n<meta property=\"og:url\" content=\"https:\/\/www.mojabochnia.pl\/?p=7710\" \/>\n<meta property=\"og:site_name\" content=\"mojabochnia.pl - portal informacyjny\" \/>\n<meta property=\"article:publisher\" content=\"https:\/\/www.facebook.com\/mojabochnia\" \/>\n<meta property=\"article:published_time\" content=\"2009-04-16T08:10:06+00:00\" \/>\n<meta name=\"author\" content=\"administrator\" \/>\n<meta name=\"twitter:card\" content=\"summary_large_image\" \/>\n<meta name=\"twitter:label1\" content=\"Written by\" \/>\n\t<meta name=\"twitter:data1\" content=\"administrator\" \/>\n\t<meta name=\"twitter:label2\" content=\"Est. reading time\" \/>\n\t<meta name=\"twitter:data2\" content=\"2 minuty\" \/>\n<script type=\"application\/ld+json\" class=\"yoast-schema-graph\">{\"@context\":\"https:\/\/schema.org\",\"@graph\":[{\"@type\":\"Article\",\"@id\":\"https:\/\/www.mojabochnia.pl\/?p=7710#article\",\"isPartOf\":{\"@id\":\"https:\/\/www.mojabochnia.pl\/?p=7710\"},\"author\":{\"name\":\"administrator\",\"@id\":\"https:\/\/www.mojabochnia.pl\/#\/schema\/person\/c00e1f64e6fa0e6de6d410f2c340017f\"},\"headline\":\"Bochnia \u201eutonie w kwiatach i zieleni\u201d\",\"datePublished\":\"2009-04-16T08:10:06+00:00\",\"mainEntityOfPage\":{\"@id\":\"https:\/\/www.mojabochnia.pl\/?p=7710\"},\"wordCount\":441,\"commentCount\":1,\"publisher\":{\"@id\":\"https:\/\/www.mojabochnia.pl\/#organization\"},\"keywords\":[\"balkon\",\"ewa krzywda\",\"jury\",\"komisja\",\"konkurs\",\"kwiaty\",\"ogr\u00f3dek\",\"organizatorzy\",\"osiedle\",\"teren\"],\"articleSection\":[\"kultura\"],\"inLanguage\":\"pl-PL\",\"potentialAction\":[{\"@type\":\"CommentAction\",\"name\":\"Comment\",\"target\":[\"https:\/\/www.mojabochnia.pl\/?p=7710#respond\"]}]},{\"@type\":\"WebPage\",\"@id\":\"https:\/\/www.mojabochnia.pl\/?p=7710\",\"url\":\"https:\/\/www.mojabochnia.pl\/?p=7710\",\"name\":\"Bochnia \u201eutonie w kwiatach i zieleni\u201d - mojabochnia.pl - portal informacyjny\",\"isPartOf\":{\"@id\":\"https:\/\/www.mojabochnia.pl\/#website\"},\"datePublished\":\"2009-04-16T08:10:06+00:00\",\"breadcrumb\":{\"@id\":\"https:\/\/www.mojabochnia.pl\/?p=7710#breadcrumb\"},\"inLanguage\":\"pl-PL\",\"potentialAction\":[{\"@type\":\"ReadAction\",\"target\":[\"https:\/\/www.mojabochnia.pl\/?p=7710\"]}]},{\"@type\":\"BreadcrumbList\",\"@id\":\"https:\/\/www.mojabochnia.pl\/?p=7710#breadcrumb\",\"itemListElement\":[{\"@type\":\"ListItem\",\"position\":1,\"name\":\"Home\",\"item\":\"https:\/\/www.mojabochnia.pl\/\"},{\"@type\":\"ListItem\",\"position\":2,\"name\":\"Bochnia \u201eutonie w kwiatach i zieleni\u201d\"}]},{\"@type\":\"WebSite\",\"@id\":\"https:\/\/www.mojabochnia.pl\/#website\",\"url\":\"https:\/\/www.mojabochnia.pl\/\",\"name\":\"mojabochnia.pl - portal informacyjny\",\"description\":\"mojaBochnia to portal informacyjny o Bochni. Codziennie o Bochni piszemy i pokazujemy najwa\u017cniejsze wydarzenia\",\"publisher\":{\"@id\":\"https:\/\/www.mojabochnia.pl\/#organization\"},\"potentialAction\":[{\"@type\":\"SearchAction\",\"target\":{\"@type\":\"EntryPoint\",\"urlTemplate\":\"https:\/\/www.mojabochnia.pl\/?s={search_term_string}\"},\"query-input\":{\"@type\":\"PropertyValueSpecification\",\"valueRequired\":true,\"valueName\":\"search_term_string\"}}],\"inLanguage\":\"pl-PL\"},{\"@type\":\"Organization\",\"@id\":\"https:\/\/www.mojabochnia.pl\/#organization\",\"name\":\"mojabochnia.pl - portal informacyjny\",\"url\":\"https:\/\/www.mojabochnia.pl\/\",\"logo\":{\"@type\":\"ImageObject\",\"inLanguage\":\"pl-PL\",\"@id\":\"https:\/\/www.mojabochnia.pl\/#\/schema\/logo\/image\/\",\"url\":\"https:\/\/www.mojabochnia.pl\/wp-content\/uploads\/2017\/08\/logo-mb-opt.png\",\"contentUrl\":\"https:\/\/www.mojabochnia.pl\/wp-content\/uploads\/2017\/08\/logo-mb-opt.png\",\"width\":250,\"height\":48,\"caption\":\"mojabochnia.pl - portal informacyjny\"},\"image\":{\"@id\":\"https:\/\/www.mojabochnia.pl\/#\/schema\/logo\/image\/\"},\"sameAs\":[\"https:\/\/www.facebook.com\/mojabochnia\"]},{\"@type\":\"Person\",\"@id\":\"https:\/\/www.mojabochnia.pl\/#\/schema\/person\/c00e1f64e6fa0e6de6d410f2c340017f\",\"name\":\"administrator\",\"url\":\"https:\/\/www.mojabochnia.pl\/?author=1\"}]}<\/script>\n<!-- \/ Yoast SEO plugin. -->","yoast_head_json":{"title":"Bochnia \u201eutonie w kwiatach i zieleni\u201d - mojabochnia.pl - portal informacyjny","robots":{"index":"index","follow":"follow","max-snippet":"max-snippet:-1","max-image-preview":"max-image-preview:large","max-video-preview":"max-video-preview:-1"},"canonical":"https:\/\/www.mojabochnia.pl\/?p=7710","og_locale":"pl_PL","og_type":"article","og_title":"Bochnia \u201eutonie w kwiatach i zieleni\u201d - mojabochnia.pl - portal informacyjny","og_description":"Pochwal si\u0119 swoim najbli\u017cszym otoczeniem i we\u017a udzia\u0142 w VII edycji konkursu \u201eNiech nasze miasto tonie w kwiatach i zieleni\u201d.","og_url":"https:\/\/www.mojabochnia.pl\/?p=7710","og_site_name":"mojabochnia.pl - portal informacyjny","article_publisher":"https:\/\/www.facebook.com\/mojabochnia","article_published_time":"2009-04-16T08:10:06+00:00","author":"administrator","twitter_card":"summary_large_image","twitter_misc":{"Written by":"administrator","Est. reading time":"2 minuty"},"schema":{"@context":"https:\/\/schema.org","@graph":[{"@type":"Article","@id":"https:\/\/www.mojabochnia.pl\/?p=7710#article","isPartOf":{"@id":"https:\/\/www.mojabochnia.pl\/?p=7710"},"author":{"name":"administrator","@id":"https:\/\/www.mojabochnia.pl\/#\/schema\/person\/c00e1f64e6fa0e6de6d410f2c340017f"},"headline":"Bochnia \u201eutonie w kwiatach i zieleni\u201d","datePublished":"2009-04-16T08:10:06+00:00","mainEntityOfPage":{"@id":"https:\/\/www.mojabochnia.pl\/?p=7710"},"wordCount":441,"commentCount":1,"publisher":{"@id":"https:\/\/www.mojabochnia.pl\/#organization"},"keywords":["balkon","ewa krzywda","jury","komisja","konkurs","kwiaty","ogr\u00f3dek","organizatorzy","osiedle","teren"],"articleSection":["kultura"],"inLanguage":"pl-PL","potentialAction":[{"@type":"CommentAction","name":"Comment","target":["https:\/\/www.mojabochnia.pl\/?p=7710#respond"]}]},{"@type":"WebPage","@id":"https:\/\/www.mojabochnia.pl\/?p=7710","url":"https:\/\/www.mojabochnia.pl\/?p=7710","name":"Bochnia \u201eutonie w kwiatach i zieleni\u201d - mojabochnia.pl - portal informacyjny","isPartOf":{"@id":"https:\/\/www.mojabochnia.pl\/#website"},"datePublished":"2009-04-16T08:10:06+00:00","breadcrumb":{"@id":"https:\/\/www.mojabochnia.pl\/?p=7710#breadcrumb"},"inLanguage":"pl-PL","potentialAction":[{"@type":"ReadAction","target":["https:\/\/www.mojabochnia.pl\/?p=7710"]}]},{"@type":"BreadcrumbList","@id":"https:\/\/www.mojabochnia.pl\/?p=7710#breadcrumb","itemListElement":[{"@type":"ListItem","position":1,"name":"Home","item":"https:\/\/www.mojabochnia.pl\/"},{"@type":"ListItem","position":2,"name":"Bochnia \u201eutonie w kwiatach i zieleni\u201d"}]},{"@type":"WebSite","@id":"https:\/\/www.mojabochnia.pl\/#website","url":"https:\/\/www.mojabochnia.pl\/","name":"mojabochnia.pl - portal informacyjny","description":"mojaBochnia to portal informacyjny o Bochni. Codziennie o Bochni piszemy i pokazujemy najwa\u017cniejsze wydarzenia","publisher":{"@id":"https:\/\/www.mojabochnia.pl\/#organization"},"potentialAction":[{"@type":"SearchAction","target":{"@type":"EntryPoint","urlTemplate":"https:\/\/www.mojabochnia.pl\/?s={search_term_string}"},"query-input":{"@type":"PropertyValueSpecification","valueRequired":true,"valueName":"search_term_string"}}],"inLanguage":"pl-PL"},{"@type":"Organization","@id":"https:\/\/www.mojabochnia.pl\/#organization","name":"mojabochnia.pl - portal informacyjny","url":"https:\/\/www.mojabochnia.pl\/","logo":{"@type":"ImageObject","inLanguage":"pl-PL","@id":"https:\/\/www.mojabochnia.pl\/#\/schema\/logo\/image\/","url":"https:\/\/www.mojabochnia.pl\/wp-content\/uploads\/2017\/08\/logo-mb-opt.png","contentUrl":"https:\/\/www.mojabochnia.pl\/wp-content\/uploads\/2017\/08\/logo-mb-opt.png","width":250,"height":48,"caption":"mojabochnia.pl - portal informacyjny"},"image":{"@id":"https:\/\/www.mojabochnia.pl\/#\/schema\/logo\/image\/"},"sameAs":["https:\/\/www.facebook.com\/mojabochnia"]},{"@type":"Person","@id":"https:\/\/www.mojabochnia.pl\/#\/schema\/person\/c00e1f64e6fa0e6de6d410f2c340017f","name":"administrator","url":"https:\/\/www.mojabochnia.pl\/?author=1"}]}},"_links":{"self":[{"href":"https:\/\/www.mojabochnia.pl\/index.php?rest_route=\/wp\/v2\/posts\/7710","targetHints":{"allow":["GET"]}}],"collection":[{"href":"https:\/\/www.mojabochnia.pl\/index.php?rest_route=\/wp\/v2\/posts"}],"about":[{"href":"https:\/\/www.mojabochnia.pl\/index.php?rest_route=\/wp\/v2\/types\/post"}],"author":[{"embeddable":true,"href":"https:\/\/www.mojabochnia.pl\/index.php?rest_route=\/wp\/v2\/users\/1"}],"replies":[{"embeddable":true,"href":"https:\/\/www.mojabochnia.pl\/index.php?rest_route=%2Fwp%2Fv2%2Fcomments&post=7710"}],"version-history":[{"count":0,"href":"https:\/\/www.mojabochnia.pl\/index.php?rest_route=\/wp\/v2\/posts\/7710\/revisions"}],"wp:attachment":[{"href":"https:\/\/www.mojabochnia.pl\/index.php?rest_route=%2Fwp%2Fv2%2Fmedia&parent=7710"}],"wp:term":[{"taxonomy":"category","embeddable":true,"href":"https:\/\/www.mojabochnia.pl\/index.php?rest_route=%2Fwp%2Fv2%2Fcategories&post=7710"},{"taxonomy":"post_tag","embeddable":true,"href":"https:\/\/www.mojabochnia.pl\/index.php?rest_route=%2Fwp%2Fv2%2Ftags&post=7710"}],"curies":[{"name":"wp","href":"https:\/\/api.w.org\/{rel}","templated":true}]}}