{"id":77042,"date":"2012-08-22T09:10:52","date_gmt":"2012-08-22T07:10:52","guid":{"rendered":"http:\/\/www.mojabochnia.pl\/?p=77042"},"modified":"2012-08-22T09:11:06","modified_gmt":"2012-08-22T07:11:06","slug":"sobota-charytatywny-piknik-strazacki-w-chodenicach","status":"publish","type":"post","link":"https:\/\/www.mojabochnia.pl\/?p=77042","title":{"rendered":"Sobota: charytatywny piknik stra\u017cacki w Chodenicach"},"content":{"rendered":"<p>To ju\u017c tradycja, \u017ce druhowie z Chodenic chc\u0105 pomaga\u0107 innym, tak\u017ce w czasie rodzinnego pikniku. Impreza rozpocznie si\u0119 o godz. 15.00 turniejem siatk\u00f3wki o puchar komendanta powiatowego PSP, potem na uczestnik\u00f3w b\u0119d\u0105 czeka\u0107 m.in. pokazy ratownictwa medycznego, prezentacja sprz\u0119tu stra\u017cackiego oraz wyst\u0119p zespo\u0142u Retus, laureata boche\u0144skich \u201eM\u0142odych Talent\u00f3w\u201d.<\/p>\n<p>B\u0119dzie mo\u017cna wyjecha\u0107 w g\u00f3r\u0119 stra\u017cackim podno\u015bnikiem, przejecha\u0107 si\u0119 na koniu ze stadniny \u201eWiki\u201d, albo doro\u017ck\u0105. Wszystkie te atrakcje dost\u0119pne b\u0119d\u0105 za datki wrzucone do puszek wolontariuszy, a zebrane w ten spos\u00f3b pieni\u0105dze trafi\u0105 na leczenie 8-letniego Adasia Pl\u0105dra. Wieczorem zaplanowano zabaw\u0119 taneczn\u0105, w czasie pikniku dla wszystkich czeka\u0107 te\u017c b\u0119dzie bogato zaopatrzony bufet.<\/p>\n<p><em>Staramy si\u0119 nie\u015b\u0107 pomoc tym, kt\u00f3rzy tego  potrzebuj\u0105 <\/em>\u2013 m\u00f3wi Stanis\u0142aw Bukowiec, prezes OSP Chodenice. W poprzednich pi\u0119ciu latach uda\u0142o si\u0119 zebra\u0107 ponad 15 tys. z\u0142otych, a \u015brodki te przeznaczone zosta\u0142y m.in. na rehabilitacj\u0119 m\u0142odych ludzi: Krzysia i Ani, pomogli\u015bmy rodzinie powodzian z \u0141apanowa, a w tamtym roku wsparli\u015bmy boche\u0144skie hospicjum. W tym roku chcemy pom\u00f3c Adasiowi, zreszt\u0105 ju\u017c podczas tegorocznego Memoria\u0142u Mjr. Bacy druhowie zebrali kilkaset z\u0142otych na ten cel \u2013 dodaje szef miejscowej jednostki.<\/p>\n","protected":false},"excerpt":{"rendered":"<p>W najbli\u017csz\u0105 sobot\u0119 25 sierpnia ju\u017c po raz sz\u00f3sty przy Domu Stra\u017caka w Chodenicach odb\u0119dzie si\u0119 Charytatywny Piknik Stra\u017cacki. Tym razem zbierane b\u0119d\u0105 fundusze na leczenie chorego na bia\u0142aczk\u0119 Adasia Pl\u0105dra, ucznia Szko\u0142y Podstawowej nr 2 w Bochni.<\/p>\n","protected":false},"author":13,"featured_media":0,"comment_status":"open","ping_status":"closed","sticky":false,"template":"","format":"standard","meta":{"_acf_changed":false,"footnotes":""},"categories":[5,6251,6250],"tags":[17178,17755,17114,17751,17141],"class_list":["post-77042","post","type-post","status-publish","format-standard","hentry","category-biezace-wydarzenia","category-polityka-i-wydarzenia","category-tematyka","tag-chodenice","tag-osp","tag-piknik","tag-stanislaw-bukowiec","tag-straz-pozarna","main_tag-chodenice"],"acf":[],"yoast_head":"<!-- This site is optimized with the Yoast SEO plugin v26.9 - https:\/\/yoast.com\/product\/yoast-seo-wordpress\/ -->\n<title>Sobota: charytatywny piknik stra\u017cacki w Chodenicach - mojabochnia.pl - portal informacyjny<\/title>\n<meta name=\"robots\" content=\"index, follow, max-snippet:-1, max-image-preview:large, max-video-preview:-1\" \/>\n<link rel=\"canonical\" href=\"https:\/\/www.mojabochnia.pl\/?p=77042\" \/>\n<meta property=\"og:locale\" content=\"pl_PL\" \/>\n<meta property=\"og:type\" content=\"article\" \/>\n<meta property=\"og:title\" content=\"Sobota: charytatywny piknik stra\u017cacki w Chodenicach - mojabochnia.pl - portal informacyjny\" \/>\n<meta property=\"og:description\" content=\"W najbli\u017csz\u0105 sobot\u0119 25 sierpnia ju\u017c po raz sz\u00f3sty przy Domu Stra\u017caka w Chodenicach odb\u0119dzie si\u0119 Charytatywny Piknik Stra\u017cacki. Tym razem zbierane b\u0119d\u0105 fundusze na leczenie chorego na bia\u0142aczk\u0119 Adasia Pl\u0105dra, ucznia Szko\u0142y Podstawowej nr 2 w Bochni.\" \/>\n<meta property=\"og:url\" content=\"https:\/\/www.mojabochnia.pl\/?p=77042\" \/>\n<meta property=\"og:site_name\" content=\"mojabochnia.pl - portal informacyjny\" \/>\n<meta property=\"article:publisher\" content=\"https:\/\/www.facebook.com\/mojabochnia\" \/>\n<meta property=\"article:published_time\" content=\"2012-08-22T07:10:52+00:00\" \/>\n<meta property=\"article:modified_time\" content=\"2012-08-22T07:11:06+00:00\" \/>\n<meta name=\"author\" content=\"redakcja\" \/>\n<meta name=\"twitter:card\" content=\"summary_large_image\" \/>\n<meta name=\"twitter:label1\" content=\"Written by\" \/>\n\t<meta name=\"twitter:data1\" content=\"redakcja\" \/>\n\t<meta name=\"twitter:label2\" content=\"Est. reading time\" \/>\n\t<meta name=\"twitter:data2\" content=\"1 minuta\" \/>\n<script type=\"application\/ld+json\" class=\"yoast-schema-graph\">{\"@context\":\"https:\/\/schema.org\",\"@graph\":[{\"@type\":\"Article\",\"@id\":\"https:\/\/www.mojabochnia.pl\/?p=77042#article\",\"isPartOf\":{\"@id\":\"https:\/\/www.mojabochnia.pl\/?p=77042\"},\"author\":{\"name\":\"redakcja\",\"@id\":\"https:\/\/www.mojabochnia.pl\/#\/schema\/person\/7e2f20ead9902216a3384f13606c0ab7\"},\"headline\":\"Sobota: charytatywny piknik stra\u017cacki w Chodenicach\",\"datePublished\":\"2012-08-22T07:10:52+00:00\",\"dateModified\":\"2012-08-22T07:11:06+00:00\",\"mainEntityOfPage\":{\"@id\":\"https:\/\/www.mojabochnia.pl\/?p=77042\"},\"wordCount\":220,\"commentCount\":0,\"publisher\":{\"@id\":\"https:\/\/www.mojabochnia.pl\/#organization\"},\"keywords\":[\"chodenice\",\"osp\",\"piknik\",\"stanis\u0142aw bukowiec\",\"stra\u017c po\u017carna\"],\"articleSection\":[\"2_ostatnie\",\"polityka i wydarzenia\",\"tematyka\"],\"inLanguage\":\"pl-PL\",\"potentialAction\":[{\"@type\":\"CommentAction\",\"name\":\"Comment\",\"target\":[\"https:\/\/www.mojabochnia.pl\/?p=77042#respond\"]}]},{\"@type\":\"WebPage\",\"@id\":\"https:\/\/www.mojabochnia.pl\/?p=77042\",\"url\":\"https:\/\/www.mojabochnia.pl\/?p=77042\",\"name\":\"Sobota: charytatywny piknik stra\u017cacki w Chodenicach - mojabochnia.pl - portal informacyjny\",\"isPartOf\":{\"@id\":\"https:\/\/www.mojabochnia.pl\/#website\"},\"datePublished\":\"2012-08-22T07:10:52+00:00\",\"dateModified\":\"2012-08-22T07:11:06+00:00\",\"breadcrumb\":{\"@id\":\"https:\/\/www.mojabochnia.pl\/?p=77042#breadcrumb\"},\"inLanguage\":\"pl-PL\",\"potentialAction\":[{\"@type\":\"ReadAction\",\"target\":[\"https:\/\/www.mojabochnia.pl\/?p=77042\"]}]},{\"@type\":\"BreadcrumbList\",\"@id\":\"https:\/\/www.mojabochnia.pl\/?p=77042#breadcrumb\",\"itemListElement\":[{\"@type\":\"ListItem\",\"position\":1,\"name\":\"Home\",\"item\":\"https:\/\/www.mojabochnia.pl\/\"},{\"@type\":\"ListItem\",\"position\":2,\"name\":\"Sobota: charytatywny piknik stra\u017cacki w Chodenicach\"}]},{\"@type\":\"WebSite\",\"@id\":\"https:\/\/www.mojabochnia.pl\/#website\",\"url\":\"https:\/\/www.mojabochnia.pl\/\",\"name\":\"mojabochnia.pl - portal informacyjny\",\"description\":\"mojaBochnia to portal informacyjny o Bochni. Codziennie o Bochni piszemy i pokazujemy najwa\u017cniejsze wydarzenia\",\"publisher\":{\"@id\":\"https:\/\/www.mojabochnia.pl\/#organization\"},\"potentialAction\":[{\"@type\":\"SearchAction\",\"target\":{\"@type\":\"EntryPoint\",\"urlTemplate\":\"https:\/\/www.mojabochnia.pl\/?s={search_term_string}\"},\"query-input\":{\"@type\":\"PropertyValueSpecification\",\"valueRequired\":true,\"valueName\":\"search_term_string\"}}],\"inLanguage\":\"pl-PL\"},{\"@type\":\"Organization\",\"@id\":\"https:\/\/www.mojabochnia.pl\/#organization\",\"name\":\"mojabochnia.pl - portal informacyjny\",\"url\":\"https:\/\/www.mojabochnia.pl\/\",\"logo\":{\"@type\":\"ImageObject\",\"inLanguage\":\"pl-PL\",\"@id\":\"https:\/\/www.mojabochnia.pl\/#\/schema\/logo\/image\/\",\"url\":\"https:\/\/www.mojabochnia.pl\/wp-content\/uploads\/2017\/08\/logo-mb-opt.png\",\"contentUrl\":\"https:\/\/www.mojabochnia.pl\/wp-content\/uploads\/2017\/08\/logo-mb-opt.png\",\"width\":250,\"height\":48,\"caption\":\"mojabochnia.pl - portal informacyjny\"},\"image\":{\"@id\":\"https:\/\/www.mojabochnia.pl\/#\/schema\/logo\/image\/\"},\"sameAs\":[\"https:\/\/www.facebook.com\/mojabochnia\"]},{\"@type\":\"Person\",\"@id\":\"https:\/\/www.mojabochnia.pl\/#\/schema\/person\/7e2f20ead9902216a3384f13606c0ab7\",\"name\":\"redakcja\",\"sameAs\":[\"http:\/\/\"],\"url\":\"https:\/\/www.mojabochnia.pl\/?author=13\"}]}<\/script>\n<!-- \/ Yoast SEO plugin. -->","yoast_head_json":{"title":"Sobota: charytatywny piknik stra\u017cacki w Chodenicach - mojabochnia.pl - portal informacyjny","robots":{"index":"index","follow":"follow","max-snippet":"max-snippet:-1","max-image-preview":"max-image-preview:large","max-video-preview":"max-video-preview:-1"},"canonical":"https:\/\/www.mojabochnia.pl\/?p=77042","og_locale":"pl_PL","og_type":"article","og_title":"Sobota: charytatywny piknik stra\u017cacki w Chodenicach - mojabochnia.pl - portal informacyjny","og_description":"W najbli\u017csz\u0105 sobot\u0119 25 sierpnia ju\u017c po raz sz\u00f3sty przy Domu Stra\u017caka w Chodenicach odb\u0119dzie si\u0119 Charytatywny Piknik Stra\u017cacki. Tym razem zbierane b\u0119d\u0105 fundusze na leczenie chorego na bia\u0142aczk\u0119 Adasia Pl\u0105dra, ucznia Szko\u0142y Podstawowej nr 2 w Bochni.","og_url":"https:\/\/www.mojabochnia.pl\/?p=77042","og_site_name":"mojabochnia.pl - portal informacyjny","article_publisher":"https:\/\/www.facebook.com\/mojabochnia","article_published_time":"2012-08-22T07:10:52+00:00","article_modified_time":"2012-08-22T07:11:06+00:00","author":"redakcja","twitter_card":"summary_large_image","twitter_misc":{"Written by":"redakcja","Est. reading time":"1 minuta"},"schema":{"@context":"https:\/\/schema.org","@graph":[{"@type":"Article","@id":"https:\/\/www.mojabochnia.pl\/?p=77042#article","isPartOf":{"@id":"https:\/\/www.mojabochnia.pl\/?p=77042"},"author":{"name":"redakcja","@id":"https:\/\/www.mojabochnia.pl\/#\/schema\/person\/7e2f20ead9902216a3384f13606c0ab7"},"headline":"Sobota: charytatywny piknik stra\u017cacki w Chodenicach","datePublished":"2012-08-22T07:10:52+00:00","dateModified":"2012-08-22T07:11:06+00:00","mainEntityOfPage":{"@id":"https:\/\/www.mojabochnia.pl\/?p=77042"},"wordCount":220,"commentCount":0,"publisher":{"@id":"https:\/\/www.mojabochnia.pl\/#organization"},"keywords":["chodenice","osp","piknik","stanis\u0142aw bukowiec","stra\u017c po\u017carna"],"articleSection":["2_ostatnie","polityka i wydarzenia","tematyka"],"inLanguage":"pl-PL","potentialAction":[{"@type":"CommentAction","name":"Comment","target":["https:\/\/www.mojabochnia.pl\/?p=77042#respond"]}]},{"@type":"WebPage","@id":"https:\/\/www.mojabochnia.pl\/?p=77042","url":"https:\/\/www.mojabochnia.pl\/?p=77042","name":"Sobota: charytatywny piknik stra\u017cacki w Chodenicach - mojabochnia.pl - portal informacyjny","isPartOf":{"@id":"https:\/\/www.mojabochnia.pl\/#website"},"datePublished":"2012-08-22T07:10:52+00:00","dateModified":"2012-08-22T07:11:06+00:00","breadcrumb":{"@id":"https:\/\/www.mojabochnia.pl\/?p=77042#breadcrumb"},"inLanguage":"pl-PL","potentialAction":[{"@type":"ReadAction","target":["https:\/\/www.mojabochnia.pl\/?p=77042"]}]},{"@type":"BreadcrumbList","@id":"https:\/\/www.mojabochnia.pl\/?p=77042#breadcrumb","itemListElement":[{"@type":"ListItem","position":1,"name":"Home","item":"https:\/\/www.mojabochnia.pl\/"},{"@type":"ListItem","position":2,"name":"Sobota: charytatywny piknik stra\u017cacki w Chodenicach"}]},{"@type":"WebSite","@id":"https:\/\/www.mojabochnia.pl\/#website","url":"https:\/\/www.mojabochnia.pl\/","name":"mojabochnia.pl - portal informacyjny","description":"mojaBochnia to portal informacyjny o Bochni. Codziennie o Bochni piszemy i pokazujemy najwa\u017cniejsze wydarzenia","publisher":{"@id":"https:\/\/www.mojabochnia.pl\/#organization"},"potentialAction":[{"@type":"SearchAction","target":{"@type":"EntryPoint","urlTemplate":"https:\/\/www.mojabochnia.pl\/?s={search_term_string}"},"query-input":{"@type":"PropertyValueSpecification","valueRequired":true,"valueName":"search_term_string"}}],"inLanguage":"pl-PL"},{"@type":"Organization","@id":"https:\/\/www.mojabochnia.pl\/#organization","name":"mojabochnia.pl - portal informacyjny","url":"https:\/\/www.mojabochnia.pl\/","logo":{"@type":"ImageObject","inLanguage":"pl-PL","@id":"https:\/\/www.mojabochnia.pl\/#\/schema\/logo\/image\/","url":"https:\/\/www.mojabochnia.pl\/wp-content\/uploads\/2017\/08\/logo-mb-opt.png","contentUrl":"https:\/\/www.mojabochnia.pl\/wp-content\/uploads\/2017\/08\/logo-mb-opt.png","width":250,"height":48,"caption":"mojabochnia.pl - portal informacyjny"},"image":{"@id":"https:\/\/www.mojabochnia.pl\/#\/schema\/logo\/image\/"},"sameAs":["https:\/\/www.facebook.com\/mojabochnia"]},{"@type":"Person","@id":"https:\/\/www.mojabochnia.pl\/#\/schema\/person\/7e2f20ead9902216a3384f13606c0ab7","name":"redakcja","sameAs":["http:\/\/"],"url":"https:\/\/www.mojabochnia.pl\/?author=13"}]}},"_links":{"self":[{"href":"https:\/\/www.mojabochnia.pl\/index.php?rest_route=\/wp\/v2\/posts\/77042","targetHints":{"allow":["GET"]}}],"collection":[{"href":"https:\/\/www.mojabochnia.pl\/index.php?rest_route=\/wp\/v2\/posts"}],"about":[{"href":"https:\/\/www.mojabochnia.pl\/index.php?rest_route=\/wp\/v2\/types\/post"}],"author":[{"embeddable":true,"href":"https:\/\/www.mojabochnia.pl\/index.php?rest_route=\/wp\/v2\/users\/13"}],"replies":[{"embeddable":true,"href":"https:\/\/www.mojabochnia.pl\/index.php?rest_route=%2Fwp%2Fv2%2Fcomments&post=77042"}],"version-history":[{"count":4,"href":"https:\/\/www.mojabochnia.pl\/index.php?rest_route=\/wp\/v2\/posts\/77042\/revisions"}],"predecessor-version":[{"id":77047,"href":"https:\/\/www.mojabochnia.pl\/index.php?rest_route=\/wp\/v2\/posts\/77042\/revisions\/77047"}],"wp:attachment":[{"href":"https:\/\/www.mojabochnia.pl\/index.php?rest_route=%2Fwp%2Fv2%2Fmedia&parent=77042"}],"wp:term":[{"taxonomy":"category","embeddable":true,"href":"https:\/\/www.mojabochnia.pl\/index.php?rest_route=%2Fwp%2Fv2%2Fcategories&post=77042"},{"taxonomy":"post_tag","embeddable":true,"href":"https:\/\/www.mojabochnia.pl\/index.php?rest_route=%2Fwp%2Fv2%2Ftags&post=77042"}],"curies":[{"name":"wp","href":"https:\/\/api.w.org\/{rel}","templated":true}]}}