{"id":76957,"date":"2012-08-21T11:42:22","date_gmt":"2012-08-21T09:42:22","guid":{"rendered":"http:\/\/www.mojabochnia.pl\/?p=76957"},"modified":"2012-08-23T09:09:07","modified_gmt":"2012-08-23T07:09:07","slug":"burmistrz-zabiera-glos-ws-przedszkola-list-otwarty","status":"publish","type":"post","link":"https:\/\/www.mojabochnia.pl\/?p=76957","title":{"rendered":"Burmistrz zabiera g\u0142os ws. przedszkola &#8211; list otwarty"},"content":{"rendered":"<p><strong>List otwarty<br \/>\nStefana Kolawi\u0144skiego<br \/>\nBurmistrza Miasta Bochnia<\/strong><\/p>\n<p>Szanowni Pa\u0144stwo,<\/p>\n<p>W ostatnim czasie tematem cz\u0119sto poruszanym publicznie i komentowanym w \u015brodkach publicznego przekazu jest pomys\u0142 utworzenia dodatkowych dw\u00f3ch oddzia\u0142\u00f3w przedszkolnych w Szkole Podstawowej Nr 5. <\/p>\n<p>Kwestia miejsc przedszkolnych przedstawiana jest opinii publicznej w nast\u0119puj\u0105cy spos\u00f3b: &#8211; Rada Rodzic\u00f3w PSP Nr 5 znalaz\u0142a znakomite rozwi\u0105zanie, dobre zar\u00f3wno dla szko\u0142y jak i rodzic\u00f3w dzieci, kt\u00f3re nie otrzyma\u0142y miejsca w przedszkolu, a burmistrz i podlegli mu urz\u0119dnicy nie chc\u0105 go wprowadzi\u0107 w \u017cycie. <\/p>\n<p>Tak, potwierdzam, nowe oddzia\u0142y przedszkolne w szkole nr 5 nie powstan\u0105. Decyzja ta jest obecnie przedmiotem krytyki. Nie ulegn\u0119 jej, gdy\u017c utworzenie oddzia\u0142\u00f3w by\u0142oby dzia\u0142aniem koniunkturalnym, wi\u0105\u017c\u0105cym si\u0119 z niewsp\u00f3\u0142miernie do efekt\u00f3w wysokimi kosztami, a wkr\u00f3tce tak\u017ce realnymi szkodami dla samorz\u0105du. Tez\u0119 t\u0119 popr\u0119 konkretami. <\/p>\n<p>Po pierwsze, gdy wiadomo by\u0142o ile poda\u0144 o miejsca w przedszkolach wp\u0142yn\u0119\u0142o i \u017ce sporo rodzic\u00f3w spotka si\u0119 z odmow\u0105, zacz\u0105\u0142em szuka\u0107 mo\u017cliwo\u015bci rozwi\u0105zania tego problemu. Bra\u0142em w\u00f3wczas pod uwag\u0119 przystosowanie cz\u0119\u015bci pomieszcze\u0144 szko\u0142y nr 5. Odbyli\u015bmy w\u00f3wczas wizj\u0119 lokaln\u0105. Wtedy to o rozpatrywaniu przeze mnie takiej mo\u017cliwo\u015bci dowiedzieli si\u0119 cz\u0142onkowie Rady Rodzic\u00f3w. Przygotowano wst\u0119pny kosztorys. \u201eNa dzie\u0144 dobry\u201d nale\u017ca\u0142o wy\u0142o\u017cy\u0107 ok. 200 tys. z\u0142 na remont pomieszcze\u0144, a kolejne 200 tys. z\u0142 zabezpieczy\u0107 na utworzenie etat\u00f3w nauczycielskich i pomocy przedszkolnej. Do tego dosz\u0142yby koszty wyposa\u017cenia sal w zabawki, materia\u0142y edukacyjne, zapewnienie wy\u017cywienia (w gr\u0119 wchodzi\u0142o uruchomienie zamiejscowych oddzia\u0142\u00f3w kt\u00f3rego\u015b z przedszkoli, wi\u0119c zapewnienie wy\u017cywienia przez sto\u0142\u00f3wk\u0119 szkoln\u0105 nie jest ani oczywiste ani proste do wdro\u017cenia). Szacunkowe koszty pierwszego roku dzia\u0142alno\u015bci oddzia\u0142\u00f3w to ponad p\u00f3\u0142 miliona z\u0142otych, koszty nast\u0119pnego roku \u2013 ponad 300 tys. z\u0142. Razem wi\u0119c dwa lata dzia\u0142alno\u015bci dw\u00f3ch oddzia\u0142\u00f3w to wydatek od 800 tysi\u0119cy do 1 miliona z\u0142.<\/p>\n<p>Dlaczego podaj\u0119 koszty dw\u00f3ch lat dzia\u0142alno\u015bci? &#8211; Poniewa\u017c zgodnie z rozwi\u0105zaniami proponowanymi przez Ministerstwo Edukacji Narodowej, od 1 wrze\u015bnia 2014 roku 6-latki p\u00f3jd\u0105 do szk\u00f3\u0142 i w\u00f3wczas wszystkie boche\u0144skie 3-, 4- i 5-latki znajd\u0105 miejsca w przedszkolach! Wi\u0119c tak naprawd\u0119 m\u00f3wimy o niedoborze, kt\u00f3ry b\u0119dzie wyst\u0119powa\u0142 przez dwa lata, a gdyby &#8211; tak jak to planowano &#8211; ju\u017c w tym roku obj\u0119to obowi\u0105zkiem szkolnym dzieci sze\u015bcioletnie, nie wyst\u0105pi\u0142by w og\u00f3le.<\/p>\n<p>G\u0142\u00f3wnymi powodami, kt\u00f3re przes\u0105dzi\u0142y o nieutworzeniu dodatkowych oddzia\u0142\u00f3w przedszkolnych w PSP Nr 5 s\u0105 zatem wysokie koszty tego przedsi\u0119wzi\u0119cia, kt\u00f3rych nie przewidziano w tegorocznym bud\u017cecie, a tak\u017ce fakt, \u017ce utworzenie tych oddzia\u0142\u00f3w wygenerowa\u0142oby maksymalnie 50 miejsc przedszkolnych, co nie do ko\u0144ca rozwi\u0105zuje problem, gdy\u017c odm\u00f3w by\u0142o znacznie wi\u0119cej.<\/p>\n<p>Kr\u00f3tkotrwa\u0142y charakter dzia\u0142alno\u015bci postulowanych oddzia\u0142\u00f3w oznacza, \u017ce po dw\u00f3ch latach powsta\u0142aby konieczno\u015b\u0107 zwolnienia zatrudnionych tam os\u00f3b. Zapewne w\u00f3wczas Rada Rodzic\u00f3w wystosowa\u0142aby kolejn\u0105 petycj\u0119 do samorz\u0105du. Tym razem o utrzymanie tych miejsc pracy, tak jak to mia\u0142o miejsce w\u0142a\u015bnie w szkole nr 5, gdzie rodzice walczyli o dalsze zatrudnianie tam nauczyciela przyj\u0119tego jedynie na zast\u0119pstwo\u2026<\/p>\n<p>Wbrew upowszechnianym opiniom ucz\u0119szczanie dzieci do oddzia\u0142\u00f3w przedszkolnych w PSP 5 wcale nie zdeterminowa\u0142oby p\u00f3\u017aniejszego wej\u015bcia ich w poczet uczni\u00f3w tej szko\u0142y. Rodzice skorzystaliby bowiem z mo\u017cliwo\u015bci umieszczenia dziecka w przedszkolu, nawet je\u017celi wi\u0105\u017ce si\u0119 to z dowo\u017ceniem go z odleg\u0142ego ko\u0144ca miasta, lecz szko\u0142\u0119 wybior\u0105 ju\u017c w bardziej dogodnej lokalizacji i zgodnie z innymi preferencjami.<\/p>\n<p>Je\u017celi te argumenty nie s\u0105 jeszcze przekonuj\u0105ce, to dokonam takiego por\u00f3wnania, \u017ce koszt uruchomienia i dwuletniego funkcjonowania 2 oddzia\u0142\u00f3w przedszkolnych (50 miejsc) w PSP Nr 5 to tyle, ile miasto rocznie wydaje na remonty i inwestycje we wszystkich budynkach zwi\u0105zanych z o\u015bwiat\u0105 i wychowaniem, a jest ich 13 (6 przedszkoli, 5 szk\u00f3\u0142 podstawowych i 2 gimnazja). W 2011 roku miasto na ten cel wyda\u0142o 874 tys. z\u0142, w tym roku b\u0119dzie to nieco ponad 1 mln z\u0142. Tyle samo kosztowa\u0142oby utworzenie na dwa lata oddzia\u0142\u00f3w przedszkolnych dla 50 dzieci\u2026 <\/p>\n<p>Po owych dw\u00f3ch latach zosta\u0142oby podniesione zasadne pytanie dotycz\u0105ce gospodarno\u015bci samorz\u0105du i celowo\u015bci wydatkowania tak du\u017cej kwoty na tak kr\u00f3tki czas. Jednocze\u015bnie pragn\u0119 Pa\u0144stwu u\u015bwiadomi\u0107, \u017ce \u015brodki na o\u015bwiat\u0119 i wychowanie stanowi\u0105 najwi\u0119ksz\u0105 cz\u0119\u015b\u0107 wydatk\u00f3w z bud\u017cetu miasta. W 2011 roku na ten cel wydano ponad 33 mln z\u0142 (ponad 40 proc. bud\u017cetu), przy czym subwencja o\u015bwiatowa wynios\u0142a zaledwie nieco ponad 15 mln z\u0142, czyli do\u0142o\u017cyli\u015bmy do przedszkoli i szk\u00f3\u0142 ok. 18 mln z\u0142 ze \u015brodk\u00f3w w\u0142asnych. <\/p>\n<p>Uwa\u017cam to za s\u0142uszne, gdy\u017c wszystkim nam zale\u017cy na tym, aby wychowanie przedszkolne i kszta\u0142cenie dzieci w naszym mie\u015bcie osi\u0105ga\u0142o coraz wy\u017cszy poziom i odbywa\u0142o si\u0119 w godziwych warunkach. Podejmujemy takie dzia\u0142ania, na jakie pozwala bud\u017cet miasta. Efekty ka\u017cdy widzi, a wyniki egzamin\u00f3w sz\u00f3stoklasist\u00f3w i gimnazjalist\u00f3w wskazuj\u0105, \u017ce poziom nauczania w Bochni jest wysoki i ma sta\u0142\u0105 tendencj\u0119 wzrostow\u0105. <\/p>\n<p><strong>Z powa\u017caniem<br \/>\nStefan Kolawi\u0144ski<br \/>\nBurmistrz Miasta Bochnia<\/strong><\/p>\n","protected":false},"excerpt":{"rendered":"<p>Do naszej redakcji wp\u0142yn\u0105\u0142 list otwarty burmistrza Stefana Kolawi\u0144skiego w sprawie przedszkola w Szkole Podstawowej nr 5 w Bochni. Utworzenia dw\u00f3ch oddzia\u0142\u00f3w przedszkolnych w tej plac\u00f3wce domagaj\u0105 si\u0119 rodzice, jednak zdaniem burmistrza nie jest to mo\u017cliwe w tym roku. <\/p>\n","protected":false},"author":4,"featured_media":0,"comment_status":"open","ping_status":"closed","sticky":true,"template":"","format":"standard","meta":{"_acf_changed":false,"footnotes":""},"categories":[5,6251,6250],"tags":[17421,6854,17279,7781,17251],"class_list":["post-76957","post","type-post","status-publish","format-standard","hentry","category-biezace-wydarzenia","category-polityka-i-wydarzenia","category-tematyka","tag-burmistrz","tag-list-otwarty","tag-przedszkole","tag-stefan-kolawinski","tag-szkola-podstawowa-nr-5","main_tag-przedszkole"],"acf":[],"yoast_head":"<!-- This site is optimized with the Yoast SEO plugin v26.9 - https:\/\/yoast.com\/product\/yoast-seo-wordpress\/ -->\n<title>Burmistrz zabiera g\u0142os ws. przedszkola - list otwarty - mojabochnia.pl - portal informacyjny<\/title>\n<meta name=\"robots\" content=\"index, follow, max-snippet:-1, max-image-preview:large, max-video-preview:-1\" \/>\n<link rel=\"canonical\" href=\"https:\/\/www.mojabochnia.pl\/?p=76957\" \/>\n<meta property=\"og:locale\" content=\"pl_PL\" \/>\n<meta property=\"og:type\" content=\"article\" \/>\n<meta property=\"og:title\" content=\"Burmistrz zabiera g\u0142os ws. przedszkola - list otwarty - mojabochnia.pl - portal informacyjny\" \/>\n<meta property=\"og:description\" content=\"Do naszej redakcji wp\u0142yn\u0105\u0142 list otwarty burmistrza Stefana Kolawi\u0144skiego w sprawie przedszkola w Szkole Podstawowej nr 5 w Bochni. Utworzenia dw\u00f3ch oddzia\u0142\u00f3w przedszkolnych w tej plac\u00f3wce domagaj\u0105 si\u0119 rodzice, jednak zdaniem burmistrza nie jest to mo\u017cliwe w tym roku.\" \/>\n<meta property=\"og:url\" content=\"https:\/\/www.mojabochnia.pl\/?p=76957\" \/>\n<meta property=\"og:site_name\" content=\"mojabochnia.pl - portal informacyjny\" \/>\n<meta property=\"article:publisher\" content=\"https:\/\/www.facebook.com\/mojabochnia\" \/>\n<meta property=\"article:published_time\" content=\"2012-08-21T09:42:22+00:00\" \/>\n<meta property=\"article:modified_time\" content=\"2012-08-23T07:09:07+00:00\" \/>\n<meta name=\"author\" content=\"Pawe\u0142 Michalczyk\" \/>\n<meta name=\"twitter:card\" content=\"summary_large_image\" \/>\n<meta name=\"twitter:label1\" content=\"Written by\" \/>\n\t<meta name=\"twitter:data1\" content=\"Pawe\u0142 Michalczyk\" \/>\n\t<meta name=\"twitter:label2\" content=\"Est. reading time\" \/>\n\t<meta name=\"twitter:data2\" content=\"4 minuty\" \/>\n<script type=\"application\/ld+json\" class=\"yoast-schema-graph\">{\"@context\":\"https:\/\/schema.org\",\"@graph\":[{\"@type\":\"Article\",\"@id\":\"https:\/\/www.mojabochnia.pl\/?p=76957#article\",\"isPartOf\":{\"@id\":\"https:\/\/www.mojabochnia.pl\/?p=76957\"},\"author\":{\"name\":\"Pawe\u0142 Michalczyk\",\"@id\":\"https:\/\/www.mojabochnia.pl\/#\/schema\/person\/ea042e4724a77627963f02166828ead4\"},\"headline\":\"Burmistrz zabiera g\u0142os ws. przedszkola &#8211; list otwarty\",\"datePublished\":\"2012-08-21T09:42:22+00:00\",\"dateModified\":\"2012-08-23T07:09:07+00:00\",\"mainEntityOfPage\":{\"@id\":\"https:\/\/www.mojabochnia.pl\/?p=76957\"},\"wordCount\":903,\"commentCount\":0,\"publisher\":{\"@id\":\"https:\/\/www.mojabochnia.pl\/#organization\"},\"keywords\":[\"burmistrz\",\"list otwarty\",\"przedszkole\",\"stefan kolawi\u0144ski\",\"szko\u0142a podstawowa nr 5\"],\"articleSection\":[\"2_ostatnie\",\"polityka i wydarzenia\",\"tematyka\"],\"inLanguage\":\"pl-PL\",\"potentialAction\":[{\"@type\":\"CommentAction\",\"name\":\"Comment\",\"target\":[\"https:\/\/www.mojabochnia.pl\/?p=76957#respond\"]}]},{\"@type\":\"WebPage\",\"@id\":\"https:\/\/www.mojabochnia.pl\/?p=76957\",\"url\":\"https:\/\/www.mojabochnia.pl\/?p=76957\",\"name\":\"Burmistrz zabiera g\u0142os ws. przedszkola - list otwarty - mojabochnia.pl - portal informacyjny\",\"isPartOf\":{\"@id\":\"https:\/\/www.mojabochnia.pl\/#website\"},\"datePublished\":\"2012-08-21T09:42:22+00:00\",\"dateModified\":\"2012-08-23T07:09:07+00:00\",\"breadcrumb\":{\"@id\":\"https:\/\/www.mojabochnia.pl\/?p=76957#breadcrumb\"},\"inLanguage\":\"pl-PL\",\"potentialAction\":[{\"@type\":\"ReadAction\",\"target\":[\"https:\/\/www.mojabochnia.pl\/?p=76957\"]}]},{\"@type\":\"BreadcrumbList\",\"@id\":\"https:\/\/www.mojabochnia.pl\/?p=76957#breadcrumb\",\"itemListElement\":[{\"@type\":\"ListItem\",\"position\":1,\"name\":\"Home\",\"item\":\"https:\/\/www.mojabochnia.pl\/\"},{\"@type\":\"ListItem\",\"position\":2,\"name\":\"Burmistrz zabiera g\u0142os ws. przedszkola &#8211; list otwarty\"}]},{\"@type\":\"WebSite\",\"@id\":\"https:\/\/www.mojabochnia.pl\/#website\",\"url\":\"https:\/\/www.mojabochnia.pl\/\",\"name\":\"mojabochnia.pl - portal informacyjny\",\"description\":\"mojaBochnia to portal informacyjny o Bochni. Codziennie o Bochni piszemy i pokazujemy najwa\u017cniejsze wydarzenia\",\"publisher\":{\"@id\":\"https:\/\/www.mojabochnia.pl\/#organization\"},\"potentialAction\":[{\"@type\":\"SearchAction\",\"target\":{\"@type\":\"EntryPoint\",\"urlTemplate\":\"https:\/\/www.mojabochnia.pl\/?s={search_term_string}\"},\"query-input\":{\"@type\":\"PropertyValueSpecification\",\"valueRequired\":true,\"valueName\":\"search_term_string\"}}],\"inLanguage\":\"pl-PL\"},{\"@type\":\"Organization\",\"@id\":\"https:\/\/www.mojabochnia.pl\/#organization\",\"name\":\"mojabochnia.pl - portal informacyjny\",\"url\":\"https:\/\/www.mojabochnia.pl\/\",\"logo\":{\"@type\":\"ImageObject\",\"inLanguage\":\"pl-PL\",\"@id\":\"https:\/\/www.mojabochnia.pl\/#\/schema\/logo\/image\/\",\"url\":\"https:\/\/www.mojabochnia.pl\/wp-content\/uploads\/2017\/08\/logo-mb-opt.png\",\"contentUrl\":\"https:\/\/www.mojabochnia.pl\/wp-content\/uploads\/2017\/08\/logo-mb-opt.png\",\"width\":250,\"height\":48,\"caption\":\"mojabochnia.pl - portal informacyjny\"},\"image\":{\"@id\":\"https:\/\/www.mojabochnia.pl\/#\/schema\/logo\/image\/\"},\"sameAs\":[\"https:\/\/www.facebook.com\/mojabochnia\"]},{\"@type\":\"Person\",\"@id\":\"https:\/\/www.mojabochnia.pl\/#\/schema\/person\/ea042e4724a77627963f02166828ead4\",\"name\":\"Pawe\u0142 Michalczyk\",\"url\":\"https:\/\/www.mojabochnia.pl\/?author=4\"}]}<\/script>\n<!-- \/ Yoast SEO plugin. -->","yoast_head_json":{"title":"Burmistrz zabiera g\u0142os ws. przedszkola - list otwarty - mojabochnia.pl - portal informacyjny","robots":{"index":"index","follow":"follow","max-snippet":"max-snippet:-1","max-image-preview":"max-image-preview:large","max-video-preview":"max-video-preview:-1"},"canonical":"https:\/\/www.mojabochnia.pl\/?p=76957","og_locale":"pl_PL","og_type":"article","og_title":"Burmistrz zabiera g\u0142os ws. przedszkola - list otwarty - mojabochnia.pl - portal informacyjny","og_description":"Do naszej redakcji wp\u0142yn\u0105\u0142 list otwarty burmistrza Stefana Kolawi\u0144skiego w sprawie przedszkola w Szkole Podstawowej nr 5 w Bochni. Utworzenia dw\u00f3ch oddzia\u0142\u00f3w przedszkolnych w tej plac\u00f3wce domagaj\u0105 si\u0119 rodzice, jednak zdaniem burmistrza nie jest to mo\u017cliwe w tym roku.","og_url":"https:\/\/www.mojabochnia.pl\/?p=76957","og_site_name":"mojabochnia.pl - portal informacyjny","article_publisher":"https:\/\/www.facebook.com\/mojabochnia","article_published_time":"2012-08-21T09:42:22+00:00","article_modified_time":"2012-08-23T07:09:07+00:00","author":"Pawe\u0142 Michalczyk","twitter_card":"summary_large_image","twitter_misc":{"Written by":"Pawe\u0142 Michalczyk","Est. reading time":"4 minuty"},"schema":{"@context":"https:\/\/schema.org","@graph":[{"@type":"Article","@id":"https:\/\/www.mojabochnia.pl\/?p=76957#article","isPartOf":{"@id":"https:\/\/www.mojabochnia.pl\/?p=76957"},"author":{"name":"Pawe\u0142 Michalczyk","@id":"https:\/\/www.mojabochnia.pl\/#\/schema\/person\/ea042e4724a77627963f02166828ead4"},"headline":"Burmistrz zabiera g\u0142os ws. przedszkola &#8211; list otwarty","datePublished":"2012-08-21T09:42:22+00:00","dateModified":"2012-08-23T07:09:07+00:00","mainEntityOfPage":{"@id":"https:\/\/www.mojabochnia.pl\/?p=76957"},"wordCount":903,"commentCount":0,"publisher":{"@id":"https:\/\/www.mojabochnia.pl\/#organization"},"keywords":["burmistrz","list otwarty","przedszkole","stefan kolawi\u0144ski","szko\u0142a podstawowa nr 5"],"articleSection":["2_ostatnie","polityka i wydarzenia","tematyka"],"inLanguage":"pl-PL","potentialAction":[{"@type":"CommentAction","name":"Comment","target":["https:\/\/www.mojabochnia.pl\/?p=76957#respond"]}]},{"@type":"WebPage","@id":"https:\/\/www.mojabochnia.pl\/?p=76957","url":"https:\/\/www.mojabochnia.pl\/?p=76957","name":"Burmistrz zabiera g\u0142os ws. przedszkola - list otwarty - mojabochnia.pl - portal informacyjny","isPartOf":{"@id":"https:\/\/www.mojabochnia.pl\/#website"},"datePublished":"2012-08-21T09:42:22+00:00","dateModified":"2012-08-23T07:09:07+00:00","breadcrumb":{"@id":"https:\/\/www.mojabochnia.pl\/?p=76957#breadcrumb"},"inLanguage":"pl-PL","potentialAction":[{"@type":"ReadAction","target":["https:\/\/www.mojabochnia.pl\/?p=76957"]}]},{"@type":"BreadcrumbList","@id":"https:\/\/www.mojabochnia.pl\/?p=76957#breadcrumb","itemListElement":[{"@type":"ListItem","position":1,"name":"Home","item":"https:\/\/www.mojabochnia.pl\/"},{"@type":"ListItem","position":2,"name":"Burmistrz zabiera g\u0142os ws. przedszkola &#8211; list otwarty"}]},{"@type":"WebSite","@id":"https:\/\/www.mojabochnia.pl\/#website","url":"https:\/\/www.mojabochnia.pl\/","name":"mojabochnia.pl - portal informacyjny","description":"mojaBochnia to portal informacyjny o Bochni. Codziennie o Bochni piszemy i pokazujemy najwa\u017cniejsze wydarzenia","publisher":{"@id":"https:\/\/www.mojabochnia.pl\/#organization"},"potentialAction":[{"@type":"SearchAction","target":{"@type":"EntryPoint","urlTemplate":"https:\/\/www.mojabochnia.pl\/?s={search_term_string}"},"query-input":{"@type":"PropertyValueSpecification","valueRequired":true,"valueName":"search_term_string"}}],"inLanguage":"pl-PL"},{"@type":"Organization","@id":"https:\/\/www.mojabochnia.pl\/#organization","name":"mojabochnia.pl - portal informacyjny","url":"https:\/\/www.mojabochnia.pl\/","logo":{"@type":"ImageObject","inLanguage":"pl-PL","@id":"https:\/\/www.mojabochnia.pl\/#\/schema\/logo\/image\/","url":"https:\/\/www.mojabochnia.pl\/wp-content\/uploads\/2017\/08\/logo-mb-opt.png","contentUrl":"https:\/\/www.mojabochnia.pl\/wp-content\/uploads\/2017\/08\/logo-mb-opt.png","width":250,"height":48,"caption":"mojabochnia.pl - portal informacyjny"},"image":{"@id":"https:\/\/www.mojabochnia.pl\/#\/schema\/logo\/image\/"},"sameAs":["https:\/\/www.facebook.com\/mojabochnia"]},{"@type":"Person","@id":"https:\/\/www.mojabochnia.pl\/#\/schema\/person\/ea042e4724a77627963f02166828ead4","name":"Pawe\u0142 Michalczyk","url":"https:\/\/www.mojabochnia.pl\/?author=4"}]}},"_links":{"self":[{"href":"https:\/\/www.mojabochnia.pl\/index.php?rest_route=\/wp\/v2\/posts\/76957","targetHints":{"allow":["GET"]}}],"collection":[{"href":"https:\/\/www.mojabochnia.pl\/index.php?rest_route=\/wp\/v2\/posts"}],"about":[{"href":"https:\/\/www.mojabochnia.pl\/index.php?rest_route=\/wp\/v2\/types\/post"}],"author":[{"embeddable":true,"href":"https:\/\/www.mojabochnia.pl\/index.php?rest_route=\/wp\/v2\/users\/4"}],"replies":[{"embeddable":true,"href":"https:\/\/www.mojabochnia.pl\/index.php?rest_route=%2Fwp%2Fv2%2Fcomments&post=76957"}],"version-history":[{"count":6,"href":"https:\/\/www.mojabochnia.pl\/index.php?rest_route=\/wp\/v2\/posts\/76957\/revisions"}],"predecessor-version":[{"id":77070,"href":"https:\/\/www.mojabochnia.pl\/index.php?rest_route=\/wp\/v2\/posts\/76957\/revisions\/77070"}],"wp:attachment":[{"href":"https:\/\/www.mojabochnia.pl\/index.php?rest_route=%2Fwp%2Fv2%2Fmedia&parent=76957"}],"wp:term":[{"taxonomy":"category","embeddable":true,"href":"https:\/\/www.mojabochnia.pl\/index.php?rest_route=%2Fwp%2Fv2%2Fcategories&post=76957"},{"taxonomy":"post_tag","embeddable":true,"href":"https:\/\/www.mojabochnia.pl\/index.php?rest_route=%2Fwp%2Fv2%2Ftags&post=76957"}],"curies":[{"name":"wp","href":"https:\/\/api.w.org\/{rel}","templated":true}]}}