{"id":76941,"date":"2012-08-21T08:39:22","date_gmt":"2012-08-21T06:39:22","guid":{"rendered":"http:\/\/www.mojabochnia.pl\/?p=76941"},"modified":"2012-08-21T08:39:22","modified_gmt":"2012-08-21T06:39:22","slug":"bytomsko-zlapani-na-goracym-uczynku","status":"publish","type":"post","link":"https:\/\/www.mojabochnia.pl\/?p=76941","title":{"rendered":"Bytomsko: z\u0142apani na gor\u0105cym uczynku"},"content":{"rendered":"<p>Do zdarzenia dosz\u0142o 14 sierpnia oko\u0142o godz. 3.10. <em>Policjanci z Posterunku Policji  w \u017begocinie podczas patrolu zwr\u00f3cili uwag\u0119 na zaparkowany przed sklepem w Bytomsku samoch\u00f3d osobowy. Radiow\u00f3z zosta\u0142 r\u00f3wnie\u017c zauwa\u017cony przez dw\u00f3ch m\u0119\u017cczyzn, kt\u00f3rzy wcze\u015bniej kraw\u0119\u017cnikiem rozbili szyb\u0119 w drzwiach wej\u015bciowych do sklepu i skradli z niego papierosy r\u00f3\u017cnych marek oraz pieni\u0105dze. Sp\u0142oszeni z\u0142odzieje nie mieli zamiaru odda\u0107 \u0142upu i rozpocz\u0105\u0142 si\u0119 po\u015bcig za Oplem Astr\u0105 w kierunku powiatu brzeskiego, a nast\u0119pnie Nowego S\u0105cza<\/em> \u2013 relacjonuje Leszek Machaj, rzecznik prasowy boche\u0144skiej policji. <\/p>\n<p>Ostatecznie z\u0142odzieje zostali zatrzymani przez s\u0105deckich funkcjonariuszy na jednej z osiedlowych dr\u00f3g. <em>Wcze\u015bniej z b\u0119d\u0105cego jeszcze w ruchu samochodu wyskoczy\u0142 pasa\u017cer i uciek\u0142. Zatrzymano kierowc\u0119 19-latka, a kolejnego dnia jego wsp\u00f3\u0142towarzysza 39-letniego, tak\u017ce mieszka\u0144ca Nowego S\u0105cza. Policjanci zbieraj\u0105c materia\u0142 dowodowy ustalili, \u017ce opr\u00f3cz wspomnianego w\u0142amania, gdzie poszkodowana oszacowa\u0142 szkody na 1200 z\u0142 na przestrzeni kilkunastu ostatnich dni okradli sklep w \u017begocinie a tak\u017ce podczas innego w\u0142amania zabrali  miniquada, kt\u00f3rego policjanci odzyskali podczas przeszukania. Prawdopodobnie tej samej nocy, kt\u00f3rej zostali przy\u0142apani na gor\u0105cym uczynku, m\u0119\u017cczy\u017ani kilka godzin wcze\u015bniej zatankowali paliwo na stacji paliw w powiecie brzeskim i odjechali nie p\u0142ac\u0105c. Prawdopodobnie tak\u017ce w\u0142amali si\u0119 do innego sklepu w powiecie s\u0105deckim<\/em> &#8211; dodaje Leszek Machaj. <\/p>\n<p>Za kradzie\u017c z w\u0142amaniem grozi kara pozbawienia wolno\u015bci od roku do lat 10. <\/p>\n","protected":false},"excerpt":{"rendered":"<p>Rozbili szyb\u0119 sklepu kraw\u0119\u017cnikiem, ukradli papierosy oraz pieni\u0105dze. Na ich nieszcz\u0119\u015bcie na miejscu pojawi\u0142 si\u0119 patrol policji. Nie oby\u0142o si\u0119 bez po\u015bcigu.<\/p>\n","protected":false},"author":4,"featured_media":0,"comment_status":"open","ping_status":"closed","sticky":false,"template":"","format":"standard","meta":{"_acf_changed":false,"footnotes":""},"categories":[5,6251,6250],"tags":[17238,17155,5853,1926,5231],"class_list":["post-76941","post","type-post","status-publish","format-standard","hentry","category-biezace-wydarzenia","category-polityka-i-wydarzenia","category-tematyka","tag-leszek-machaj","tag-policja","tag-poscig","tag-wlamanie","tag-zlodzieje","main_tag-policja"],"acf":[],"yoast_head":"<!-- This site is optimized with the Yoast SEO plugin v26.9 - https:\/\/yoast.com\/product\/yoast-seo-wordpress\/ -->\n<title>Bytomsko: z\u0142apani na gor\u0105cym uczynku - mojabochnia.pl - portal informacyjny<\/title>\n<meta name=\"robots\" content=\"index, follow, max-snippet:-1, max-image-preview:large, max-video-preview:-1\" \/>\n<link rel=\"canonical\" href=\"https:\/\/www.mojabochnia.pl\/?p=76941\" \/>\n<meta property=\"og:locale\" content=\"pl_PL\" \/>\n<meta property=\"og:type\" content=\"article\" \/>\n<meta property=\"og:title\" content=\"Bytomsko: z\u0142apani na gor\u0105cym uczynku - mojabochnia.pl - portal informacyjny\" \/>\n<meta property=\"og:description\" content=\"Rozbili szyb\u0119 sklepu kraw\u0119\u017cnikiem, ukradli papierosy oraz pieni\u0105dze. Na ich nieszcz\u0119\u015bcie na miejscu pojawi\u0142 si\u0119 patrol policji. Nie oby\u0142o si\u0119 bez po\u015bcigu.\" \/>\n<meta property=\"og:url\" content=\"https:\/\/www.mojabochnia.pl\/?p=76941\" \/>\n<meta property=\"og:site_name\" content=\"mojabochnia.pl - portal informacyjny\" \/>\n<meta property=\"article:publisher\" content=\"https:\/\/www.facebook.com\/mojabochnia\" \/>\n<meta property=\"article:published_time\" content=\"2012-08-21T06:39:22+00:00\" \/>\n<meta name=\"author\" content=\"Pawe\u0142 Michalczyk\" \/>\n<meta name=\"twitter:card\" content=\"summary_large_image\" \/>\n<meta name=\"twitter:label1\" content=\"Written by\" \/>\n\t<meta name=\"twitter:data1\" content=\"Pawe\u0142 Michalczyk\" \/>\n\t<meta name=\"twitter:label2\" content=\"Est. reading time\" \/>\n\t<meta name=\"twitter:data2\" content=\"1 minuta\" \/>\n<script type=\"application\/ld+json\" class=\"yoast-schema-graph\">{\"@context\":\"https:\/\/schema.org\",\"@graph\":[{\"@type\":\"Article\",\"@id\":\"https:\/\/www.mojabochnia.pl\/?p=76941#article\",\"isPartOf\":{\"@id\":\"https:\/\/www.mojabochnia.pl\/?p=76941\"},\"author\":{\"name\":\"Pawe\u0142 Michalczyk\",\"@id\":\"https:\/\/www.mojabochnia.pl\/#\/schema\/person\/ea042e4724a77627963f02166828ead4\"},\"headline\":\"Bytomsko: z\u0142apani na gor\u0105cym uczynku\",\"datePublished\":\"2012-08-21T06:39:22+00:00\",\"mainEntityOfPage\":{\"@id\":\"https:\/\/www.mojabochnia.pl\/?p=76941\"},\"wordCount\":261,\"commentCount\":0,\"publisher\":{\"@id\":\"https:\/\/www.mojabochnia.pl\/#organization\"},\"keywords\":[\"leszek machaj\",\"policja\",\"po\u015bcig\",\"w\u0142amanie\",\"z\u0142odzieje\"],\"articleSection\":[\"2_ostatnie\",\"polityka i wydarzenia\",\"tematyka\"],\"inLanguage\":\"pl-PL\",\"potentialAction\":[{\"@type\":\"CommentAction\",\"name\":\"Comment\",\"target\":[\"https:\/\/www.mojabochnia.pl\/?p=76941#respond\"]}]},{\"@type\":\"WebPage\",\"@id\":\"https:\/\/www.mojabochnia.pl\/?p=76941\",\"url\":\"https:\/\/www.mojabochnia.pl\/?p=76941\",\"name\":\"Bytomsko: z\u0142apani na gor\u0105cym uczynku - mojabochnia.pl - portal informacyjny\",\"isPartOf\":{\"@id\":\"https:\/\/www.mojabochnia.pl\/#website\"},\"datePublished\":\"2012-08-21T06:39:22+00:00\",\"breadcrumb\":{\"@id\":\"https:\/\/www.mojabochnia.pl\/?p=76941#breadcrumb\"},\"inLanguage\":\"pl-PL\",\"potentialAction\":[{\"@type\":\"ReadAction\",\"target\":[\"https:\/\/www.mojabochnia.pl\/?p=76941\"]}]},{\"@type\":\"BreadcrumbList\",\"@id\":\"https:\/\/www.mojabochnia.pl\/?p=76941#breadcrumb\",\"itemListElement\":[{\"@type\":\"ListItem\",\"position\":1,\"name\":\"Home\",\"item\":\"https:\/\/www.mojabochnia.pl\/\"},{\"@type\":\"ListItem\",\"position\":2,\"name\":\"Bytomsko: z\u0142apani na gor\u0105cym uczynku\"}]},{\"@type\":\"WebSite\",\"@id\":\"https:\/\/www.mojabochnia.pl\/#website\",\"url\":\"https:\/\/www.mojabochnia.pl\/\",\"name\":\"mojabochnia.pl - portal informacyjny\",\"description\":\"mojaBochnia to portal informacyjny o Bochni. Codziennie o Bochni piszemy i pokazujemy najwa\u017cniejsze wydarzenia\",\"publisher\":{\"@id\":\"https:\/\/www.mojabochnia.pl\/#organization\"},\"potentialAction\":[{\"@type\":\"SearchAction\",\"target\":{\"@type\":\"EntryPoint\",\"urlTemplate\":\"https:\/\/www.mojabochnia.pl\/?s={search_term_string}\"},\"query-input\":{\"@type\":\"PropertyValueSpecification\",\"valueRequired\":true,\"valueName\":\"search_term_string\"}}],\"inLanguage\":\"pl-PL\"},{\"@type\":\"Organization\",\"@id\":\"https:\/\/www.mojabochnia.pl\/#organization\",\"name\":\"mojabochnia.pl - portal informacyjny\",\"url\":\"https:\/\/www.mojabochnia.pl\/\",\"logo\":{\"@type\":\"ImageObject\",\"inLanguage\":\"pl-PL\",\"@id\":\"https:\/\/www.mojabochnia.pl\/#\/schema\/logo\/image\/\",\"url\":\"https:\/\/www.mojabochnia.pl\/wp-content\/uploads\/2017\/08\/logo-mb-opt.png\",\"contentUrl\":\"https:\/\/www.mojabochnia.pl\/wp-content\/uploads\/2017\/08\/logo-mb-opt.png\",\"width\":250,\"height\":48,\"caption\":\"mojabochnia.pl - portal informacyjny\"},\"image\":{\"@id\":\"https:\/\/www.mojabochnia.pl\/#\/schema\/logo\/image\/\"},\"sameAs\":[\"https:\/\/www.facebook.com\/mojabochnia\"]},{\"@type\":\"Person\",\"@id\":\"https:\/\/www.mojabochnia.pl\/#\/schema\/person\/ea042e4724a77627963f02166828ead4\",\"name\":\"Pawe\u0142 Michalczyk\",\"url\":\"https:\/\/www.mojabochnia.pl\/?author=4\"}]}<\/script>\n<!-- \/ Yoast SEO plugin. -->","yoast_head_json":{"title":"Bytomsko: z\u0142apani na gor\u0105cym uczynku - mojabochnia.pl - portal informacyjny","robots":{"index":"index","follow":"follow","max-snippet":"max-snippet:-1","max-image-preview":"max-image-preview:large","max-video-preview":"max-video-preview:-1"},"canonical":"https:\/\/www.mojabochnia.pl\/?p=76941","og_locale":"pl_PL","og_type":"article","og_title":"Bytomsko: z\u0142apani na gor\u0105cym uczynku - mojabochnia.pl - portal informacyjny","og_description":"Rozbili szyb\u0119 sklepu kraw\u0119\u017cnikiem, ukradli papierosy oraz pieni\u0105dze. Na ich nieszcz\u0119\u015bcie na miejscu pojawi\u0142 si\u0119 patrol policji. Nie oby\u0142o si\u0119 bez po\u015bcigu.","og_url":"https:\/\/www.mojabochnia.pl\/?p=76941","og_site_name":"mojabochnia.pl - portal informacyjny","article_publisher":"https:\/\/www.facebook.com\/mojabochnia","article_published_time":"2012-08-21T06:39:22+00:00","author":"Pawe\u0142 Michalczyk","twitter_card":"summary_large_image","twitter_misc":{"Written by":"Pawe\u0142 Michalczyk","Est. reading time":"1 minuta"},"schema":{"@context":"https:\/\/schema.org","@graph":[{"@type":"Article","@id":"https:\/\/www.mojabochnia.pl\/?p=76941#article","isPartOf":{"@id":"https:\/\/www.mojabochnia.pl\/?p=76941"},"author":{"name":"Pawe\u0142 Michalczyk","@id":"https:\/\/www.mojabochnia.pl\/#\/schema\/person\/ea042e4724a77627963f02166828ead4"},"headline":"Bytomsko: z\u0142apani na gor\u0105cym uczynku","datePublished":"2012-08-21T06:39:22+00:00","mainEntityOfPage":{"@id":"https:\/\/www.mojabochnia.pl\/?p=76941"},"wordCount":261,"commentCount":0,"publisher":{"@id":"https:\/\/www.mojabochnia.pl\/#organization"},"keywords":["leszek machaj","policja","po\u015bcig","w\u0142amanie","z\u0142odzieje"],"articleSection":["2_ostatnie","polityka i wydarzenia","tematyka"],"inLanguage":"pl-PL","potentialAction":[{"@type":"CommentAction","name":"Comment","target":["https:\/\/www.mojabochnia.pl\/?p=76941#respond"]}]},{"@type":"WebPage","@id":"https:\/\/www.mojabochnia.pl\/?p=76941","url":"https:\/\/www.mojabochnia.pl\/?p=76941","name":"Bytomsko: z\u0142apani na gor\u0105cym uczynku - mojabochnia.pl - portal informacyjny","isPartOf":{"@id":"https:\/\/www.mojabochnia.pl\/#website"},"datePublished":"2012-08-21T06:39:22+00:00","breadcrumb":{"@id":"https:\/\/www.mojabochnia.pl\/?p=76941#breadcrumb"},"inLanguage":"pl-PL","potentialAction":[{"@type":"ReadAction","target":["https:\/\/www.mojabochnia.pl\/?p=76941"]}]},{"@type":"BreadcrumbList","@id":"https:\/\/www.mojabochnia.pl\/?p=76941#breadcrumb","itemListElement":[{"@type":"ListItem","position":1,"name":"Home","item":"https:\/\/www.mojabochnia.pl\/"},{"@type":"ListItem","position":2,"name":"Bytomsko: z\u0142apani na gor\u0105cym uczynku"}]},{"@type":"WebSite","@id":"https:\/\/www.mojabochnia.pl\/#website","url":"https:\/\/www.mojabochnia.pl\/","name":"mojabochnia.pl - portal informacyjny","description":"mojaBochnia to portal informacyjny o Bochni. Codziennie o Bochni piszemy i pokazujemy najwa\u017cniejsze wydarzenia","publisher":{"@id":"https:\/\/www.mojabochnia.pl\/#organization"},"potentialAction":[{"@type":"SearchAction","target":{"@type":"EntryPoint","urlTemplate":"https:\/\/www.mojabochnia.pl\/?s={search_term_string}"},"query-input":{"@type":"PropertyValueSpecification","valueRequired":true,"valueName":"search_term_string"}}],"inLanguage":"pl-PL"},{"@type":"Organization","@id":"https:\/\/www.mojabochnia.pl\/#organization","name":"mojabochnia.pl - portal informacyjny","url":"https:\/\/www.mojabochnia.pl\/","logo":{"@type":"ImageObject","inLanguage":"pl-PL","@id":"https:\/\/www.mojabochnia.pl\/#\/schema\/logo\/image\/","url":"https:\/\/www.mojabochnia.pl\/wp-content\/uploads\/2017\/08\/logo-mb-opt.png","contentUrl":"https:\/\/www.mojabochnia.pl\/wp-content\/uploads\/2017\/08\/logo-mb-opt.png","width":250,"height":48,"caption":"mojabochnia.pl - portal informacyjny"},"image":{"@id":"https:\/\/www.mojabochnia.pl\/#\/schema\/logo\/image\/"},"sameAs":["https:\/\/www.facebook.com\/mojabochnia"]},{"@type":"Person","@id":"https:\/\/www.mojabochnia.pl\/#\/schema\/person\/ea042e4724a77627963f02166828ead4","name":"Pawe\u0142 Michalczyk","url":"https:\/\/www.mojabochnia.pl\/?author=4"}]}},"_links":{"self":[{"href":"https:\/\/www.mojabochnia.pl\/index.php?rest_route=\/wp\/v2\/posts\/76941","targetHints":{"allow":["GET"]}}],"collection":[{"href":"https:\/\/www.mojabochnia.pl\/index.php?rest_route=\/wp\/v2\/posts"}],"about":[{"href":"https:\/\/www.mojabochnia.pl\/index.php?rest_route=\/wp\/v2\/types\/post"}],"author":[{"embeddable":true,"href":"https:\/\/www.mojabochnia.pl\/index.php?rest_route=\/wp\/v2\/users\/4"}],"replies":[{"embeddable":true,"href":"https:\/\/www.mojabochnia.pl\/index.php?rest_route=%2Fwp%2Fv2%2Fcomments&post=76941"}],"version-history":[{"count":2,"href":"https:\/\/www.mojabochnia.pl\/index.php?rest_route=\/wp\/v2\/posts\/76941\/revisions"}],"predecessor-version":[{"id":76943,"href":"https:\/\/www.mojabochnia.pl\/index.php?rest_route=\/wp\/v2\/posts\/76941\/revisions\/76943"}],"wp:attachment":[{"href":"https:\/\/www.mojabochnia.pl\/index.php?rest_route=%2Fwp%2Fv2%2Fmedia&parent=76941"}],"wp:term":[{"taxonomy":"category","embeddable":true,"href":"https:\/\/www.mojabochnia.pl\/index.php?rest_route=%2Fwp%2Fv2%2Fcategories&post=76941"},{"taxonomy":"post_tag","embeddable":true,"href":"https:\/\/www.mojabochnia.pl\/index.php?rest_route=%2Fwp%2Fv2%2Ftags&post=76941"}],"curies":[{"name":"wp","href":"https:\/\/api.w.org\/{rel}","templated":true}]}}