{"id":7669,"date":"2009-04-15T16:10:20","date_gmt":"2009-04-15T14:10:20","guid":{"rendered":"http:\/\/www.mojabochnia.pl\/?p=7669"},"modified":"2009-04-15T10:27:01","modified_gmt":"2009-04-15T08:27:01","slug":"baw-sie-na-basenie-w-proszowkach","status":"publish","type":"post","link":"https:\/\/www.mojabochnia.pl\/?p=7669","title":{"rendered":"Baw si\u0119 na basenie w Prosz\u00f3wkach"},"content":{"rendered":"<p>W programie zawod\u00f3w nie zabraknie standardowych konkurencji, jednak tym razem na mi\u0142o\u015bnik\u00f3w p\u0142ywanie czeka co\u015b jeszcze. &#8211; <em>Tym razem opr\u00f3cz standardowych konkurencji uzupe\u0142nione zostan\u0105 dodatkowo nieco \u017cartobliw\u0105 formu\u0142\u0105 st\u0105d tytu\u0142 Baw si\u0119 razem z nami<\/em> \u2013 powiedzia\u0142 Jaros\u0142aw Skrzypek, dyrektor basenu w Prosz\u00f3wkach. Organizowane impreza skierowana jest do uczni\u00f3w szk\u00f3\u0142 podstawowych, zaczynaj\u0105c na najm\u0142odszych (klasa 0), a ko\u0144cz\u0105c na najstarszych, czyli uczniach klas VI.<\/p>\n<p>Uczestnicy startuj\u0105cy w kategoriach wiekowych od klasy 0-IV wystartuj\u0105 na dystansie 25m, natomiast zawodnicy z kategorii klasy V-VI b\u0119d\u0105 musieli przep\u0142yn\u0105\u0107 50m. Ka\u017cdy z uczestnik\u00f3w b\u0119dzie m\u00f3g\u0142 pop\u0142yn\u0105\u0107 w dw\u00f3ch wybranych przez siebie stylach Zawody rozpoczn\u0105 si\u0119 w sobot\u0119 18.04 o godzinie 10.00, zg\u0142oszenia przyjmowane b\u0119d\u0105 do 9.30. Op\u0142ata startowa wynosi 5 z\u0142. Imprez\u0119 przygotowali oraz poprowadz\u0105 ratownicy z basenu w Prosz\u00f3wkach.<\/p>\n","protected":false},"excerpt":{"rendered":"<p>W najbli\u017csz\u0105 sobot\u0119 na Krytej P\u0142ywalni w Prosz\u00f3wkach odb\u0119d\u0105 si\u0119 zawody p\u0142ywackie, tym razem mo\u017cliwo\u015b\u0107 udzia\u0142u b\u0119d\u0105 mieli nieco m\u0142odsi ni\u017c do tej pory zawodnicy.<\/p>\n","protected":false},"author":1,"featured_media":0,"comment_status":"open","ping_status":"closed","sticky":false,"template":"","format":"standard","meta":{"_acf_changed":false,"footnotes":""},"categories":[29],"tags":[17120,1963,3285,3457,3458,2770,17107],"class_list":["post-7669","post","type-post","status-publish","format-standard","hentry","category-sport","tag-basen","tag-jaroslaw-skrzypek","tag-kategorie-wiekowe","tag-kryta-plywalnia","tag-oplata","tag-uczestnicy","tag-zawody"],"acf":[],"yoast_head":"<!-- This site is optimized with the Yoast SEO plugin v26.9 - https:\/\/yoast.com\/product\/yoast-seo-wordpress\/ -->\n<title>Baw si\u0119 na basenie w Prosz\u00f3wkach - mojabochnia.pl - portal informacyjny<\/title>\n<meta name=\"robots\" content=\"index, follow, max-snippet:-1, max-image-preview:large, max-video-preview:-1\" \/>\n<link rel=\"canonical\" href=\"https:\/\/www.mojabochnia.pl\/?p=7669\" \/>\n<meta property=\"og:locale\" content=\"pl_PL\" \/>\n<meta property=\"og:type\" content=\"article\" \/>\n<meta property=\"og:title\" content=\"Baw si\u0119 na basenie w Prosz\u00f3wkach - mojabochnia.pl - portal informacyjny\" \/>\n<meta property=\"og:description\" content=\"W najbli\u017csz\u0105 sobot\u0119 na Krytej P\u0142ywalni w Prosz\u00f3wkach odb\u0119d\u0105 si\u0119 zawody p\u0142ywackie, tym razem mo\u017cliwo\u015b\u0107 udzia\u0142u b\u0119d\u0105 mieli nieco m\u0142odsi ni\u017c do tej pory zawodnicy.\" \/>\n<meta property=\"og:url\" content=\"https:\/\/www.mojabochnia.pl\/?p=7669\" \/>\n<meta property=\"og:site_name\" content=\"mojabochnia.pl - portal informacyjny\" \/>\n<meta property=\"article:publisher\" content=\"https:\/\/www.facebook.com\/mojabochnia\" \/>\n<meta property=\"article:published_time\" content=\"2009-04-15T14:10:20+00:00\" \/>\n<meta name=\"author\" content=\"administrator\" \/>\n<meta name=\"twitter:card\" content=\"summary_large_image\" \/>\n<meta name=\"twitter:label1\" content=\"Written by\" \/>\n\t<meta name=\"twitter:data1\" content=\"administrator\" \/>\n\t<meta name=\"twitter:label2\" content=\"Est. reading time\" \/>\n\t<meta name=\"twitter:data2\" content=\"1 minuta\" \/>\n<script type=\"application\/ld+json\" class=\"yoast-schema-graph\">{\"@context\":\"https:\/\/schema.org\",\"@graph\":[{\"@type\":\"Article\",\"@id\":\"https:\/\/www.mojabochnia.pl\/?p=7669#article\",\"isPartOf\":{\"@id\":\"https:\/\/www.mojabochnia.pl\/?p=7669\"},\"author\":{\"name\":\"administrator\",\"@id\":\"https:\/\/www.mojabochnia.pl\/#\/schema\/person\/c00e1f64e6fa0e6de6d410f2c340017f\"},\"headline\":\"Baw si\u0119 na basenie w Prosz\u00f3wkach\",\"datePublished\":\"2009-04-15T14:10:20+00:00\",\"mainEntityOfPage\":{\"@id\":\"https:\/\/www.mojabochnia.pl\/?p=7669\"},\"wordCount\":155,\"commentCount\":0,\"publisher\":{\"@id\":\"https:\/\/www.mojabochnia.pl\/#organization\"},\"keywords\":[\"basen\",\"jaros\u0142aw skrzypek\",\"kategorie wiekowe\",\"kryta p\u0142ywalnia\",\"op\u0142ata\",\"uczestnicy\",\"zawody\"],\"articleSection\":[\"sport\"],\"inLanguage\":\"pl-PL\",\"potentialAction\":[{\"@type\":\"CommentAction\",\"name\":\"Comment\",\"target\":[\"https:\/\/www.mojabochnia.pl\/?p=7669#respond\"]}]},{\"@type\":\"WebPage\",\"@id\":\"https:\/\/www.mojabochnia.pl\/?p=7669\",\"url\":\"https:\/\/www.mojabochnia.pl\/?p=7669\",\"name\":\"Baw si\u0119 na basenie w Prosz\u00f3wkach - mojabochnia.pl - portal informacyjny\",\"isPartOf\":{\"@id\":\"https:\/\/www.mojabochnia.pl\/#website\"},\"datePublished\":\"2009-04-15T14:10:20+00:00\",\"breadcrumb\":{\"@id\":\"https:\/\/www.mojabochnia.pl\/?p=7669#breadcrumb\"},\"inLanguage\":\"pl-PL\",\"potentialAction\":[{\"@type\":\"ReadAction\",\"target\":[\"https:\/\/www.mojabochnia.pl\/?p=7669\"]}]},{\"@type\":\"BreadcrumbList\",\"@id\":\"https:\/\/www.mojabochnia.pl\/?p=7669#breadcrumb\",\"itemListElement\":[{\"@type\":\"ListItem\",\"position\":1,\"name\":\"Home\",\"item\":\"https:\/\/www.mojabochnia.pl\/\"},{\"@type\":\"ListItem\",\"position\":2,\"name\":\"Baw si\u0119 na basenie w Prosz\u00f3wkach\"}]},{\"@type\":\"WebSite\",\"@id\":\"https:\/\/www.mojabochnia.pl\/#website\",\"url\":\"https:\/\/www.mojabochnia.pl\/\",\"name\":\"mojabochnia.pl - portal informacyjny\",\"description\":\"mojaBochnia to portal informacyjny o Bochni. Codziennie o Bochni piszemy i pokazujemy najwa\u017cniejsze wydarzenia\",\"publisher\":{\"@id\":\"https:\/\/www.mojabochnia.pl\/#organization\"},\"potentialAction\":[{\"@type\":\"SearchAction\",\"target\":{\"@type\":\"EntryPoint\",\"urlTemplate\":\"https:\/\/www.mojabochnia.pl\/?s={search_term_string}\"},\"query-input\":{\"@type\":\"PropertyValueSpecification\",\"valueRequired\":true,\"valueName\":\"search_term_string\"}}],\"inLanguage\":\"pl-PL\"},{\"@type\":\"Organization\",\"@id\":\"https:\/\/www.mojabochnia.pl\/#organization\",\"name\":\"mojabochnia.pl - portal informacyjny\",\"url\":\"https:\/\/www.mojabochnia.pl\/\",\"logo\":{\"@type\":\"ImageObject\",\"inLanguage\":\"pl-PL\",\"@id\":\"https:\/\/www.mojabochnia.pl\/#\/schema\/logo\/image\/\",\"url\":\"https:\/\/www.mojabochnia.pl\/wp-content\/uploads\/2017\/08\/logo-mb-opt.png\",\"contentUrl\":\"https:\/\/www.mojabochnia.pl\/wp-content\/uploads\/2017\/08\/logo-mb-opt.png\",\"width\":250,\"height\":48,\"caption\":\"mojabochnia.pl - portal informacyjny\"},\"image\":{\"@id\":\"https:\/\/www.mojabochnia.pl\/#\/schema\/logo\/image\/\"},\"sameAs\":[\"https:\/\/www.facebook.com\/mojabochnia\"]},{\"@type\":\"Person\",\"@id\":\"https:\/\/www.mojabochnia.pl\/#\/schema\/person\/c00e1f64e6fa0e6de6d410f2c340017f\",\"name\":\"administrator\",\"url\":\"https:\/\/www.mojabochnia.pl\/?author=1\"}]}<\/script>\n<!-- \/ Yoast SEO plugin. -->","yoast_head_json":{"title":"Baw si\u0119 na basenie w Prosz\u00f3wkach - mojabochnia.pl - portal informacyjny","robots":{"index":"index","follow":"follow","max-snippet":"max-snippet:-1","max-image-preview":"max-image-preview:large","max-video-preview":"max-video-preview:-1"},"canonical":"https:\/\/www.mojabochnia.pl\/?p=7669","og_locale":"pl_PL","og_type":"article","og_title":"Baw si\u0119 na basenie w Prosz\u00f3wkach - mojabochnia.pl - portal informacyjny","og_description":"W najbli\u017csz\u0105 sobot\u0119 na Krytej P\u0142ywalni w Prosz\u00f3wkach odb\u0119d\u0105 si\u0119 zawody p\u0142ywackie, tym razem mo\u017cliwo\u015b\u0107 udzia\u0142u b\u0119d\u0105 mieli nieco m\u0142odsi ni\u017c do tej pory zawodnicy.","og_url":"https:\/\/www.mojabochnia.pl\/?p=7669","og_site_name":"mojabochnia.pl - portal informacyjny","article_publisher":"https:\/\/www.facebook.com\/mojabochnia","article_published_time":"2009-04-15T14:10:20+00:00","author":"administrator","twitter_card":"summary_large_image","twitter_misc":{"Written by":"administrator","Est. reading time":"1 minuta"},"schema":{"@context":"https:\/\/schema.org","@graph":[{"@type":"Article","@id":"https:\/\/www.mojabochnia.pl\/?p=7669#article","isPartOf":{"@id":"https:\/\/www.mojabochnia.pl\/?p=7669"},"author":{"name":"administrator","@id":"https:\/\/www.mojabochnia.pl\/#\/schema\/person\/c00e1f64e6fa0e6de6d410f2c340017f"},"headline":"Baw si\u0119 na basenie w Prosz\u00f3wkach","datePublished":"2009-04-15T14:10:20+00:00","mainEntityOfPage":{"@id":"https:\/\/www.mojabochnia.pl\/?p=7669"},"wordCount":155,"commentCount":0,"publisher":{"@id":"https:\/\/www.mojabochnia.pl\/#organization"},"keywords":["basen","jaros\u0142aw skrzypek","kategorie wiekowe","kryta p\u0142ywalnia","op\u0142ata","uczestnicy","zawody"],"articleSection":["sport"],"inLanguage":"pl-PL","potentialAction":[{"@type":"CommentAction","name":"Comment","target":["https:\/\/www.mojabochnia.pl\/?p=7669#respond"]}]},{"@type":"WebPage","@id":"https:\/\/www.mojabochnia.pl\/?p=7669","url":"https:\/\/www.mojabochnia.pl\/?p=7669","name":"Baw si\u0119 na basenie w Prosz\u00f3wkach - mojabochnia.pl - portal informacyjny","isPartOf":{"@id":"https:\/\/www.mojabochnia.pl\/#website"},"datePublished":"2009-04-15T14:10:20+00:00","breadcrumb":{"@id":"https:\/\/www.mojabochnia.pl\/?p=7669#breadcrumb"},"inLanguage":"pl-PL","potentialAction":[{"@type":"ReadAction","target":["https:\/\/www.mojabochnia.pl\/?p=7669"]}]},{"@type":"BreadcrumbList","@id":"https:\/\/www.mojabochnia.pl\/?p=7669#breadcrumb","itemListElement":[{"@type":"ListItem","position":1,"name":"Home","item":"https:\/\/www.mojabochnia.pl\/"},{"@type":"ListItem","position":2,"name":"Baw si\u0119 na basenie w Prosz\u00f3wkach"}]},{"@type":"WebSite","@id":"https:\/\/www.mojabochnia.pl\/#website","url":"https:\/\/www.mojabochnia.pl\/","name":"mojabochnia.pl - portal informacyjny","description":"mojaBochnia to portal informacyjny o Bochni. Codziennie o Bochni piszemy i pokazujemy najwa\u017cniejsze wydarzenia","publisher":{"@id":"https:\/\/www.mojabochnia.pl\/#organization"},"potentialAction":[{"@type":"SearchAction","target":{"@type":"EntryPoint","urlTemplate":"https:\/\/www.mojabochnia.pl\/?s={search_term_string}"},"query-input":{"@type":"PropertyValueSpecification","valueRequired":true,"valueName":"search_term_string"}}],"inLanguage":"pl-PL"},{"@type":"Organization","@id":"https:\/\/www.mojabochnia.pl\/#organization","name":"mojabochnia.pl - portal informacyjny","url":"https:\/\/www.mojabochnia.pl\/","logo":{"@type":"ImageObject","inLanguage":"pl-PL","@id":"https:\/\/www.mojabochnia.pl\/#\/schema\/logo\/image\/","url":"https:\/\/www.mojabochnia.pl\/wp-content\/uploads\/2017\/08\/logo-mb-opt.png","contentUrl":"https:\/\/www.mojabochnia.pl\/wp-content\/uploads\/2017\/08\/logo-mb-opt.png","width":250,"height":48,"caption":"mojabochnia.pl - portal informacyjny"},"image":{"@id":"https:\/\/www.mojabochnia.pl\/#\/schema\/logo\/image\/"},"sameAs":["https:\/\/www.facebook.com\/mojabochnia"]},{"@type":"Person","@id":"https:\/\/www.mojabochnia.pl\/#\/schema\/person\/c00e1f64e6fa0e6de6d410f2c340017f","name":"administrator","url":"https:\/\/www.mojabochnia.pl\/?author=1"}]}},"_links":{"self":[{"href":"https:\/\/www.mojabochnia.pl\/index.php?rest_route=\/wp\/v2\/posts\/7669","targetHints":{"allow":["GET"]}}],"collection":[{"href":"https:\/\/www.mojabochnia.pl\/index.php?rest_route=\/wp\/v2\/posts"}],"about":[{"href":"https:\/\/www.mojabochnia.pl\/index.php?rest_route=\/wp\/v2\/types\/post"}],"author":[{"embeddable":true,"href":"https:\/\/www.mojabochnia.pl\/index.php?rest_route=\/wp\/v2\/users\/1"}],"replies":[{"embeddable":true,"href":"https:\/\/www.mojabochnia.pl\/index.php?rest_route=%2Fwp%2Fv2%2Fcomments&post=7669"}],"version-history":[{"count":0,"href":"https:\/\/www.mojabochnia.pl\/index.php?rest_route=\/wp\/v2\/posts\/7669\/revisions"}],"wp:attachment":[{"href":"https:\/\/www.mojabochnia.pl\/index.php?rest_route=%2Fwp%2Fv2%2Fmedia&parent=7669"}],"wp:term":[{"taxonomy":"category","embeddable":true,"href":"https:\/\/www.mojabochnia.pl\/index.php?rest_route=%2Fwp%2Fv2%2Fcategories&post=7669"},{"taxonomy":"post_tag","embeddable":true,"href":"https:\/\/www.mojabochnia.pl\/index.php?rest_route=%2Fwp%2Fv2%2Ftags&post=7669"}],"curies":[{"name":"wp","href":"https:\/\/api.w.org\/{rel}","templated":true}]}}