{"id":76609,"date":"2012-08-19T07:11:20","date_gmt":"2012-08-19T05:11:20","guid":{"rendered":"http:\/\/www.mojabochnia.pl\/?p=76609"},"modified":"2012-08-18T21:14:45","modified_gmt":"2012-08-18T19:14:45","slug":"wiara-i-komunia-to-dwa-%e2%80%9eskrzydla-czlowieka-wierzacego","status":"publish","type":"post","link":"https:\/\/www.mojabochnia.pl\/?p=76609","title":{"rendered":"Wiara i Komunia to dwa \u201eskrzyd\u0142a\u201d cz\u0142owieka wierz\u0105cego"},"content":{"rendered":"<p>\u201eJe\u017celi nie b\u0119dziecie spo\u017cywa\u0107 cia\u0142a Syna Cz\u0142owieczego i nie b\u0119dziecie pili krwi Jego, nie b\u0119dziecie mieli \u017cycia w sobie\u201d \u2013 m\u00f3wi Jezus w dzisiejszym fragmencie Ewangelii. Cz\u0142owiek tym \u017cyje, czym si\u0119 karmi. Jak\u017ce wielu dzi\u015b \u017cyj\u0105cych ludzi do\u015bwiadcza pustki. Najwyra\u017aniej przejawia si\u0119 to w naszym stylu \u017cycia, kt\u00f3re ci\u0105gle potrzebuje \u201erozp\u0119du\u201d, bo jak si\u0119 cz\u0142owiek zatrzymuje, bo wtedy nie wie, co z sob\u0105 zrobi\u0107. Pustka przejawia si\u0119 tak\u017ce w tym, jak sp\u0119dzamy sw\u00f3j wolny czas. Coraz mniej ludzi czyta interesuj\u0105ce ksi\u0105\u017cki, wielu nie ma \u017cadnych pasji ani hobby, a jak si\u0119 spotykamy to nasze rozmowy s\u0105 bardzo p\u0142ytkie i najcz\u0119\u015bciej dotycz\u0105 innych ludzi (bo do tego nie potrzeba \u017cadnej g\u0142\u0119bi, a wprost przeciwnie!). <\/p>\n<p>Po raz kolejny Jezus dzi\u015b przypomina jak\u017ce wa\u017cn\u0105 prawd\u0119: \u201eKto spo\u017cywa moje Cia\u0142o i pije moj\u0105 Krew, ma \u017cycie wieczne, a Ja go wskrzesz\u0119 w dniu ostatecznym\u201d. Posilanie si\u0119 Eucharysti\u0105 jest dla cz\u0142owieka przepustk\u0105 do nieba. T\u0119 prawd\u0119 mogli\u015bmy rozwa\u017ca\u0107 przed kilku dniami, podczas uroczysto\u015bci Wniebowzi\u0119cia. Mo\u017cna zaryzykowa\u0107 stwierdzenie, \u017ce moment przyj\u0119cia Jezusa do swojego serca, ju\u017c jest przedsmakiem nieba, jest do\u015bwiadczeniem naszej intymnej wi\u0119zi z Bogiem. Pomy\u015bl: jak prze\u017cywasz ka\u017cd\u0105 komuni\u0119 \u015bwi\u0119t\u0105? Czy jest to dla ciebie wyj\u0105tkowa chwila i patrzysz na to, jako na wielki dar i \u0142ask\u0119, jak\u0105 B\u00f3g daje cz\u0142owiekowi ka\u017cdego dnia? <\/p>\n<p>I jeszcze jedna my\u015bl. Nawet cz\u0142owieka wierz\u0105cy potrafi bardzo d\u0142ugo \u017cy\u0107 bez Boga, Eucharystii i modlitwy. Mo\u017ce i ty, t\u0142umaczysz si\u0119 czasem, \u017ce wierzysz w Boga, \u017ce jest On ci bardzo bliski, ale dlaczego nie potwierdzasz tego cz\u0119st\u0105 komuni\u0105 \u015bwi\u0119t\u0105. Wielu z nas grozi dzi\u015b postawa \u201esamook\u0142amywania\u201d, kt\u00f3ra polega na tym, \u017ce w naszej definicji wiary, nie ma miejsca na sakramentaln\u0105 wi\u0119\u017a z Bogiem, a s\u0142owo \u201ewiara i wierz\u0119\u201d jest tylko has\u0142em, kt\u00f3re spokojnie pozwala mi \u201ezwalnia\u0107 si\u0119\u201d z praktykowania i autentycznego \u017cycia Tym, kt\u00f3ry nieustannie ma wype\u0142nia\u0107 nasz\u0105 dusz\u0119.<\/p>\n<p>Duszpasterz<\/p>\n","protected":false},"excerpt":{"rendered":"<p>Julia i August, bohaterowie sztuki norwey.today, poznali si\u0119 przez Internet. Przebywaj\u0105c w tym nierzeczywistym \u015bwiecie, do\u015bwiadczyli uczucia przesytu, znudzenia i duchowej pustki. Postanowili pope\u0142ni\u0107 samob\u00f3jstwo, skacz\u0105c ze ska\u0142 norweskiego fiordu. Nawet na chwil\u0119 przed \u015bmierci\u0105 nie wiedz\u0105, dlaczego chc\u0105 odebra\u0107 sobie \u017cycie. <\/p>\n","protected":false},"author":13,"featured_media":0,"comment_status":"open","ping_status":"closed","sticky":false,"template":"","format":"standard","meta":{"_acf_changed":false,"footnotes":""},"categories":[5,6250,1342],"tags":[17844,17834,17934,17365],"class_list":["post-76609","post","type-post","status-publish","format-standard","hentry","category-biezace-wydarzenia","category-tematyka","category-zycie-religijne","tag-jezus","tag-refleksje","tag-refleksje-na-niedziele","tag-wiara","main_tag-refleksje-na-niedziele"],"acf":[],"yoast_head":"<!-- This site is optimized with the Yoast SEO plugin v26.9 - https:\/\/yoast.com\/product\/yoast-seo-wordpress\/ -->\n<title>Wiara i Komunia to dwa \u201eskrzyd\u0142a\u201d cz\u0142owieka wierz\u0105cego - mojabochnia.pl - portal informacyjny<\/title>\n<meta name=\"robots\" content=\"index, follow, max-snippet:-1, max-image-preview:large, max-video-preview:-1\" \/>\n<link rel=\"canonical\" href=\"https:\/\/www.mojabochnia.pl\/?p=76609\" \/>\n<meta property=\"og:locale\" content=\"pl_PL\" \/>\n<meta property=\"og:type\" content=\"article\" \/>\n<meta property=\"og:title\" content=\"Wiara i Komunia to dwa \u201eskrzyd\u0142a\u201d cz\u0142owieka wierz\u0105cego - mojabochnia.pl - portal informacyjny\" \/>\n<meta property=\"og:description\" content=\"Julia i August, bohaterowie sztuki norwey.today, poznali si\u0119 przez Internet. Przebywaj\u0105c w tym nierzeczywistym \u015bwiecie, do\u015bwiadczyli uczucia przesytu, znudzenia i duchowej pustki. Postanowili pope\u0142ni\u0107 samob\u00f3jstwo, skacz\u0105c ze ska\u0142 norweskiego fiordu. Nawet na chwil\u0119 przed \u015bmierci\u0105 nie wiedz\u0105, dlaczego chc\u0105 odebra\u0107 sobie \u017cycie.\" \/>\n<meta property=\"og:url\" content=\"https:\/\/www.mojabochnia.pl\/?p=76609\" \/>\n<meta property=\"og:site_name\" content=\"mojabochnia.pl - portal informacyjny\" \/>\n<meta property=\"article:publisher\" content=\"https:\/\/www.facebook.com\/mojabochnia\" \/>\n<meta property=\"article:published_time\" content=\"2012-08-19T05:11:20+00:00\" \/>\n<meta name=\"author\" content=\"redakcja\" \/>\n<meta name=\"twitter:card\" content=\"summary_large_image\" \/>\n<meta name=\"twitter:label1\" content=\"Written by\" \/>\n\t<meta name=\"twitter:data1\" content=\"redakcja\" \/>\n\t<meta name=\"twitter:label2\" content=\"Est. reading time\" \/>\n\t<meta name=\"twitter:data2\" content=\"2 minuty\" \/>\n<script type=\"application\/ld+json\" class=\"yoast-schema-graph\">{\"@context\":\"https:\/\/schema.org\",\"@graph\":[{\"@type\":\"Article\",\"@id\":\"https:\/\/www.mojabochnia.pl\/?p=76609#article\",\"isPartOf\":{\"@id\":\"https:\/\/www.mojabochnia.pl\/?p=76609\"},\"author\":{\"name\":\"redakcja\",\"@id\":\"https:\/\/www.mojabochnia.pl\/#\/schema\/person\/7e2f20ead9902216a3384f13606c0ab7\"},\"headline\":\"Wiara i Komunia to dwa \u201eskrzyd\u0142a\u201d cz\u0142owieka wierz\u0105cego\",\"datePublished\":\"2012-08-19T05:11:20+00:00\",\"mainEntityOfPage\":{\"@id\":\"https:\/\/www.mojabochnia.pl\/?p=76609\"},\"wordCount\":371,\"commentCount\":0,\"publisher\":{\"@id\":\"https:\/\/www.mojabochnia.pl\/#organization\"},\"keywords\":[\"jezus\",\"refleksje\",\"refleksje na niedziel\u0119\",\"wiara\"],\"articleSection\":[\"2_ostatnie\",\"tematyka\",\"\u017bycie religijne\"],\"inLanguage\":\"pl-PL\",\"potentialAction\":[{\"@type\":\"CommentAction\",\"name\":\"Comment\",\"target\":[\"https:\/\/www.mojabochnia.pl\/?p=76609#respond\"]}]},{\"@type\":\"WebPage\",\"@id\":\"https:\/\/www.mojabochnia.pl\/?p=76609\",\"url\":\"https:\/\/www.mojabochnia.pl\/?p=76609\",\"name\":\"Wiara i Komunia to dwa \u201eskrzyd\u0142a\u201d cz\u0142owieka wierz\u0105cego - mojabochnia.pl - portal informacyjny\",\"isPartOf\":{\"@id\":\"https:\/\/www.mojabochnia.pl\/#website\"},\"datePublished\":\"2012-08-19T05:11:20+00:00\",\"breadcrumb\":{\"@id\":\"https:\/\/www.mojabochnia.pl\/?p=76609#breadcrumb\"},\"inLanguage\":\"pl-PL\",\"potentialAction\":[{\"@type\":\"ReadAction\",\"target\":[\"https:\/\/www.mojabochnia.pl\/?p=76609\"]}]},{\"@type\":\"BreadcrumbList\",\"@id\":\"https:\/\/www.mojabochnia.pl\/?p=76609#breadcrumb\",\"itemListElement\":[{\"@type\":\"ListItem\",\"position\":1,\"name\":\"Home\",\"item\":\"https:\/\/www.mojabochnia.pl\/\"},{\"@type\":\"ListItem\",\"position\":2,\"name\":\"Wiara i Komunia to dwa \u201eskrzyd\u0142a\u201d cz\u0142owieka wierz\u0105cego\"}]},{\"@type\":\"WebSite\",\"@id\":\"https:\/\/www.mojabochnia.pl\/#website\",\"url\":\"https:\/\/www.mojabochnia.pl\/\",\"name\":\"mojabochnia.pl - portal informacyjny\",\"description\":\"mojaBochnia to portal informacyjny o Bochni. Codziennie o Bochni piszemy i pokazujemy najwa\u017cniejsze wydarzenia\",\"publisher\":{\"@id\":\"https:\/\/www.mojabochnia.pl\/#organization\"},\"potentialAction\":[{\"@type\":\"SearchAction\",\"target\":{\"@type\":\"EntryPoint\",\"urlTemplate\":\"https:\/\/www.mojabochnia.pl\/?s={search_term_string}\"},\"query-input\":{\"@type\":\"PropertyValueSpecification\",\"valueRequired\":true,\"valueName\":\"search_term_string\"}}],\"inLanguage\":\"pl-PL\"},{\"@type\":\"Organization\",\"@id\":\"https:\/\/www.mojabochnia.pl\/#organization\",\"name\":\"mojabochnia.pl - portal informacyjny\",\"url\":\"https:\/\/www.mojabochnia.pl\/\",\"logo\":{\"@type\":\"ImageObject\",\"inLanguage\":\"pl-PL\",\"@id\":\"https:\/\/www.mojabochnia.pl\/#\/schema\/logo\/image\/\",\"url\":\"https:\/\/www.mojabochnia.pl\/wp-content\/uploads\/2017\/08\/logo-mb-opt.png\",\"contentUrl\":\"https:\/\/www.mojabochnia.pl\/wp-content\/uploads\/2017\/08\/logo-mb-opt.png\",\"width\":250,\"height\":48,\"caption\":\"mojabochnia.pl - portal informacyjny\"},\"image\":{\"@id\":\"https:\/\/www.mojabochnia.pl\/#\/schema\/logo\/image\/\"},\"sameAs\":[\"https:\/\/www.facebook.com\/mojabochnia\"]},{\"@type\":\"Person\",\"@id\":\"https:\/\/www.mojabochnia.pl\/#\/schema\/person\/7e2f20ead9902216a3384f13606c0ab7\",\"name\":\"redakcja\",\"sameAs\":[\"http:\/\/\"],\"url\":\"https:\/\/www.mojabochnia.pl\/?author=13\"}]}<\/script>\n<!-- \/ Yoast SEO plugin. -->","yoast_head_json":{"title":"Wiara i Komunia to dwa \u201eskrzyd\u0142a\u201d cz\u0142owieka wierz\u0105cego - mojabochnia.pl - portal informacyjny","robots":{"index":"index","follow":"follow","max-snippet":"max-snippet:-1","max-image-preview":"max-image-preview:large","max-video-preview":"max-video-preview:-1"},"canonical":"https:\/\/www.mojabochnia.pl\/?p=76609","og_locale":"pl_PL","og_type":"article","og_title":"Wiara i Komunia to dwa \u201eskrzyd\u0142a\u201d cz\u0142owieka wierz\u0105cego - mojabochnia.pl - portal informacyjny","og_description":"Julia i August, bohaterowie sztuki norwey.today, poznali si\u0119 przez Internet. Przebywaj\u0105c w tym nierzeczywistym \u015bwiecie, do\u015bwiadczyli uczucia przesytu, znudzenia i duchowej pustki. Postanowili pope\u0142ni\u0107 samob\u00f3jstwo, skacz\u0105c ze ska\u0142 norweskiego fiordu. Nawet na chwil\u0119 przed \u015bmierci\u0105 nie wiedz\u0105, dlaczego chc\u0105 odebra\u0107 sobie \u017cycie.","og_url":"https:\/\/www.mojabochnia.pl\/?p=76609","og_site_name":"mojabochnia.pl - portal informacyjny","article_publisher":"https:\/\/www.facebook.com\/mojabochnia","article_published_time":"2012-08-19T05:11:20+00:00","author":"redakcja","twitter_card":"summary_large_image","twitter_misc":{"Written by":"redakcja","Est. reading time":"2 minuty"},"schema":{"@context":"https:\/\/schema.org","@graph":[{"@type":"Article","@id":"https:\/\/www.mojabochnia.pl\/?p=76609#article","isPartOf":{"@id":"https:\/\/www.mojabochnia.pl\/?p=76609"},"author":{"name":"redakcja","@id":"https:\/\/www.mojabochnia.pl\/#\/schema\/person\/7e2f20ead9902216a3384f13606c0ab7"},"headline":"Wiara i Komunia to dwa \u201eskrzyd\u0142a\u201d cz\u0142owieka wierz\u0105cego","datePublished":"2012-08-19T05:11:20+00:00","mainEntityOfPage":{"@id":"https:\/\/www.mojabochnia.pl\/?p=76609"},"wordCount":371,"commentCount":0,"publisher":{"@id":"https:\/\/www.mojabochnia.pl\/#organization"},"keywords":["jezus","refleksje","refleksje na niedziel\u0119","wiara"],"articleSection":["2_ostatnie","tematyka","\u017bycie religijne"],"inLanguage":"pl-PL","potentialAction":[{"@type":"CommentAction","name":"Comment","target":["https:\/\/www.mojabochnia.pl\/?p=76609#respond"]}]},{"@type":"WebPage","@id":"https:\/\/www.mojabochnia.pl\/?p=76609","url":"https:\/\/www.mojabochnia.pl\/?p=76609","name":"Wiara i Komunia to dwa \u201eskrzyd\u0142a\u201d cz\u0142owieka wierz\u0105cego - mojabochnia.pl - portal informacyjny","isPartOf":{"@id":"https:\/\/www.mojabochnia.pl\/#website"},"datePublished":"2012-08-19T05:11:20+00:00","breadcrumb":{"@id":"https:\/\/www.mojabochnia.pl\/?p=76609#breadcrumb"},"inLanguage":"pl-PL","potentialAction":[{"@type":"ReadAction","target":["https:\/\/www.mojabochnia.pl\/?p=76609"]}]},{"@type":"BreadcrumbList","@id":"https:\/\/www.mojabochnia.pl\/?p=76609#breadcrumb","itemListElement":[{"@type":"ListItem","position":1,"name":"Home","item":"https:\/\/www.mojabochnia.pl\/"},{"@type":"ListItem","position":2,"name":"Wiara i Komunia to dwa \u201eskrzyd\u0142a\u201d cz\u0142owieka wierz\u0105cego"}]},{"@type":"WebSite","@id":"https:\/\/www.mojabochnia.pl\/#website","url":"https:\/\/www.mojabochnia.pl\/","name":"mojabochnia.pl - portal informacyjny","description":"mojaBochnia to portal informacyjny o Bochni. Codziennie o Bochni piszemy i pokazujemy najwa\u017cniejsze wydarzenia","publisher":{"@id":"https:\/\/www.mojabochnia.pl\/#organization"},"potentialAction":[{"@type":"SearchAction","target":{"@type":"EntryPoint","urlTemplate":"https:\/\/www.mojabochnia.pl\/?s={search_term_string}"},"query-input":{"@type":"PropertyValueSpecification","valueRequired":true,"valueName":"search_term_string"}}],"inLanguage":"pl-PL"},{"@type":"Organization","@id":"https:\/\/www.mojabochnia.pl\/#organization","name":"mojabochnia.pl - portal informacyjny","url":"https:\/\/www.mojabochnia.pl\/","logo":{"@type":"ImageObject","inLanguage":"pl-PL","@id":"https:\/\/www.mojabochnia.pl\/#\/schema\/logo\/image\/","url":"https:\/\/www.mojabochnia.pl\/wp-content\/uploads\/2017\/08\/logo-mb-opt.png","contentUrl":"https:\/\/www.mojabochnia.pl\/wp-content\/uploads\/2017\/08\/logo-mb-opt.png","width":250,"height":48,"caption":"mojabochnia.pl - portal informacyjny"},"image":{"@id":"https:\/\/www.mojabochnia.pl\/#\/schema\/logo\/image\/"},"sameAs":["https:\/\/www.facebook.com\/mojabochnia"]},{"@type":"Person","@id":"https:\/\/www.mojabochnia.pl\/#\/schema\/person\/7e2f20ead9902216a3384f13606c0ab7","name":"redakcja","sameAs":["http:\/\/"],"url":"https:\/\/www.mojabochnia.pl\/?author=13"}]}},"_links":{"self":[{"href":"https:\/\/www.mojabochnia.pl\/index.php?rest_route=\/wp\/v2\/posts\/76609","targetHints":{"allow":["GET"]}}],"collection":[{"href":"https:\/\/www.mojabochnia.pl\/index.php?rest_route=\/wp\/v2\/posts"}],"about":[{"href":"https:\/\/www.mojabochnia.pl\/index.php?rest_route=\/wp\/v2\/types\/post"}],"author":[{"embeddable":true,"href":"https:\/\/www.mojabochnia.pl\/index.php?rest_route=\/wp\/v2\/users\/13"}],"replies":[{"embeddable":true,"href":"https:\/\/www.mojabochnia.pl\/index.php?rest_route=%2Fwp%2Fv2%2Fcomments&post=76609"}],"version-history":[{"count":2,"href":"https:\/\/www.mojabochnia.pl\/index.php?rest_route=\/wp\/v2\/posts\/76609\/revisions"}],"predecessor-version":[{"id":76611,"href":"https:\/\/www.mojabochnia.pl\/index.php?rest_route=\/wp\/v2\/posts\/76609\/revisions\/76611"}],"wp:attachment":[{"href":"https:\/\/www.mojabochnia.pl\/index.php?rest_route=%2Fwp%2Fv2%2Fmedia&parent=76609"}],"wp:term":[{"taxonomy":"category","embeddable":true,"href":"https:\/\/www.mojabochnia.pl\/index.php?rest_route=%2Fwp%2Fv2%2Fcategories&post=76609"},{"taxonomy":"post_tag","embeddable":true,"href":"https:\/\/www.mojabochnia.pl\/index.php?rest_route=%2Fwp%2Fv2%2Ftags&post=76609"}],"curies":[{"name":"wp","href":"https:\/\/api.w.org\/{rel}","templated":true}]}}