{"id":76508,"date":"2012-08-17T09:34:28","date_gmt":"2012-08-17T07:34:28","guid":{"rendered":"http:\/\/www.mojabochnia.pl\/?p=76508"},"modified":"2012-08-16T21:20:55","modified_gmt":"2012-08-16T19:20:55","slug":"eleni-uswietni-dozynki-w-drwini","status":"publish","type":"post","link":"https:\/\/www.mojabochnia.pl\/?p=76508","title":{"rendered":"Eleni u\u015bwietni do\u017cynki w Drwini"},"content":{"rendered":"<p><strong>Program  uroczysto\u015bci:<\/strong><\/p>\n<p>\u2022\tPrzyjazd bryczkami w\u00f3jta gminy Drwinia Jana Paj\u0105ka wraz z zaproszonymi go\u015b\u0107mi przy d\u017awi\u0119kach kapeli ludowej Groblanie<\/p>\n<p>\u2022\t14.00 \u2013  Msza \u015bwi\u0119ta w ko\u015bciele parafilanym p.w. MB Kr\u00f3lowej Polski w Drwini, oprawa muzyczna orkiestra d\u0119ta Grobla<\/p>\n<p>\u2022\tFormowanie korowodu do\u017cynkowego i przemarsz     z wie\u0144cami przy d\u017awi\u0119kach orkiestry na plac przy szkole<\/p>\n<p>\u2022\t15.30 \u2013 prezentacja wie\u0144c\u00f3w do\u017cynkowych przez so\u0142tys\u00f3w wsi i ko\u0142a gospody\u0144 wiejskich w strojach regionalnych<\/p>\n<p>\u2022\tPowitanie przyby\u0142ych go\u015bci przez w\u00f3jta gminy Drwinia Jana Paj\u0105ka oraz starost\u00f3w do\u017cynek<\/p>\n<p>\u2022\tWyst\u0105pienia okoliczno\u015bciowe<\/p>\n<p>\u2022\tKonkurs na najpi\u0119kniejszy wieniec do\u017cynkowy<\/p>\n<p>\u2022\tWyst\u0119p orkiestry d\u0119tej ze \u015awi\u0105tnik G\u00f3rnych<\/p>\n<p>\u2022\tProgram artystyczny<\/p>\n<p>\u2022\tWyst\u0119p kapeli ludowej Groblanie<\/p>\n<p>\u2022\tCh\u0142opskie jad\u0142o \u2013 degustacja potraw regionalnych przygotowanych przez KGW<\/p>\n<p>\u2022\tPrezentacja prac artyst\u00f3w ludowych z terenu gminy Drwinia<\/p>\n<p>\u2022\tS\u0142odkiego mi\u0142ego \u017cycia \u2013 prezentacja i degustacja wyrob\u00f3w pszczelarskich<\/p>\n<p>\u2022\tGry, zabawy i konkursy dla dzieci i doros\u0142ych<\/p>\n<p>\u2022\tMiasteczko dmucha\u0144ce \u2013 przez ca\u0142\u0105 imprez\u0119<\/p>\n<p>\u2022\t20.00 \u2013 gwiazda wieczoru Eleni <\/p>\n<p>Po zako\u0144czonym koncercie zabawa taneczna.<\/p>\n","protected":false},"excerpt":{"rendered":"<p>26 sierpnia odb\u0119d\u0105 si\u0119 do\u017cynki w gminie Drwinia. W\u015br\u00f3d bogatego programu przygotowano wyst\u0119py, degustacje potraw regionalnych, wystawy r\u0119kodzielnicze i wyst\u0119p gwiazdy wieczoru: Eleni. <\/p>\n","protected":false},"author":4,"featured_media":0,"comment_status":"open","ping_status":"closed","sticky":false,"template":"","format":"standard","meta":{"_acf_changed":false,"footnotes":""},"categories":[5,92,6250],"tags":[17261,17214,5403,8043,17108],"class_list":["post-76508","post","type-post","status-publish","format-standard","hentry","category-biezace-wydarzenia","category-kultura","category-tematyka","tag-dozynki","tag-drwinia","tag-eleni","tag-jan-pajak","tag-koncert","main_tag-drwinia"],"acf":[],"yoast_head":"<!-- This site is optimized with the Yoast SEO plugin v26.9 - https:\/\/yoast.com\/product\/yoast-seo-wordpress\/ -->\n<title>Eleni u\u015bwietni do\u017cynki w Drwini - mojabochnia.pl - portal informacyjny<\/title>\n<meta name=\"robots\" content=\"index, follow, max-snippet:-1, max-image-preview:large, max-video-preview:-1\" \/>\n<link rel=\"canonical\" href=\"https:\/\/www.mojabochnia.pl\/?p=76508\" \/>\n<meta property=\"og:locale\" content=\"pl_PL\" \/>\n<meta property=\"og:type\" content=\"article\" \/>\n<meta property=\"og:title\" content=\"Eleni u\u015bwietni do\u017cynki w Drwini - mojabochnia.pl - portal informacyjny\" \/>\n<meta property=\"og:description\" content=\"26 sierpnia odb\u0119d\u0105 si\u0119 do\u017cynki w gminie Drwinia. W\u015br\u00f3d bogatego programu przygotowano wyst\u0119py, degustacje potraw regionalnych, wystawy r\u0119kodzielnicze i wyst\u0119p gwiazdy wieczoru: Eleni.\" \/>\n<meta property=\"og:url\" content=\"https:\/\/www.mojabochnia.pl\/?p=76508\" \/>\n<meta property=\"og:site_name\" content=\"mojabochnia.pl - portal informacyjny\" \/>\n<meta property=\"article:publisher\" content=\"https:\/\/www.facebook.com\/mojabochnia\" \/>\n<meta property=\"article:published_time\" content=\"2012-08-17T07:34:28+00:00\" \/>\n<meta name=\"author\" content=\"Pawe\u0142 Michalczyk\" \/>\n<meta name=\"twitter:card\" content=\"summary_large_image\" \/>\n<meta name=\"twitter:label1\" content=\"Written by\" \/>\n\t<meta name=\"twitter:data1\" content=\"Pawe\u0142 Michalczyk\" \/>\n\t<meta name=\"twitter:label2\" content=\"Est. reading time\" \/>\n\t<meta name=\"twitter:data2\" content=\"1 minuta\" \/>\n<script type=\"application\/ld+json\" class=\"yoast-schema-graph\">{\"@context\":\"https:\/\/schema.org\",\"@graph\":[{\"@type\":\"Article\",\"@id\":\"https:\/\/www.mojabochnia.pl\/?p=76508#article\",\"isPartOf\":{\"@id\":\"https:\/\/www.mojabochnia.pl\/?p=76508\"},\"author\":{\"name\":\"Pawe\u0142 Michalczyk\",\"@id\":\"https:\/\/www.mojabochnia.pl\/#\/schema\/person\/ea042e4724a77627963f02166828ead4\"},\"headline\":\"Eleni u\u015bwietni do\u017cynki w Drwini\",\"datePublished\":\"2012-08-17T07:34:28+00:00\",\"mainEntityOfPage\":{\"@id\":\"https:\/\/www.mojabochnia.pl\/?p=76508\"},\"wordCount\":189,\"commentCount\":0,\"publisher\":{\"@id\":\"https:\/\/www.mojabochnia.pl\/#organization\"},\"keywords\":[\"do\u017cynki\",\"Drwinia\",\"eleni\",\"jan paj\u0105k\",\"koncert\"],\"articleSection\":[\"2_ostatnie\",\"kultura\",\"tematyka\"],\"inLanguage\":\"pl-PL\",\"potentialAction\":[{\"@type\":\"CommentAction\",\"name\":\"Comment\",\"target\":[\"https:\/\/www.mojabochnia.pl\/?p=76508#respond\"]}]},{\"@type\":\"WebPage\",\"@id\":\"https:\/\/www.mojabochnia.pl\/?p=76508\",\"url\":\"https:\/\/www.mojabochnia.pl\/?p=76508\",\"name\":\"Eleni u\u015bwietni do\u017cynki w Drwini - mojabochnia.pl - portal informacyjny\",\"isPartOf\":{\"@id\":\"https:\/\/www.mojabochnia.pl\/#website\"},\"datePublished\":\"2012-08-17T07:34:28+00:00\",\"breadcrumb\":{\"@id\":\"https:\/\/www.mojabochnia.pl\/?p=76508#breadcrumb\"},\"inLanguage\":\"pl-PL\",\"potentialAction\":[{\"@type\":\"ReadAction\",\"target\":[\"https:\/\/www.mojabochnia.pl\/?p=76508\"]}]},{\"@type\":\"BreadcrumbList\",\"@id\":\"https:\/\/www.mojabochnia.pl\/?p=76508#breadcrumb\",\"itemListElement\":[{\"@type\":\"ListItem\",\"position\":1,\"name\":\"Home\",\"item\":\"https:\/\/www.mojabochnia.pl\/\"},{\"@type\":\"ListItem\",\"position\":2,\"name\":\"Eleni u\u015bwietni do\u017cynki w Drwini\"}]},{\"@type\":\"WebSite\",\"@id\":\"https:\/\/www.mojabochnia.pl\/#website\",\"url\":\"https:\/\/www.mojabochnia.pl\/\",\"name\":\"mojabochnia.pl - portal informacyjny\",\"description\":\"mojaBochnia to portal informacyjny o Bochni. Codziennie o Bochni piszemy i pokazujemy najwa\u017cniejsze wydarzenia\",\"publisher\":{\"@id\":\"https:\/\/www.mojabochnia.pl\/#organization\"},\"potentialAction\":[{\"@type\":\"SearchAction\",\"target\":{\"@type\":\"EntryPoint\",\"urlTemplate\":\"https:\/\/www.mojabochnia.pl\/?s={search_term_string}\"},\"query-input\":{\"@type\":\"PropertyValueSpecification\",\"valueRequired\":true,\"valueName\":\"search_term_string\"}}],\"inLanguage\":\"pl-PL\"},{\"@type\":\"Organization\",\"@id\":\"https:\/\/www.mojabochnia.pl\/#organization\",\"name\":\"mojabochnia.pl - portal informacyjny\",\"url\":\"https:\/\/www.mojabochnia.pl\/\",\"logo\":{\"@type\":\"ImageObject\",\"inLanguage\":\"pl-PL\",\"@id\":\"https:\/\/www.mojabochnia.pl\/#\/schema\/logo\/image\/\",\"url\":\"https:\/\/www.mojabochnia.pl\/wp-content\/uploads\/2017\/08\/logo-mb-opt.png\",\"contentUrl\":\"https:\/\/www.mojabochnia.pl\/wp-content\/uploads\/2017\/08\/logo-mb-opt.png\",\"width\":250,\"height\":48,\"caption\":\"mojabochnia.pl - portal informacyjny\"},\"image\":{\"@id\":\"https:\/\/www.mojabochnia.pl\/#\/schema\/logo\/image\/\"},\"sameAs\":[\"https:\/\/www.facebook.com\/mojabochnia\"]},{\"@type\":\"Person\",\"@id\":\"https:\/\/www.mojabochnia.pl\/#\/schema\/person\/ea042e4724a77627963f02166828ead4\",\"name\":\"Pawe\u0142 Michalczyk\",\"url\":\"https:\/\/www.mojabochnia.pl\/?author=4\"}]}<\/script>\n<!-- \/ Yoast SEO plugin. -->","yoast_head_json":{"title":"Eleni u\u015bwietni do\u017cynki w Drwini - mojabochnia.pl - portal informacyjny","robots":{"index":"index","follow":"follow","max-snippet":"max-snippet:-1","max-image-preview":"max-image-preview:large","max-video-preview":"max-video-preview:-1"},"canonical":"https:\/\/www.mojabochnia.pl\/?p=76508","og_locale":"pl_PL","og_type":"article","og_title":"Eleni u\u015bwietni do\u017cynki w Drwini - mojabochnia.pl - portal informacyjny","og_description":"26 sierpnia odb\u0119d\u0105 si\u0119 do\u017cynki w gminie Drwinia. W\u015br\u00f3d bogatego programu przygotowano wyst\u0119py, degustacje potraw regionalnych, wystawy r\u0119kodzielnicze i wyst\u0119p gwiazdy wieczoru: Eleni.","og_url":"https:\/\/www.mojabochnia.pl\/?p=76508","og_site_name":"mojabochnia.pl - portal informacyjny","article_publisher":"https:\/\/www.facebook.com\/mojabochnia","article_published_time":"2012-08-17T07:34:28+00:00","author":"Pawe\u0142 Michalczyk","twitter_card":"summary_large_image","twitter_misc":{"Written by":"Pawe\u0142 Michalczyk","Est. reading time":"1 minuta"},"schema":{"@context":"https:\/\/schema.org","@graph":[{"@type":"Article","@id":"https:\/\/www.mojabochnia.pl\/?p=76508#article","isPartOf":{"@id":"https:\/\/www.mojabochnia.pl\/?p=76508"},"author":{"name":"Pawe\u0142 Michalczyk","@id":"https:\/\/www.mojabochnia.pl\/#\/schema\/person\/ea042e4724a77627963f02166828ead4"},"headline":"Eleni u\u015bwietni do\u017cynki w Drwini","datePublished":"2012-08-17T07:34:28+00:00","mainEntityOfPage":{"@id":"https:\/\/www.mojabochnia.pl\/?p=76508"},"wordCount":189,"commentCount":0,"publisher":{"@id":"https:\/\/www.mojabochnia.pl\/#organization"},"keywords":["do\u017cynki","Drwinia","eleni","jan paj\u0105k","koncert"],"articleSection":["2_ostatnie","kultura","tematyka"],"inLanguage":"pl-PL","potentialAction":[{"@type":"CommentAction","name":"Comment","target":["https:\/\/www.mojabochnia.pl\/?p=76508#respond"]}]},{"@type":"WebPage","@id":"https:\/\/www.mojabochnia.pl\/?p=76508","url":"https:\/\/www.mojabochnia.pl\/?p=76508","name":"Eleni u\u015bwietni do\u017cynki w Drwini - mojabochnia.pl - portal informacyjny","isPartOf":{"@id":"https:\/\/www.mojabochnia.pl\/#website"},"datePublished":"2012-08-17T07:34:28+00:00","breadcrumb":{"@id":"https:\/\/www.mojabochnia.pl\/?p=76508#breadcrumb"},"inLanguage":"pl-PL","potentialAction":[{"@type":"ReadAction","target":["https:\/\/www.mojabochnia.pl\/?p=76508"]}]},{"@type":"BreadcrumbList","@id":"https:\/\/www.mojabochnia.pl\/?p=76508#breadcrumb","itemListElement":[{"@type":"ListItem","position":1,"name":"Home","item":"https:\/\/www.mojabochnia.pl\/"},{"@type":"ListItem","position":2,"name":"Eleni u\u015bwietni do\u017cynki w Drwini"}]},{"@type":"WebSite","@id":"https:\/\/www.mojabochnia.pl\/#website","url":"https:\/\/www.mojabochnia.pl\/","name":"mojabochnia.pl - portal informacyjny","description":"mojaBochnia to portal informacyjny o Bochni. Codziennie o Bochni piszemy i pokazujemy najwa\u017cniejsze wydarzenia","publisher":{"@id":"https:\/\/www.mojabochnia.pl\/#organization"},"potentialAction":[{"@type":"SearchAction","target":{"@type":"EntryPoint","urlTemplate":"https:\/\/www.mojabochnia.pl\/?s={search_term_string}"},"query-input":{"@type":"PropertyValueSpecification","valueRequired":true,"valueName":"search_term_string"}}],"inLanguage":"pl-PL"},{"@type":"Organization","@id":"https:\/\/www.mojabochnia.pl\/#organization","name":"mojabochnia.pl - portal informacyjny","url":"https:\/\/www.mojabochnia.pl\/","logo":{"@type":"ImageObject","inLanguage":"pl-PL","@id":"https:\/\/www.mojabochnia.pl\/#\/schema\/logo\/image\/","url":"https:\/\/www.mojabochnia.pl\/wp-content\/uploads\/2017\/08\/logo-mb-opt.png","contentUrl":"https:\/\/www.mojabochnia.pl\/wp-content\/uploads\/2017\/08\/logo-mb-opt.png","width":250,"height":48,"caption":"mojabochnia.pl - portal informacyjny"},"image":{"@id":"https:\/\/www.mojabochnia.pl\/#\/schema\/logo\/image\/"},"sameAs":["https:\/\/www.facebook.com\/mojabochnia"]},{"@type":"Person","@id":"https:\/\/www.mojabochnia.pl\/#\/schema\/person\/ea042e4724a77627963f02166828ead4","name":"Pawe\u0142 Michalczyk","url":"https:\/\/www.mojabochnia.pl\/?author=4"}]}},"_links":{"self":[{"href":"https:\/\/www.mojabochnia.pl\/index.php?rest_route=\/wp\/v2\/posts\/76508","targetHints":{"allow":["GET"]}}],"collection":[{"href":"https:\/\/www.mojabochnia.pl\/index.php?rest_route=\/wp\/v2\/posts"}],"about":[{"href":"https:\/\/www.mojabochnia.pl\/index.php?rest_route=\/wp\/v2\/types\/post"}],"author":[{"embeddable":true,"href":"https:\/\/www.mojabochnia.pl\/index.php?rest_route=\/wp\/v2\/users\/4"}],"replies":[{"embeddable":true,"href":"https:\/\/www.mojabochnia.pl\/index.php?rest_route=%2Fwp%2Fv2%2Fcomments&post=76508"}],"version-history":[{"count":3,"href":"https:\/\/www.mojabochnia.pl\/index.php?rest_route=\/wp\/v2\/posts\/76508\/revisions"}],"predecessor-version":[{"id":76512,"href":"https:\/\/www.mojabochnia.pl\/index.php?rest_route=\/wp\/v2\/posts\/76508\/revisions\/76512"}],"wp:attachment":[{"href":"https:\/\/www.mojabochnia.pl\/index.php?rest_route=%2Fwp%2Fv2%2Fmedia&parent=76508"}],"wp:term":[{"taxonomy":"category","embeddable":true,"href":"https:\/\/www.mojabochnia.pl\/index.php?rest_route=%2Fwp%2Fv2%2Fcategories&post=76508"},{"taxonomy":"post_tag","embeddable":true,"href":"https:\/\/www.mojabochnia.pl\/index.php?rest_route=%2Fwp%2Fv2%2Ftags&post=76508"}],"curies":[{"name":"wp","href":"https:\/\/api.w.org\/{rel}","templated":true}]}}