{"id":76504,"date":"2012-08-17T07:39:41","date_gmt":"2012-08-17T05:39:41","guid":{"rendered":"http:\/\/www.mojabochnia.pl\/?p=76504"},"modified":"2012-08-16T20:01:49","modified_gmt":"2012-08-16T18:01:49","slug":"rynek-13-drugie-podejscie-do-sprzedazy-kamienicy","status":"publish","type":"post","link":"https:\/\/www.mojabochnia.pl\/?p=76504","title":{"rendered":"Rynek 13: drugie podej\u015bcie do sprzeda\u017cy kamienicy"},"content":{"rendered":"<p>Termin drugiego przetargu na sprzeda\u017c kamienicy przy boche\u0144skim Rynku ustalono na 18 wrze\u015bnia. Pierwszy przetarg ustny nieograniczony przeprowadzony zosta\u0142 30 kwietnia, jednak nie by\u0142o ch\u0119tnych do zakupu nieruchomo\u015bci. <\/p>\n<p><em>Przedmiotem sprzeda\u017cy jest  kamienica wraz z dzia\u0142k\u0105 o powierzchni 261 m. kw. Budynek posiada og\u00f3ln\u0105 kubatur\u0119 1880 m3, z czego powierzchnia u\u017cytkowa-us\u0142ugowa to 131,10 m. kw., powierzchnia u\u017cytkowa-mieszkalna 132,35 m. kw., a powierzchnia pomocnicza (korytarze, klatki schodowe itp.) to 105,85 m. kw. Kamienica wzniesiona ko\u0144cem XVIII wieku wpisana jest do rejestru zabytk\u00f3w wojew\u00f3dztwa ma\u0142opolskiego, budynek obj\u0119ty jest tak\u017ce ochron\u0105 konserwatorsk\u0105 z tytu\u0142u po\u0142o\u017cenia w strefie A \u2013 \u015bcis\u0142ej ochrony konserwatorskiej w uk\u0142adzie urbanistycznym wpisanym r\u00f3wnie\u017c do rejestru zabytk\u00f3w. Wed\u0142ug miejscowego planu zagospodarowania przestrzennego dzia\u0142ka stanowi teren zabudowy us\u0142ugowej z podstawowym przeznaczeniem pod us\u0142ugi komercyjne, w tym obiekty us\u0142ug i handlu, obiekty gastronomii, obiekty instytucji finansowych i bankowych, obiekty us\u0142ug biurowych i administracji, biura projektowe i badawczo-rozwojowe<\/em> &#8211; podaje Anna Kocot-Maciuszek, g\u0142\u00f3wny specjalista ds. planowania strategicznego, kontakt\u00f3w z przedsi\u0119biorcami i komunikacji spo\u0142ecznej Urz\u0119du Miasta Bochnia. <\/p>\n<p>W sierpniu 2009 r. kamienica uleg\u0142a cz\u0119\u015bciowemu uszkodzeniu. W zwi\u0105zku z tym wydane zosta\u0142y zalecenia konserwatorskie, kt\u00f3rych g\u0142\u00f3wnymi za\u0142o\u017ceniami jest odbudowanie oraz przywr\u00f3cenie kamienicy do stanu pierwotnego. Realizacja powy\u017cszych za\u0142o\u017ce\u0144 powinna nast\u0105pi\u0107 w ci\u0105gu 2 lat od nabycia nieruchomo\u015bci \u2013 tak stanowi decyzja wydana przez Wojew\u00f3dzkiego Konserwatora Zabytk\u00f3w w Krakowie &#8211; delegatura w Tarnowie.<\/p>\n<p>Z uwagi na wpis budynku do rejestru zabytk\u00f3w od ceny ustalonej w przetargu zostanie zastosowana jednoprocentowa bonifikata. Cena wywo\u0142awcza to 1,2 mln z\u0142, wadium w wysoko\u015bci 200 000 z\u0142 nale\u017cy wp\u0142aci\u0107 najp\u00f3\u017aniej 13 wrze\u015bnia. Przetarg odb\u0119dzie si\u0119 we wtorek 18 wrze\u015bnia, o godzinie 11.00, w budynku Urz\u0119du Miasta.<\/p>\n","protected":false},"excerpt":{"rendered":"<p>Kamienica przy ul. Rynek 13, kt\u00f3ra 3 lata temu uleg\u0142a katastrofie budowlanej, jest wystawiona na sprzeda\u017c. Pierwszy przetarg nie zako\u0144czy\u0142 si\u0119 powodzeniem z powodu braku ch\u0119tnych. Jak b\u0119dzie tym razem?<\/p>\n","protected":false},"author":13,"featured_media":0,"comment_status":"open","ping_status":"closed","sticky":false,"template":"","format":"standard","meta":{"_acf_changed":false,"footnotes":""},"categories":[5,6251,6250],"tags":[17294,849,17339,6255],"class_list":["post-76504","post","type-post","status-publish","format-standard","hentry","category-biezace-wydarzenia","category-polityka-i-wydarzenia","category-tematyka","tag-kamienica","tag-katastrofa-budowlana","tag-przetarg","tag-rynek-13","main_tag-kamienica"],"acf":[],"yoast_head":"<!-- This site is optimized with the Yoast SEO plugin v26.9 - https:\/\/yoast.com\/product\/yoast-seo-wordpress\/ -->\n<title>Rynek 13: drugie podej\u015bcie do sprzeda\u017cy kamienicy - mojabochnia.pl - portal informacyjny<\/title>\n<meta name=\"robots\" content=\"index, follow, max-snippet:-1, max-image-preview:large, max-video-preview:-1\" \/>\n<link rel=\"canonical\" href=\"https:\/\/www.mojabochnia.pl\/?p=76504\" \/>\n<meta property=\"og:locale\" content=\"pl_PL\" \/>\n<meta property=\"og:type\" content=\"article\" \/>\n<meta property=\"og:title\" content=\"Rynek 13: drugie podej\u015bcie do sprzeda\u017cy kamienicy - mojabochnia.pl - portal informacyjny\" \/>\n<meta property=\"og:description\" content=\"Kamienica przy ul. Rynek 13, kt\u00f3ra 3 lata temu uleg\u0142a katastrofie budowlanej, jest wystawiona na sprzeda\u017c. Pierwszy przetarg nie zako\u0144czy\u0142 si\u0119 powodzeniem z powodu braku ch\u0119tnych. Jak b\u0119dzie tym razem?\" \/>\n<meta property=\"og:url\" content=\"https:\/\/www.mojabochnia.pl\/?p=76504\" \/>\n<meta property=\"og:site_name\" content=\"mojabochnia.pl - portal informacyjny\" \/>\n<meta property=\"article:publisher\" content=\"https:\/\/www.facebook.com\/mojabochnia\" \/>\n<meta property=\"article:published_time\" content=\"2012-08-17T05:39:41+00:00\" \/>\n<meta name=\"author\" content=\"redakcja\" \/>\n<meta name=\"twitter:card\" content=\"summary_large_image\" \/>\n<meta name=\"twitter:label1\" content=\"Written by\" \/>\n\t<meta name=\"twitter:data1\" content=\"redakcja\" \/>\n\t<meta name=\"twitter:label2\" content=\"Est. reading time\" \/>\n\t<meta name=\"twitter:data2\" content=\"2 minuty\" \/>\n<script type=\"application\/ld+json\" class=\"yoast-schema-graph\">{\"@context\":\"https:\/\/schema.org\",\"@graph\":[{\"@type\":\"Article\",\"@id\":\"https:\/\/www.mojabochnia.pl\/?p=76504#article\",\"isPartOf\":{\"@id\":\"https:\/\/www.mojabochnia.pl\/?p=76504\"},\"author\":{\"name\":\"redakcja\",\"@id\":\"https:\/\/www.mojabochnia.pl\/#\/schema\/person\/7e2f20ead9902216a3384f13606c0ab7\"},\"headline\":\"Rynek 13: drugie podej\u015bcie do sprzeda\u017cy kamienicy\",\"datePublished\":\"2012-08-17T05:39:41+00:00\",\"mainEntityOfPage\":{\"@id\":\"https:\/\/www.mojabochnia.pl\/?p=76504\"},\"wordCount\":317,\"commentCount\":0,\"publisher\":{\"@id\":\"https:\/\/www.mojabochnia.pl\/#organization\"},\"keywords\":[\"kamienica\",\"katastrofa budowlana\",\"przetarg\",\"rynek 13\"],\"articleSection\":[\"2_ostatnie\",\"polityka i wydarzenia\",\"tematyka\"],\"inLanguage\":\"pl-PL\",\"potentialAction\":[{\"@type\":\"CommentAction\",\"name\":\"Comment\",\"target\":[\"https:\/\/www.mojabochnia.pl\/?p=76504#respond\"]}]},{\"@type\":\"WebPage\",\"@id\":\"https:\/\/www.mojabochnia.pl\/?p=76504\",\"url\":\"https:\/\/www.mojabochnia.pl\/?p=76504\",\"name\":\"Rynek 13: drugie podej\u015bcie do sprzeda\u017cy kamienicy - mojabochnia.pl - portal informacyjny\",\"isPartOf\":{\"@id\":\"https:\/\/www.mojabochnia.pl\/#website\"},\"datePublished\":\"2012-08-17T05:39:41+00:00\",\"breadcrumb\":{\"@id\":\"https:\/\/www.mojabochnia.pl\/?p=76504#breadcrumb\"},\"inLanguage\":\"pl-PL\",\"potentialAction\":[{\"@type\":\"ReadAction\",\"target\":[\"https:\/\/www.mojabochnia.pl\/?p=76504\"]}]},{\"@type\":\"BreadcrumbList\",\"@id\":\"https:\/\/www.mojabochnia.pl\/?p=76504#breadcrumb\",\"itemListElement\":[{\"@type\":\"ListItem\",\"position\":1,\"name\":\"Home\",\"item\":\"https:\/\/www.mojabochnia.pl\/\"},{\"@type\":\"ListItem\",\"position\":2,\"name\":\"Rynek 13: drugie podej\u015bcie do sprzeda\u017cy kamienicy\"}]},{\"@type\":\"WebSite\",\"@id\":\"https:\/\/www.mojabochnia.pl\/#website\",\"url\":\"https:\/\/www.mojabochnia.pl\/\",\"name\":\"mojabochnia.pl - portal informacyjny\",\"description\":\"mojaBochnia to portal informacyjny o Bochni. Codziennie o Bochni piszemy i pokazujemy najwa\u017cniejsze wydarzenia\",\"publisher\":{\"@id\":\"https:\/\/www.mojabochnia.pl\/#organization\"},\"potentialAction\":[{\"@type\":\"SearchAction\",\"target\":{\"@type\":\"EntryPoint\",\"urlTemplate\":\"https:\/\/www.mojabochnia.pl\/?s={search_term_string}\"},\"query-input\":{\"@type\":\"PropertyValueSpecification\",\"valueRequired\":true,\"valueName\":\"search_term_string\"}}],\"inLanguage\":\"pl-PL\"},{\"@type\":\"Organization\",\"@id\":\"https:\/\/www.mojabochnia.pl\/#organization\",\"name\":\"mojabochnia.pl - portal informacyjny\",\"url\":\"https:\/\/www.mojabochnia.pl\/\",\"logo\":{\"@type\":\"ImageObject\",\"inLanguage\":\"pl-PL\",\"@id\":\"https:\/\/www.mojabochnia.pl\/#\/schema\/logo\/image\/\",\"url\":\"https:\/\/www.mojabochnia.pl\/wp-content\/uploads\/2017\/08\/logo-mb-opt.png\",\"contentUrl\":\"https:\/\/www.mojabochnia.pl\/wp-content\/uploads\/2017\/08\/logo-mb-opt.png\",\"width\":250,\"height\":48,\"caption\":\"mojabochnia.pl - portal informacyjny\"},\"image\":{\"@id\":\"https:\/\/www.mojabochnia.pl\/#\/schema\/logo\/image\/\"},\"sameAs\":[\"https:\/\/www.facebook.com\/mojabochnia\"]},{\"@type\":\"Person\",\"@id\":\"https:\/\/www.mojabochnia.pl\/#\/schema\/person\/7e2f20ead9902216a3384f13606c0ab7\",\"name\":\"redakcja\",\"sameAs\":[\"http:\/\/\"],\"url\":\"https:\/\/www.mojabochnia.pl\/?author=13\"}]}<\/script>\n<!-- \/ Yoast SEO plugin. -->","yoast_head_json":{"title":"Rynek 13: drugie podej\u015bcie do sprzeda\u017cy kamienicy - mojabochnia.pl - portal informacyjny","robots":{"index":"index","follow":"follow","max-snippet":"max-snippet:-1","max-image-preview":"max-image-preview:large","max-video-preview":"max-video-preview:-1"},"canonical":"https:\/\/www.mojabochnia.pl\/?p=76504","og_locale":"pl_PL","og_type":"article","og_title":"Rynek 13: drugie podej\u015bcie do sprzeda\u017cy kamienicy - mojabochnia.pl - portal informacyjny","og_description":"Kamienica przy ul. Rynek 13, kt\u00f3ra 3 lata temu uleg\u0142a katastrofie budowlanej, jest wystawiona na sprzeda\u017c. Pierwszy przetarg nie zako\u0144czy\u0142 si\u0119 powodzeniem z powodu braku ch\u0119tnych. Jak b\u0119dzie tym razem?","og_url":"https:\/\/www.mojabochnia.pl\/?p=76504","og_site_name":"mojabochnia.pl - portal informacyjny","article_publisher":"https:\/\/www.facebook.com\/mojabochnia","article_published_time":"2012-08-17T05:39:41+00:00","author":"redakcja","twitter_card":"summary_large_image","twitter_misc":{"Written by":"redakcja","Est. reading time":"2 minuty"},"schema":{"@context":"https:\/\/schema.org","@graph":[{"@type":"Article","@id":"https:\/\/www.mojabochnia.pl\/?p=76504#article","isPartOf":{"@id":"https:\/\/www.mojabochnia.pl\/?p=76504"},"author":{"name":"redakcja","@id":"https:\/\/www.mojabochnia.pl\/#\/schema\/person\/7e2f20ead9902216a3384f13606c0ab7"},"headline":"Rynek 13: drugie podej\u015bcie do sprzeda\u017cy kamienicy","datePublished":"2012-08-17T05:39:41+00:00","mainEntityOfPage":{"@id":"https:\/\/www.mojabochnia.pl\/?p=76504"},"wordCount":317,"commentCount":0,"publisher":{"@id":"https:\/\/www.mojabochnia.pl\/#organization"},"keywords":["kamienica","katastrofa budowlana","przetarg","rynek 13"],"articleSection":["2_ostatnie","polityka i wydarzenia","tematyka"],"inLanguage":"pl-PL","potentialAction":[{"@type":"CommentAction","name":"Comment","target":["https:\/\/www.mojabochnia.pl\/?p=76504#respond"]}]},{"@type":"WebPage","@id":"https:\/\/www.mojabochnia.pl\/?p=76504","url":"https:\/\/www.mojabochnia.pl\/?p=76504","name":"Rynek 13: drugie podej\u015bcie do sprzeda\u017cy kamienicy - mojabochnia.pl - portal informacyjny","isPartOf":{"@id":"https:\/\/www.mojabochnia.pl\/#website"},"datePublished":"2012-08-17T05:39:41+00:00","breadcrumb":{"@id":"https:\/\/www.mojabochnia.pl\/?p=76504#breadcrumb"},"inLanguage":"pl-PL","potentialAction":[{"@type":"ReadAction","target":["https:\/\/www.mojabochnia.pl\/?p=76504"]}]},{"@type":"BreadcrumbList","@id":"https:\/\/www.mojabochnia.pl\/?p=76504#breadcrumb","itemListElement":[{"@type":"ListItem","position":1,"name":"Home","item":"https:\/\/www.mojabochnia.pl\/"},{"@type":"ListItem","position":2,"name":"Rynek 13: drugie podej\u015bcie do sprzeda\u017cy kamienicy"}]},{"@type":"WebSite","@id":"https:\/\/www.mojabochnia.pl\/#website","url":"https:\/\/www.mojabochnia.pl\/","name":"mojabochnia.pl - portal informacyjny","description":"mojaBochnia to portal informacyjny o Bochni. Codziennie o Bochni piszemy i pokazujemy najwa\u017cniejsze wydarzenia","publisher":{"@id":"https:\/\/www.mojabochnia.pl\/#organization"},"potentialAction":[{"@type":"SearchAction","target":{"@type":"EntryPoint","urlTemplate":"https:\/\/www.mojabochnia.pl\/?s={search_term_string}"},"query-input":{"@type":"PropertyValueSpecification","valueRequired":true,"valueName":"search_term_string"}}],"inLanguage":"pl-PL"},{"@type":"Organization","@id":"https:\/\/www.mojabochnia.pl\/#organization","name":"mojabochnia.pl - portal informacyjny","url":"https:\/\/www.mojabochnia.pl\/","logo":{"@type":"ImageObject","inLanguage":"pl-PL","@id":"https:\/\/www.mojabochnia.pl\/#\/schema\/logo\/image\/","url":"https:\/\/www.mojabochnia.pl\/wp-content\/uploads\/2017\/08\/logo-mb-opt.png","contentUrl":"https:\/\/www.mojabochnia.pl\/wp-content\/uploads\/2017\/08\/logo-mb-opt.png","width":250,"height":48,"caption":"mojabochnia.pl - portal informacyjny"},"image":{"@id":"https:\/\/www.mojabochnia.pl\/#\/schema\/logo\/image\/"},"sameAs":["https:\/\/www.facebook.com\/mojabochnia"]},{"@type":"Person","@id":"https:\/\/www.mojabochnia.pl\/#\/schema\/person\/7e2f20ead9902216a3384f13606c0ab7","name":"redakcja","sameAs":["http:\/\/"],"url":"https:\/\/www.mojabochnia.pl\/?author=13"}]}},"_links":{"self":[{"href":"https:\/\/www.mojabochnia.pl\/index.php?rest_route=\/wp\/v2\/posts\/76504","targetHints":{"allow":["GET"]}}],"collection":[{"href":"https:\/\/www.mojabochnia.pl\/index.php?rest_route=\/wp\/v2\/posts"}],"about":[{"href":"https:\/\/www.mojabochnia.pl\/index.php?rest_route=\/wp\/v2\/types\/post"}],"author":[{"embeddable":true,"href":"https:\/\/www.mojabochnia.pl\/index.php?rest_route=\/wp\/v2\/users\/13"}],"replies":[{"embeddable":true,"href":"https:\/\/www.mojabochnia.pl\/index.php?rest_route=%2Fwp%2Fv2%2Fcomments&post=76504"}],"version-history":[{"count":3,"href":"https:\/\/www.mojabochnia.pl\/index.php?rest_route=\/wp\/v2\/posts\/76504\/revisions"}],"predecessor-version":[{"id":76507,"href":"https:\/\/www.mojabochnia.pl\/index.php?rest_route=\/wp\/v2\/posts\/76504\/revisions\/76507"}],"wp:attachment":[{"href":"https:\/\/www.mojabochnia.pl\/index.php?rest_route=%2Fwp%2Fv2%2Fmedia&parent=76504"}],"wp:term":[{"taxonomy":"category","embeddable":true,"href":"https:\/\/www.mojabochnia.pl\/index.php?rest_route=%2Fwp%2Fv2%2Fcategories&post=76504"},{"taxonomy":"post_tag","embeddable":true,"href":"https:\/\/www.mojabochnia.pl\/index.php?rest_route=%2Fwp%2Fv2%2Ftags&post=76504"}],"curies":[{"name":"wp","href":"https:\/\/api.w.org\/{rel}","templated":true}]}}