{"id":76494,"date":"2012-08-16T09:33:52","date_gmt":"2012-08-16T07:33:52","guid":{"rendered":"http:\/\/www.mojabochnia.pl\/?p=76494"},"modified":"2012-08-16T09:33:52","modified_gmt":"2012-08-16T07:33:52","slug":"budowa-lacznika-dopiero-za-kilka-lat","status":"publish","type":"post","link":"https:\/\/www.mojabochnia.pl\/?p=76494","title":{"rendered":"Budowa \u0142\u0105cznika dopiero za kilka lat"},"content":{"rendered":"<p>Przypomnijmy, Generalna Dyrekcja Dr\u00f3g Krajowych i Autostrad wybuduje w\u0119ze\u0142 Bochnia, ale nie po\u0142\u0105czy go z drog\u0105 krajow\u0105 nr 4. W tej chwili lokalne samorz\u0105dy pracuj\u0105 nad projektow\u0105 stron\u0105 \u0142\u0105cznika. <em>Wraz z powiatem boche\u0144skim wsp\u00f3lnie finansujemy sporz\u0105dzenie dokumentacji. 50 procent koszt\u00f3w ponosi Zarz\u0105d Dr\u00f3g Wojew\u00f3dzkich, a miasto i powiat po 25 procent <\/em>\u2013 m\u00f3wi Tomasz Przyby\u0142o, wiceburmistrz Bochni. <\/p>\n<p>Zarz\u0105d Dr\u00f3g Wojew\u00f3dzkich przygotowuje obecnie now\u0105 decyzj\u0105 \u015brodowiskow\u0105. Powsta\u0142a bowiem nowa koncepcja poprowadzenia \u0142\u0105cznika nad torami kolejowymi, co wymusi\u0142o zmian\u0119 decyzji \u015brodowiskowej. <em>Czy by\u0142by to ta\u0144szy wariant, raczej nie, natomiast na pewno lepszy dla miasta ze wzgl\u0119d\u00f3w bezpiecze\u0144stwa komunikacyjnego. Chodzi o zapewnienie bezwzgl\u0119dnej przejezdno\u015bci  \u0142\u0105cznika na tym odcinku, niezale\u017cnej od ilo\u015bci w\u00f3d opadowych, nawet w przypadku wyj\u0105tkowo ulewnych deszczy<\/em> \u2013 m\u00f3wi wiceburmistrz.<\/p>\n<p>Nie da si\u0119 ukry\u0107, \u017ce \u0142\u0105cznik za\u015b jest zbyt drogi, aby mog\u0142y go ud\u017awign\u0105\u0107 lokalne samorz\u0105dy. Dlatego jedyna nadzieja w zarz\u0105dzie wojew\u00f3dztwa ma\u0142opolskiego. <em>Inwestycja jest bardzo kosztowna. R\u00f3\u017cne szacunki wskazuj\u0105 na r\u00f3\u017cne kwoty. Z ca\u0142\u0105 pewno\u015bci\u0105 nie s\u0105 to koszty do ud\u017awigni\u0119cia ani przez miasto, ani przez powiat, dlatego inwestycja b\u0119dzie mog\u0142a by\u0107 realizowana tylko w przypadku zarezerwowania odpowiednich \u015brodk\u00f3w w wojew\u00f3dztwie. Z kolei wojew\u00f3dztwo b\u0119dzie zapewne czeka\u0142o na now\u0105 perspektyw\u0119 finansow\u0105 na lata 2014-2020, wi\u0119c trzeba sobie powiedzie\u0107 wprost, \u017ce przez najbli\u017csze 2 lata w kwestii realizacji inwestycji niewiele si\u0119 b\u0119dzie dzia\u0142o poza tym, \u017ce b\u0119dzie w tym okresie przygotowywana niezb\u0119dna dokumentacja <\/em>\u2013 kontynuuje Tomasz Przyby\u0142o. <\/p>\n<p>Dzi\u0119ki przygotowaniu spraw formalnych, mo\u017cliwe b\u0119dzie rozpocz\u0119cie budowy \u0142\u0105cznika, gdy tylko pojawi\u0105 si\u0119 pieni\u0105dze z Unii Europejskiej. <em>Jest na to du\u017ca szansa, bo zarz\u0105d wojew\u00f3dztwa ma\u0142opolskiego ma plan budowy \u0142\u0105cznik\u00f3w autostradowych na terenie ca\u0142ej Ma\u0142opolski. Wojew\u00f3dztwo chcia\u0142oby drog\u0119 krajow\u0105 nr 4 po\u0142\u0105czy\u0107 z  autostrad\u0105 nie tylko w Bochni, ale r\u00f3wnie\u017c w innych miejscowo\u015bciach, gdzie powstan\u0105 zjazdy z autostrady. To kompleksowo rozwi\u0105zywa\u0142oby problem. Mamy w tej sprawie mocne sygna\u0142y, bo jest to informacja nie tylko od jednego marsza\u0142ka, ale od kilku cz\u0142onk\u00f3w zarz\u0105du wojew\u00f3dztwa. Wygl\u0105da zatem na to, \u017ce decydenci w samorz\u0105dzie wojew\u00f3dzkim maj\u0105 du\u017c\u0105 \u015bwiadomo\u015b\u0107 wagi problemu, co jest o tyle istotne, \u017ce Generalna Dyrekcja Dr\u00f3g Krajowych i Autostrad, jak r\u00f3wnie\u017c wojewoda ma\u0142opolski, umyli praktycznie r\u0119ce od ca\u0142ej sprawy, obiecuj\u0105c jedynie pieni\u0105dze na budow\u0119 ronda przy ul. Brzeskiej<\/em>.<\/p>\n<p>Dop\u00f3ki \u0142\u0105cznik autostradowy nie powstanie, ruch z autostrady A4 b\u0119dzie przebiega\u0142 drogami powiatowymi przez p\u00f3\u0142nocn\u0105 cz\u0119\u015b\u0107 Bochni. Spraw\u0119 komplikuje fakt, \u017ce nied\u0142ugo rozpocznie si\u0119 budowa wiaduktu na ul. Krzeczowskiej, przez kt\u00f3r\u0105 kierowcy b\u0119d\u0105 wje\u017cd\u017ca\u0107 i zje\u017cd\u017ca\u0107 z autostrady.  <\/p>\n","protected":false},"excerpt":{"rendered":"<p>Wszystko wskazuje na to, \u017ce budowa \u0142\u0105cznika autostradowego w Bochni rozpocznie si\u0119 dopiero za kilka lat. Wed\u0142ug opinii w\u0142adz miejskich, pieni\u0105dze na sfinansowanie inwestycji znajd\u0105 si\u0119 dopiero w nast\u0119pnej perspektywie finansowej UE.<\/p>\n","protected":false},"author":4,"featured_media":0,"comment_status":"open","ping_status":"closed","sticky":true,"template":"","format":"standard","meta":{"_acf_changed":false,"footnotes":""},"categories":[5,6251,6250],"tags":[17226,790,17467,17398,17956,1051,17267,688],"class_list":["post-76494","post","type-post","status-publish","format-standard","hentry","category-biezace-wydarzenia","category-polityka-i-wydarzenia","category-tematyka","tag-autostrada","tag-droga-krajowa-nr-4","tag-lacznik","tag-powiat","tag-tomasz-przybylo","tag-ul-krzeczowska","tag-wiadukt","tag-zarzad-drog-wojewodzkich","main_tag-lacznik"],"acf":[],"yoast_head":"<!-- This site is optimized with the Yoast SEO plugin v26.9 - https:\/\/yoast.com\/product\/yoast-seo-wordpress\/ -->\n<title>Budowa \u0142\u0105cznika dopiero za kilka lat - mojabochnia.pl - portal informacyjny<\/title>\n<meta name=\"robots\" content=\"index, follow, max-snippet:-1, max-image-preview:large, max-video-preview:-1\" \/>\n<link rel=\"canonical\" href=\"https:\/\/www.mojabochnia.pl\/?p=76494\" \/>\n<meta property=\"og:locale\" content=\"pl_PL\" \/>\n<meta property=\"og:type\" content=\"article\" \/>\n<meta property=\"og:title\" content=\"Budowa \u0142\u0105cznika dopiero za kilka lat - mojabochnia.pl - portal informacyjny\" \/>\n<meta property=\"og:description\" content=\"Wszystko wskazuje na to, \u017ce budowa \u0142\u0105cznika autostradowego w Bochni rozpocznie si\u0119 dopiero za kilka lat. Wed\u0142ug opinii w\u0142adz miejskich, pieni\u0105dze na sfinansowanie inwestycji znajd\u0105 si\u0119 dopiero w nast\u0119pnej perspektywie finansowej UE.\" \/>\n<meta property=\"og:url\" content=\"https:\/\/www.mojabochnia.pl\/?p=76494\" \/>\n<meta property=\"og:site_name\" content=\"mojabochnia.pl - portal informacyjny\" \/>\n<meta property=\"article:publisher\" content=\"https:\/\/www.facebook.com\/mojabochnia\" \/>\n<meta property=\"article:published_time\" content=\"2012-08-16T07:33:52+00:00\" \/>\n<meta name=\"author\" content=\"Pawe\u0142 Michalczyk\" \/>\n<meta name=\"twitter:card\" content=\"summary_large_image\" \/>\n<meta name=\"twitter:label1\" content=\"Written by\" \/>\n\t<meta name=\"twitter:data1\" content=\"Pawe\u0142 Michalczyk\" \/>\n\t<meta name=\"twitter:label2\" content=\"Est. reading time\" \/>\n\t<meta name=\"twitter:data2\" content=\"2 minuty\" \/>\n<script type=\"application\/ld+json\" class=\"yoast-schema-graph\">{\"@context\":\"https:\/\/schema.org\",\"@graph\":[{\"@type\":\"Article\",\"@id\":\"https:\/\/www.mojabochnia.pl\/?p=76494#article\",\"isPartOf\":{\"@id\":\"https:\/\/www.mojabochnia.pl\/?p=76494\"},\"author\":{\"name\":\"Pawe\u0142 Michalczyk\",\"@id\":\"https:\/\/www.mojabochnia.pl\/#\/schema\/person\/ea042e4724a77627963f02166828ead4\"},\"headline\":\"Budowa \u0142\u0105cznika dopiero za kilka lat\",\"datePublished\":\"2012-08-16T07:33:52+00:00\",\"mainEntityOfPage\":{\"@id\":\"https:\/\/www.mojabochnia.pl\/?p=76494\"},\"wordCount\":490,\"commentCount\":0,\"publisher\":{\"@id\":\"https:\/\/www.mojabochnia.pl\/#organization\"},\"keywords\":[\"autostrada\",\"droga krajowa nr 4\",\"\u0142\u0105cznik\",\"powiat\",\"tomasz przyby\u0142o\",\"ul. krzeczowska\",\"wiadukt\",\"zarz\u0105d dr\u00f3g wojew\u00f3dzkich\"],\"articleSection\":[\"2_ostatnie\",\"polityka i wydarzenia\",\"tematyka\"],\"inLanguage\":\"pl-PL\",\"potentialAction\":[{\"@type\":\"CommentAction\",\"name\":\"Comment\",\"target\":[\"https:\/\/www.mojabochnia.pl\/?p=76494#respond\"]}]},{\"@type\":\"WebPage\",\"@id\":\"https:\/\/www.mojabochnia.pl\/?p=76494\",\"url\":\"https:\/\/www.mojabochnia.pl\/?p=76494\",\"name\":\"Budowa \u0142\u0105cznika dopiero za kilka lat - mojabochnia.pl - portal informacyjny\",\"isPartOf\":{\"@id\":\"https:\/\/www.mojabochnia.pl\/#website\"},\"datePublished\":\"2012-08-16T07:33:52+00:00\",\"breadcrumb\":{\"@id\":\"https:\/\/www.mojabochnia.pl\/?p=76494#breadcrumb\"},\"inLanguage\":\"pl-PL\",\"potentialAction\":[{\"@type\":\"ReadAction\",\"target\":[\"https:\/\/www.mojabochnia.pl\/?p=76494\"]}]},{\"@type\":\"BreadcrumbList\",\"@id\":\"https:\/\/www.mojabochnia.pl\/?p=76494#breadcrumb\",\"itemListElement\":[{\"@type\":\"ListItem\",\"position\":1,\"name\":\"Home\",\"item\":\"https:\/\/www.mojabochnia.pl\/\"},{\"@type\":\"ListItem\",\"position\":2,\"name\":\"Budowa \u0142\u0105cznika dopiero za kilka lat\"}]},{\"@type\":\"WebSite\",\"@id\":\"https:\/\/www.mojabochnia.pl\/#website\",\"url\":\"https:\/\/www.mojabochnia.pl\/\",\"name\":\"mojabochnia.pl - portal informacyjny\",\"description\":\"mojaBochnia to portal informacyjny o Bochni. Codziennie o Bochni piszemy i pokazujemy najwa\u017cniejsze wydarzenia\",\"publisher\":{\"@id\":\"https:\/\/www.mojabochnia.pl\/#organization\"},\"potentialAction\":[{\"@type\":\"SearchAction\",\"target\":{\"@type\":\"EntryPoint\",\"urlTemplate\":\"https:\/\/www.mojabochnia.pl\/?s={search_term_string}\"},\"query-input\":{\"@type\":\"PropertyValueSpecification\",\"valueRequired\":true,\"valueName\":\"search_term_string\"}}],\"inLanguage\":\"pl-PL\"},{\"@type\":\"Organization\",\"@id\":\"https:\/\/www.mojabochnia.pl\/#organization\",\"name\":\"mojabochnia.pl - portal informacyjny\",\"url\":\"https:\/\/www.mojabochnia.pl\/\",\"logo\":{\"@type\":\"ImageObject\",\"inLanguage\":\"pl-PL\",\"@id\":\"https:\/\/www.mojabochnia.pl\/#\/schema\/logo\/image\/\",\"url\":\"https:\/\/www.mojabochnia.pl\/wp-content\/uploads\/2017\/08\/logo-mb-opt.png\",\"contentUrl\":\"https:\/\/www.mojabochnia.pl\/wp-content\/uploads\/2017\/08\/logo-mb-opt.png\",\"width\":250,\"height\":48,\"caption\":\"mojabochnia.pl - portal informacyjny\"},\"image\":{\"@id\":\"https:\/\/www.mojabochnia.pl\/#\/schema\/logo\/image\/\"},\"sameAs\":[\"https:\/\/www.facebook.com\/mojabochnia\"]},{\"@type\":\"Person\",\"@id\":\"https:\/\/www.mojabochnia.pl\/#\/schema\/person\/ea042e4724a77627963f02166828ead4\",\"name\":\"Pawe\u0142 Michalczyk\",\"url\":\"https:\/\/www.mojabochnia.pl\/?author=4\"}]}<\/script>\n<!-- \/ Yoast SEO plugin. -->","yoast_head_json":{"title":"Budowa \u0142\u0105cznika dopiero za kilka lat - mojabochnia.pl - portal informacyjny","robots":{"index":"index","follow":"follow","max-snippet":"max-snippet:-1","max-image-preview":"max-image-preview:large","max-video-preview":"max-video-preview:-1"},"canonical":"https:\/\/www.mojabochnia.pl\/?p=76494","og_locale":"pl_PL","og_type":"article","og_title":"Budowa \u0142\u0105cznika dopiero za kilka lat - mojabochnia.pl - portal informacyjny","og_description":"Wszystko wskazuje na to, \u017ce budowa \u0142\u0105cznika autostradowego w Bochni rozpocznie si\u0119 dopiero za kilka lat. Wed\u0142ug opinii w\u0142adz miejskich, pieni\u0105dze na sfinansowanie inwestycji znajd\u0105 si\u0119 dopiero w nast\u0119pnej perspektywie finansowej UE.","og_url":"https:\/\/www.mojabochnia.pl\/?p=76494","og_site_name":"mojabochnia.pl - portal informacyjny","article_publisher":"https:\/\/www.facebook.com\/mojabochnia","article_published_time":"2012-08-16T07:33:52+00:00","author":"Pawe\u0142 Michalczyk","twitter_card":"summary_large_image","twitter_misc":{"Written by":"Pawe\u0142 Michalczyk","Est. reading time":"2 minuty"},"schema":{"@context":"https:\/\/schema.org","@graph":[{"@type":"Article","@id":"https:\/\/www.mojabochnia.pl\/?p=76494#article","isPartOf":{"@id":"https:\/\/www.mojabochnia.pl\/?p=76494"},"author":{"name":"Pawe\u0142 Michalczyk","@id":"https:\/\/www.mojabochnia.pl\/#\/schema\/person\/ea042e4724a77627963f02166828ead4"},"headline":"Budowa \u0142\u0105cznika dopiero za kilka lat","datePublished":"2012-08-16T07:33:52+00:00","mainEntityOfPage":{"@id":"https:\/\/www.mojabochnia.pl\/?p=76494"},"wordCount":490,"commentCount":0,"publisher":{"@id":"https:\/\/www.mojabochnia.pl\/#organization"},"keywords":["autostrada","droga krajowa nr 4","\u0142\u0105cznik","powiat","tomasz przyby\u0142o","ul. krzeczowska","wiadukt","zarz\u0105d dr\u00f3g wojew\u00f3dzkich"],"articleSection":["2_ostatnie","polityka i wydarzenia","tematyka"],"inLanguage":"pl-PL","potentialAction":[{"@type":"CommentAction","name":"Comment","target":["https:\/\/www.mojabochnia.pl\/?p=76494#respond"]}]},{"@type":"WebPage","@id":"https:\/\/www.mojabochnia.pl\/?p=76494","url":"https:\/\/www.mojabochnia.pl\/?p=76494","name":"Budowa \u0142\u0105cznika dopiero za kilka lat - mojabochnia.pl - portal informacyjny","isPartOf":{"@id":"https:\/\/www.mojabochnia.pl\/#website"},"datePublished":"2012-08-16T07:33:52+00:00","breadcrumb":{"@id":"https:\/\/www.mojabochnia.pl\/?p=76494#breadcrumb"},"inLanguage":"pl-PL","potentialAction":[{"@type":"ReadAction","target":["https:\/\/www.mojabochnia.pl\/?p=76494"]}]},{"@type":"BreadcrumbList","@id":"https:\/\/www.mojabochnia.pl\/?p=76494#breadcrumb","itemListElement":[{"@type":"ListItem","position":1,"name":"Home","item":"https:\/\/www.mojabochnia.pl\/"},{"@type":"ListItem","position":2,"name":"Budowa \u0142\u0105cznika dopiero za kilka lat"}]},{"@type":"WebSite","@id":"https:\/\/www.mojabochnia.pl\/#website","url":"https:\/\/www.mojabochnia.pl\/","name":"mojabochnia.pl - portal informacyjny","description":"mojaBochnia to portal informacyjny o Bochni. Codziennie o Bochni piszemy i pokazujemy najwa\u017cniejsze wydarzenia","publisher":{"@id":"https:\/\/www.mojabochnia.pl\/#organization"},"potentialAction":[{"@type":"SearchAction","target":{"@type":"EntryPoint","urlTemplate":"https:\/\/www.mojabochnia.pl\/?s={search_term_string}"},"query-input":{"@type":"PropertyValueSpecification","valueRequired":true,"valueName":"search_term_string"}}],"inLanguage":"pl-PL"},{"@type":"Organization","@id":"https:\/\/www.mojabochnia.pl\/#organization","name":"mojabochnia.pl - portal informacyjny","url":"https:\/\/www.mojabochnia.pl\/","logo":{"@type":"ImageObject","inLanguage":"pl-PL","@id":"https:\/\/www.mojabochnia.pl\/#\/schema\/logo\/image\/","url":"https:\/\/www.mojabochnia.pl\/wp-content\/uploads\/2017\/08\/logo-mb-opt.png","contentUrl":"https:\/\/www.mojabochnia.pl\/wp-content\/uploads\/2017\/08\/logo-mb-opt.png","width":250,"height":48,"caption":"mojabochnia.pl - portal informacyjny"},"image":{"@id":"https:\/\/www.mojabochnia.pl\/#\/schema\/logo\/image\/"},"sameAs":["https:\/\/www.facebook.com\/mojabochnia"]},{"@type":"Person","@id":"https:\/\/www.mojabochnia.pl\/#\/schema\/person\/ea042e4724a77627963f02166828ead4","name":"Pawe\u0142 Michalczyk","url":"https:\/\/www.mojabochnia.pl\/?author=4"}]}},"_links":{"self":[{"href":"https:\/\/www.mojabochnia.pl\/index.php?rest_route=\/wp\/v2\/posts\/76494","targetHints":{"allow":["GET"]}}],"collection":[{"href":"https:\/\/www.mojabochnia.pl\/index.php?rest_route=\/wp\/v2\/posts"}],"about":[{"href":"https:\/\/www.mojabochnia.pl\/index.php?rest_route=\/wp\/v2\/types\/post"}],"author":[{"embeddable":true,"href":"https:\/\/www.mojabochnia.pl\/index.php?rest_route=\/wp\/v2\/users\/4"}],"replies":[{"embeddable":true,"href":"https:\/\/www.mojabochnia.pl\/index.php?rest_route=%2Fwp%2Fv2%2Fcomments&post=76494"}],"version-history":[{"count":4,"href":"https:\/\/www.mojabochnia.pl\/index.php?rest_route=\/wp\/v2\/posts\/76494\/revisions"}],"predecessor-version":[{"id":76499,"href":"https:\/\/www.mojabochnia.pl\/index.php?rest_route=\/wp\/v2\/posts\/76494\/revisions\/76499"}],"wp:attachment":[{"href":"https:\/\/www.mojabochnia.pl\/index.php?rest_route=%2Fwp%2Fv2%2Fmedia&parent=76494"}],"wp:term":[{"taxonomy":"category","embeddable":true,"href":"https:\/\/www.mojabochnia.pl\/index.php?rest_route=%2Fwp%2Fv2%2Fcategories&post=76494"},{"taxonomy":"post_tag","embeddable":true,"href":"https:\/\/www.mojabochnia.pl\/index.php?rest_route=%2Fwp%2Fv2%2Ftags&post=76494"}],"curies":[{"name":"wp","href":"https:\/\/api.w.org\/{rel}","templated":true}]}}