{"id":76491,"date":"2012-08-16T10:35:02","date_gmt":"2012-08-16T08:35:02","guid":{"rendered":"http:\/\/www.mojabochnia.pl\/?p=76491"},"modified":"2012-08-16T10:35:02","modified_gmt":"2012-08-16T08:35:02","slug":"siedlec-biesiada-agroturystyczna-z-siostra-anastazja","status":"publish","type":"post","link":"https:\/\/www.mojabochnia.pl\/?p=76491","title":{"rendered":"Siedlec: Biesiada Agroturystyczna z Siostr\u0105 Anastazj\u0105"},"content":{"rendered":"<p>Siostra Anastazja b\u0119dzie w zasiada\u0142a w jury przeprowadzonego w tym dniu konkursu kulinarnego na \u201eNajsmaczniejsze potrawy z kapusty\u201d. <em>B\u0119dzie mo\u017cna na degustacji zakosztowa\u0107 tego co przygotuj\u0105 na stoiska przedstawicielki k\u00f3\u0142 gospody\u0144 wiejskich, gospodarstw agroturystycznych, stowarzysze\u0144, instytucji itp.<\/em> &#8211; zach\u0119ca Danuta Niemiec, dyrektor Gminnego Centrum Kultury, Czytelnictwa i Sportu w Bochni. <\/p>\n<p>Powo\u0142ana przez organizator\u00f3w komisja dokona oceny potraw i najlepszym przyzna nagrody i wyr\u00f3\u017cnienia. Fundatorem nagr\u00f3d jest W\u00f3jt Gminy Bochnia, Stowarzyszenie Nadwi\u015bla\u0144ska Grupa Dzia\u0142ania E.O.CENOMA w Szczurowej, Ma\u0142opolski O\u015brodek Doradztwa Rolniczego w Karniowicach. <\/p>\n<p>Degustacja rozpocznie si\u0119 o godz. 15.00. Oko\u0142o godz. 17.00, po ocenie stoisk, zaplanowano konferencj\u0119 z Siostr\u0105 Anastazj\u0105, kt\u00f3ra odb\u0119dzie si\u0119 w sali Domu Kultury. <\/p>\n<p>W bloku artystycznym przygotowanym na ten dzie\u0144 znajd\u0105 si\u0119 wyst\u0119py Zespo\u0142u Folklorystycznego ze Skoronic &#8211; Czechy, Kapeli Siedleckiej, laureaci \u201eGminnych Talent\u00f3w\u201d, zesp\u00f3\u0142 DO RANA.<\/p>\n<p><em>W \u201eArtystycznej Dolinie\u201d w Siedlcu jak co roku ka\u017cdy znajdzie co\u015b dla ducha i cia\u0142a<\/em> &#8211; dodaje Danuta Niemiec.<\/p>\n<p>Organizatorem imprezy jest Gminne Centrum Kultury Czytelnictwa i Sportu w Bochni oraz Stowarzyszenie Nadwi\u015bla\u0144ska Grupa Dzia\u0142ania \u201eE.O.CENOMA\u201d w Szczurowej.<\/p>\n","protected":false},"excerpt":{"rendered":"<p>W niedziel\u0119 w Siedlcu gdzie odb\u0119dzie si\u0119 XIV. edycja Biesiady Agroturystycznej. Go\u015bciem specjalnym b\u0119dzie w tym roku Siostra Anastazja Pustelnik znana i szanowana autorka wielu ksi\u0105\u017cek kulinarnych. Przez Tygodnik \u201eGo\u015b\u0107 Niedzielny okrzykni\u0119ta Pierwsz\u0105 Kuchark\u0105 Rzeczypospolitej. <\/p>\n","protected":false},"author":4,"featured_media":0,"comment_status":"open","ping_status":"closed","sticky":false,"template":"","format":"standard","meta":{"_acf_changed":false,"footnotes":""},"categories":[5,6251,6250],"tags":[5396,1647,5226,17117],"class_list":["post-76491","post","type-post","status-publish","format-standard","hentry","category-biezace-wydarzenia","category-polityka-i-wydarzenia","category-tematyka","tag-biesiada-agroturystyczna","tag-danuta-niemiec","tag-gminne-centrum-kultury-czytelnictwa-i-sportu-w-bochi","tag-siedlec","main_tag-siedlec"],"acf":[],"yoast_head":"<!-- This site is optimized with the Yoast SEO plugin v26.9 - https:\/\/yoast.com\/product\/yoast-seo-wordpress\/ -->\n<title>Siedlec: Biesiada Agroturystyczna z Siostr\u0105 Anastazj\u0105  - mojabochnia.pl - portal informacyjny<\/title>\n<meta name=\"robots\" content=\"index, follow, max-snippet:-1, max-image-preview:large, max-video-preview:-1\" \/>\n<link rel=\"canonical\" href=\"https:\/\/www.mojabochnia.pl\/?p=76491\" \/>\n<meta property=\"og:locale\" content=\"pl_PL\" \/>\n<meta property=\"og:type\" content=\"article\" \/>\n<meta property=\"og:title\" content=\"Siedlec: Biesiada Agroturystyczna z Siostr\u0105 Anastazj\u0105  - mojabochnia.pl - portal informacyjny\" \/>\n<meta property=\"og:description\" content=\"W niedziel\u0119 w Siedlcu gdzie odb\u0119dzie si\u0119 XIV. edycja Biesiady Agroturystycznej. Go\u015bciem specjalnym b\u0119dzie w tym roku Siostra Anastazja Pustelnik znana i szanowana autorka wielu ksi\u0105\u017cek kulinarnych. Przez Tygodnik \u201eGo\u015b\u0107 Niedzielny okrzykni\u0119ta Pierwsz\u0105 Kuchark\u0105 Rzeczypospolitej.\" \/>\n<meta property=\"og:url\" content=\"https:\/\/www.mojabochnia.pl\/?p=76491\" \/>\n<meta property=\"og:site_name\" content=\"mojabochnia.pl - portal informacyjny\" \/>\n<meta property=\"article:publisher\" content=\"https:\/\/www.facebook.com\/mojabochnia\" \/>\n<meta property=\"article:published_time\" content=\"2012-08-16T08:35:02+00:00\" \/>\n<meta name=\"author\" content=\"Pawe\u0142 Michalczyk\" \/>\n<meta name=\"twitter:card\" content=\"summary_large_image\" \/>\n<meta name=\"twitter:label1\" content=\"Written by\" \/>\n\t<meta name=\"twitter:data1\" content=\"Pawe\u0142 Michalczyk\" \/>\n\t<meta name=\"twitter:label2\" content=\"Est. reading time\" \/>\n\t<meta name=\"twitter:data2\" content=\"1 minuta\" \/>\n<script type=\"application\/ld+json\" class=\"yoast-schema-graph\">{\"@context\":\"https:\/\/schema.org\",\"@graph\":[{\"@type\":\"Article\",\"@id\":\"https:\/\/www.mojabochnia.pl\/?p=76491#article\",\"isPartOf\":{\"@id\":\"https:\/\/www.mojabochnia.pl\/?p=76491\"},\"author\":{\"name\":\"Pawe\u0142 Michalczyk\",\"@id\":\"https:\/\/www.mojabochnia.pl\/#\/schema\/person\/ea042e4724a77627963f02166828ead4\"},\"headline\":\"Siedlec: Biesiada Agroturystyczna z Siostr\u0105 Anastazj\u0105\",\"datePublished\":\"2012-08-16T08:35:02+00:00\",\"mainEntityOfPage\":{\"@id\":\"https:\/\/www.mojabochnia.pl\/?p=76491\"},\"wordCount\":202,\"commentCount\":0,\"publisher\":{\"@id\":\"https:\/\/www.mojabochnia.pl\/#organization\"},\"keywords\":[\"biesiada agroturystyczna\",\"danuta niemiec\",\"gminne centrum kultury czytelnictwa i sportu w Bochi\",\"siedlec\"],\"articleSection\":[\"2_ostatnie\",\"polityka i wydarzenia\",\"tematyka\"],\"inLanguage\":\"pl-PL\",\"potentialAction\":[{\"@type\":\"CommentAction\",\"name\":\"Comment\",\"target\":[\"https:\/\/www.mojabochnia.pl\/?p=76491#respond\"]}]},{\"@type\":\"WebPage\",\"@id\":\"https:\/\/www.mojabochnia.pl\/?p=76491\",\"url\":\"https:\/\/www.mojabochnia.pl\/?p=76491\",\"name\":\"Siedlec: Biesiada Agroturystyczna z Siostr\u0105 Anastazj\u0105 - mojabochnia.pl - portal informacyjny\",\"isPartOf\":{\"@id\":\"https:\/\/www.mojabochnia.pl\/#website\"},\"datePublished\":\"2012-08-16T08:35:02+00:00\",\"breadcrumb\":{\"@id\":\"https:\/\/www.mojabochnia.pl\/?p=76491#breadcrumb\"},\"inLanguage\":\"pl-PL\",\"potentialAction\":[{\"@type\":\"ReadAction\",\"target\":[\"https:\/\/www.mojabochnia.pl\/?p=76491\"]}]},{\"@type\":\"BreadcrumbList\",\"@id\":\"https:\/\/www.mojabochnia.pl\/?p=76491#breadcrumb\",\"itemListElement\":[{\"@type\":\"ListItem\",\"position\":1,\"name\":\"Home\",\"item\":\"https:\/\/www.mojabochnia.pl\/\"},{\"@type\":\"ListItem\",\"position\":2,\"name\":\"Siedlec: Biesiada Agroturystyczna z Siostr\u0105 Anastazj\u0105\"}]},{\"@type\":\"WebSite\",\"@id\":\"https:\/\/www.mojabochnia.pl\/#website\",\"url\":\"https:\/\/www.mojabochnia.pl\/\",\"name\":\"mojabochnia.pl - portal informacyjny\",\"description\":\"mojaBochnia to portal informacyjny o Bochni. Codziennie o Bochni piszemy i pokazujemy najwa\u017cniejsze wydarzenia\",\"publisher\":{\"@id\":\"https:\/\/www.mojabochnia.pl\/#organization\"},\"potentialAction\":[{\"@type\":\"SearchAction\",\"target\":{\"@type\":\"EntryPoint\",\"urlTemplate\":\"https:\/\/www.mojabochnia.pl\/?s={search_term_string}\"},\"query-input\":{\"@type\":\"PropertyValueSpecification\",\"valueRequired\":true,\"valueName\":\"search_term_string\"}}],\"inLanguage\":\"pl-PL\"},{\"@type\":\"Organization\",\"@id\":\"https:\/\/www.mojabochnia.pl\/#organization\",\"name\":\"mojabochnia.pl - portal informacyjny\",\"url\":\"https:\/\/www.mojabochnia.pl\/\",\"logo\":{\"@type\":\"ImageObject\",\"inLanguage\":\"pl-PL\",\"@id\":\"https:\/\/www.mojabochnia.pl\/#\/schema\/logo\/image\/\",\"url\":\"https:\/\/www.mojabochnia.pl\/wp-content\/uploads\/2017\/08\/logo-mb-opt.png\",\"contentUrl\":\"https:\/\/www.mojabochnia.pl\/wp-content\/uploads\/2017\/08\/logo-mb-opt.png\",\"width\":250,\"height\":48,\"caption\":\"mojabochnia.pl - portal informacyjny\"},\"image\":{\"@id\":\"https:\/\/www.mojabochnia.pl\/#\/schema\/logo\/image\/\"},\"sameAs\":[\"https:\/\/www.facebook.com\/mojabochnia\"]},{\"@type\":\"Person\",\"@id\":\"https:\/\/www.mojabochnia.pl\/#\/schema\/person\/ea042e4724a77627963f02166828ead4\",\"name\":\"Pawe\u0142 Michalczyk\",\"url\":\"https:\/\/www.mojabochnia.pl\/?author=4\"}]}<\/script>\n<!-- \/ Yoast SEO plugin. -->","yoast_head_json":{"title":"Siedlec: Biesiada Agroturystyczna z Siostr\u0105 Anastazj\u0105  - mojabochnia.pl - portal informacyjny","robots":{"index":"index","follow":"follow","max-snippet":"max-snippet:-1","max-image-preview":"max-image-preview:large","max-video-preview":"max-video-preview:-1"},"canonical":"https:\/\/www.mojabochnia.pl\/?p=76491","og_locale":"pl_PL","og_type":"article","og_title":"Siedlec: Biesiada Agroturystyczna z Siostr\u0105 Anastazj\u0105  - mojabochnia.pl - portal informacyjny","og_description":"W niedziel\u0119 w Siedlcu gdzie odb\u0119dzie si\u0119 XIV. edycja Biesiady Agroturystycznej. Go\u015bciem specjalnym b\u0119dzie w tym roku Siostra Anastazja Pustelnik znana i szanowana autorka wielu ksi\u0105\u017cek kulinarnych. Przez Tygodnik \u201eGo\u015b\u0107 Niedzielny okrzykni\u0119ta Pierwsz\u0105 Kuchark\u0105 Rzeczypospolitej.","og_url":"https:\/\/www.mojabochnia.pl\/?p=76491","og_site_name":"mojabochnia.pl - portal informacyjny","article_publisher":"https:\/\/www.facebook.com\/mojabochnia","article_published_time":"2012-08-16T08:35:02+00:00","author":"Pawe\u0142 Michalczyk","twitter_card":"summary_large_image","twitter_misc":{"Written by":"Pawe\u0142 Michalczyk","Est. reading time":"1 minuta"},"schema":{"@context":"https:\/\/schema.org","@graph":[{"@type":"Article","@id":"https:\/\/www.mojabochnia.pl\/?p=76491#article","isPartOf":{"@id":"https:\/\/www.mojabochnia.pl\/?p=76491"},"author":{"name":"Pawe\u0142 Michalczyk","@id":"https:\/\/www.mojabochnia.pl\/#\/schema\/person\/ea042e4724a77627963f02166828ead4"},"headline":"Siedlec: Biesiada Agroturystyczna z Siostr\u0105 Anastazj\u0105","datePublished":"2012-08-16T08:35:02+00:00","mainEntityOfPage":{"@id":"https:\/\/www.mojabochnia.pl\/?p=76491"},"wordCount":202,"commentCount":0,"publisher":{"@id":"https:\/\/www.mojabochnia.pl\/#organization"},"keywords":["biesiada agroturystyczna","danuta niemiec","gminne centrum kultury czytelnictwa i sportu w Bochi","siedlec"],"articleSection":["2_ostatnie","polityka i wydarzenia","tematyka"],"inLanguage":"pl-PL","potentialAction":[{"@type":"CommentAction","name":"Comment","target":["https:\/\/www.mojabochnia.pl\/?p=76491#respond"]}]},{"@type":"WebPage","@id":"https:\/\/www.mojabochnia.pl\/?p=76491","url":"https:\/\/www.mojabochnia.pl\/?p=76491","name":"Siedlec: Biesiada Agroturystyczna z Siostr\u0105 Anastazj\u0105 - mojabochnia.pl - portal informacyjny","isPartOf":{"@id":"https:\/\/www.mojabochnia.pl\/#website"},"datePublished":"2012-08-16T08:35:02+00:00","breadcrumb":{"@id":"https:\/\/www.mojabochnia.pl\/?p=76491#breadcrumb"},"inLanguage":"pl-PL","potentialAction":[{"@type":"ReadAction","target":["https:\/\/www.mojabochnia.pl\/?p=76491"]}]},{"@type":"BreadcrumbList","@id":"https:\/\/www.mojabochnia.pl\/?p=76491#breadcrumb","itemListElement":[{"@type":"ListItem","position":1,"name":"Home","item":"https:\/\/www.mojabochnia.pl\/"},{"@type":"ListItem","position":2,"name":"Siedlec: Biesiada Agroturystyczna z Siostr\u0105 Anastazj\u0105"}]},{"@type":"WebSite","@id":"https:\/\/www.mojabochnia.pl\/#website","url":"https:\/\/www.mojabochnia.pl\/","name":"mojabochnia.pl - portal informacyjny","description":"mojaBochnia to portal informacyjny o Bochni. Codziennie o Bochni piszemy i pokazujemy najwa\u017cniejsze wydarzenia","publisher":{"@id":"https:\/\/www.mojabochnia.pl\/#organization"},"potentialAction":[{"@type":"SearchAction","target":{"@type":"EntryPoint","urlTemplate":"https:\/\/www.mojabochnia.pl\/?s={search_term_string}"},"query-input":{"@type":"PropertyValueSpecification","valueRequired":true,"valueName":"search_term_string"}}],"inLanguage":"pl-PL"},{"@type":"Organization","@id":"https:\/\/www.mojabochnia.pl\/#organization","name":"mojabochnia.pl - portal informacyjny","url":"https:\/\/www.mojabochnia.pl\/","logo":{"@type":"ImageObject","inLanguage":"pl-PL","@id":"https:\/\/www.mojabochnia.pl\/#\/schema\/logo\/image\/","url":"https:\/\/www.mojabochnia.pl\/wp-content\/uploads\/2017\/08\/logo-mb-opt.png","contentUrl":"https:\/\/www.mojabochnia.pl\/wp-content\/uploads\/2017\/08\/logo-mb-opt.png","width":250,"height":48,"caption":"mojabochnia.pl - portal informacyjny"},"image":{"@id":"https:\/\/www.mojabochnia.pl\/#\/schema\/logo\/image\/"},"sameAs":["https:\/\/www.facebook.com\/mojabochnia"]},{"@type":"Person","@id":"https:\/\/www.mojabochnia.pl\/#\/schema\/person\/ea042e4724a77627963f02166828ead4","name":"Pawe\u0142 Michalczyk","url":"https:\/\/www.mojabochnia.pl\/?author=4"}]}},"_links":{"self":[{"href":"https:\/\/www.mojabochnia.pl\/index.php?rest_route=\/wp\/v2\/posts\/76491","targetHints":{"allow":["GET"]}}],"collection":[{"href":"https:\/\/www.mojabochnia.pl\/index.php?rest_route=\/wp\/v2\/posts"}],"about":[{"href":"https:\/\/www.mojabochnia.pl\/index.php?rest_route=\/wp\/v2\/types\/post"}],"author":[{"embeddable":true,"href":"https:\/\/www.mojabochnia.pl\/index.php?rest_route=\/wp\/v2\/users\/4"}],"replies":[{"embeddable":true,"href":"https:\/\/www.mojabochnia.pl\/index.php?rest_route=%2Fwp%2Fv2%2Fcomments&post=76491"}],"version-history":[{"count":4,"href":"https:\/\/www.mojabochnia.pl\/index.php?rest_route=\/wp\/v2\/posts\/76491\/revisions"}],"predecessor-version":[{"id":76503,"href":"https:\/\/www.mojabochnia.pl\/index.php?rest_route=\/wp\/v2\/posts\/76491\/revisions\/76503"}],"wp:attachment":[{"href":"https:\/\/www.mojabochnia.pl\/index.php?rest_route=%2Fwp%2Fv2%2Fmedia&parent=76491"}],"wp:term":[{"taxonomy":"category","embeddable":true,"href":"https:\/\/www.mojabochnia.pl\/index.php?rest_route=%2Fwp%2Fv2%2Fcategories&post=76491"},{"taxonomy":"post_tag","embeddable":true,"href":"https:\/\/www.mojabochnia.pl\/index.php?rest_route=%2Fwp%2Fv2%2Ftags&post=76491"}],"curies":[{"name":"wp","href":"https:\/\/api.w.org\/{rel}","templated":true}]}}