{"id":76485,"date":"2012-08-16T07:32:39","date_gmt":"2012-08-16T05:32:39","guid":{"rendered":"http:\/\/www.mojabochnia.pl\/?p=76485"},"modified":"2012-08-15T21:07:53","modified_gmt":"2012-08-15T19:07:53","slug":"w-piatek-bochenska-scena-letnia-program","status":"publish","type":"post","link":"https:\/\/www.mojabochnia.pl\/?p=76485","title":{"rendered":"W pi\u0105tek Boche\u0144ska Scena Letnia &#8211; program"},"content":{"rendered":"<p>Boche\u0144ska Scena Letnia tym razem zn\u00f3w w pi\u0105tek o godz. 17.00.<\/p>\n<p><strong>Wyst\u0105pi\u0105 muzycy z Bochni oraz go\u015bcie:<\/strong><\/p>\n<p>17.00<br \/>\nNo Lies<\/p>\n<p>18.00<br \/>\nADHD Conrad Powerr Band<\/p>\n<p>Brain&#8217;s All Gone<\/p>\n<p>19.15<br \/>\nM\u0142odzie\u017cowa Orkiestra D\u0119ta z Baczkowa<\/p>\n<p>20.00<br \/>\nEKG<\/p>\n<p>21.00<br \/>\nPS DUO = Sara Rynowska + Pawe\u0142 Hara\u0144czyk<\/p>\n<p><strong>No Lies<\/strong><br \/>\nM\u0142ody zesp\u00f3\u0142, kt\u00f3rego muzycy pochodz\u0105 z Mikluszowic, Baczkowa, Bochni oraz Nowego Wi\u015bnicza<br \/>\nGraj\u0105 og\u00f3lnie poj\u0119tego rocka. Podczas koncertu zaprezentuj\u0105 m.in. materia\u0142 w\u0142asny.<\/p>\n<p><strong>ADHD Conrad Powerr Band<\/strong><\/p>\n<p>to zesp\u00f3\u0142 hard rockowy graj\u0105cy muzyk\u0119 dla wolnych je\u017ad\u017ac\u00f3w przemierzaj\u0105cych na swoich jedno\u015bladach ma\u0142e miasteczka w poszukiwaniu tego co kiedy\u015b zgubili&#8230; zesp\u00f3\u0142 za\u0142o\u017cony w 2005 roku przez Conrada Powerr&#8217;a Krakowskiego Perkusist\u0119.<br \/>\nObecny sk\u0142ad to Vocal &#8211; Mellan, Gitara &#8211; Maciek Rojek, Bass &#8211; NoNo, Drums &#8211; Conrad Powerr<\/p>\n<p><strong>Brain&#8217;s All Gone<\/strong><br \/>\nm\u0142ody, alternatywny \u017ce\u0144ski zesp\u00f3\u0142 (Punk \/ Rock \/ Pop Punk) pochodz\u0105cy z Krakowa. <\/p>\n<p>Aleksandra Jakubus aka Jakub &#8211; vocal, bass<br \/>\nWeronika Jasi\u00f3wka aka Wrona &#8211; drums<br \/>\nMarta Michalska aka Majki &#8211; guitar<br \/>\nWi\u0119cej na: https:\/\/www.facebook.com\/ brainsallgoneofficial<\/p>\n<p><strong>M\u0142odzie\u017cowa Orkiestra D\u0119ta z Baczkowa<\/strong><br \/>\nhttp:\/\/gck.bochnia.pl\/ orkiestra-baczkow\/ historia-orkiestry\/<\/p>\n<p><strong>EKG<\/strong><\/p>\n<p>Zesp\u00f3\u0142 istnieje od 2008, wyst\u0119puje w sk\u0142adzie pi\u0119cioosobowym. Cz\u0142onkowie to wykszta\u0142ceni muzycy maj\u0105cy na swoim koncie wyst\u0119py na wielu festiwalach w Polsce i zagranic\u0105 (Opole &#8211; Debiuty, Jazz Baszta, Z\u0142ota Tarka Jazz Bez, \u015awi\u0119to Narod\u00f3w (Niemcy, W\u0119gry, W\u0142ochy) Mi\u0119dzynarodowe Targi EXPO w Hannoverze) oraz z wieloma znanymi postaciami Polskiej Muzyki Rozrywkowej. EKG prezentuja bogaty repertuar coverowy (pop, rock, rokn&#8217;n roll, muzyka latynoameryka\u0144ska, dance, standardy jazzowe), a tak\u017ce kompozycje autorskie (pop, rock, jazz, funk) o wysokich walorach artystycznych.<\/p>\n<p>Sk\u0142ad:<\/p>\n<p>Adam Jarzmik,<br \/>\nWojciech Zwierniak<br \/>\nMicha\u0142 Zwierniak<br \/>\nMaciej Nie\u0107<br \/>\nPawe\u0142 \u015awi\u0119s<\/p>\n<p><strong>PS DUO = Sara Rynowska + Pawe\u0142 Hara\u0144czyk<\/strong><\/p>\n<p>Stylistyka PS DUO to g\u0142\u00f3wnie muzyka popowo-jazzowa ale w repertuarze znajduj\u0105 si\u0119 tak\u017ce utwory<br \/>\nr&#038;b oraz soul. <\/p>\n<p>Pawe\u0142 Hara\u0144czyk -instrumenty klawiszowe, pianista, kompozytor, aran\u017cer, akompaniator. Student IV roku Akademii Muzycznej w Krakowie.Wsp\u00f3\u0142pracujem.in.  z Tomek Jarmu\u017cewski Band, Opole Gospel Choir, Aphere Band oraz Seven Seeds. <\/p>\n<p>Sara Rynowska \u2013 wokal. Uczennica klasy wokalnej Krakowskiej Szko\u0142y Jazzu i Muzyki Rozrywkowej pod kierownictwem Sonii Lachowolskiej i Kai Karaplios. Wokalistka big bandu Aphere Band dzia\u0142aj\u0105cego w Krakowie, prowadzonego przez Leszka Nowotarskiego.<\/p>\n","protected":false},"excerpt":{"rendered":"<p>Pi\u0119ciu koncert\u00f3w b\u0119dzie mo\u017cna wys\u0142ucha\u0107 w pi\u0105tek na Boche\u0144skiej Scenie Letniej. Jak zapowiadaj\u0105 organizatorzy, b\u0119dzie hardrockowo, punkowo, soulowo i jazzowo. Nie zabraknie te\u017c d\u017awi\u0119k\u00f3w orkiestry d\u0119tej.<\/p>\n","protected":false},"author":4,"featured_media":0,"comment_status":"open","ping_status":"closed","sticky":false,"template":"","format":"standard","meta":{"_acf_changed":false,"footnotes":""},"categories":[5,92,6250],"tags":[18135,8254,17108,4737,11293,123,17348,7289],"class_list":["post-76485","post","type-post","status-publish","format-standard","hentry","category-biezace-wydarzenia","category-kultura","category-tematyka","tag-bochenska-scena-letnia","tag-ekg","tag-koncert","tag-orkiestra-deta-z-baczkowa","tag-punk","tag-rock","tag-rynek","tag-soul","main_tag-koncert"],"acf":[],"yoast_head":"<!-- This site is optimized with the Yoast SEO plugin v26.9 - https:\/\/yoast.com\/product\/yoast-seo-wordpress\/ -->\n<title>W pi\u0105tek Boche\u0144ska Scena Letnia - program - mojabochnia.pl - portal informacyjny<\/title>\n<meta name=\"robots\" content=\"index, follow, max-snippet:-1, max-image-preview:large, max-video-preview:-1\" \/>\n<link rel=\"canonical\" href=\"https:\/\/www.mojabochnia.pl\/?p=76485\" \/>\n<meta property=\"og:locale\" content=\"pl_PL\" \/>\n<meta property=\"og:type\" content=\"article\" \/>\n<meta property=\"og:title\" content=\"W pi\u0105tek Boche\u0144ska Scena Letnia - program - mojabochnia.pl - portal informacyjny\" \/>\n<meta property=\"og:description\" content=\"Pi\u0119ciu koncert\u00f3w b\u0119dzie mo\u017cna wys\u0142ucha\u0107 w pi\u0105tek na Boche\u0144skiej Scenie Letniej. Jak zapowiadaj\u0105 organizatorzy, b\u0119dzie hardrockowo, punkowo, soulowo i jazzowo. Nie zabraknie te\u017c d\u017awi\u0119k\u00f3w orkiestry d\u0119tej.\" \/>\n<meta property=\"og:url\" content=\"https:\/\/www.mojabochnia.pl\/?p=76485\" \/>\n<meta property=\"og:site_name\" content=\"mojabochnia.pl - portal informacyjny\" \/>\n<meta property=\"article:publisher\" content=\"https:\/\/www.facebook.com\/mojabochnia\" \/>\n<meta property=\"article:published_time\" content=\"2012-08-16T05:32:39+00:00\" \/>\n<meta name=\"author\" content=\"Pawe\u0142 Michalczyk\" \/>\n<meta name=\"twitter:card\" content=\"summary_large_image\" \/>\n<meta name=\"twitter:label1\" content=\"Written by\" \/>\n\t<meta name=\"twitter:data1\" content=\"Pawe\u0142 Michalczyk\" \/>\n\t<meta name=\"twitter:label2\" content=\"Est. reading time\" \/>\n\t<meta name=\"twitter:data2\" content=\"2 minuty\" \/>\n<script type=\"application\/ld+json\" class=\"yoast-schema-graph\">{\"@context\":\"https:\/\/schema.org\",\"@graph\":[{\"@type\":\"Article\",\"@id\":\"https:\/\/www.mojabochnia.pl\/?p=76485#article\",\"isPartOf\":{\"@id\":\"https:\/\/www.mojabochnia.pl\/?p=76485\"},\"author\":{\"name\":\"Pawe\u0142 Michalczyk\",\"@id\":\"https:\/\/www.mojabochnia.pl\/#\/schema\/person\/ea042e4724a77627963f02166828ead4\"},\"headline\":\"W pi\u0105tek Boche\u0144ska Scena Letnia &#8211; program\",\"datePublished\":\"2012-08-16T05:32:39+00:00\",\"mainEntityOfPage\":{\"@id\":\"https:\/\/www.mojabochnia.pl\/?p=76485\"},\"wordCount\":405,\"commentCount\":0,\"publisher\":{\"@id\":\"https:\/\/www.mojabochnia.pl\/#organization\"},\"keywords\":[\"boche\u0144ska scena letnia\",\"ekg\",\"koncert\",\"orkiestra d\u0119ta z baczkowa\",\"punk\",\"rock\",\"rynek\",\"soul\"],\"articleSection\":[\"2_ostatnie\",\"kultura\",\"tematyka\"],\"inLanguage\":\"pl-PL\",\"potentialAction\":[{\"@type\":\"CommentAction\",\"name\":\"Comment\",\"target\":[\"https:\/\/www.mojabochnia.pl\/?p=76485#respond\"]}]},{\"@type\":\"WebPage\",\"@id\":\"https:\/\/www.mojabochnia.pl\/?p=76485\",\"url\":\"https:\/\/www.mojabochnia.pl\/?p=76485\",\"name\":\"W pi\u0105tek Boche\u0144ska Scena Letnia - program - mojabochnia.pl - portal informacyjny\",\"isPartOf\":{\"@id\":\"https:\/\/www.mojabochnia.pl\/#website\"},\"datePublished\":\"2012-08-16T05:32:39+00:00\",\"breadcrumb\":{\"@id\":\"https:\/\/www.mojabochnia.pl\/?p=76485#breadcrumb\"},\"inLanguage\":\"pl-PL\",\"potentialAction\":[{\"@type\":\"ReadAction\",\"target\":[\"https:\/\/www.mojabochnia.pl\/?p=76485\"]}]},{\"@type\":\"BreadcrumbList\",\"@id\":\"https:\/\/www.mojabochnia.pl\/?p=76485#breadcrumb\",\"itemListElement\":[{\"@type\":\"ListItem\",\"position\":1,\"name\":\"Home\",\"item\":\"https:\/\/www.mojabochnia.pl\/\"},{\"@type\":\"ListItem\",\"position\":2,\"name\":\"W pi\u0105tek Boche\u0144ska Scena Letnia &#8211; program\"}]},{\"@type\":\"WebSite\",\"@id\":\"https:\/\/www.mojabochnia.pl\/#website\",\"url\":\"https:\/\/www.mojabochnia.pl\/\",\"name\":\"mojabochnia.pl - portal informacyjny\",\"description\":\"mojaBochnia to portal informacyjny o Bochni. Codziennie o Bochni piszemy i pokazujemy najwa\u017cniejsze wydarzenia\",\"publisher\":{\"@id\":\"https:\/\/www.mojabochnia.pl\/#organization\"},\"potentialAction\":[{\"@type\":\"SearchAction\",\"target\":{\"@type\":\"EntryPoint\",\"urlTemplate\":\"https:\/\/www.mojabochnia.pl\/?s={search_term_string}\"},\"query-input\":{\"@type\":\"PropertyValueSpecification\",\"valueRequired\":true,\"valueName\":\"search_term_string\"}}],\"inLanguage\":\"pl-PL\"},{\"@type\":\"Organization\",\"@id\":\"https:\/\/www.mojabochnia.pl\/#organization\",\"name\":\"mojabochnia.pl - portal informacyjny\",\"url\":\"https:\/\/www.mojabochnia.pl\/\",\"logo\":{\"@type\":\"ImageObject\",\"inLanguage\":\"pl-PL\",\"@id\":\"https:\/\/www.mojabochnia.pl\/#\/schema\/logo\/image\/\",\"url\":\"https:\/\/www.mojabochnia.pl\/wp-content\/uploads\/2017\/08\/logo-mb-opt.png\",\"contentUrl\":\"https:\/\/www.mojabochnia.pl\/wp-content\/uploads\/2017\/08\/logo-mb-opt.png\",\"width\":250,\"height\":48,\"caption\":\"mojabochnia.pl - portal informacyjny\"},\"image\":{\"@id\":\"https:\/\/www.mojabochnia.pl\/#\/schema\/logo\/image\/\"},\"sameAs\":[\"https:\/\/www.facebook.com\/mojabochnia\"]},{\"@type\":\"Person\",\"@id\":\"https:\/\/www.mojabochnia.pl\/#\/schema\/person\/ea042e4724a77627963f02166828ead4\",\"name\":\"Pawe\u0142 Michalczyk\",\"url\":\"https:\/\/www.mojabochnia.pl\/?author=4\"}]}<\/script>\n<!-- \/ Yoast SEO plugin. -->","yoast_head_json":{"title":"W pi\u0105tek Boche\u0144ska Scena Letnia - program - mojabochnia.pl - portal informacyjny","robots":{"index":"index","follow":"follow","max-snippet":"max-snippet:-1","max-image-preview":"max-image-preview:large","max-video-preview":"max-video-preview:-1"},"canonical":"https:\/\/www.mojabochnia.pl\/?p=76485","og_locale":"pl_PL","og_type":"article","og_title":"W pi\u0105tek Boche\u0144ska Scena Letnia - program - mojabochnia.pl - portal informacyjny","og_description":"Pi\u0119ciu koncert\u00f3w b\u0119dzie mo\u017cna wys\u0142ucha\u0107 w pi\u0105tek na Boche\u0144skiej Scenie Letniej. Jak zapowiadaj\u0105 organizatorzy, b\u0119dzie hardrockowo, punkowo, soulowo i jazzowo. Nie zabraknie te\u017c d\u017awi\u0119k\u00f3w orkiestry d\u0119tej.","og_url":"https:\/\/www.mojabochnia.pl\/?p=76485","og_site_name":"mojabochnia.pl - portal informacyjny","article_publisher":"https:\/\/www.facebook.com\/mojabochnia","article_published_time":"2012-08-16T05:32:39+00:00","author":"Pawe\u0142 Michalczyk","twitter_card":"summary_large_image","twitter_misc":{"Written by":"Pawe\u0142 Michalczyk","Est. reading time":"2 minuty"},"schema":{"@context":"https:\/\/schema.org","@graph":[{"@type":"Article","@id":"https:\/\/www.mojabochnia.pl\/?p=76485#article","isPartOf":{"@id":"https:\/\/www.mojabochnia.pl\/?p=76485"},"author":{"name":"Pawe\u0142 Michalczyk","@id":"https:\/\/www.mojabochnia.pl\/#\/schema\/person\/ea042e4724a77627963f02166828ead4"},"headline":"W pi\u0105tek Boche\u0144ska Scena Letnia &#8211; program","datePublished":"2012-08-16T05:32:39+00:00","mainEntityOfPage":{"@id":"https:\/\/www.mojabochnia.pl\/?p=76485"},"wordCount":405,"commentCount":0,"publisher":{"@id":"https:\/\/www.mojabochnia.pl\/#organization"},"keywords":["boche\u0144ska scena letnia","ekg","koncert","orkiestra d\u0119ta z baczkowa","punk","rock","rynek","soul"],"articleSection":["2_ostatnie","kultura","tematyka"],"inLanguage":"pl-PL","potentialAction":[{"@type":"CommentAction","name":"Comment","target":["https:\/\/www.mojabochnia.pl\/?p=76485#respond"]}]},{"@type":"WebPage","@id":"https:\/\/www.mojabochnia.pl\/?p=76485","url":"https:\/\/www.mojabochnia.pl\/?p=76485","name":"W pi\u0105tek Boche\u0144ska Scena Letnia - program - mojabochnia.pl - portal informacyjny","isPartOf":{"@id":"https:\/\/www.mojabochnia.pl\/#website"},"datePublished":"2012-08-16T05:32:39+00:00","breadcrumb":{"@id":"https:\/\/www.mojabochnia.pl\/?p=76485#breadcrumb"},"inLanguage":"pl-PL","potentialAction":[{"@type":"ReadAction","target":["https:\/\/www.mojabochnia.pl\/?p=76485"]}]},{"@type":"BreadcrumbList","@id":"https:\/\/www.mojabochnia.pl\/?p=76485#breadcrumb","itemListElement":[{"@type":"ListItem","position":1,"name":"Home","item":"https:\/\/www.mojabochnia.pl\/"},{"@type":"ListItem","position":2,"name":"W pi\u0105tek Boche\u0144ska Scena Letnia &#8211; program"}]},{"@type":"WebSite","@id":"https:\/\/www.mojabochnia.pl\/#website","url":"https:\/\/www.mojabochnia.pl\/","name":"mojabochnia.pl - portal informacyjny","description":"mojaBochnia to portal informacyjny o Bochni. Codziennie o Bochni piszemy i pokazujemy najwa\u017cniejsze wydarzenia","publisher":{"@id":"https:\/\/www.mojabochnia.pl\/#organization"},"potentialAction":[{"@type":"SearchAction","target":{"@type":"EntryPoint","urlTemplate":"https:\/\/www.mojabochnia.pl\/?s={search_term_string}"},"query-input":{"@type":"PropertyValueSpecification","valueRequired":true,"valueName":"search_term_string"}}],"inLanguage":"pl-PL"},{"@type":"Organization","@id":"https:\/\/www.mojabochnia.pl\/#organization","name":"mojabochnia.pl - portal informacyjny","url":"https:\/\/www.mojabochnia.pl\/","logo":{"@type":"ImageObject","inLanguage":"pl-PL","@id":"https:\/\/www.mojabochnia.pl\/#\/schema\/logo\/image\/","url":"https:\/\/www.mojabochnia.pl\/wp-content\/uploads\/2017\/08\/logo-mb-opt.png","contentUrl":"https:\/\/www.mojabochnia.pl\/wp-content\/uploads\/2017\/08\/logo-mb-opt.png","width":250,"height":48,"caption":"mojabochnia.pl - portal informacyjny"},"image":{"@id":"https:\/\/www.mojabochnia.pl\/#\/schema\/logo\/image\/"},"sameAs":["https:\/\/www.facebook.com\/mojabochnia"]},{"@type":"Person","@id":"https:\/\/www.mojabochnia.pl\/#\/schema\/person\/ea042e4724a77627963f02166828ead4","name":"Pawe\u0142 Michalczyk","url":"https:\/\/www.mojabochnia.pl\/?author=4"}]}},"_links":{"self":[{"href":"https:\/\/www.mojabochnia.pl\/index.php?rest_route=\/wp\/v2\/posts\/76485","targetHints":{"allow":["GET"]}}],"collection":[{"href":"https:\/\/www.mojabochnia.pl\/index.php?rest_route=\/wp\/v2\/posts"}],"about":[{"href":"https:\/\/www.mojabochnia.pl\/index.php?rest_route=\/wp\/v2\/types\/post"}],"author":[{"embeddable":true,"href":"https:\/\/www.mojabochnia.pl\/index.php?rest_route=\/wp\/v2\/users\/4"}],"replies":[{"embeddable":true,"href":"https:\/\/www.mojabochnia.pl\/index.php?rest_route=%2Fwp%2Fv2%2Fcomments&post=76485"}],"version-history":[{"count":3,"href":"https:\/\/www.mojabochnia.pl\/index.php?rest_route=\/wp\/v2\/posts\/76485\/revisions"}],"predecessor-version":[{"id":76488,"href":"https:\/\/www.mojabochnia.pl\/index.php?rest_route=\/wp\/v2\/posts\/76485\/revisions\/76488"}],"wp:attachment":[{"href":"https:\/\/www.mojabochnia.pl\/index.php?rest_route=%2Fwp%2Fv2%2Fmedia&parent=76485"}],"wp:term":[{"taxonomy":"category","embeddable":true,"href":"https:\/\/www.mojabochnia.pl\/index.php?rest_route=%2Fwp%2Fv2%2Fcategories&post=76485"},{"taxonomy":"post_tag","embeddable":true,"href":"https:\/\/www.mojabochnia.pl\/index.php?rest_route=%2Fwp%2Fv2%2Ftags&post=76485"}],"curies":[{"name":"wp","href":"https:\/\/api.w.org\/{rel}","templated":true}]}}