{"id":76339,"date":"2012-08-10T13:47:08","date_gmt":"2012-08-10T11:47:08","guid":{"rendered":"http:\/\/www.mojabochnia.pl\/?p=76339"},"modified":"2012-08-10T13:50:31","modified_gmt":"2012-08-10T11:50:31","slug":"rdzawa-powstaje-srodowiskowy-dom-samopomocy","status":"publish","type":"post","link":"https:\/\/www.mojabochnia.pl\/?p=76339","title":{"rendered":"Rdzawa: powstaje \u015arodowiskowy Dom Samopomocy"},"content":{"rendered":"<p>Obecnie trwa nab\u00f3r ch\u0119tnych do udzia\u0142u w zaj\u0119ciach.<em> Pracownicy socjalni z opieki spo\u0142ecznej przeprowadzaj\u0105 wywiady i zbieraj\u0105 ch\u0119tnych do uczestnictwa w tym \u015arodowiskowym Domu Samopomocy. Warunki, kt\u00f3re tam s\u0105, pozwalaj\u0105 przyj\u0105\u0107 38 os\u00f3b. Mam nadziej\u0119, \u017ce do tej liczby dojdziemy do ko\u0144ca roku. W tej chwili jest dosy\u0107 spore zainteresowanie <\/em>\u2013 m\u00f3wi w\u00f3jt Trzciany J\u00f3zef Nowak. <\/p>\n<p>Gmina Trzciana dosta\u0142a od wojewody 115 tys. z\u0142 na wyposa\u017cenie o\u015brodka oraz 144 tys. z\u0142 na jego bie\u017c\u0105ce utrzymanie. <em>W roku ubieg\u0142ym dostosowali\u015bmy obiekt do potrzeb niepe\u0142nosprawnych, natomiast w planie wojewody pojawi\u0142y si\u0119 pieni\u0105dze na wyposa\u017cenie i na bie\u017c\u0105ce utrzymanie \u015arodowiskowego Domu Samopomocy<\/em> &#8211; m\u00f3wi w\u00f3jt. <\/p>\n<p>O\u015brodek b\u0119dzie si\u0119 mie\u015bci\u0142 w budynku po dawnej szkole podstawowej w Rdzawie. Najpierw prowadzi\u0142a j\u0105 gmina, p\u00f3\u017aniej stowarzyszenie, jednak od kilku lat obiekt stoi pusty. <em>Postanowili\u015bmy wykorzysta\u0107 ten pi\u0119knie po\u0142o\u017cony budynek. Jest on usytuowany w Parku Podworskim przy obiekcie sportowym, w\u015br\u00f3d ciszy, zieleni, du\u017cych przestrzeni. Idealne warunki do tego, \u017ceby mo\u017cna tam by\u0142o prowadzi\u0107 tak\u0105 terapi\u0119<\/em>. <\/p>\n<p>W powiecie boche\u0144skim \u015arodowisko Dom Samopomocy znajduje si\u0119 te\u017c w \u017begocinie, Much\u00f3wce i Bochni.<\/p>\n","protected":false},"excerpt":{"rendered":"<p>Kolejny w powiecie boche\u0144skim \u015arodowiskowy Dom Samopomocy powstaje na terenie gminy Trzciana. Trwa przyjmowanie zapis\u00f3w, \u015aDPS zacznie funkcjonowa\u0107 od 1 pa\u017adziernika. <\/p>\n","protected":false},"author":4,"featured_media":0,"comment_status":"closed","ping_status":"closed","sticky":false,"template":"","format":"standard","meta":{"_acf_changed":false,"footnotes":""},"categories":[5,6251,6250],"tags":[17857,397,17221,3709,977,17169],"class_list":["post-76339","post","type-post","status-publish","format-standard","hentry","category-biezace-wydarzenia","category-polityka-i-wydarzenia","category-tematyka","tag-dps","tag-jozef-nowak","tag-niepelnosprawni","tag-rdzawa","tag-srodowiskowy-dom-samopomocy","tag-trzciana","main_tag-trzciana"],"acf":[],"yoast_head":"<!-- This site is optimized with the Yoast SEO plugin v26.9 - https:\/\/yoast.com\/product\/yoast-seo-wordpress\/ -->\n<title>Rdzawa: powstaje \u015arodowiskowy Dom Samopomocy - mojabochnia.pl - portal informacyjny<\/title>\n<meta name=\"robots\" content=\"index, follow, max-snippet:-1, max-image-preview:large, max-video-preview:-1\" \/>\n<link rel=\"canonical\" href=\"https:\/\/www.mojabochnia.pl\/?p=76339\" \/>\n<meta property=\"og:locale\" content=\"pl_PL\" \/>\n<meta property=\"og:type\" content=\"article\" \/>\n<meta property=\"og:title\" content=\"Rdzawa: powstaje \u015arodowiskowy Dom Samopomocy - mojabochnia.pl - portal informacyjny\" \/>\n<meta property=\"og:description\" content=\"Kolejny w powiecie boche\u0144skim \u015arodowiskowy Dom Samopomocy powstaje na terenie gminy Trzciana. Trwa przyjmowanie zapis\u00f3w, \u015aDPS zacznie funkcjonowa\u0107 od 1 pa\u017adziernika.\" \/>\n<meta property=\"og:url\" content=\"https:\/\/www.mojabochnia.pl\/?p=76339\" \/>\n<meta property=\"og:site_name\" content=\"mojabochnia.pl - portal informacyjny\" \/>\n<meta property=\"article:publisher\" content=\"https:\/\/www.facebook.com\/mojabochnia\" \/>\n<meta property=\"article:published_time\" content=\"2012-08-10T11:47:08+00:00\" \/>\n<meta property=\"article:modified_time\" content=\"2012-08-10T11:50:31+00:00\" \/>\n<meta name=\"author\" content=\"Pawe\u0142 Michalczyk\" \/>\n<meta name=\"twitter:card\" content=\"summary_large_image\" \/>\n<meta name=\"twitter:label1\" content=\"Written by\" \/>\n\t<meta name=\"twitter:data1\" content=\"Pawe\u0142 Michalczyk\" \/>\n\t<meta name=\"twitter:label2\" content=\"Est. reading time\" \/>\n\t<meta name=\"twitter:data2\" content=\"1 minuta\" \/>\n<script type=\"application\/ld+json\" class=\"yoast-schema-graph\">{\"@context\":\"https:\/\/schema.org\",\"@graph\":[{\"@type\":\"Article\",\"@id\":\"https:\/\/www.mojabochnia.pl\/?p=76339#article\",\"isPartOf\":{\"@id\":\"https:\/\/www.mojabochnia.pl\/?p=76339\"},\"author\":{\"name\":\"Pawe\u0142 Michalczyk\",\"@id\":\"https:\/\/www.mojabochnia.pl\/#\/schema\/person\/ea042e4724a77627963f02166828ead4\"},\"headline\":\"Rdzawa: powstaje \u015arodowiskowy Dom Samopomocy\",\"datePublished\":\"2012-08-10T11:47:08+00:00\",\"dateModified\":\"2012-08-10T11:50:31+00:00\",\"mainEntityOfPage\":{\"@id\":\"https:\/\/www.mojabochnia.pl\/?p=76339\"},\"wordCount\":214,\"publisher\":{\"@id\":\"https:\/\/www.mojabochnia.pl\/#organization\"},\"keywords\":[\"dps\",\"j\u00f3zef nowak\",\"niepe\u0142nosprawni\",\"rdzawa\",\"\u015brodowiskowy dom samopomocy\",\"Trzciana\"],\"articleSection\":[\"2_ostatnie\",\"polityka i wydarzenia\",\"tematyka\"],\"inLanguage\":\"pl-PL\"},{\"@type\":\"WebPage\",\"@id\":\"https:\/\/www.mojabochnia.pl\/?p=76339\",\"url\":\"https:\/\/www.mojabochnia.pl\/?p=76339\",\"name\":\"Rdzawa: powstaje \u015arodowiskowy Dom Samopomocy - mojabochnia.pl - portal informacyjny\",\"isPartOf\":{\"@id\":\"https:\/\/www.mojabochnia.pl\/#website\"},\"datePublished\":\"2012-08-10T11:47:08+00:00\",\"dateModified\":\"2012-08-10T11:50:31+00:00\",\"breadcrumb\":{\"@id\":\"https:\/\/www.mojabochnia.pl\/?p=76339#breadcrumb\"},\"inLanguage\":\"pl-PL\",\"potentialAction\":[{\"@type\":\"ReadAction\",\"target\":[\"https:\/\/www.mojabochnia.pl\/?p=76339\"]}]},{\"@type\":\"BreadcrumbList\",\"@id\":\"https:\/\/www.mojabochnia.pl\/?p=76339#breadcrumb\",\"itemListElement\":[{\"@type\":\"ListItem\",\"position\":1,\"name\":\"Home\",\"item\":\"https:\/\/www.mojabochnia.pl\/\"},{\"@type\":\"ListItem\",\"position\":2,\"name\":\"Rdzawa: powstaje \u015arodowiskowy Dom Samopomocy\"}]},{\"@type\":\"WebSite\",\"@id\":\"https:\/\/www.mojabochnia.pl\/#website\",\"url\":\"https:\/\/www.mojabochnia.pl\/\",\"name\":\"mojabochnia.pl - portal informacyjny\",\"description\":\"mojaBochnia to portal informacyjny o Bochni. Codziennie o Bochni piszemy i pokazujemy najwa\u017cniejsze wydarzenia\",\"publisher\":{\"@id\":\"https:\/\/www.mojabochnia.pl\/#organization\"},\"potentialAction\":[{\"@type\":\"SearchAction\",\"target\":{\"@type\":\"EntryPoint\",\"urlTemplate\":\"https:\/\/www.mojabochnia.pl\/?s={search_term_string}\"},\"query-input\":{\"@type\":\"PropertyValueSpecification\",\"valueRequired\":true,\"valueName\":\"search_term_string\"}}],\"inLanguage\":\"pl-PL\"},{\"@type\":\"Organization\",\"@id\":\"https:\/\/www.mojabochnia.pl\/#organization\",\"name\":\"mojabochnia.pl - portal informacyjny\",\"url\":\"https:\/\/www.mojabochnia.pl\/\",\"logo\":{\"@type\":\"ImageObject\",\"inLanguage\":\"pl-PL\",\"@id\":\"https:\/\/www.mojabochnia.pl\/#\/schema\/logo\/image\/\",\"url\":\"https:\/\/www.mojabochnia.pl\/wp-content\/uploads\/2017\/08\/logo-mb-opt.png\",\"contentUrl\":\"https:\/\/www.mojabochnia.pl\/wp-content\/uploads\/2017\/08\/logo-mb-opt.png\",\"width\":250,\"height\":48,\"caption\":\"mojabochnia.pl - portal informacyjny\"},\"image\":{\"@id\":\"https:\/\/www.mojabochnia.pl\/#\/schema\/logo\/image\/\"},\"sameAs\":[\"https:\/\/www.facebook.com\/mojabochnia\"]},{\"@type\":\"Person\",\"@id\":\"https:\/\/www.mojabochnia.pl\/#\/schema\/person\/ea042e4724a77627963f02166828ead4\",\"name\":\"Pawe\u0142 Michalczyk\",\"url\":\"https:\/\/www.mojabochnia.pl\/?author=4\"}]}<\/script>\n<!-- \/ Yoast SEO plugin. -->","yoast_head_json":{"title":"Rdzawa: powstaje \u015arodowiskowy Dom Samopomocy - mojabochnia.pl - portal informacyjny","robots":{"index":"index","follow":"follow","max-snippet":"max-snippet:-1","max-image-preview":"max-image-preview:large","max-video-preview":"max-video-preview:-1"},"canonical":"https:\/\/www.mojabochnia.pl\/?p=76339","og_locale":"pl_PL","og_type":"article","og_title":"Rdzawa: powstaje \u015arodowiskowy Dom Samopomocy - mojabochnia.pl - portal informacyjny","og_description":"Kolejny w powiecie boche\u0144skim \u015arodowiskowy Dom Samopomocy powstaje na terenie gminy Trzciana. Trwa przyjmowanie zapis\u00f3w, \u015aDPS zacznie funkcjonowa\u0107 od 1 pa\u017adziernika.","og_url":"https:\/\/www.mojabochnia.pl\/?p=76339","og_site_name":"mojabochnia.pl - portal informacyjny","article_publisher":"https:\/\/www.facebook.com\/mojabochnia","article_published_time":"2012-08-10T11:47:08+00:00","article_modified_time":"2012-08-10T11:50:31+00:00","author":"Pawe\u0142 Michalczyk","twitter_card":"summary_large_image","twitter_misc":{"Written by":"Pawe\u0142 Michalczyk","Est. reading time":"1 minuta"},"schema":{"@context":"https:\/\/schema.org","@graph":[{"@type":"Article","@id":"https:\/\/www.mojabochnia.pl\/?p=76339#article","isPartOf":{"@id":"https:\/\/www.mojabochnia.pl\/?p=76339"},"author":{"name":"Pawe\u0142 Michalczyk","@id":"https:\/\/www.mojabochnia.pl\/#\/schema\/person\/ea042e4724a77627963f02166828ead4"},"headline":"Rdzawa: powstaje \u015arodowiskowy Dom Samopomocy","datePublished":"2012-08-10T11:47:08+00:00","dateModified":"2012-08-10T11:50:31+00:00","mainEntityOfPage":{"@id":"https:\/\/www.mojabochnia.pl\/?p=76339"},"wordCount":214,"publisher":{"@id":"https:\/\/www.mojabochnia.pl\/#organization"},"keywords":["dps","j\u00f3zef nowak","niepe\u0142nosprawni","rdzawa","\u015brodowiskowy dom samopomocy","Trzciana"],"articleSection":["2_ostatnie","polityka i wydarzenia","tematyka"],"inLanguage":"pl-PL"},{"@type":"WebPage","@id":"https:\/\/www.mojabochnia.pl\/?p=76339","url":"https:\/\/www.mojabochnia.pl\/?p=76339","name":"Rdzawa: powstaje \u015arodowiskowy Dom Samopomocy - mojabochnia.pl - portal informacyjny","isPartOf":{"@id":"https:\/\/www.mojabochnia.pl\/#website"},"datePublished":"2012-08-10T11:47:08+00:00","dateModified":"2012-08-10T11:50:31+00:00","breadcrumb":{"@id":"https:\/\/www.mojabochnia.pl\/?p=76339#breadcrumb"},"inLanguage":"pl-PL","potentialAction":[{"@type":"ReadAction","target":["https:\/\/www.mojabochnia.pl\/?p=76339"]}]},{"@type":"BreadcrumbList","@id":"https:\/\/www.mojabochnia.pl\/?p=76339#breadcrumb","itemListElement":[{"@type":"ListItem","position":1,"name":"Home","item":"https:\/\/www.mojabochnia.pl\/"},{"@type":"ListItem","position":2,"name":"Rdzawa: powstaje \u015arodowiskowy Dom Samopomocy"}]},{"@type":"WebSite","@id":"https:\/\/www.mojabochnia.pl\/#website","url":"https:\/\/www.mojabochnia.pl\/","name":"mojabochnia.pl - portal informacyjny","description":"mojaBochnia to portal informacyjny o Bochni. Codziennie o Bochni piszemy i pokazujemy najwa\u017cniejsze wydarzenia","publisher":{"@id":"https:\/\/www.mojabochnia.pl\/#organization"},"potentialAction":[{"@type":"SearchAction","target":{"@type":"EntryPoint","urlTemplate":"https:\/\/www.mojabochnia.pl\/?s={search_term_string}"},"query-input":{"@type":"PropertyValueSpecification","valueRequired":true,"valueName":"search_term_string"}}],"inLanguage":"pl-PL"},{"@type":"Organization","@id":"https:\/\/www.mojabochnia.pl\/#organization","name":"mojabochnia.pl - portal informacyjny","url":"https:\/\/www.mojabochnia.pl\/","logo":{"@type":"ImageObject","inLanguage":"pl-PL","@id":"https:\/\/www.mojabochnia.pl\/#\/schema\/logo\/image\/","url":"https:\/\/www.mojabochnia.pl\/wp-content\/uploads\/2017\/08\/logo-mb-opt.png","contentUrl":"https:\/\/www.mojabochnia.pl\/wp-content\/uploads\/2017\/08\/logo-mb-opt.png","width":250,"height":48,"caption":"mojabochnia.pl - portal informacyjny"},"image":{"@id":"https:\/\/www.mojabochnia.pl\/#\/schema\/logo\/image\/"},"sameAs":["https:\/\/www.facebook.com\/mojabochnia"]},{"@type":"Person","@id":"https:\/\/www.mojabochnia.pl\/#\/schema\/person\/ea042e4724a77627963f02166828ead4","name":"Pawe\u0142 Michalczyk","url":"https:\/\/www.mojabochnia.pl\/?author=4"}]}},"_links":{"self":[{"href":"https:\/\/www.mojabochnia.pl\/index.php?rest_route=\/wp\/v2\/posts\/76339","targetHints":{"allow":["GET"]}}],"collection":[{"href":"https:\/\/www.mojabochnia.pl\/index.php?rest_route=\/wp\/v2\/posts"}],"about":[{"href":"https:\/\/www.mojabochnia.pl\/index.php?rest_route=\/wp\/v2\/types\/post"}],"author":[{"embeddable":true,"href":"https:\/\/www.mojabochnia.pl\/index.php?rest_route=\/wp\/v2\/users\/4"}],"replies":[{"embeddable":true,"href":"https:\/\/www.mojabochnia.pl\/index.php?rest_route=%2Fwp%2Fv2%2Fcomments&post=76339"}],"version-history":[{"count":3,"href":"https:\/\/www.mojabochnia.pl\/index.php?rest_route=\/wp\/v2\/posts\/76339\/revisions"}],"predecessor-version":[{"id":76343,"href":"https:\/\/www.mojabochnia.pl\/index.php?rest_route=\/wp\/v2\/posts\/76339\/revisions\/76343"}],"wp:attachment":[{"href":"https:\/\/www.mojabochnia.pl\/index.php?rest_route=%2Fwp%2Fv2%2Fmedia&parent=76339"}],"wp:term":[{"taxonomy":"category","embeddable":true,"href":"https:\/\/www.mojabochnia.pl\/index.php?rest_route=%2Fwp%2Fv2%2Fcategories&post=76339"},{"taxonomy":"post_tag","embeddable":true,"href":"https:\/\/www.mojabochnia.pl\/index.php?rest_route=%2Fwp%2Fv2%2Ftags&post=76339"}],"curies":[{"name":"wp","href":"https:\/\/api.w.org\/{rel}","templated":true}]}}