{"id":7631,"date":"2009-04-14T11:20:25","date_gmt":"2009-04-14T09:20:25","guid":{"rendered":"http:\/\/www.mojabochnia.pl\/?p=7631"},"modified":"2009-04-14T14:00:57","modified_gmt":"2009-04-14T12:00:57","slug":"lysy-czas-zmienic-czapke-rpk","status":"publish","type":"post","link":"https:\/\/www.mojabochnia.pl\/?p=7631","title":{"rendered":"J. Lysy: czas zmieni\u0107 czapk\u0119 RPK"},"content":{"rendered":"<p>W Porannej Kawie Mojej Bochni Jerzy Lysy, w\u00f3jt gminy Bochnia powiedzia\u0142 o planach zwi\u0105zanych z ewolucj\u0105 Rejonowego Przedsi\u0119biorstwa Komunikacyjnego, jaka ma zosta\u0107 przeprowadzona w tym roku. \u2013 <em>Chcieliby\u015bmy wygasi\u0107 dzia\u0142alno\u015b\u0107 Zwi\u0105zku Komunalnego do ko\u0144ca roku, natomiast przedsi\u0119biorstwo funkcjonowa\u0142oby jako przedsi\u0119biorstwo udzia\u0142owe<\/em> &#8211; m\u00f3wi\u0142 Jerzy Lysy. <\/p>\n<p>&#8211; <em>My\u015bl\u0119, \u017ce nale\u017ca\u0142oby je dokapitalizowa\u0107 i miasto, je\u015bli po podziale maj\u0105tku dostanie za\u0142\u00f3\u017cmy 3,5 autobusu, wtedy mo\u017ce do tego do\u0142o\u017cy\u0107 jeszcze jak\u0105\u015b powa\u017cn\u0105 kwot\u0119 i wykupi\u0107 sobie powiedzmy 40-50% udzia\u0142\u00f3w. My\u015bl\u0119, \u017ce mog\u0105 to zrobi\u0107 dotychczasowi partnerzy, ale r\u00f3wnie\u017c ca\u0142kiem inni partnerzy. Mo\u017cna r\u00f3wnie\u017c zwi\u0105zek opu\u015bci\u0107. Przedsi\u0119biorstwo, kt\u00f3re dzia\u0142a, b\u0119dzie mia\u0142o szans\u0119 wype\u0142nia\u0107 swoje obowi\u0105zki tak, \u017ceby mieszka\u0144cy nawet nie zauwa\u017cyli tego przekszta\u0142cenia<\/em> &#8211; powiedzia\u0142 dalej w Porannej Kawie Jerzy Lysy. <\/p>\n<p>Obejrzyj ca\u0142o\u015b\u0107 (<strong><a href=\"http:\/\/www.mojabochnia.pl\/?p=7585\">III cz\u0119\u015b\u0107 Porannej Kawy Mojej Bochni z 10 kwietnia<\/a><\/strong>).<\/p>\n","protected":false},"excerpt":{"rendered":"<p>Do ko\u0144ca tego roku struktura zwi\u0105zku komunalnego do spraw komunikacji miejskiej ma ulec istotnej zmianie. Co wa\u017cne, dla pasa\u017cer\u00f3w RPK zmiany maj\u0105 by\u0107 nieodczuwalne.<\/p>\n","protected":false},"author":4,"featured_media":0,"comment_status":"open","ping_status":"closed","sticky":false,"template":"","format":"standard","meta":{"_acf_changed":false,"footnotes":""},"categories":[5],"tags":[17594,17171,2596,17215,1302,2044,291,430,17138,17493,163,1800],"class_list":["post-7631","post","type-post","status-publish","format-standard","hentry","category-biezace-wydarzenia","tag-autobus","tag-bogdan-kosturkiewicz","tag-edward-sitko","tag-jerzy-lysy","tag-jozef-slonina","tag-prezes","tag-rejonowe-przedsiebiorstwo-komunikacyjne-w-bochni","tag-rpk","tag-stanislaw-gaworczyk","tag-wojt","tag-wojt-gminy-bochnia","tag-zwiazek-miedzygminny"],"acf":[],"yoast_head":"<!-- This site is optimized with the Yoast SEO plugin v26.9 - https:\/\/yoast.com\/product\/yoast-seo-wordpress\/ -->\n<title>J. Lysy: czas zmieni\u0107 czapk\u0119 RPK - mojabochnia.pl - portal informacyjny<\/title>\n<meta name=\"robots\" content=\"index, follow, max-snippet:-1, max-image-preview:large, max-video-preview:-1\" \/>\n<link rel=\"canonical\" href=\"https:\/\/www.mojabochnia.pl\/?p=7631\" \/>\n<meta property=\"og:locale\" content=\"pl_PL\" \/>\n<meta property=\"og:type\" content=\"article\" \/>\n<meta property=\"og:title\" content=\"J. Lysy: czas zmieni\u0107 czapk\u0119 RPK - mojabochnia.pl - portal informacyjny\" \/>\n<meta property=\"og:description\" content=\"Do ko\u0144ca tego roku struktura zwi\u0105zku komunalnego do spraw komunikacji miejskiej ma ulec istotnej zmianie. Co wa\u017cne, dla pasa\u017cer\u00f3w RPK zmiany maj\u0105 by\u0107 nieodczuwalne.\" \/>\n<meta property=\"og:url\" content=\"https:\/\/www.mojabochnia.pl\/?p=7631\" \/>\n<meta property=\"og:site_name\" content=\"mojabochnia.pl - portal informacyjny\" \/>\n<meta property=\"article:publisher\" content=\"https:\/\/www.facebook.com\/mojabochnia\" \/>\n<meta property=\"article:published_time\" content=\"2009-04-14T09:20:25+00:00\" \/>\n<meta property=\"article:modified_time\" content=\"2009-04-14T12:00:57+00:00\" \/>\n<meta name=\"author\" content=\"Pawe\u0142 Michalczyk\" \/>\n<meta name=\"twitter:card\" content=\"summary_large_image\" \/>\n<meta name=\"twitter:label1\" content=\"Written by\" \/>\n\t<meta name=\"twitter:data1\" content=\"Pawe\u0142 Michalczyk\" \/>\n\t<meta name=\"twitter:label2\" content=\"Est. reading time\" \/>\n\t<meta name=\"twitter:data2\" content=\"1 minuta\" \/>\n<script type=\"application\/ld+json\" class=\"yoast-schema-graph\">{\"@context\":\"https:\/\/schema.org\",\"@graph\":[{\"@type\":\"Article\",\"@id\":\"https:\/\/www.mojabochnia.pl\/?p=7631#article\",\"isPartOf\":{\"@id\":\"https:\/\/www.mojabochnia.pl\/?p=7631\"},\"author\":{\"name\":\"Pawe\u0142 Michalczyk\",\"@id\":\"https:\/\/www.mojabochnia.pl\/#\/schema\/person\/ea042e4724a77627963f02166828ead4\"},\"headline\":\"J. Lysy: czas zmieni\u0107 czapk\u0119 RPK\",\"datePublished\":\"2009-04-14T09:20:25+00:00\",\"dateModified\":\"2009-04-14T12:00:57+00:00\",\"mainEntityOfPage\":{\"@id\":\"https:\/\/www.mojabochnia.pl\/?p=7631\"},\"wordCount\":172,\"commentCount\":5,\"publisher\":{\"@id\":\"https:\/\/www.mojabochnia.pl\/#organization\"},\"keywords\":[\"autobus\",\"bogdan kosturkiewicz\",\"edward sitko\",\"jerzy lysy\",\"j\u00f3zef s\u0142onina\",\"prezes\",\"Rejonowe Przedsi\u0119biorstwo Komunikacyjne w Bochni\",\"RPK\",\"stanis\u0142aw gaworczyk\",\"w\u00f3jt\",\"w\u00f3jt gminy bochnia\",\"zwi\u0105zek mi\u0119dzygminny\"],\"articleSection\":[\"2_ostatnie\"],\"inLanguage\":\"pl-PL\",\"potentialAction\":[{\"@type\":\"CommentAction\",\"name\":\"Comment\",\"target\":[\"https:\/\/www.mojabochnia.pl\/?p=7631#respond\"]}]},{\"@type\":\"WebPage\",\"@id\":\"https:\/\/www.mojabochnia.pl\/?p=7631\",\"url\":\"https:\/\/www.mojabochnia.pl\/?p=7631\",\"name\":\"J. Lysy: czas zmieni\u0107 czapk\u0119 RPK - mojabochnia.pl - portal informacyjny\",\"isPartOf\":{\"@id\":\"https:\/\/www.mojabochnia.pl\/#website\"},\"datePublished\":\"2009-04-14T09:20:25+00:00\",\"dateModified\":\"2009-04-14T12:00:57+00:00\",\"breadcrumb\":{\"@id\":\"https:\/\/www.mojabochnia.pl\/?p=7631#breadcrumb\"},\"inLanguage\":\"pl-PL\",\"potentialAction\":[{\"@type\":\"ReadAction\",\"target\":[\"https:\/\/www.mojabochnia.pl\/?p=7631\"]}]},{\"@type\":\"BreadcrumbList\",\"@id\":\"https:\/\/www.mojabochnia.pl\/?p=7631#breadcrumb\",\"itemListElement\":[{\"@type\":\"ListItem\",\"position\":1,\"name\":\"Home\",\"item\":\"https:\/\/www.mojabochnia.pl\/\"},{\"@type\":\"ListItem\",\"position\":2,\"name\":\"J. Lysy: czas zmieni\u0107 czapk\u0119 RPK\"}]},{\"@type\":\"WebSite\",\"@id\":\"https:\/\/www.mojabochnia.pl\/#website\",\"url\":\"https:\/\/www.mojabochnia.pl\/\",\"name\":\"mojabochnia.pl - portal informacyjny\",\"description\":\"mojaBochnia to portal informacyjny o Bochni. Codziennie o Bochni piszemy i pokazujemy najwa\u017cniejsze wydarzenia\",\"publisher\":{\"@id\":\"https:\/\/www.mojabochnia.pl\/#organization\"},\"potentialAction\":[{\"@type\":\"SearchAction\",\"target\":{\"@type\":\"EntryPoint\",\"urlTemplate\":\"https:\/\/www.mojabochnia.pl\/?s={search_term_string}\"},\"query-input\":{\"@type\":\"PropertyValueSpecification\",\"valueRequired\":true,\"valueName\":\"search_term_string\"}}],\"inLanguage\":\"pl-PL\"},{\"@type\":\"Organization\",\"@id\":\"https:\/\/www.mojabochnia.pl\/#organization\",\"name\":\"mojabochnia.pl - portal informacyjny\",\"url\":\"https:\/\/www.mojabochnia.pl\/\",\"logo\":{\"@type\":\"ImageObject\",\"inLanguage\":\"pl-PL\",\"@id\":\"https:\/\/www.mojabochnia.pl\/#\/schema\/logo\/image\/\",\"url\":\"https:\/\/www.mojabochnia.pl\/wp-content\/uploads\/2017\/08\/logo-mb-opt.png\",\"contentUrl\":\"https:\/\/www.mojabochnia.pl\/wp-content\/uploads\/2017\/08\/logo-mb-opt.png\",\"width\":250,\"height\":48,\"caption\":\"mojabochnia.pl - portal informacyjny\"},\"image\":{\"@id\":\"https:\/\/www.mojabochnia.pl\/#\/schema\/logo\/image\/\"},\"sameAs\":[\"https:\/\/www.facebook.com\/mojabochnia\"]},{\"@type\":\"Person\",\"@id\":\"https:\/\/www.mojabochnia.pl\/#\/schema\/person\/ea042e4724a77627963f02166828ead4\",\"name\":\"Pawe\u0142 Michalczyk\",\"url\":\"https:\/\/www.mojabochnia.pl\/?author=4\"}]}<\/script>\n<!-- \/ Yoast SEO plugin. -->","yoast_head_json":{"title":"J. Lysy: czas zmieni\u0107 czapk\u0119 RPK - mojabochnia.pl - portal informacyjny","robots":{"index":"index","follow":"follow","max-snippet":"max-snippet:-1","max-image-preview":"max-image-preview:large","max-video-preview":"max-video-preview:-1"},"canonical":"https:\/\/www.mojabochnia.pl\/?p=7631","og_locale":"pl_PL","og_type":"article","og_title":"J. Lysy: czas zmieni\u0107 czapk\u0119 RPK - mojabochnia.pl - portal informacyjny","og_description":"Do ko\u0144ca tego roku struktura zwi\u0105zku komunalnego do spraw komunikacji miejskiej ma ulec istotnej zmianie. Co wa\u017cne, dla pasa\u017cer\u00f3w RPK zmiany maj\u0105 by\u0107 nieodczuwalne.","og_url":"https:\/\/www.mojabochnia.pl\/?p=7631","og_site_name":"mojabochnia.pl - portal informacyjny","article_publisher":"https:\/\/www.facebook.com\/mojabochnia","article_published_time":"2009-04-14T09:20:25+00:00","article_modified_time":"2009-04-14T12:00:57+00:00","author":"Pawe\u0142 Michalczyk","twitter_card":"summary_large_image","twitter_misc":{"Written by":"Pawe\u0142 Michalczyk","Est. reading time":"1 minuta"},"schema":{"@context":"https:\/\/schema.org","@graph":[{"@type":"Article","@id":"https:\/\/www.mojabochnia.pl\/?p=7631#article","isPartOf":{"@id":"https:\/\/www.mojabochnia.pl\/?p=7631"},"author":{"name":"Pawe\u0142 Michalczyk","@id":"https:\/\/www.mojabochnia.pl\/#\/schema\/person\/ea042e4724a77627963f02166828ead4"},"headline":"J. Lysy: czas zmieni\u0107 czapk\u0119 RPK","datePublished":"2009-04-14T09:20:25+00:00","dateModified":"2009-04-14T12:00:57+00:00","mainEntityOfPage":{"@id":"https:\/\/www.mojabochnia.pl\/?p=7631"},"wordCount":172,"commentCount":5,"publisher":{"@id":"https:\/\/www.mojabochnia.pl\/#organization"},"keywords":["autobus","bogdan kosturkiewicz","edward sitko","jerzy lysy","j\u00f3zef s\u0142onina","prezes","Rejonowe Przedsi\u0119biorstwo Komunikacyjne w Bochni","RPK","stanis\u0142aw gaworczyk","w\u00f3jt","w\u00f3jt gminy bochnia","zwi\u0105zek mi\u0119dzygminny"],"articleSection":["2_ostatnie"],"inLanguage":"pl-PL","potentialAction":[{"@type":"CommentAction","name":"Comment","target":["https:\/\/www.mojabochnia.pl\/?p=7631#respond"]}]},{"@type":"WebPage","@id":"https:\/\/www.mojabochnia.pl\/?p=7631","url":"https:\/\/www.mojabochnia.pl\/?p=7631","name":"J. Lysy: czas zmieni\u0107 czapk\u0119 RPK - mojabochnia.pl - portal informacyjny","isPartOf":{"@id":"https:\/\/www.mojabochnia.pl\/#website"},"datePublished":"2009-04-14T09:20:25+00:00","dateModified":"2009-04-14T12:00:57+00:00","breadcrumb":{"@id":"https:\/\/www.mojabochnia.pl\/?p=7631#breadcrumb"},"inLanguage":"pl-PL","potentialAction":[{"@type":"ReadAction","target":["https:\/\/www.mojabochnia.pl\/?p=7631"]}]},{"@type":"BreadcrumbList","@id":"https:\/\/www.mojabochnia.pl\/?p=7631#breadcrumb","itemListElement":[{"@type":"ListItem","position":1,"name":"Home","item":"https:\/\/www.mojabochnia.pl\/"},{"@type":"ListItem","position":2,"name":"J. Lysy: czas zmieni\u0107 czapk\u0119 RPK"}]},{"@type":"WebSite","@id":"https:\/\/www.mojabochnia.pl\/#website","url":"https:\/\/www.mojabochnia.pl\/","name":"mojabochnia.pl - portal informacyjny","description":"mojaBochnia to portal informacyjny o Bochni. Codziennie o Bochni piszemy i pokazujemy najwa\u017cniejsze wydarzenia","publisher":{"@id":"https:\/\/www.mojabochnia.pl\/#organization"},"potentialAction":[{"@type":"SearchAction","target":{"@type":"EntryPoint","urlTemplate":"https:\/\/www.mojabochnia.pl\/?s={search_term_string}"},"query-input":{"@type":"PropertyValueSpecification","valueRequired":true,"valueName":"search_term_string"}}],"inLanguage":"pl-PL"},{"@type":"Organization","@id":"https:\/\/www.mojabochnia.pl\/#organization","name":"mojabochnia.pl - portal informacyjny","url":"https:\/\/www.mojabochnia.pl\/","logo":{"@type":"ImageObject","inLanguage":"pl-PL","@id":"https:\/\/www.mojabochnia.pl\/#\/schema\/logo\/image\/","url":"https:\/\/www.mojabochnia.pl\/wp-content\/uploads\/2017\/08\/logo-mb-opt.png","contentUrl":"https:\/\/www.mojabochnia.pl\/wp-content\/uploads\/2017\/08\/logo-mb-opt.png","width":250,"height":48,"caption":"mojabochnia.pl - portal informacyjny"},"image":{"@id":"https:\/\/www.mojabochnia.pl\/#\/schema\/logo\/image\/"},"sameAs":["https:\/\/www.facebook.com\/mojabochnia"]},{"@type":"Person","@id":"https:\/\/www.mojabochnia.pl\/#\/schema\/person\/ea042e4724a77627963f02166828ead4","name":"Pawe\u0142 Michalczyk","url":"https:\/\/www.mojabochnia.pl\/?author=4"}]}},"_links":{"self":[{"href":"https:\/\/www.mojabochnia.pl\/index.php?rest_route=\/wp\/v2\/posts\/7631","targetHints":{"allow":["GET"]}}],"collection":[{"href":"https:\/\/www.mojabochnia.pl\/index.php?rest_route=\/wp\/v2\/posts"}],"about":[{"href":"https:\/\/www.mojabochnia.pl\/index.php?rest_route=\/wp\/v2\/types\/post"}],"author":[{"embeddable":true,"href":"https:\/\/www.mojabochnia.pl\/index.php?rest_route=\/wp\/v2\/users\/4"}],"replies":[{"embeddable":true,"href":"https:\/\/www.mojabochnia.pl\/index.php?rest_route=%2Fwp%2Fv2%2Fcomments&post=7631"}],"version-history":[{"count":0,"href":"https:\/\/www.mojabochnia.pl\/index.php?rest_route=\/wp\/v2\/posts\/7631\/revisions"}],"wp:attachment":[{"href":"https:\/\/www.mojabochnia.pl\/index.php?rest_route=%2Fwp%2Fv2%2Fmedia&parent=7631"}],"wp:term":[{"taxonomy":"category","embeddable":true,"href":"https:\/\/www.mojabochnia.pl\/index.php?rest_route=%2Fwp%2Fv2%2Fcategories&post=7631"},{"taxonomy":"post_tag","embeddable":true,"href":"https:\/\/www.mojabochnia.pl\/index.php?rest_route=%2Fwp%2Fv2%2Ftags&post=7631"}],"curies":[{"name":"wp","href":"https:\/\/api.w.org\/{rel}","templated":true}]}}