{"id":76255,"date":"2012-08-10T09:50:38","date_gmt":"2012-08-10T07:50:38","guid":{"rendered":"http:\/\/www.mojabochnia.pl\/?p=76255"},"modified":"2012-08-10T09:55:04","modified_gmt":"2012-08-10T07:55:04","slug":"pigs-like-pigeons-zagraja-w-malej-czarnej","status":"publish","type":"post","link":"https:\/\/www.mojabochnia.pl\/?p=76255","title":{"rendered":"Pigs Like Pigeons w Ma\u0142ej Czarnej &#8211; koncert odwo\u0142any"},"content":{"rendered":"<p><em>Niestety, musimy odwo\u0142a\u0107 nasz jutrzejszy koncert w Ma\u0142ej, z przyczyn losowych &#8211; zdrowotnych&#8230; Bardzo nam przykro&#8230; Postaramy si\u0119 Wam to wynagrodzi\u0107 nied\u0142ugo. Przepraszamy. I pozdrawiamy Bochni\u0119 i Ma\u0142\u0105 Czarn\u0105. Do zobaczenia wkr\u00f3tce<\/em> &#8211; napisa\u0142 do uczestnik\u00f3w koncertu Andrzej Juszczyk z zespo\u0142u Pigs Like Pigeons.<\/p>\n","protected":false},"excerpt":{"rendered":"<p>Z przyczyn &#8222;losowych &#8211; zdrowotnych&#8221; nie odb\u0119dzie si\u0119 dzisiaj w Bochni zapowiadany koncert przemyskiego zespo\u0142u Pigs Like Pigeons. Trio mia\u0142o wyst\u0105pi\u0107 na scenie klubu &#8222;Ma\u0142a Czarna&#8221;. <\/p>\n","protected":false},"author":4,"featured_media":0,"comment_status":"open","ping_status":"closed","sticky":false,"template":"","format":"standard","meta":{"_acf_changed":false,"footnotes":""},"categories":[5,92,6250],"tags":[17108,17842,8859],"class_list":["post-76255","post","type-post","status-publish","format-standard","hentry","category-biezace-wydarzenia","category-kultura","category-tematyka","tag-koncert","tag-mala-czarna","tag-pigs-like-pigeons","main_tag-koncert"],"acf":[],"yoast_head":"<!-- This site is optimized with the Yoast SEO plugin v26.9 - https:\/\/yoast.com\/product\/yoast-seo-wordpress\/ -->\n<title>Pigs Like Pigeons w Ma\u0142ej Czarnej - koncert odwo\u0142any - mojabochnia.pl - portal informacyjny<\/title>\n<meta name=\"robots\" content=\"index, follow, max-snippet:-1, max-image-preview:large, max-video-preview:-1\" \/>\n<link rel=\"canonical\" href=\"https:\/\/www.mojabochnia.pl\/?p=76255\" \/>\n<meta property=\"og:locale\" content=\"pl_PL\" \/>\n<meta property=\"og:type\" content=\"article\" \/>\n<meta property=\"og:title\" content=\"Pigs Like Pigeons w Ma\u0142ej Czarnej - koncert odwo\u0142any - mojabochnia.pl - portal informacyjny\" \/>\n<meta property=\"og:description\" content=\"Z przyczyn &quot;losowych - zdrowotnych&quot; nie odb\u0119dzie si\u0119 dzisiaj w Bochni zapowiadany koncert przemyskiego zespo\u0142u Pigs Like Pigeons. Trio mia\u0142o wyst\u0105pi\u0107 na scenie klubu &quot;Ma\u0142a Czarna&quot;.\" \/>\n<meta property=\"og:url\" content=\"https:\/\/www.mojabochnia.pl\/?p=76255\" \/>\n<meta property=\"og:site_name\" content=\"mojabochnia.pl - portal informacyjny\" \/>\n<meta property=\"article:publisher\" content=\"https:\/\/www.facebook.com\/mojabochnia\" \/>\n<meta property=\"article:published_time\" content=\"2012-08-10T07:50:38+00:00\" \/>\n<meta property=\"article:modified_time\" content=\"2012-08-10T07:55:04+00:00\" \/>\n<meta name=\"author\" content=\"Pawe\u0142 Michalczyk\" \/>\n<meta name=\"twitter:card\" content=\"summary_large_image\" \/>\n<meta name=\"twitter:label1\" content=\"Written by\" \/>\n\t<meta name=\"twitter:data1\" content=\"Pawe\u0142 Michalczyk\" \/>\n<script type=\"application\/ld+json\" class=\"yoast-schema-graph\">{\"@context\":\"https:\/\/schema.org\",\"@graph\":[{\"@type\":\"Article\",\"@id\":\"https:\/\/www.mojabochnia.pl\/?p=76255#article\",\"isPartOf\":{\"@id\":\"https:\/\/www.mojabochnia.pl\/?p=76255\"},\"author\":{\"name\":\"Pawe\u0142 Michalczyk\",\"@id\":\"https:\/\/www.mojabochnia.pl\/#\/schema\/person\/ea042e4724a77627963f02166828ead4\"},\"headline\":\"Pigs Like Pigeons w Ma\u0142ej Czarnej &#8211; koncert odwo\u0142any\",\"datePublished\":\"2012-08-10T07:50:38+00:00\",\"dateModified\":\"2012-08-10T07:55:04+00:00\",\"mainEntityOfPage\":{\"@id\":\"https:\/\/www.mojabochnia.pl\/?p=76255\"},\"wordCount\":61,\"commentCount\":0,\"publisher\":{\"@id\":\"https:\/\/www.mojabochnia.pl\/#organization\"},\"keywords\":[\"koncert\",\"ma\u0142a czarna\",\"pigs like pigeons\"],\"articleSection\":[\"2_ostatnie\",\"kultura\",\"tematyka\"],\"inLanguage\":\"pl-PL\",\"potentialAction\":[{\"@type\":\"CommentAction\",\"name\":\"Comment\",\"target\":[\"https:\/\/www.mojabochnia.pl\/?p=76255#respond\"]}]},{\"@type\":\"WebPage\",\"@id\":\"https:\/\/www.mojabochnia.pl\/?p=76255\",\"url\":\"https:\/\/www.mojabochnia.pl\/?p=76255\",\"name\":\"Pigs Like Pigeons w Ma\u0142ej Czarnej - koncert odwo\u0142any - mojabochnia.pl - portal informacyjny\",\"isPartOf\":{\"@id\":\"https:\/\/www.mojabochnia.pl\/#website\"},\"datePublished\":\"2012-08-10T07:50:38+00:00\",\"dateModified\":\"2012-08-10T07:55:04+00:00\",\"breadcrumb\":{\"@id\":\"https:\/\/www.mojabochnia.pl\/?p=76255#breadcrumb\"},\"inLanguage\":\"pl-PL\",\"potentialAction\":[{\"@type\":\"ReadAction\",\"target\":[\"https:\/\/www.mojabochnia.pl\/?p=76255\"]}]},{\"@type\":\"BreadcrumbList\",\"@id\":\"https:\/\/www.mojabochnia.pl\/?p=76255#breadcrumb\",\"itemListElement\":[{\"@type\":\"ListItem\",\"position\":1,\"name\":\"Home\",\"item\":\"https:\/\/www.mojabochnia.pl\/\"},{\"@type\":\"ListItem\",\"position\":2,\"name\":\"Pigs Like Pigeons w Ma\u0142ej Czarnej &#8211; koncert odwo\u0142any\"}]},{\"@type\":\"WebSite\",\"@id\":\"https:\/\/www.mojabochnia.pl\/#website\",\"url\":\"https:\/\/www.mojabochnia.pl\/\",\"name\":\"mojabochnia.pl - portal informacyjny\",\"description\":\"mojaBochnia to portal informacyjny o Bochni. Codziennie o Bochni piszemy i pokazujemy najwa\u017cniejsze wydarzenia\",\"publisher\":{\"@id\":\"https:\/\/www.mojabochnia.pl\/#organization\"},\"potentialAction\":[{\"@type\":\"SearchAction\",\"target\":{\"@type\":\"EntryPoint\",\"urlTemplate\":\"https:\/\/www.mojabochnia.pl\/?s={search_term_string}\"},\"query-input\":{\"@type\":\"PropertyValueSpecification\",\"valueRequired\":true,\"valueName\":\"search_term_string\"}}],\"inLanguage\":\"pl-PL\"},{\"@type\":\"Organization\",\"@id\":\"https:\/\/www.mojabochnia.pl\/#organization\",\"name\":\"mojabochnia.pl - portal informacyjny\",\"url\":\"https:\/\/www.mojabochnia.pl\/\",\"logo\":{\"@type\":\"ImageObject\",\"inLanguage\":\"pl-PL\",\"@id\":\"https:\/\/www.mojabochnia.pl\/#\/schema\/logo\/image\/\",\"url\":\"https:\/\/www.mojabochnia.pl\/wp-content\/uploads\/2017\/08\/logo-mb-opt.png\",\"contentUrl\":\"https:\/\/www.mojabochnia.pl\/wp-content\/uploads\/2017\/08\/logo-mb-opt.png\",\"width\":250,\"height\":48,\"caption\":\"mojabochnia.pl - portal informacyjny\"},\"image\":{\"@id\":\"https:\/\/www.mojabochnia.pl\/#\/schema\/logo\/image\/\"},\"sameAs\":[\"https:\/\/www.facebook.com\/mojabochnia\"]},{\"@type\":\"Person\",\"@id\":\"https:\/\/www.mojabochnia.pl\/#\/schema\/person\/ea042e4724a77627963f02166828ead4\",\"name\":\"Pawe\u0142 Michalczyk\",\"url\":\"https:\/\/www.mojabochnia.pl\/?author=4\"}]}<\/script>\n<!-- \/ Yoast SEO plugin. -->","yoast_head_json":{"title":"Pigs Like Pigeons w Ma\u0142ej Czarnej - koncert odwo\u0142any - mojabochnia.pl - portal informacyjny","robots":{"index":"index","follow":"follow","max-snippet":"max-snippet:-1","max-image-preview":"max-image-preview:large","max-video-preview":"max-video-preview:-1"},"canonical":"https:\/\/www.mojabochnia.pl\/?p=76255","og_locale":"pl_PL","og_type":"article","og_title":"Pigs Like Pigeons w Ma\u0142ej Czarnej - koncert odwo\u0142any - mojabochnia.pl - portal informacyjny","og_description":"Z przyczyn \"losowych - zdrowotnych\" nie odb\u0119dzie si\u0119 dzisiaj w Bochni zapowiadany koncert przemyskiego zespo\u0142u Pigs Like Pigeons. Trio mia\u0142o wyst\u0105pi\u0107 na scenie klubu \"Ma\u0142a Czarna\".","og_url":"https:\/\/www.mojabochnia.pl\/?p=76255","og_site_name":"mojabochnia.pl - portal informacyjny","article_publisher":"https:\/\/www.facebook.com\/mojabochnia","article_published_time":"2012-08-10T07:50:38+00:00","article_modified_time":"2012-08-10T07:55:04+00:00","author":"Pawe\u0142 Michalczyk","twitter_card":"summary_large_image","twitter_misc":{"Written by":"Pawe\u0142 Michalczyk"},"schema":{"@context":"https:\/\/schema.org","@graph":[{"@type":"Article","@id":"https:\/\/www.mojabochnia.pl\/?p=76255#article","isPartOf":{"@id":"https:\/\/www.mojabochnia.pl\/?p=76255"},"author":{"name":"Pawe\u0142 Michalczyk","@id":"https:\/\/www.mojabochnia.pl\/#\/schema\/person\/ea042e4724a77627963f02166828ead4"},"headline":"Pigs Like Pigeons w Ma\u0142ej Czarnej &#8211; koncert odwo\u0142any","datePublished":"2012-08-10T07:50:38+00:00","dateModified":"2012-08-10T07:55:04+00:00","mainEntityOfPage":{"@id":"https:\/\/www.mojabochnia.pl\/?p=76255"},"wordCount":61,"commentCount":0,"publisher":{"@id":"https:\/\/www.mojabochnia.pl\/#organization"},"keywords":["koncert","ma\u0142a czarna","pigs like pigeons"],"articleSection":["2_ostatnie","kultura","tematyka"],"inLanguage":"pl-PL","potentialAction":[{"@type":"CommentAction","name":"Comment","target":["https:\/\/www.mojabochnia.pl\/?p=76255#respond"]}]},{"@type":"WebPage","@id":"https:\/\/www.mojabochnia.pl\/?p=76255","url":"https:\/\/www.mojabochnia.pl\/?p=76255","name":"Pigs Like Pigeons w Ma\u0142ej Czarnej - koncert odwo\u0142any - mojabochnia.pl - portal informacyjny","isPartOf":{"@id":"https:\/\/www.mojabochnia.pl\/#website"},"datePublished":"2012-08-10T07:50:38+00:00","dateModified":"2012-08-10T07:55:04+00:00","breadcrumb":{"@id":"https:\/\/www.mojabochnia.pl\/?p=76255#breadcrumb"},"inLanguage":"pl-PL","potentialAction":[{"@type":"ReadAction","target":["https:\/\/www.mojabochnia.pl\/?p=76255"]}]},{"@type":"BreadcrumbList","@id":"https:\/\/www.mojabochnia.pl\/?p=76255#breadcrumb","itemListElement":[{"@type":"ListItem","position":1,"name":"Home","item":"https:\/\/www.mojabochnia.pl\/"},{"@type":"ListItem","position":2,"name":"Pigs Like Pigeons w Ma\u0142ej Czarnej &#8211; koncert odwo\u0142any"}]},{"@type":"WebSite","@id":"https:\/\/www.mojabochnia.pl\/#website","url":"https:\/\/www.mojabochnia.pl\/","name":"mojabochnia.pl - portal informacyjny","description":"mojaBochnia to portal informacyjny o Bochni. Codziennie o Bochni piszemy i pokazujemy najwa\u017cniejsze wydarzenia","publisher":{"@id":"https:\/\/www.mojabochnia.pl\/#organization"},"potentialAction":[{"@type":"SearchAction","target":{"@type":"EntryPoint","urlTemplate":"https:\/\/www.mojabochnia.pl\/?s={search_term_string}"},"query-input":{"@type":"PropertyValueSpecification","valueRequired":true,"valueName":"search_term_string"}}],"inLanguage":"pl-PL"},{"@type":"Organization","@id":"https:\/\/www.mojabochnia.pl\/#organization","name":"mojabochnia.pl - portal informacyjny","url":"https:\/\/www.mojabochnia.pl\/","logo":{"@type":"ImageObject","inLanguage":"pl-PL","@id":"https:\/\/www.mojabochnia.pl\/#\/schema\/logo\/image\/","url":"https:\/\/www.mojabochnia.pl\/wp-content\/uploads\/2017\/08\/logo-mb-opt.png","contentUrl":"https:\/\/www.mojabochnia.pl\/wp-content\/uploads\/2017\/08\/logo-mb-opt.png","width":250,"height":48,"caption":"mojabochnia.pl - portal informacyjny"},"image":{"@id":"https:\/\/www.mojabochnia.pl\/#\/schema\/logo\/image\/"},"sameAs":["https:\/\/www.facebook.com\/mojabochnia"]},{"@type":"Person","@id":"https:\/\/www.mojabochnia.pl\/#\/schema\/person\/ea042e4724a77627963f02166828ead4","name":"Pawe\u0142 Michalczyk","url":"https:\/\/www.mojabochnia.pl\/?author=4"}]}},"_links":{"self":[{"href":"https:\/\/www.mojabochnia.pl\/index.php?rest_route=\/wp\/v2\/posts\/76255","targetHints":{"allow":["GET"]}}],"collection":[{"href":"https:\/\/www.mojabochnia.pl\/index.php?rest_route=\/wp\/v2\/posts"}],"about":[{"href":"https:\/\/www.mojabochnia.pl\/index.php?rest_route=\/wp\/v2\/types\/post"}],"author":[{"embeddable":true,"href":"https:\/\/www.mojabochnia.pl\/index.php?rest_route=\/wp\/v2\/users\/4"}],"replies":[{"embeddable":true,"href":"https:\/\/www.mojabochnia.pl\/index.php?rest_route=%2Fwp%2Fv2%2Fcomments&post=76255"}],"version-history":[{"count":8,"href":"https:\/\/www.mojabochnia.pl\/index.php?rest_route=\/wp\/v2\/posts\/76255\/revisions"}],"predecessor-version":[{"id":76338,"href":"https:\/\/www.mojabochnia.pl\/index.php?rest_route=\/wp\/v2\/posts\/76255\/revisions\/76338"}],"wp:attachment":[{"href":"https:\/\/www.mojabochnia.pl\/index.php?rest_route=%2Fwp%2Fv2%2Fmedia&parent=76255"}],"wp:term":[{"taxonomy":"category","embeddable":true,"href":"https:\/\/www.mojabochnia.pl\/index.php?rest_route=%2Fwp%2Fv2%2Fcategories&post=76255"},{"taxonomy":"post_tag","embeddable":true,"href":"https:\/\/www.mojabochnia.pl\/index.php?rest_route=%2Fwp%2Fv2%2Ftags&post=76255"}],"curies":[{"name":"wp","href":"https:\/\/api.w.org\/{rel}","templated":true}]}}