{"id":7615,"date":"2009-04-11T23:11:34","date_gmt":"2009-04-11T21:11:34","guid":{"rendered":"http:\/\/www.mojabochnia.pl\/?p=7615"},"modified":"2009-04-14T12:14:07","modified_gmt":"2009-04-14T10:14:07","slug":"ks-adam-samborski-patrz-na-zycie-i-swiat-z-perspektywy-zmartwychwstania","status":"publish","type":"post","link":"https:\/\/www.mojabochnia.pl\/?p=7615","title":{"rendered":"Ks. Adam Samborski: Patrz na \u017cycie i \u015bwiat z perspektywy zmartwychwstania."},"content":{"rendered":"<p>Patrz na \u017cycie i \u015bwiat z perspektywy zmartwychwstania.<\/p>\n<p>Uczniowie Jezusa poranieni i zdruzgotani wydarzeniami Wielkiego Pi\u0105tku mieli do\u015b\u0107 wszystkiego. W jednej chwili ich \u015bwiat zawali\u0142 si\u0119, leg\u0142 w gruzach. Pojawia\u0142y si\u0119 obawy o ich \u017cycie: czy nas nie spotka czasami ten sam los co Jezusa? Mo\u017ce pozwol\u0105 nam si\u0119 rozproszy\u0107 i dadz\u0105 nam spok\u00f3j. Mo\u017ce \u015bmier\u0107 Jezusa zaspokoi ich nienawi\u015b\u0107. Oto stan ducha w jakim znajdowali si\u0119 uczniowie. I nagle przychodzi wiadomo\u015b\u0107: gr\u00f3b jest pusty, Jezus Zmartwychwsta\u0142! To wydarzenie odmieni\u0142o ich samych i ich \u017cycie. <\/p>\n<p>Czym dla mnie jest zmartwychwstanie Chrystusa? <\/p>\n<p>\u015aw. Pawe\u0142 przypomina, \u017ce <em>je\u015bli Chrystus nie zmartwychwsta\u0142 (\u2026) pr\u00f3\u017cna jest nasza wiara<\/em>. Rzeczywi\u015bcie by\u0142aby ona pozbawiona sensu, a nauczanie Jezusa nale\u017ca\u0142oby uzna\u0107 za marzenia m\u00f3wi\u0105c kolokwialnie \u015bci\u0119tej g\u0142owy. To dopiero z perspektywy pustego grobu Jezusa, jego s\u0142owa nabieraj\u0105 znaczenia, poniewa\u017c za nimi kryje si\u0119 zmartwychwsta\u0142y Pan, a zatem czy mo\u017cna je odrzuci\u0107\u2026. <\/p>\n<p>Zmartwychwstanie Chrystusa zmienia moje \u201epatrzenie\u201d na \u015bwiat, na moje krzy\u017ce, kl\u0119ski, na \u015bmier\u0107 os\u00f3b mi bliskich. Nic nie jest przegrane i stracone ostatecznie, jest \u017cycie wieczne, a skoro tak nie ma beznadziei i rozpaczy. Zawsze jest nadzieja. Mo\u017ce by\u0107 smutek, ale przepe\u0142niony nadziej\u0105. <\/p>\n<p>Zmartwychwstanie Jezusa niesie dla mnie wa\u017cne przes\u0142anie: dobro ma warto\u015b\u0107, a z\u0142o je\u015bli je wybieram jest moj\u0105 przegran\u0105. Jak w blasku zmartwychwstania wygl\u0105daj\u0105 ci, kt\u00f3rzy wydali na \u015bmier\u0107 Jezusa, kt\u00f3rzy go poni\u017cali, lekcewa\u017cyli. Istnieje odp\u0142ata za z\u0142o, kt\u00f3re komu\u015b uchodzi bezkarnie tutaj na ziemi, w perspektywie wieczno\u015bci nic si\u0119 nie da ukry\u0107 \u2013 tam nie ma korupcji!<\/p>\n<p><em>Ujrza\u0142 i uwierzy\u0142<\/em>. Wierzy\u0107 w zmartwychwstanie Chrystusa znaczy o wiele wi\u0119cej, ni\u017c tylko wyznawa\u0107 pogl\u0105d, \u017ce to si\u0119 kiedy\u015b wydarzy\u0142o. Zmartwychwstanie nie mo\u017ce pozosta\u0107 tylko wspomnieniem dawnych czas\u00f3w. Moja wiara w zmartwychwstanie potwierdza si\u0119 przez moje wsp\u00f3\u0142zmartwychwstanie tu i teraz. Cz\u0119sto przywo\u0142ujemy s\u0142owa odnosz\u0105ce si\u0119 do \u015awi\u0105t Bo\u017cego Narodzenia: <em>Cho\u0107by Jezus tysi\u0105c razy narodzi\u0142 si\u0119 w \u017c\u0142obie, biada ci, je\u015bli nie narodzi si\u0119 w Tobie.<\/em> Mo\u017cna by\u0142oby te s\u0142owa odnie\u015b\u0107 do Wielkanocy: <em>Cho\u0107by Jezus tysi\u0105c razy z martwych powsta\u0142, biada ci, je\u015bli w tobie jeno martwy jest<\/em>. Wsp\u00f3\u0142zmartwychwstanie z Chrystusem to wyrzucenie z\u0142a, grzechu ze swojego \u017cycia, to wybieranie drogi dobra. Nie tylko na chwilk\u0119, ale systematyczne i konsekwentne. To usuni\u0119cie tego kamienia, kt\u00f3ry zamyka drog\u0119 Zmartwychwsta\u0142emu Chrystusowi do mnie, do mojego \u017cycia.<\/p>\n","protected":false},"excerpt":{"rendered":"<p>I nagle przychodzi wiadomo\u015b\u0107: gr\u00f3b jest pusty, Jezus Zmartwychwsta\u0142! To wydarzenie odmieni\u0142o Aposto\u0142\u00f3w i ich \u017cycie. A jak wp\u0142ywa na nas samych?<\/p>\n","protected":false},"author":1,"featured_media":0,"comment_status":"open","ping_status":"closed","sticky":false,"template":"","format":"standard","meta":{"_acf_changed":false,"footnotes":""},"categories":[11,1342],"tags":[1624,3322,3321,17518,1044,2807,17323,3399,17627,17642,17700,17458],"class_list":["post-7615","post","type-post","status-publish","format-standard","hentry","category-top-temat","category-zycie-religijne","tag-jezus-chrystus","tag-judasz","tag-ks-adam-samborski","tag-proces","tag-religia","tag-rozwazania","tag-smierc","tag-swieta-wielkanocne","tag-wielkanoc","tag-wielki-post","tag-zmartwychwstanie","tag-zycie-religijne"],"acf":[],"yoast_head":"<!-- This site is optimized with the Yoast SEO plugin v26.9 - https:\/\/yoast.com\/product\/yoast-seo-wordpress\/ -->\n<title>Ks. Adam Samborski: Patrz na \u017cycie i \u015bwiat z perspektywy zmartwychwstania. - mojabochnia.pl - portal informacyjny<\/title>\n<meta name=\"robots\" content=\"index, follow, max-snippet:-1, max-image-preview:large, max-video-preview:-1\" \/>\n<link rel=\"canonical\" href=\"https:\/\/www.mojabochnia.pl\/?p=7615\" \/>\n<meta property=\"og:locale\" content=\"pl_PL\" \/>\n<meta property=\"og:type\" content=\"article\" \/>\n<meta property=\"og:title\" content=\"Ks. Adam Samborski: Patrz na \u017cycie i \u015bwiat z perspektywy zmartwychwstania. - mojabochnia.pl - portal informacyjny\" \/>\n<meta property=\"og:description\" content=\"I nagle przychodzi wiadomo\u015b\u0107: gr\u00f3b jest pusty, Jezus Zmartwychwsta\u0142! To wydarzenie odmieni\u0142o Aposto\u0142\u00f3w i ich \u017cycie. A jak wp\u0142ywa na nas samych?\" \/>\n<meta property=\"og:url\" content=\"https:\/\/www.mojabochnia.pl\/?p=7615\" \/>\n<meta property=\"og:site_name\" content=\"mojabochnia.pl - portal informacyjny\" \/>\n<meta property=\"article:publisher\" content=\"https:\/\/www.facebook.com\/mojabochnia\" \/>\n<meta property=\"article:published_time\" content=\"2009-04-11T21:11:34+00:00\" \/>\n<meta property=\"article:modified_time\" content=\"2009-04-14T10:14:07+00:00\" \/>\n<meta name=\"author\" content=\"administrator\" \/>\n<meta name=\"twitter:card\" content=\"summary_large_image\" \/>\n<meta name=\"twitter:label1\" content=\"Written by\" \/>\n\t<meta name=\"twitter:data1\" content=\"administrator\" \/>\n\t<meta name=\"twitter:label2\" content=\"Est. reading time\" \/>\n\t<meta name=\"twitter:data2\" content=\"2 minuty\" \/>\n<script type=\"application\/ld+json\" class=\"yoast-schema-graph\">{\"@context\":\"https:\/\/schema.org\",\"@graph\":[{\"@type\":\"Article\",\"@id\":\"https:\/\/www.mojabochnia.pl\/?p=7615#article\",\"isPartOf\":{\"@id\":\"https:\/\/www.mojabochnia.pl\/?p=7615\"},\"author\":{\"name\":\"administrator\",\"@id\":\"https:\/\/www.mojabochnia.pl\/#\/schema\/person\/c00e1f64e6fa0e6de6d410f2c340017f\"},\"headline\":\"Ks. Adam Samborski: Patrz na \u017cycie i \u015bwiat z perspektywy zmartwychwstania.\",\"datePublished\":\"2009-04-11T21:11:34+00:00\",\"dateModified\":\"2009-04-14T10:14:07+00:00\",\"mainEntityOfPage\":{\"@id\":\"https:\/\/www.mojabochnia.pl\/?p=7615\"},\"wordCount\":440,\"commentCount\":1,\"publisher\":{\"@id\":\"https:\/\/www.mojabochnia.pl\/#organization\"},\"keywords\":[\"jezus chrystus\",\"judasz\",\"ks. adam samborski\",\"proces\",\"religia\",\"rozwa\u017cania\",\"\u015bmier\u0107\",\"\u015bwi\u0119ta wielkanocne\",\"wielkanoc\",\"wielki post\",\"zmartwychwstanie\",\"\u017bycie religijne\"],\"articleSection\":[\"3_w centrum uwagi\",\"\u017bycie religijne\"],\"inLanguage\":\"pl-PL\",\"potentialAction\":[{\"@type\":\"CommentAction\",\"name\":\"Comment\",\"target\":[\"https:\/\/www.mojabochnia.pl\/?p=7615#respond\"]}]},{\"@type\":\"WebPage\",\"@id\":\"https:\/\/www.mojabochnia.pl\/?p=7615\",\"url\":\"https:\/\/www.mojabochnia.pl\/?p=7615\",\"name\":\"Ks. Adam Samborski: Patrz na \u017cycie i \u015bwiat z perspektywy zmartwychwstania. - mojabochnia.pl - portal informacyjny\",\"isPartOf\":{\"@id\":\"https:\/\/www.mojabochnia.pl\/#website\"},\"datePublished\":\"2009-04-11T21:11:34+00:00\",\"dateModified\":\"2009-04-14T10:14:07+00:00\",\"breadcrumb\":{\"@id\":\"https:\/\/www.mojabochnia.pl\/?p=7615#breadcrumb\"},\"inLanguage\":\"pl-PL\",\"potentialAction\":[{\"@type\":\"ReadAction\",\"target\":[\"https:\/\/www.mojabochnia.pl\/?p=7615\"]}]},{\"@type\":\"BreadcrumbList\",\"@id\":\"https:\/\/www.mojabochnia.pl\/?p=7615#breadcrumb\",\"itemListElement\":[{\"@type\":\"ListItem\",\"position\":1,\"name\":\"Home\",\"item\":\"https:\/\/www.mojabochnia.pl\/\"},{\"@type\":\"ListItem\",\"position\":2,\"name\":\"Ks. Adam Samborski: Patrz na \u017cycie i \u015bwiat z perspektywy zmartwychwstania.\"}]},{\"@type\":\"WebSite\",\"@id\":\"https:\/\/www.mojabochnia.pl\/#website\",\"url\":\"https:\/\/www.mojabochnia.pl\/\",\"name\":\"mojabochnia.pl - portal informacyjny\",\"description\":\"mojaBochnia to portal informacyjny o Bochni. Codziennie o Bochni piszemy i pokazujemy najwa\u017cniejsze wydarzenia\",\"publisher\":{\"@id\":\"https:\/\/www.mojabochnia.pl\/#organization\"},\"potentialAction\":[{\"@type\":\"SearchAction\",\"target\":{\"@type\":\"EntryPoint\",\"urlTemplate\":\"https:\/\/www.mojabochnia.pl\/?s={search_term_string}\"},\"query-input\":{\"@type\":\"PropertyValueSpecification\",\"valueRequired\":true,\"valueName\":\"search_term_string\"}}],\"inLanguage\":\"pl-PL\"},{\"@type\":\"Organization\",\"@id\":\"https:\/\/www.mojabochnia.pl\/#organization\",\"name\":\"mojabochnia.pl - portal informacyjny\",\"url\":\"https:\/\/www.mojabochnia.pl\/\",\"logo\":{\"@type\":\"ImageObject\",\"inLanguage\":\"pl-PL\",\"@id\":\"https:\/\/www.mojabochnia.pl\/#\/schema\/logo\/image\/\",\"url\":\"https:\/\/www.mojabochnia.pl\/wp-content\/uploads\/2017\/08\/logo-mb-opt.png\",\"contentUrl\":\"https:\/\/www.mojabochnia.pl\/wp-content\/uploads\/2017\/08\/logo-mb-opt.png\",\"width\":250,\"height\":48,\"caption\":\"mojabochnia.pl - portal informacyjny\"},\"image\":{\"@id\":\"https:\/\/www.mojabochnia.pl\/#\/schema\/logo\/image\/\"},\"sameAs\":[\"https:\/\/www.facebook.com\/mojabochnia\"]},{\"@type\":\"Person\",\"@id\":\"https:\/\/www.mojabochnia.pl\/#\/schema\/person\/c00e1f64e6fa0e6de6d410f2c340017f\",\"name\":\"administrator\",\"url\":\"https:\/\/www.mojabochnia.pl\/?author=1\"}]}<\/script>\n<!-- \/ Yoast SEO plugin. -->","yoast_head_json":{"title":"Ks. Adam Samborski: Patrz na \u017cycie i \u015bwiat z perspektywy zmartwychwstania. - mojabochnia.pl - portal informacyjny","robots":{"index":"index","follow":"follow","max-snippet":"max-snippet:-1","max-image-preview":"max-image-preview:large","max-video-preview":"max-video-preview:-1"},"canonical":"https:\/\/www.mojabochnia.pl\/?p=7615","og_locale":"pl_PL","og_type":"article","og_title":"Ks. Adam Samborski: Patrz na \u017cycie i \u015bwiat z perspektywy zmartwychwstania. - mojabochnia.pl - portal informacyjny","og_description":"I nagle przychodzi wiadomo\u015b\u0107: gr\u00f3b jest pusty, Jezus Zmartwychwsta\u0142! To wydarzenie odmieni\u0142o Aposto\u0142\u00f3w i ich \u017cycie. A jak wp\u0142ywa na nas samych?","og_url":"https:\/\/www.mojabochnia.pl\/?p=7615","og_site_name":"mojabochnia.pl - portal informacyjny","article_publisher":"https:\/\/www.facebook.com\/mojabochnia","article_published_time":"2009-04-11T21:11:34+00:00","article_modified_time":"2009-04-14T10:14:07+00:00","author":"administrator","twitter_card":"summary_large_image","twitter_misc":{"Written by":"administrator","Est. reading time":"2 minuty"},"schema":{"@context":"https:\/\/schema.org","@graph":[{"@type":"Article","@id":"https:\/\/www.mojabochnia.pl\/?p=7615#article","isPartOf":{"@id":"https:\/\/www.mojabochnia.pl\/?p=7615"},"author":{"name":"administrator","@id":"https:\/\/www.mojabochnia.pl\/#\/schema\/person\/c00e1f64e6fa0e6de6d410f2c340017f"},"headline":"Ks. Adam Samborski: Patrz na \u017cycie i \u015bwiat z perspektywy zmartwychwstania.","datePublished":"2009-04-11T21:11:34+00:00","dateModified":"2009-04-14T10:14:07+00:00","mainEntityOfPage":{"@id":"https:\/\/www.mojabochnia.pl\/?p=7615"},"wordCount":440,"commentCount":1,"publisher":{"@id":"https:\/\/www.mojabochnia.pl\/#organization"},"keywords":["jezus chrystus","judasz","ks. adam samborski","proces","religia","rozwa\u017cania","\u015bmier\u0107","\u015bwi\u0119ta wielkanocne","wielkanoc","wielki post","zmartwychwstanie","\u017bycie religijne"],"articleSection":["3_w centrum uwagi","\u017bycie religijne"],"inLanguage":"pl-PL","potentialAction":[{"@type":"CommentAction","name":"Comment","target":["https:\/\/www.mojabochnia.pl\/?p=7615#respond"]}]},{"@type":"WebPage","@id":"https:\/\/www.mojabochnia.pl\/?p=7615","url":"https:\/\/www.mojabochnia.pl\/?p=7615","name":"Ks. Adam Samborski: Patrz na \u017cycie i \u015bwiat z perspektywy zmartwychwstania. - mojabochnia.pl - portal informacyjny","isPartOf":{"@id":"https:\/\/www.mojabochnia.pl\/#website"},"datePublished":"2009-04-11T21:11:34+00:00","dateModified":"2009-04-14T10:14:07+00:00","breadcrumb":{"@id":"https:\/\/www.mojabochnia.pl\/?p=7615#breadcrumb"},"inLanguage":"pl-PL","potentialAction":[{"@type":"ReadAction","target":["https:\/\/www.mojabochnia.pl\/?p=7615"]}]},{"@type":"BreadcrumbList","@id":"https:\/\/www.mojabochnia.pl\/?p=7615#breadcrumb","itemListElement":[{"@type":"ListItem","position":1,"name":"Home","item":"https:\/\/www.mojabochnia.pl\/"},{"@type":"ListItem","position":2,"name":"Ks. Adam Samborski: Patrz na \u017cycie i \u015bwiat z perspektywy zmartwychwstania."}]},{"@type":"WebSite","@id":"https:\/\/www.mojabochnia.pl\/#website","url":"https:\/\/www.mojabochnia.pl\/","name":"mojabochnia.pl - portal informacyjny","description":"mojaBochnia to portal informacyjny o Bochni. Codziennie o Bochni piszemy i pokazujemy najwa\u017cniejsze wydarzenia","publisher":{"@id":"https:\/\/www.mojabochnia.pl\/#organization"},"potentialAction":[{"@type":"SearchAction","target":{"@type":"EntryPoint","urlTemplate":"https:\/\/www.mojabochnia.pl\/?s={search_term_string}"},"query-input":{"@type":"PropertyValueSpecification","valueRequired":true,"valueName":"search_term_string"}}],"inLanguage":"pl-PL"},{"@type":"Organization","@id":"https:\/\/www.mojabochnia.pl\/#organization","name":"mojabochnia.pl - portal informacyjny","url":"https:\/\/www.mojabochnia.pl\/","logo":{"@type":"ImageObject","inLanguage":"pl-PL","@id":"https:\/\/www.mojabochnia.pl\/#\/schema\/logo\/image\/","url":"https:\/\/www.mojabochnia.pl\/wp-content\/uploads\/2017\/08\/logo-mb-opt.png","contentUrl":"https:\/\/www.mojabochnia.pl\/wp-content\/uploads\/2017\/08\/logo-mb-opt.png","width":250,"height":48,"caption":"mojabochnia.pl - portal informacyjny"},"image":{"@id":"https:\/\/www.mojabochnia.pl\/#\/schema\/logo\/image\/"},"sameAs":["https:\/\/www.facebook.com\/mojabochnia"]},{"@type":"Person","@id":"https:\/\/www.mojabochnia.pl\/#\/schema\/person\/c00e1f64e6fa0e6de6d410f2c340017f","name":"administrator","url":"https:\/\/www.mojabochnia.pl\/?author=1"}]}},"_links":{"self":[{"href":"https:\/\/www.mojabochnia.pl\/index.php?rest_route=\/wp\/v2\/posts\/7615","targetHints":{"allow":["GET"]}}],"collection":[{"href":"https:\/\/www.mojabochnia.pl\/index.php?rest_route=\/wp\/v2\/posts"}],"about":[{"href":"https:\/\/www.mojabochnia.pl\/index.php?rest_route=\/wp\/v2\/types\/post"}],"author":[{"embeddable":true,"href":"https:\/\/www.mojabochnia.pl\/index.php?rest_route=\/wp\/v2\/users\/1"}],"replies":[{"embeddable":true,"href":"https:\/\/www.mojabochnia.pl\/index.php?rest_route=%2Fwp%2Fv2%2Fcomments&post=7615"}],"version-history":[{"count":0,"href":"https:\/\/www.mojabochnia.pl\/index.php?rest_route=\/wp\/v2\/posts\/7615\/revisions"}],"wp:attachment":[{"href":"https:\/\/www.mojabochnia.pl\/index.php?rest_route=%2Fwp%2Fv2%2Fmedia&parent=7615"}],"wp:term":[{"taxonomy":"category","embeddable":true,"href":"https:\/\/www.mojabochnia.pl\/index.php?rest_route=%2Fwp%2Fv2%2Fcategories&post=7615"},{"taxonomy":"post_tag","embeddable":true,"href":"https:\/\/www.mojabochnia.pl\/index.php?rest_route=%2Fwp%2Fv2%2Ftags&post=7615"}],"curies":[{"name":"wp","href":"https:\/\/api.w.org\/{rel}","templated":true}]}}