{"id":76052,"date":"2012-08-03T20:17:13","date_gmt":"2012-08-03T18:17:13","guid":{"rendered":"http:\/\/www.mojabochnia.pl\/?p=76052"},"modified":"2012-08-03T20:17:13","modified_gmt":"2012-08-03T18:17:13","slug":"ponad-1100-podpisow-ws-przedszkola-w-piatce","status":"publish","type":"post","link":"https:\/\/www.mojabochnia.pl\/?p=76052","title":{"rendered":"Ponad 1100 podpis\u00f3w ws. przedszkola w &#8222;Pi\u0105tce&#8221;"},"content":{"rendered":"<p>W petycji czytamy m.in.: <\/p>\n<p><em>Uwa\u017camy, \u017ce jest to wydatek, na kt\u00f3ry warto przeznaczy\u0107 pieni\u0105dze z bud\u017cetu miasta. Uwa\u017camy tak\u017ce, \u017ce zasilaj\u0105c ten bud\u017cet pieni\u0119dzmi z naszych podatk\u00f3w, mamy prawo do decydowania o celach wydatkowania tych pieni\u0119dzy. Apelujemy o uszanowanie tego prawa. <\/p>\n<p>Liczymy, \u017ce wizja miasta przyjaznego ma\u0142ym dzieciom jest bliska tak\u017ce Panu Burmistrzowi. <\/p>\n<p>W razie odmownej decyzji prosimy o wys\u0142anie pisemnego uzasadnienia na adresy wszystkich podpisanych mieszka\u0144c\u00f3w.<\/em> <\/p>\n<p><em>Ponad sto dzieci, kt\u00f3re si\u0119 nie dosta\u0142y, na blisko 30-tysi\u0119czne miasto to za du\u017co. Czy rodzice maj\u0105 je bra\u0107 do pracy? Rodzice musz\u0105 pracowa\u0107 <\/em>\u2013 m\u00f3wi El\u017cbieta Noco\u0144, kt\u00f3rej dziecko nie dosta\u0142o si\u0119 do przedszkola. <\/p>\n<p><em>1152 podpisy na blisko 30-tysi\u0119czne miasto, gdzie os\u00f3b pe\u0142noletnich jest ok. 20 tysi\u0119cy to bardzo du\u017ca liczba. Zbierali\u015bmy te podpisy przez nieca\u0142y tydzie\u0144. Nie wiem, czy w sprawie jakiegokolwiek chodnika sk\u0142adano petycj\u0119. To jest chyba jedyny cel, pod kt\u00f3rym mieszka\u0144cy tak licznie podpisali si\u0119 w ostatnich latach<\/em> \u2013 m\u00f3wi Jan Zi\u0119ba, przedstawiciel rady rodzic\u00f3w w Szkole Podstawowej nr 5. <\/p>\n<p>Rodzice domagaj\u0105 si\u0119 zorganizowania <a href=\"http:\/\/www.mojabochnia.pl\/?p=74323\">dw\u00f3ch oddzia\u0142\u00f3w przedszkolnych w Szkole Podstawowej nr 5<\/a>. Argumentuj\u0105, \u017ce ostatnio zmaga si\u0119 ona z ma\u0142ym naborem i utworzenie oddzia\u0142\u00f3w przedszkolnych w naturalny spos\u00f3b spraw\u0119 by rozwi\u0105za\u0142o.<\/p>\n<p>Burmistrz Stefan Kolawi\u0144ski przyj\u0105\u0142 delegacj\u0119 rodzic\u00f3w w swoim gabinecie. <em>Nie kwestionuj\u0119 tych podpis\u00f3w, natomiast trudno mi uwierzy\u0107, \u017ce 1152 osoby wiedz\u0105, jaka jest sytuacja finansowa miasta. Owszem, z potrzeby serca kto\u015b podpisuje list\u0119: \u201ePrzedszkole potrzebne? No jasne, \u017ce potrzebne\u201d, podpisuje si\u0119. Tylko nie zna sytuacji finansowej, w jakiej miasto si\u0119 znajduje<\/em> \u2013 m\u00f3wi\u0142 burmistrz.<\/p>\n<p>W spotkaniu bra\u0142y te\u017c udzia\u0142 skarbnik miasta Gra\u017cyna Zio\u0142o oraz Dorota Palej-Maliszczak, dyrektor Miejskiego zespo\u0142u Edukacji. Argument urz\u0119dnik\u00f3w przeciwko organizacji przedszkola w \u201ePi\u0105tce\u201d to wysokie koszty z tym zwi\u0105zane, oszacowane na 400 tys. z\u0142, kt\u00f3rych nie ma w tegorocznym bud\u017cecie (skarbnik Gra\u017cyna Zio\u0142o przyzna\u0142a, \u017ce w kasie miejskiej brakuje w tej chwili pieni\u0119dzy nawet na zap\u0142at\u0119 \u015bwiadcze\u0144 ZUS dla nauczycieli). Urz\u0119dnicy zwracali uwag\u0119, \u017ce wspomniana kwota to koszt jednorazowy, a utrzymanie przedszkola b\u0119dzie kosztowa\u0142o coraz wi\u0119cej w latach nast\u0119pnych.<\/p>\n<p>Drugi argument ze strony w\u0142adz miejskich dotyczy problem\u00f3w natury formalnej: aby powo\u0142a\u0107 oddzia\u0142y przedszkolne w szkole podstawowej, potrzebna jest uchwa\u0142a rady miejskiej, kt\u00f3ra powinna zosta\u0107 przyj\u0119ta do ko\u0144ca lutego roku, w kt\u00f3rym przedszkole mia\u0142oby zacz\u0105\u0107 funkcjonowa\u0107. W my\u015bl tego argumentu, w tym roku jest ju\u017c za p\u00f3\u017ano na tworzenie przedszkola. Jan Zi\u0119ba odpiera\u0142 ten ostatni argument, powo\u0142uj\u0105c si\u0119 na rozmow\u0119 telefoniczn\u0105 z przedstawicielem Ministerstwa Edukacji. Szefowa MZE zas\u0142ania\u0142a si\u0119 jednak obowi\u0105zuj\u0105c\u0105 znowelizowan\u0105 ustaw\u0105. <\/p>\n<p>Kolejny argument burmistrza dotyczy\u0142 procedur zwi\u0105zanych z infrastruktur\u0105 w szkole. Potrzebne jest stworzenie odpowiednich warunk\u00f3w dla ma\u0142ych dzieci: specjalne toalety, kuchnia. Te musia\u0142by zaakceptowa\u0107 sanepid, niezb\u0119dne by\u0142oby r\u00f3wnie\u017c wydanie odpowiedniej decyzji przez stra\u017c po\u017carn\u0105. Dalszy problem to procedura przetargowa na wykonanie rob\u00f3t, kt\u00f3ra przy braku odwo\u0142a\u0144 ze strony oferent\u00f3w trwa co najmniej p\u00f3\u0142tora miesi\u0105ca. <\/p>\n<p>Jan Zi\u0119ba odpiera\u0142 jednak poszczeg\u00f3lne argumenty. <em>\u017baden p\u00f3\u0142roczny okres nie jest potrzebny, \u017ceby uruchomi\u0107 przedszkole w \u201ePi\u0105tce\u201d, tylko potrzebna jest dobra wola<\/em>. Przedstawiciel rady rodzic\u00f3w w Szkole Podstawowej nr 5 wylicza\u0142 r\u00f3\u017cne decyzje finansowe, jak kilkadziesi\u0105t tysi\u0119cy z\u0142otych ga\u017cy dla gwiazdy w czasie Dni Bochni czy problemy z rewitalizacj\u0105 Parku Uzbornia. <em>Wycina si\u0119 drzewa na Uzborni, p\u00f3\u017aniej si\u0119 okazuje, \u017ce trzeba wszystko zmienia\u0107 i planowa\u0107 od pocz\u0105tku. W zwi\u0105zku z tym czy te wszystkie drzewa s\u0105 potrzebnie wyci\u0119te? Mieszka\u0144cy s\u0105 zszokowani chodz\u0105c w okolicach lasku. To nie jest wymys\u0142 kilku os\u00f3b. Prosz\u0119 nie m\u00f3wi\u0107, \u017ce by\u0107 mo\u017ce znajdzie si\u0119 dla pani El\u017cbiety miejsce. To jest sprawa mieszka\u0144c\u00f3w, sprawa setki dzieci. To nie s\u0105 prywatne sprawy, to jest sprawa publiczna i potrzebna jest odwa\u017cna decyzja w skali ca\u0142ego miasta<\/em> \u2013 m\u00f3wi\u0142 Jan Zi\u0119ba. <\/p>\n<p><em>Wie pan, jaka odwa\u017cna decyzja jest naprawd\u0119? Odwa\u017cn\u0105 decyzj\u0105 jest to, \u017ce ja pa\u0144stwu odm\u00f3wi\u0119 tego przedszkola. To jest odwaga. To, co pan m\u00f3wi, to jest demagogia<\/em> \u2013 odpar\u0142 zdenerwowany burmistrz. <\/p>\n<p>W tych s\u0142owach, kt\u00f3re pad\u0142y w 15 minucie spotkania, zawarta by\u0142a zarazem jego konkluzja. Cho\u0107 wzajemne wymiany argument\u00f3w trwa\u0142y jeszcze pi\u0119\u0107 kwadrans\u00f3w, strony nie dosz\u0142y do porozumienia. Uda\u0142o si\u0119 natomiast uzyska\u0107 deklaracj\u0119 burmistrza, \u017ce \u2013 o ile taka b\u0119dzie dyspozycja ze strony rady miejskiej \u2013 mo\u017cliwe b\u0119dzie utworzenie oddzia\u0142\u00f3w przedszkolnych w \u201ePi\u0105tce\u201d od nast\u0119pnego roku szkolnego z zachowaniem wszystkich procedur i uj\u0119ciem potrzebnych pieni\u0119dzy w bud\u017cecie na rok 2013. <\/p>\n\t  \r\n\t\r\n\t    <div class=\"mb-gallery\">\r\n\t    <a href=\"https:\/\/www.mojabochnia.pl\/?attachment_id=76054\" class=\"\"><img loading=\"lazy\" decoding=\"async\" width=\"100\" height=\"56\" src=\"https:\/\/www.mojabochnia.pl\/wp-content\/uploads\/2012\/08\/IMG_8068-120x67.jpg\" class=\"attachment-100x100 size-100x100\" alt=\"\" srcset=\"https:\/\/www.mojabochnia.pl\/wp-content\/uploads\/2012\/08\/IMG_8068-120x67.jpg 120w, https:\/\/www.mojabochnia.pl\/wp-content\/uploads\/2012\/08\/IMG_8068-468x263.jpg 468w, https:\/\/www.mojabochnia.pl\/wp-content\/uploads\/2012\/08\/IMG_8068-660x371.jpg 660w, https:\/\/www.mojabochnia.pl\/wp-content\/uploads\/2012\/08\/IMG_8068.jpg 800w\" sizes=\"auto, (max-width: 100px) 100vw, 100px\" \/><\/a><a href=\"https:\/\/www.mojabochnia.pl\/?attachment_id=76055\" class=\"\"><img loading=\"lazy\" decoding=\"async\" width=\"100\" height=\"56\" src=\"https:\/\/www.mojabochnia.pl\/wp-content\/uploads\/2012\/08\/IMG_8076-120x67.jpg\" class=\"attachment-100x100 size-100x100\" alt=\"\" srcset=\"https:\/\/www.mojabochnia.pl\/wp-content\/uploads\/2012\/08\/IMG_8076-120x67.jpg 120w, https:\/\/www.mojabochnia.pl\/wp-content\/uploads\/2012\/08\/IMG_8076-468x263.jpg 468w, https:\/\/www.mojabochnia.pl\/wp-content\/uploads\/2012\/08\/IMG_8076-660x371.jpg 660w, https:\/\/www.mojabochnia.pl\/wp-content\/uploads\/2012\/08\/IMG_8076.jpg 800w\" sizes=\"auto, (max-width: 100px) 100vw, 100px\" \/><\/a><a href=\"https:\/\/www.mojabochnia.pl\/?attachment_id=76056\" class=\"\"><img loading=\"lazy\" decoding=\"async\" width=\"100\" height=\"56\" src=\"https:\/\/www.mojabochnia.pl\/wp-content\/uploads\/2012\/08\/IMG_8078-120x67.jpg\" class=\"attachment-100x100 size-100x100\" alt=\"\" srcset=\"https:\/\/www.mojabochnia.pl\/wp-content\/uploads\/2012\/08\/IMG_8078-120x67.jpg 120w, https:\/\/www.mojabochnia.pl\/wp-content\/uploads\/2012\/08\/IMG_8078-468x263.jpg 468w, https:\/\/www.mojabochnia.pl\/wp-content\/uploads\/2012\/08\/IMG_8078-660x371.jpg 660w, https:\/\/www.mojabochnia.pl\/wp-content\/uploads\/2012\/08\/IMG_8078.jpg 800w\" sizes=\"auto, (max-width: 100px) 100vw, 100px\" \/><\/a><a href=\"https:\/\/www.mojabochnia.pl\/?attachment_id=76057\" class=\"\"><img loading=\"lazy\" decoding=\"async\" width=\"100\" height=\"56\" src=\"https:\/\/www.mojabochnia.pl\/wp-content\/uploads\/2012\/08\/IMG_8085-120x67.jpg\" class=\"attachment-100x100 size-100x100\" alt=\"\" srcset=\"https:\/\/www.mojabochnia.pl\/wp-content\/uploads\/2012\/08\/IMG_8085-120x67.jpg 120w, https:\/\/www.mojabochnia.pl\/wp-content\/uploads\/2012\/08\/IMG_8085-468x263.jpg 468w, https:\/\/www.mojabochnia.pl\/wp-content\/uploads\/2012\/08\/IMG_8085-660x371.jpg 660w, https:\/\/www.mojabochnia.pl\/wp-content\/uploads\/2012\/08\/IMG_8085.jpg 800w\" sizes=\"auto, (max-width: 100px) 100vw, 100px\" \/><\/a><a href=\"https:\/\/www.mojabochnia.pl\/?attachment_id=76058\" class=\"\"><img loading=\"lazy\" decoding=\"async\" width=\"100\" height=\"56\" src=\"https:\/\/www.mojabochnia.pl\/wp-content\/uploads\/2012\/08\/IMG_8088-120x67.jpg\" class=\"attachment-100x100 size-100x100\" alt=\"\" srcset=\"https:\/\/www.mojabochnia.pl\/wp-content\/uploads\/2012\/08\/IMG_8088-120x67.jpg 120w, https:\/\/www.mojabochnia.pl\/wp-content\/uploads\/2012\/08\/IMG_8088-468x263.jpg 468w, https:\/\/www.mojabochnia.pl\/wp-content\/uploads\/2012\/08\/IMG_8088-660x371.jpg 660w, https:\/\/www.mojabochnia.pl\/wp-content\/uploads\/2012\/08\/IMG_8088.jpg 800w\" sizes=\"auto, (max-width: 100px) 100vw, 100px\" \/><\/a><a href=\"https:\/\/www.mojabochnia.pl\/?attachment_id=76059\" class=\"\"><img loading=\"lazy\" decoding=\"async\" width=\"100\" height=\"56\" src=\"https:\/\/www.mojabochnia.pl\/wp-content\/uploads\/2012\/08\/IMG_8090-120x67.jpg\" class=\"attachment-100x100 size-100x100\" alt=\"\" srcset=\"https:\/\/www.mojabochnia.pl\/wp-content\/uploads\/2012\/08\/IMG_8090-120x67.jpg 120w, https:\/\/www.mojabochnia.pl\/wp-content\/uploads\/2012\/08\/IMG_8090-468x263.jpg 468w, https:\/\/www.mojabochnia.pl\/wp-content\/uploads\/2012\/08\/IMG_8090-660x371.jpg 660w, https:\/\/www.mojabochnia.pl\/wp-content\/uploads\/2012\/08\/IMG_8090.jpg 800w\" sizes=\"auto, (max-width: 100px) 100vw, 100px\" \/><\/a>\t    <\/div>\r\n\t    ","protected":false},"excerpt":{"rendered":"<p>1152 podpisy zebrali rodzice, kt\u00f3rych dzieci nie dosta\u0142y si\u0119 do przedszkola. Takich maluch\u00f3w w skali Bochni jest oko\u0142o setki. W pi\u0105tek delegacja przysz\u0142a do burmistrza z petycj\u0105.<\/p>\n","protected":false},"author":4,"featured_media":0,"comment_status":"open","ping_status":"closed","sticky":true,"template":"","format":"standard","meta":{"_acf_changed":false,"footnotes":""},"categories":[5,6251,6250],"tags":[17336,17421,11128,17371,17279,1611,7781,17251],"class_list":["post-76052","post","type-post","status-publish","format-standard","hentry","category-biezace-wydarzenia","category-polityka-i-wydarzenia","category-tematyka","tag-budzet","tag-burmistrz","tag-jan-zieba","tag-petycja","tag-przedszkole","tag-rodzice","tag-stefan-kolawinski","tag-szkola-podstawowa-nr-5","main_tag-przedszkole"],"acf":[],"yoast_head":"<!-- This site is optimized with the Yoast SEO plugin v26.9 - https:\/\/yoast.com\/product\/yoast-seo-wordpress\/ -->\n<title>Ponad 1100 podpis\u00f3w ws. przedszkola w &quot;Pi\u0105tce&quot; - mojabochnia.pl - portal informacyjny<\/title>\n<meta name=\"robots\" content=\"index, follow, max-snippet:-1, max-image-preview:large, max-video-preview:-1\" \/>\n<link rel=\"canonical\" href=\"https:\/\/www.mojabochnia.pl\/?p=76052\" \/>\n<meta property=\"og:locale\" content=\"pl_PL\" \/>\n<meta property=\"og:type\" content=\"article\" \/>\n<meta property=\"og:title\" content=\"Ponad 1100 podpis\u00f3w ws. przedszkola w &quot;Pi\u0105tce&quot; - mojabochnia.pl - portal informacyjny\" \/>\n<meta property=\"og:description\" content=\"1152 podpisy zebrali rodzice, kt\u00f3rych dzieci nie dosta\u0142y si\u0119 do przedszkola. Takich maluch\u00f3w w skali Bochni jest oko\u0142o setki. W pi\u0105tek delegacja przysz\u0142a do burmistrza z petycj\u0105.\" \/>\n<meta property=\"og:url\" content=\"https:\/\/www.mojabochnia.pl\/?p=76052\" \/>\n<meta property=\"og:site_name\" content=\"mojabochnia.pl - portal informacyjny\" \/>\n<meta property=\"article:publisher\" content=\"https:\/\/www.facebook.com\/mojabochnia\" \/>\n<meta property=\"article:published_time\" content=\"2012-08-03T18:17:13+00:00\" \/>\n<meta name=\"author\" content=\"Pawe\u0142 Michalczyk\" \/>\n<meta name=\"twitter:card\" content=\"summary_large_image\" \/>\n<meta name=\"twitter:label1\" content=\"Written by\" \/>\n\t<meta name=\"twitter:data1\" content=\"Pawe\u0142 Michalczyk\" \/>\n\t<meta name=\"twitter:label2\" content=\"Est. reading time\" \/>\n\t<meta name=\"twitter:data2\" content=\"4 minuty\" \/>\n<script type=\"application\/ld+json\" class=\"yoast-schema-graph\">{\"@context\":\"https:\/\/schema.org\",\"@graph\":[{\"@type\":\"Article\",\"@id\":\"https:\/\/www.mojabochnia.pl\/?p=76052#article\",\"isPartOf\":{\"@id\":\"https:\/\/www.mojabochnia.pl\/?p=76052\"},\"author\":{\"name\":\"Pawe\u0142 Michalczyk\",\"@id\":\"https:\/\/www.mojabochnia.pl\/#\/schema\/person\/ea042e4724a77627963f02166828ead4\"},\"headline\":\"Ponad 1100 podpis\u00f3w ws. przedszkola w &#8222;Pi\u0105tce&#8221;\",\"datePublished\":\"2012-08-03T18:17:13+00:00\",\"mainEntityOfPage\":{\"@id\":\"https:\/\/www.mojabochnia.pl\/?p=76052\"},\"wordCount\":827,\"commentCount\":0,\"publisher\":{\"@id\":\"https:\/\/www.mojabochnia.pl\/#organization\"},\"keywords\":[\"bud\u017cet\",\"burmistrz\",\"jan zi\u0119ba\",\"petycja\",\"przedszkole\",\"rodzice\",\"stefan kolawi\u0144ski\",\"szko\u0142a podstawowa nr 5\"],\"articleSection\":[\"2_ostatnie\",\"polityka i wydarzenia\",\"tematyka\"],\"inLanguage\":\"pl-PL\",\"potentialAction\":[{\"@type\":\"CommentAction\",\"name\":\"Comment\",\"target\":[\"https:\/\/www.mojabochnia.pl\/?p=76052#respond\"]}]},{\"@type\":\"WebPage\",\"@id\":\"https:\/\/www.mojabochnia.pl\/?p=76052\",\"url\":\"https:\/\/www.mojabochnia.pl\/?p=76052\",\"name\":\"Ponad 1100 podpis\u00f3w ws. przedszkola w \\\"Pi\u0105tce\\\" - mojabochnia.pl - portal informacyjny\",\"isPartOf\":{\"@id\":\"https:\/\/www.mojabochnia.pl\/#website\"},\"datePublished\":\"2012-08-03T18:17:13+00:00\",\"breadcrumb\":{\"@id\":\"https:\/\/www.mojabochnia.pl\/?p=76052#breadcrumb\"},\"inLanguage\":\"pl-PL\",\"potentialAction\":[{\"@type\":\"ReadAction\",\"target\":[\"https:\/\/www.mojabochnia.pl\/?p=76052\"]}]},{\"@type\":\"BreadcrumbList\",\"@id\":\"https:\/\/www.mojabochnia.pl\/?p=76052#breadcrumb\",\"itemListElement\":[{\"@type\":\"ListItem\",\"position\":1,\"name\":\"Home\",\"item\":\"https:\/\/www.mojabochnia.pl\/\"},{\"@type\":\"ListItem\",\"position\":2,\"name\":\"Ponad 1100 podpis\u00f3w ws. przedszkola w &#8222;Pi\u0105tce&#8221;\"}]},{\"@type\":\"WebSite\",\"@id\":\"https:\/\/www.mojabochnia.pl\/#website\",\"url\":\"https:\/\/www.mojabochnia.pl\/\",\"name\":\"mojabochnia.pl - portal informacyjny\",\"description\":\"mojaBochnia to portal informacyjny o Bochni. Codziennie o Bochni piszemy i pokazujemy najwa\u017cniejsze wydarzenia\",\"publisher\":{\"@id\":\"https:\/\/www.mojabochnia.pl\/#organization\"},\"potentialAction\":[{\"@type\":\"SearchAction\",\"target\":{\"@type\":\"EntryPoint\",\"urlTemplate\":\"https:\/\/www.mojabochnia.pl\/?s={search_term_string}\"},\"query-input\":{\"@type\":\"PropertyValueSpecification\",\"valueRequired\":true,\"valueName\":\"search_term_string\"}}],\"inLanguage\":\"pl-PL\"},{\"@type\":\"Organization\",\"@id\":\"https:\/\/www.mojabochnia.pl\/#organization\",\"name\":\"mojabochnia.pl - portal informacyjny\",\"url\":\"https:\/\/www.mojabochnia.pl\/\",\"logo\":{\"@type\":\"ImageObject\",\"inLanguage\":\"pl-PL\",\"@id\":\"https:\/\/www.mojabochnia.pl\/#\/schema\/logo\/image\/\",\"url\":\"https:\/\/www.mojabochnia.pl\/wp-content\/uploads\/2017\/08\/logo-mb-opt.png\",\"contentUrl\":\"https:\/\/www.mojabochnia.pl\/wp-content\/uploads\/2017\/08\/logo-mb-opt.png\",\"width\":250,\"height\":48,\"caption\":\"mojabochnia.pl - portal informacyjny\"},\"image\":{\"@id\":\"https:\/\/www.mojabochnia.pl\/#\/schema\/logo\/image\/\"},\"sameAs\":[\"https:\/\/www.facebook.com\/mojabochnia\"]},{\"@type\":\"Person\",\"@id\":\"https:\/\/www.mojabochnia.pl\/#\/schema\/person\/ea042e4724a77627963f02166828ead4\",\"name\":\"Pawe\u0142 Michalczyk\",\"url\":\"https:\/\/www.mojabochnia.pl\/?author=4\"}]}<\/script>\n<!-- \/ Yoast SEO plugin. -->","yoast_head_json":{"title":"Ponad 1100 podpis\u00f3w ws. przedszkola w \"Pi\u0105tce\" - mojabochnia.pl - portal informacyjny","robots":{"index":"index","follow":"follow","max-snippet":"max-snippet:-1","max-image-preview":"max-image-preview:large","max-video-preview":"max-video-preview:-1"},"canonical":"https:\/\/www.mojabochnia.pl\/?p=76052","og_locale":"pl_PL","og_type":"article","og_title":"Ponad 1100 podpis\u00f3w ws. przedszkola w \"Pi\u0105tce\" - mojabochnia.pl - portal informacyjny","og_description":"1152 podpisy zebrali rodzice, kt\u00f3rych dzieci nie dosta\u0142y si\u0119 do przedszkola. Takich maluch\u00f3w w skali Bochni jest oko\u0142o setki. W pi\u0105tek delegacja przysz\u0142a do burmistrza z petycj\u0105.","og_url":"https:\/\/www.mojabochnia.pl\/?p=76052","og_site_name":"mojabochnia.pl - portal informacyjny","article_publisher":"https:\/\/www.facebook.com\/mojabochnia","article_published_time":"2012-08-03T18:17:13+00:00","author":"Pawe\u0142 Michalczyk","twitter_card":"summary_large_image","twitter_misc":{"Written by":"Pawe\u0142 Michalczyk","Est. reading time":"4 minuty"},"schema":{"@context":"https:\/\/schema.org","@graph":[{"@type":"Article","@id":"https:\/\/www.mojabochnia.pl\/?p=76052#article","isPartOf":{"@id":"https:\/\/www.mojabochnia.pl\/?p=76052"},"author":{"name":"Pawe\u0142 Michalczyk","@id":"https:\/\/www.mojabochnia.pl\/#\/schema\/person\/ea042e4724a77627963f02166828ead4"},"headline":"Ponad 1100 podpis\u00f3w ws. przedszkola w &#8222;Pi\u0105tce&#8221;","datePublished":"2012-08-03T18:17:13+00:00","mainEntityOfPage":{"@id":"https:\/\/www.mojabochnia.pl\/?p=76052"},"wordCount":827,"commentCount":0,"publisher":{"@id":"https:\/\/www.mojabochnia.pl\/#organization"},"keywords":["bud\u017cet","burmistrz","jan zi\u0119ba","petycja","przedszkole","rodzice","stefan kolawi\u0144ski","szko\u0142a podstawowa nr 5"],"articleSection":["2_ostatnie","polityka i wydarzenia","tematyka"],"inLanguage":"pl-PL","potentialAction":[{"@type":"CommentAction","name":"Comment","target":["https:\/\/www.mojabochnia.pl\/?p=76052#respond"]}]},{"@type":"WebPage","@id":"https:\/\/www.mojabochnia.pl\/?p=76052","url":"https:\/\/www.mojabochnia.pl\/?p=76052","name":"Ponad 1100 podpis\u00f3w ws. przedszkola w \"Pi\u0105tce\" - mojabochnia.pl - portal informacyjny","isPartOf":{"@id":"https:\/\/www.mojabochnia.pl\/#website"},"datePublished":"2012-08-03T18:17:13+00:00","breadcrumb":{"@id":"https:\/\/www.mojabochnia.pl\/?p=76052#breadcrumb"},"inLanguage":"pl-PL","potentialAction":[{"@type":"ReadAction","target":["https:\/\/www.mojabochnia.pl\/?p=76052"]}]},{"@type":"BreadcrumbList","@id":"https:\/\/www.mojabochnia.pl\/?p=76052#breadcrumb","itemListElement":[{"@type":"ListItem","position":1,"name":"Home","item":"https:\/\/www.mojabochnia.pl\/"},{"@type":"ListItem","position":2,"name":"Ponad 1100 podpis\u00f3w ws. przedszkola w &#8222;Pi\u0105tce&#8221;"}]},{"@type":"WebSite","@id":"https:\/\/www.mojabochnia.pl\/#website","url":"https:\/\/www.mojabochnia.pl\/","name":"mojabochnia.pl - portal informacyjny","description":"mojaBochnia to portal informacyjny o Bochni. Codziennie o Bochni piszemy i pokazujemy najwa\u017cniejsze wydarzenia","publisher":{"@id":"https:\/\/www.mojabochnia.pl\/#organization"},"potentialAction":[{"@type":"SearchAction","target":{"@type":"EntryPoint","urlTemplate":"https:\/\/www.mojabochnia.pl\/?s={search_term_string}"},"query-input":{"@type":"PropertyValueSpecification","valueRequired":true,"valueName":"search_term_string"}}],"inLanguage":"pl-PL"},{"@type":"Organization","@id":"https:\/\/www.mojabochnia.pl\/#organization","name":"mojabochnia.pl - portal informacyjny","url":"https:\/\/www.mojabochnia.pl\/","logo":{"@type":"ImageObject","inLanguage":"pl-PL","@id":"https:\/\/www.mojabochnia.pl\/#\/schema\/logo\/image\/","url":"https:\/\/www.mojabochnia.pl\/wp-content\/uploads\/2017\/08\/logo-mb-opt.png","contentUrl":"https:\/\/www.mojabochnia.pl\/wp-content\/uploads\/2017\/08\/logo-mb-opt.png","width":250,"height":48,"caption":"mojabochnia.pl - portal informacyjny"},"image":{"@id":"https:\/\/www.mojabochnia.pl\/#\/schema\/logo\/image\/"},"sameAs":["https:\/\/www.facebook.com\/mojabochnia"]},{"@type":"Person","@id":"https:\/\/www.mojabochnia.pl\/#\/schema\/person\/ea042e4724a77627963f02166828ead4","name":"Pawe\u0142 Michalczyk","url":"https:\/\/www.mojabochnia.pl\/?author=4"}]}},"_links":{"self":[{"href":"https:\/\/www.mojabochnia.pl\/index.php?rest_route=\/wp\/v2\/posts\/76052","targetHints":{"allow":["GET"]}}],"collection":[{"href":"https:\/\/www.mojabochnia.pl\/index.php?rest_route=\/wp\/v2\/posts"}],"about":[{"href":"https:\/\/www.mojabochnia.pl\/index.php?rest_route=\/wp\/v2\/types\/post"}],"author":[{"embeddable":true,"href":"https:\/\/www.mojabochnia.pl\/index.php?rest_route=\/wp\/v2\/users\/4"}],"replies":[{"embeddable":true,"href":"https:\/\/www.mojabochnia.pl\/index.php?rest_route=%2Fwp%2Fv2%2Fcomments&post=76052"}],"version-history":[{"count":8,"href":"https:\/\/www.mojabochnia.pl\/index.php?rest_route=\/wp\/v2\/posts\/76052\/revisions"}],"predecessor-version":[{"id":76067,"href":"https:\/\/www.mojabochnia.pl\/index.php?rest_route=\/wp\/v2\/posts\/76052\/revisions\/76067"}],"wp:attachment":[{"href":"https:\/\/www.mojabochnia.pl\/index.php?rest_route=%2Fwp%2Fv2%2Fmedia&parent=76052"}],"wp:term":[{"taxonomy":"category","embeddable":true,"href":"https:\/\/www.mojabochnia.pl\/index.php?rest_route=%2Fwp%2Fv2%2Fcategories&post=76052"},{"taxonomy":"post_tag","embeddable":true,"href":"https:\/\/www.mojabochnia.pl\/index.php?rest_route=%2Fwp%2Fv2%2Ftags&post=76052"}],"curies":[{"name":"wp","href":"https:\/\/api.w.org\/{rel}","templated":true}]}}