{"id":76047,"date":"2012-08-03T17:14:46","date_gmt":"2012-08-03T15:14:46","guid":{"rendered":"http:\/\/www.mojabochnia.pl\/?p=76047"},"modified":"2012-08-03T17:14:46","modified_gmt":"2012-08-03T15:14:46","slug":"dwie-firmy-komunikacyjne-dwa-problemy","status":"publish","type":"post","link":"https:\/\/www.mojabochnia.pl\/?p=76047","title":{"rendered":"Dwie firmy komunikacyjne \u2013 dwa problemy"},"content":{"rendered":"<p>Mieszka\u0144cy miasta dop\u0142acaj\u0105 do swojej firmy ok. 1 mln z\u0142, podatnicy gminy Bochnia oraz miasta i gminy Nowy Wi\u015bnicz \u2013 ok. 1,5 mln z\u0142. Mimo tego nadal obie firmy maj\u0105 powa\u017cne k\u0142opoty. Na ostatniej sesji Rady Miejskiej zarzucono nawet sztuczne dofinansowanie firmy BZUK przez samorz\u0105d miasta.<\/p>\n<p>W zwi\u0105zku ze zmniejszeniem si\u0119 ilo\u015bci pasa\u017cer\u00f3w, RPK Bochnia zawiesi\u0142a na okres wakacji kilkana\u015bcie kurs\u00f3w na obs\u0142ugiwanym przez siebie terenie. <em>Zlikwidowano tak\u017ce cz\u0119\u015b\u0107 kurs\u00f3w sobotnich oraz wszystkie niedzielne, gdy\u017c by\u0142y one nierentowne. Warto przypomnie\u0107, \u017ce od ponad p\u00f3\u0142 roku np. MPK Brzesko ca\u0142kowicie zlikwidowa\u0142o kursy w weekendy, a prywatni przewo\u017anicy te\u017c ograniczaj\u0105 do minimum linie, na kt\u00f3rych nie zarabiaj\u0105<\/em> &#8211; m\u00f3wi Stanis\u0142aw Bukowiec, zast\u0119pca w\u00f3jta gminy Bochnia.<\/p>\n<p>Jednak po interwencjach, w\u0142adze przedsi\u0119biorstwa uwzgl\u0119dni\u0142y wnioski samorz\u0105du i mieszka\u0144c\u00f3w gminy Bochnia. W efekcie \u2013 w niedziele przywr\u00f3cony zostanie poranny kurs na linii nr 2 (Bochnia \u2013 Pogwizd\u00f3w \u2013 Wola Nieszkowska) oraz po\u0142udniowy kurs na linii nr 3 (Bochnia \u2013 Brze\u017anica) \u2013 tak, aby ludzie mogli dojecha\u0107 do pracy i do ko\u015bcio\u0142a.<\/p>\n<p><em>Od kilku miesi\u0119cy sprzeda\u017c bilet\u00f3w odbywa si\u0119 u kierowc\u00f3w, kt\u00f3rzy dysponuj\u0105 w autobusach kasami fiskalnymi. Dzi\u0119ki nim mo\u017cemy sprawdza\u0107 ile os\u00f3b podr\u00f3\u017cuje na danej linii o danej porze. B\u0119dziemy nadal prowadzi\u0107 ten monitoring i w zale\u017cno\u015bci od potrzeb dodawa\u0107 lub ogranicza\u0107 kursy<\/em> \u2013 m\u00f3wi Lucjan Zapa\u0142a, prezes RPK Bochnia.<\/p>\n<p>Warto zaznaczy\u0107, \u017ce od lipca b.r. na linii nr 1 (os. Niepodleg\u0142o\u015bci \u2013 Dworzec PKP) RPK przywr\u00f3ci\u0142o tzw. bilety ulgowe, kt\u00f3rych cena wynosi 1 z\u0142. Ulga ta by\u0142a nie by\u0142a stosowana w mie\u015bcie od czasu powo\u0142ania przez samorz\u0105d miasta Bochni odr\u0119bnej firmy autobusowej. Bilety ulgowe sprzedawane s\u0105 bez zmian na wszystkich liniach RPK w obr\u0119bie administracyjnym gminy Bochnia oraz miasta i gminy Nowy Wi\u015bnicz. <\/p>\n<p><em>Sytuacja w Bochni nie jest jednak normalna. Na tym samym terenie dzia\u0142aj\u0105 2 konkurencyjne firmy samorz\u0105dowe. Mieszka\u0144cy dziwi\u0105 si\u0119 dlaczego zgodnie z obietnicami wyborczymi, a tak\u017ce zdrowym rozs\u0105dkiem samorz\u0105d miejski nie wycofa si\u0119 z b\u0142\u0119dnych decyzji, za kt\u00f3re musz\u0105 p\u0142aci\u0107 podatnicy<\/em> &#8211; ocenia Stanis\u0142aw Bukowiec.<\/p>\n","protected":false},"excerpt":{"rendered":"<p>G\u0142o\u015bne przed 2 laty rozdzielenie firmy komunikacyjnej w Bochni przynosi kolejne problemy. Zar\u00f3wno autobusy RPK, jak te\u017c pojazdy miejskiego BZUK coraz cz\u0119\u015bciej wo\u017c\u0105 \u201epowietrze\u201d zamiast pasa\u017cer\u00f3w &#8211; zwracaj\u0105 uwag\u0119 urz\u0119dnicy.<\/p>\n","protected":false},"author":8,"featured_media":0,"comment_status":"closed","ping_status":"closed","sticky":false,"template":"","format":"standard","meta":{"_acf_changed":false,"footnotes":""},"categories":[5,6251,6250],"tags":[17594,17861,17610,17225,3067,430,17751],"class_list":["post-76047","post","type-post","status-publish","format-standard","hentry","category-biezace-wydarzenia","category-polityka-i-wydarzenia","category-tematyka","tag-autobus","tag-bzk","tag-bzuk","tag-gmina-bochnia","tag-lucjan-zapala","tag-rpk","tag-stanislaw-bukowiec","main_tag-rpk-2"],"acf":[],"yoast_head":"<!-- This site is optimized with the Yoast SEO plugin v26.9 - https:\/\/yoast.com\/product\/yoast-seo-wordpress\/ -->\n<title>Dwie firmy komunikacyjne \u2013 dwa problemy - mojabochnia.pl - portal informacyjny<\/title>\n<meta name=\"robots\" content=\"index, follow, max-snippet:-1, max-image-preview:large, max-video-preview:-1\" \/>\n<link rel=\"canonical\" href=\"https:\/\/www.mojabochnia.pl\/?p=76047\" \/>\n<meta property=\"og:locale\" content=\"pl_PL\" \/>\n<meta property=\"og:type\" content=\"article\" \/>\n<meta property=\"og:title\" content=\"Dwie firmy komunikacyjne \u2013 dwa problemy - mojabochnia.pl - portal informacyjny\" \/>\n<meta property=\"og:description\" content=\"G\u0142o\u015bne przed 2 laty rozdzielenie firmy komunikacyjnej w Bochni przynosi kolejne problemy. Zar\u00f3wno autobusy RPK, jak te\u017c pojazdy miejskiego BZUK coraz cz\u0119\u015bciej wo\u017c\u0105 \u201epowietrze\u201d zamiast pasa\u017cer\u00f3w - zwracaj\u0105 uwag\u0119 urz\u0119dnicy.\" \/>\n<meta property=\"og:url\" content=\"https:\/\/www.mojabochnia.pl\/?p=76047\" \/>\n<meta property=\"og:site_name\" content=\"mojabochnia.pl - portal informacyjny\" \/>\n<meta property=\"article:publisher\" content=\"https:\/\/www.facebook.com\/mojabochnia\" \/>\n<meta property=\"article:published_time\" content=\"2012-08-03T15:14:46+00:00\" \/>\n<meta name=\"author\" content=\"informacja prasowa\" \/>\n<meta name=\"twitter:card\" content=\"summary_large_image\" \/>\n<meta name=\"twitter:label1\" content=\"Written by\" \/>\n\t<meta name=\"twitter:data1\" content=\"informacja prasowa\" \/>\n\t<meta name=\"twitter:label2\" content=\"Est. reading time\" \/>\n\t<meta name=\"twitter:data2\" content=\"2 minuty\" \/>\n<script type=\"application\/ld+json\" class=\"yoast-schema-graph\">{\"@context\":\"https:\/\/schema.org\",\"@graph\":[{\"@type\":\"Article\",\"@id\":\"https:\/\/www.mojabochnia.pl\/?p=76047#article\",\"isPartOf\":{\"@id\":\"https:\/\/www.mojabochnia.pl\/?p=76047\"},\"author\":{\"name\":\"informacja prasowa\",\"@id\":\"https:\/\/www.mojabochnia.pl\/#\/schema\/person\/9e15cf1bcb74043790f124a3130fe41e\"},\"headline\":\"Dwie firmy komunikacyjne \u2013 dwa problemy\",\"datePublished\":\"2012-08-03T15:14:46+00:00\",\"mainEntityOfPage\":{\"@id\":\"https:\/\/www.mojabochnia.pl\/?p=76047\"},\"wordCount\":388,\"publisher\":{\"@id\":\"https:\/\/www.mojabochnia.pl\/#organization\"},\"keywords\":[\"autobus\",\"bzk\",\"bzuk\",\"gmina bochnia\",\"lucjan zapa\u0142a\",\"RPK\",\"stanis\u0142aw bukowiec\"],\"articleSection\":[\"2_ostatnie\",\"polityka i wydarzenia\",\"tematyka\"],\"inLanguage\":\"pl-PL\"},{\"@type\":\"WebPage\",\"@id\":\"https:\/\/www.mojabochnia.pl\/?p=76047\",\"url\":\"https:\/\/www.mojabochnia.pl\/?p=76047\",\"name\":\"Dwie firmy komunikacyjne \u2013 dwa problemy - mojabochnia.pl - portal informacyjny\",\"isPartOf\":{\"@id\":\"https:\/\/www.mojabochnia.pl\/#website\"},\"datePublished\":\"2012-08-03T15:14:46+00:00\",\"breadcrumb\":{\"@id\":\"https:\/\/www.mojabochnia.pl\/?p=76047#breadcrumb\"},\"inLanguage\":\"pl-PL\",\"potentialAction\":[{\"@type\":\"ReadAction\",\"target\":[\"https:\/\/www.mojabochnia.pl\/?p=76047\"]}]},{\"@type\":\"BreadcrumbList\",\"@id\":\"https:\/\/www.mojabochnia.pl\/?p=76047#breadcrumb\",\"itemListElement\":[{\"@type\":\"ListItem\",\"position\":1,\"name\":\"Home\",\"item\":\"https:\/\/www.mojabochnia.pl\/\"},{\"@type\":\"ListItem\",\"position\":2,\"name\":\"Dwie firmy komunikacyjne \u2013 dwa problemy\"}]},{\"@type\":\"WebSite\",\"@id\":\"https:\/\/www.mojabochnia.pl\/#website\",\"url\":\"https:\/\/www.mojabochnia.pl\/\",\"name\":\"mojabochnia.pl - portal informacyjny\",\"description\":\"mojaBochnia to portal informacyjny o Bochni. Codziennie o Bochni piszemy i pokazujemy najwa\u017cniejsze wydarzenia\",\"publisher\":{\"@id\":\"https:\/\/www.mojabochnia.pl\/#organization\"},\"potentialAction\":[{\"@type\":\"SearchAction\",\"target\":{\"@type\":\"EntryPoint\",\"urlTemplate\":\"https:\/\/www.mojabochnia.pl\/?s={search_term_string}\"},\"query-input\":{\"@type\":\"PropertyValueSpecification\",\"valueRequired\":true,\"valueName\":\"search_term_string\"}}],\"inLanguage\":\"pl-PL\"},{\"@type\":\"Organization\",\"@id\":\"https:\/\/www.mojabochnia.pl\/#organization\",\"name\":\"mojabochnia.pl - portal informacyjny\",\"url\":\"https:\/\/www.mojabochnia.pl\/\",\"logo\":{\"@type\":\"ImageObject\",\"inLanguage\":\"pl-PL\",\"@id\":\"https:\/\/www.mojabochnia.pl\/#\/schema\/logo\/image\/\",\"url\":\"https:\/\/www.mojabochnia.pl\/wp-content\/uploads\/2017\/08\/logo-mb-opt.png\",\"contentUrl\":\"https:\/\/www.mojabochnia.pl\/wp-content\/uploads\/2017\/08\/logo-mb-opt.png\",\"width\":250,\"height\":48,\"caption\":\"mojabochnia.pl - portal informacyjny\"},\"image\":{\"@id\":\"https:\/\/www.mojabochnia.pl\/#\/schema\/logo\/image\/\"},\"sameAs\":[\"https:\/\/www.facebook.com\/mojabochnia\"]},{\"@type\":\"Person\",\"@id\":\"https:\/\/www.mojabochnia.pl\/#\/schema\/person\/9e15cf1bcb74043790f124a3130fe41e\",\"name\":\"informacja prasowa\",\"sameAs\":[\"http:\/\/\"],\"url\":\"https:\/\/www.mojabochnia.pl\/?author=8\"}]}<\/script>\n<!-- \/ Yoast SEO plugin. -->","yoast_head_json":{"title":"Dwie firmy komunikacyjne \u2013 dwa problemy - mojabochnia.pl - portal informacyjny","robots":{"index":"index","follow":"follow","max-snippet":"max-snippet:-1","max-image-preview":"max-image-preview:large","max-video-preview":"max-video-preview:-1"},"canonical":"https:\/\/www.mojabochnia.pl\/?p=76047","og_locale":"pl_PL","og_type":"article","og_title":"Dwie firmy komunikacyjne \u2013 dwa problemy - mojabochnia.pl - portal informacyjny","og_description":"G\u0142o\u015bne przed 2 laty rozdzielenie firmy komunikacyjnej w Bochni przynosi kolejne problemy. Zar\u00f3wno autobusy RPK, jak te\u017c pojazdy miejskiego BZUK coraz cz\u0119\u015bciej wo\u017c\u0105 \u201epowietrze\u201d zamiast pasa\u017cer\u00f3w - zwracaj\u0105 uwag\u0119 urz\u0119dnicy.","og_url":"https:\/\/www.mojabochnia.pl\/?p=76047","og_site_name":"mojabochnia.pl - portal informacyjny","article_publisher":"https:\/\/www.facebook.com\/mojabochnia","article_published_time":"2012-08-03T15:14:46+00:00","author":"informacja prasowa","twitter_card":"summary_large_image","twitter_misc":{"Written by":"informacja prasowa","Est. reading time":"2 minuty"},"schema":{"@context":"https:\/\/schema.org","@graph":[{"@type":"Article","@id":"https:\/\/www.mojabochnia.pl\/?p=76047#article","isPartOf":{"@id":"https:\/\/www.mojabochnia.pl\/?p=76047"},"author":{"name":"informacja prasowa","@id":"https:\/\/www.mojabochnia.pl\/#\/schema\/person\/9e15cf1bcb74043790f124a3130fe41e"},"headline":"Dwie firmy komunikacyjne \u2013 dwa problemy","datePublished":"2012-08-03T15:14:46+00:00","mainEntityOfPage":{"@id":"https:\/\/www.mojabochnia.pl\/?p=76047"},"wordCount":388,"publisher":{"@id":"https:\/\/www.mojabochnia.pl\/#organization"},"keywords":["autobus","bzk","bzuk","gmina bochnia","lucjan zapa\u0142a","RPK","stanis\u0142aw bukowiec"],"articleSection":["2_ostatnie","polityka i wydarzenia","tematyka"],"inLanguage":"pl-PL"},{"@type":"WebPage","@id":"https:\/\/www.mojabochnia.pl\/?p=76047","url":"https:\/\/www.mojabochnia.pl\/?p=76047","name":"Dwie firmy komunikacyjne \u2013 dwa problemy - mojabochnia.pl - portal informacyjny","isPartOf":{"@id":"https:\/\/www.mojabochnia.pl\/#website"},"datePublished":"2012-08-03T15:14:46+00:00","breadcrumb":{"@id":"https:\/\/www.mojabochnia.pl\/?p=76047#breadcrumb"},"inLanguage":"pl-PL","potentialAction":[{"@type":"ReadAction","target":["https:\/\/www.mojabochnia.pl\/?p=76047"]}]},{"@type":"BreadcrumbList","@id":"https:\/\/www.mojabochnia.pl\/?p=76047#breadcrumb","itemListElement":[{"@type":"ListItem","position":1,"name":"Home","item":"https:\/\/www.mojabochnia.pl\/"},{"@type":"ListItem","position":2,"name":"Dwie firmy komunikacyjne \u2013 dwa problemy"}]},{"@type":"WebSite","@id":"https:\/\/www.mojabochnia.pl\/#website","url":"https:\/\/www.mojabochnia.pl\/","name":"mojabochnia.pl - portal informacyjny","description":"mojaBochnia to portal informacyjny o Bochni. Codziennie o Bochni piszemy i pokazujemy najwa\u017cniejsze wydarzenia","publisher":{"@id":"https:\/\/www.mojabochnia.pl\/#organization"},"potentialAction":[{"@type":"SearchAction","target":{"@type":"EntryPoint","urlTemplate":"https:\/\/www.mojabochnia.pl\/?s={search_term_string}"},"query-input":{"@type":"PropertyValueSpecification","valueRequired":true,"valueName":"search_term_string"}}],"inLanguage":"pl-PL"},{"@type":"Organization","@id":"https:\/\/www.mojabochnia.pl\/#organization","name":"mojabochnia.pl - portal informacyjny","url":"https:\/\/www.mojabochnia.pl\/","logo":{"@type":"ImageObject","inLanguage":"pl-PL","@id":"https:\/\/www.mojabochnia.pl\/#\/schema\/logo\/image\/","url":"https:\/\/www.mojabochnia.pl\/wp-content\/uploads\/2017\/08\/logo-mb-opt.png","contentUrl":"https:\/\/www.mojabochnia.pl\/wp-content\/uploads\/2017\/08\/logo-mb-opt.png","width":250,"height":48,"caption":"mojabochnia.pl - portal informacyjny"},"image":{"@id":"https:\/\/www.mojabochnia.pl\/#\/schema\/logo\/image\/"},"sameAs":["https:\/\/www.facebook.com\/mojabochnia"]},{"@type":"Person","@id":"https:\/\/www.mojabochnia.pl\/#\/schema\/person\/9e15cf1bcb74043790f124a3130fe41e","name":"informacja prasowa","sameAs":["http:\/\/"],"url":"https:\/\/www.mojabochnia.pl\/?author=8"}]}},"_links":{"self":[{"href":"https:\/\/www.mojabochnia.pl\/index.php?rest_route=\/wp\/v2\/posts\/76047","targetHints":{"allow":["GET"]}}],"collection":[{"href":"https:\/\/www.mojabochnia.pl\/index.php?rest_route=\/wp\/v2\/posts"}],"about":[{"href":"https:\/\/www.mojabochnia.pl\/index.php?rest_route=\/wp\/v2\/types\/post"}],"author":[{"embeddable":true,"href":"https:\/\/www.mojabochnia.pl\/index.php?rest_route=\/wp\/v2\/users\/8"}],"replies":[{"embeddable":true,"href":"https:\/\/www.mojabochnia.pl\/index.php?rest_route=%2Fwp%2Fv2%2Fcomments&post=76047"}],"version-history":[{"count":4,"href":"https:\/\/www.mojabochnia.pl\/index.php?rest_route=\/wp\/v2\/posts\/76047\/revisions"}],"predecessor-version":[{"id":76051,"href":"https:\/\/www.mojabochnia.pl\/index.php?rest_route=\/wp\/v2\/posts\/76047\/revisions\/76051"}],"wp:attachment":[{"href":"https:\/\/www.mojabochnia.pl\/index.php?rest_route=%2Fwp%2Fv2%2Fmedia&parent=76047"}],"wp:term":[{"taxonomy":"category","embeddable":true,"href":"https:\/\/www.mojabochnia.pl\/index.php?rest_route=%2Fwp%2Fv2%2Fcategories&post=76047"},{"taxonomy":"post_tag","embeddable":true,"href":"https:\/\/www.mojabochnia.pl\/index.php?rest_route=%2Fwp%2Fv2%2Ftags&post=76047"}],"curies":[{"name":"wp","href":"https:\/\/api.w.org\/{rel}","templated":true}]}}