{"id":76041,"date":"2012-08-03T11:03:06","date_gmt":"2012-08-03T09:03:06","guid":{"rendered":"http:\/\/www.mojabochnia.pl\/?p=76041"},"modified":"2012-08-03T11:03:06","modified_gmt":"2012-08-03T09:03:06","slug":"babica-moze-zagrozic-bochni-w-razie-ulewy","status":"publish","type":"post","link":"https:\/\/www.mojabochnia.pl\/?p=76041","title":{"rendered":"Babica mo\u017ce zagrozi\u0107 Bochni w razie ulewy"},"content":{"rendered":"<p>Miasto mo\u017ce udro\u017cni\u0107 koryto Babicy tylko na g\u00f3rnym odcinku, bo od ul. Wygoda strumieniem administruje Zarz\u0105d Melioracji Wodnych w Krakowie. A ten nie ma pieni\u0119dzy na takie roboty w Bochni. <em>Mamy istotny problem z odcinkiem Babicy poni\u017cej przejazdu kolejowego na Wygodzie. Poniewa\u017c ten odcinek jest w zarz\u0105dzie Zarz\u0105du Melioracji i Urz\u0105dze\u0144 Wodnych, monitujemy o uporz\u0105dkowanie tego terenu, oczyszczenie koryta Babicy i wykoszenie skarp. Kilka razy ju\u017c wyst\u0119powali\u015bmy w tej sprawie do Melioracji i kilka razy otrzymywali\u015bmy odpowied\u017a, \u017ce nie ma pieni\u0119dzy na wykonanie tych prac<\/em> \u2013 m\u00f3wi Tomasz Przyby\u0142o, zast\u0119pca burmistrza Bochni. <\/p>\n<p>Jego zdaniem, w razie ulewy mo\u017ce doj\u015b\u0107 do podtopie\u0144.<em> Zaniechanie w tym wzgl\u0119dzie i zaniedbanie koryta potoku mo\u017ce powodowa\u0107 okre\u015blone konsekwencje. W takich dniach, jak obecnie, gdy temperatury s\u0105 wysokie, Babica niesie ze sob\u0105 niewiele wody. Natomiast ze wzgl\u0119du na ukszta\u0142towanie Bochni, gdzie s\u0105 du\u017ce spadki terenu, s\u0105 wzg\u00f3rza, pag\u00f3rki, woda sp\u0142ywaj\u0105ca z pochy\u0142o\u015bci trafia w du\u017cej mierze w\u0142a\u015bnie do Babicy i poziom wody w przypadku ulewnych deszczy wzrasta gwa\u0142townie<\/em> \u2013 dodaje wiceburmistrz.<\/p>\n<p>Ostatnio potok Babica wyst\u0105pi\u0142 z brzeg\u00f3w w 2010 r. powoduj\u0105c podtopienia w p\u00f3\u0142nocnej cz\u0119\u015bci Bochni.<\/p>\n","protected":false},"excerpt":{"rendered":"<p>Potok Babica w Bochni zosta\u0142 wykoszony, b\u0119dzie te\u017c udro\u017cniony. Jednak nie na ca\u0142ym odcinku. Zdaniem w\u0142adz takie zaniechanie mo\u017ce spowodowa\u0107 wyst\u0105pienie strumienia z brzeg\u00f3w jego dolnym biegu.<\/p>\n","protected":false},"author":4,"featured_media":0,"comment_status":"open","ping_status":"closed","sticky":false,"template":"","format":"standard","meta":{"_acf_changed":false,"footnotes":""},"categories":[5,6251,6250],"tags":[17712,17733,2617,2563,3588,17774,3590,17956,17402],"class_list":["post-76041","post","type-post","status-publish","format-standard","hentry","category-biezace-wydarzenia","category-polityka-i-wydarzenia","category-tematyka","tag-babica","tag-burza","tag-deszcz","tag-opady","tag-potok","tag-powodz","tag-regulacja","tag-tomasz-przybylo","tag-woda","main_tag-babica"],"acf":[],"yoast_head":"<!-- This site is optimized with the Yoast SEO plugin v26.9 - https:\/\/yoast.com\/product\/yoast-seo-wordpress\/ -->\n<title>Babica mo\u017ce zagrozi\u0107 Bochni w razie ulewy - mojabochnia.pl - portal informacyjny<\/title>\n<meta name=\"robots\" content=\"index, follow, max-snippet:-1, max-image-preview:large, max-video-preview:-1\" \/>\n<link rel=\"canonical\" href=\"https:\/\/www.mojabochnia.pl\/?p=76041\" \/>\n<meta property=\"og:locale\" content=\"pl_PL\" \/>\n<meta property=\"og:type\" content=\"article\" \/>\n<meta property=\"og:title\" content=\"Babica mo\u017ce zagrozi\u0107 Bochni w razie ulewy - mojabochnia.pl - portal informacyjny\" \/>\n<meta property=\"og:description\" content=\"Potok Babica w Bochni zosta\u0142 wykoszony, b\u0119dzie te\u017c udro\u017cniony. Jednak nie na ca\u0142ym odcinku. Zdaniem w\u0142adz takie zaniechanie mo\u017ce spowodowa\u0107 wyst\u0105pienie strumienia z brzeg\u00f3w jego dolnym biegu.\" \/>\n<meta property=\"og:url\" content=\"https:\/\/www.mojabochnia.pl\/?p=76041\" \/>\n<meta property=\"og:site_name\" content=\"mojabochnia.pl - portal informacyjny\" \/>\n<meta property=\"article:publisher\" content=\"https:\/\/www.facebook.com\/mojabochnia\" \/>\n<meta property=\"article:published_time\" content=\"2012-08-03T09:03:06+00:00\" \/>\n<meta name=\"author\" content=\"Pawe\u0142 Michalczyk\" \/>\n<meta name=\"twitter:card\" content=\"summary_large_image\" \/>\n<meta name=\"twitter:label1\" content=\"Written by\" \/>\n\t<meta name=\"twitter:data1\" content=\"Pawe\u0142 Michalczyk\" \/>\n\t<meta name=\"twitter:label2\" content=\"Est. reading time\" \/>\n\t<meta name=\"twitter:data2\" content=\"1 minuta\" \/>\n<script type=\"application\/ld+json\" class=\"yoast-schema-graph\">{\"@context\":\"https:\/\/schema.org\",\"@graph\":[{\"@type\":\"Article\",\"@id\":\"https:\/\/www.mojabochnia.pl\/?p=76041#article\",\"isPartOf\":{\"@id\":\"https:\/\/www.mojabochnia.pl\/?p=76041\"},\"author\":{\"name\":\"Pawe\u0142 Michalczyk\",\"@id\":\"https:\/\/www.mojabochnia.pl\/#\/schema\/person\/ea042e4724a77627963f02166828ead4\"},\"headline\":\"Babica mo\u017ce zagrozi\u0107 Bochni w razie ulewy\",\"datePublished\":\"2012-08-03T09:03:06+00:00\",\"mainEntityOfPage\":{\"@id\":\"https:\/\/www.mojabochnia.pl\/?p=76041\"},\"wordCount\":224,\"commentCount\":0,\"publisher\":{\"@id\":\"https:\/\/www.mojabochnia.pl\/#organization\"},\"keywords\":[\"babica\",\"burza\",\"deszcz\",\"opady\",\"potok\",\"pow\u00f3d\u017a\",\"regulacja\",\"tomasz przyby\u0142o\",\"woda\"],\"articleSection\":[\"2_ostatnie\",\"polityka i wydarzenia\",\"tematyka\"],\"inLanguage\":\"pl-PL\",\"potentialAction\":[{\"@type\":\"CommentAction\",\"name\":\"Comment\",\"target\":[\"https:\/\/www.mojabochnia.pl\/?p=76041#respond\"]}]},{\"@type\":\"WebPage\",\"@id\":\"https:\/\/www.mojabochnia.pl\/?p=76041\",\"url\":\"https:\/\/www.mojabochnia.pl\/?p=76041\",\"name\":\"Babica mo\u017ce zagrozi\u0107 Bochni w razie ulewy - mojabochnia.pl - portal informacyjny\",\"isPartOf\":{\"@id\":\"https:\/\/www.mojabochnia.pl\/#website\"},\"datePublished\":\"2012-08-03T09:03:06+00:00\",\"breadcrumb\":{\"@id\":\"https:\/\/www.mojabochnia.pl\/?p=76041#breadcrumb\"},\"inLanguage\":\"pl-PL\",\"potentialAction\":[{\"@type\":\"ReadAction\",\"target\":[\"https:\/\/www.mojabochnia.pl\/?p=76041\"]}]},{\"@type\":\"BreadcrumbList\",\"@id\":\"https:\/\/www.mojabochnia.pl\/?p=76041#breadcrumb\",\"itemListElement\":[{\"@type\":\"ListItem\",\"position\":1,\"name\":\"Home\",\"item\":\"https:\/\/www.mojabochnia.pl\/\"},{\"@type\":\"ListItem\",\"position\":2,\"name\":\"Babica mo\u017ce zagrozi\u0107 Bochni w razie ulewy\"}]},{\"@type\":\"WebSite\",\"@id\":\"https:\/\/www.mojabochnia.pl\/#website\",\"url\":\"https:\/\/www.mojabochnia.pl\/\",\"name\":\"mojabochnia.pl - portal informacyjny\",\"description\":\"mojaBochnia to portal informacyjny o Bochni. Codziennie o Bochni piszemy i pokazujemy najwa\u017cniejsze wydarzenia\",\"publisher\":{\"@id\":\"https:\/\/www.mojabochnia.pl\/#organization\"},\"potentialAction\":[{\"@type\":\"SearchAction\",\"target\":{\"@type\":\"EntryPoint\",\"urlTemplate\":\"https:\/\/www.mojabochnia.pl\/?s={search_term_string}\"},\"query-input\":{\"@type\":\"PropertyValueSpecification\",\"valueRequired\":true,\"valueName\":\"search_term_string\"}}],\"inLanguage\":\"pl-PL\"},{\"@type\":\"Organization\",\"@id\":\"https:\/\/www.mojabochnia.pl\/#organization\",\"name\":\"mojabochnia.pl - portal informacyjny\",\"url\":\"https:\/\/www.mojabochnia.pl\/\",\"logo\":{\"@type\":\"ImageObject\",\"inLanguage\":\"pl-PL\",\"@id\":\"https:\/\/www.mojabochnia.pl\/#\/schema\/logo\/image\/\",\"url\":\"https:\/\/www.mojabochnia.pl\/wp-content\/uploads\/2017\/08\/logo-mb-opt.png\",\"contentUrl\":\"https:\/\/www.mojabochnia.pl\/wp-content\/uploads\/2017\/08\/logo-mb-opt.png\",\"width\":250,\"height\":48,\"caption\":\"mojabochnia.pl - portal informacyjny\"},\"image\":{\"@id\":\"https:\/\/www.mojabochnia.pl\/#\/schema\/logo\/image\/\"},\"sameAs\":[\"https:\/\/www.facebook.com\/mojabochnia\"]},{\"@type\":\"Person\",\"@id\":\"https:\/\/www.mojabochnia.pl\/#\/schema\/person\/ea042e4724a77627963f02166828ead4\",\"name\":\"Pawe\u0142 Michalczyk\",\"url\":\"https:\/\/www.mojabochnia.pl\/?author=4\"}]}<\/script>\n<!-- \/ Yoast SEO plugin. -->","yoast_head_json":{"title":"Babica mo\u017ce zagrozi\u0107 Bochni w razie ulewy - mojabochnia.pl - portal informacyjny","robots":{"index":"index","follow":"follow","max-snippet":"max-snippet:-1","max-image-preview":"max-image-preview:large","max-video-preview":"max-video-preview:-1"},"canonical":"https:\/\/www.mojabochnia.pl\/?p=76041","og_locale":"pl_PL","og_type":"article","og_title":"Babica mo\u017ce zagrozi\u0107 Bochni w razie ulewy - mojabochnia.pl - portal informacyjny","og_description":"Potok Babica w Bochni zosta\u0142 wykoszony, b\u0119dzie te\u017c udro\u017cniony. Jednak nie na ca\u0142ym odcinku. Zdaniem w\u0142adz takie zaniechanie mo\u017ce spowodowa\u0107 wyst\u0105pienie strumienia z brzeg\u00f3w jego dolnym biegu.","og_url":"https:\/\/www.mojabochnia.pl\/?p=76041","og_site_name":"mojabochnia.pl - portal informacyjny","article_publisher":"https:\/\/www.facebook.com\/mojabochnia","article_published_time":"2012-08-03T09:03:06+00:00","author":"Pawe\u0142 Michalczyk","twitter_card":"summary_large_image","twitter_misc":{"Written by":"Pawe\u0142 Michalczyk","Est. reading time":"1 minuta"},"schema":{"@context":"https:\/\/schema.org","@graph":[{"@type":"Article","@id":"https:\/\/www.mojabochnia.pl\/?p=76041#article","isPartOf":{"@id":"https:\/\/www.mojabochnia.pl\/?p=76041"},"author":{"name":"Pawe\u0142 Michalczyk","@id":"https:\/\/www.mojabochnia.pl\/#\/schema\/person\/ea042e4724a77627963f02166828ead4"},"headline":"Babica mo\u017ce zagrozi\u0107 Bochni w razie ulewy","datePublished":"2012-08-03T09:03:06+00:00","mainEntityOfPage":{"@id":"https:\/\/www.mojabochnia.pl\/?p=76041"},"wordCount":224,"commentCount":0,"publisher":{"@id":"https:\/\/www.mojabochnia.pl\/#organization"},"keywords":["babica","burza","deszcz","opady","potok","pow\u00f3d\u017a","regulacja","tomasz przyby\u0142o","woda"],"articleSection":["2_ostatnie","polityka i wydarzenia","tematyka"],"inLanguage":"pl-PL","potentialAction":[{"@type":"CommentAction","name":"Comment","target":["https:\/\/www.mojabochnia.pl\/?p=76041#respond"]}]},{"@type":"WebPage","@id":"https:\/\/www.mojabochnia.pl\/?p=76041","url":"https:\/\/www.mojabochnia.pl\/?p=76041","name":"Babica mo\u017ce zagrozi\u0107 Bochni w razie ulewy - mojabochnia.pl - portal informacyjny","isPartOf":{"@id":"https:\/\/www.mojabochnia.pl\/#website"},"datePublished":"2012-08-03T09:03:06+00:00","breadcrumb":{"@id":"https:\/\/www.mojabochnia.pl\/?p=76041#breadcrumb"},"inLanguage":"pl-PL","potentialAction":[{"@type":"ReadAction","target":["https:\/\/www.mojabochnia.pl\/?p=76041"]}]},{"@type":"BreadcrumbList","@id":"https:\/\/www.mojabochnia.pl\/?p=76041#breadcrumb","itemListElement":[{"@type":"ListItem","position":1,"name":"Home","item":"https:\/\/www.mojabochnia.pl\/"},{"@type":"ListItem","position":2,"name":"Babica mo\u017ce zagrozi\u0107 Bochni w razie ulewy"}]},{"@type":"WebSite","@id":"https:\/\/www.mojabochnia.pl\/#website","url":"https:\/\/www.mojabochnia.pl\/","name":"mojabochnia.pl - portal informacyjny","description":"mojaBochnia to portal informacyjny o Bochni. Codziennie o Bochni piszemy i pokazujemy najwa\u017cniejsze wydarzenia","publisher":{"@id":"https:\/\/www.mojabochnia.pl\/#organization"},"potentialAction":[{"@type":"SearchAction","target":{"@type":"EntryPoint","urlTemplate":"https:\/\/www.mojabochnia.pl\/?s={search_term_string}"},"query-input":{"@type":"PropertyValueSpecification","valueRequired":true,"valueName":"search_term_string"}}],"inLanguage":"pl-PL"},{"@type":"Organization","@id":"https:\/\/www.mojabochnia.pl\/#organization","name":"mojabochnia.pl - portal informacyjny","url":"https:\/\/www.mojabochnia.pl\/","logo":{"@type":"ImageObject","inLanguage":"pl-PL","@id":"https:\/\/www.mojabochnia.pl\/#\/schema\/logo\/image\/","url":"https:\/\/www.mojabochnia.pl\/wp-content\/uploads\/2017\/08\/logo-mb-opt.png","contentUrl":"https:\/\/www.mojabochnia.pl\/wp-content\/uploads\/2017\/08\/logo-mb-opt.png","width":250,"height":48,"caption":"mojabochnia.pl - portal informacyjny"},"image":{"@id":"https:\/\/www.mojabochnia.pl\/#\/schema\/logo\/image\/"},"sameAs":["https:\/\/www.facebook.com\/mojabochnia"]},{"@type":"Person","@id":"https:\/\/www.mojabochnia.pl\/#\/schema\/person\/ea042e4724a77627963f02166828ead4","name":"Pawe\u0142 Michalczyk","url":"https:\/\/www.mojabochnia.pl\/?author=4"}]}},"_links":{"self":[{"href":"https:\/\/www.mojabochnia.pl\/index.php?rest_route=\/wp\/v2\/posts\/76041","targetHints":{"allow":["GET"]}}],"collection":[{"href":"https:\/\/www.mojabochnia.pl\/index.php?rest_route=\/wp\/v2\/posts"}],"about":[{"href":"https:\/\/www.mojabochnia.pl\/index.php?rest_route=\/wp\/v2\/types\/post"}],"author":[{"embeddable":true,"href":"https:\/\/www.mojabochnia.pl\/index.php?rest_route=\/wp\/v2\/users\/4"}],"replies":[{"embeddable":true,"href":"https:\/\/www.mojabochnia.pl\/index.php?rest_route=%2Fwp%2Fv2%2Fcomments&post=76041"}],"version-history":[{"count":5,"href":"https:\/\/www.mojabochnia.pl\/index.php?rest_route=\/wp\/v2\/posts\/76041\/revisions"}],"predecessor-version":[{"id":76046,"href":"https:\/\/www.mojabochnia.pl\/index.php?rest_route=\/wp\/v2\/posts\/76041\/revisions\/76046"}],"wp:attachment":[{"href":"https:\/\/www.mojabochnia.pl\/index.php?rest_route=%2Fwp%2Fv2%2Fmedia&parent=76041"}],"wp:term":[{"taxonomy":"category","embeddable":true,"href":"https:\/\/www.mojabochnia.pl\/index.php?rest_route=%2Fwp%2Fv2%2Fcategories&post=76041"},{"taxonomy":"post_tag","embeddable":true,"href":"https:\/\/www.mojabochnia.pl\/index.php?rest_route=%2Fwp%2Fv2%2Ftags&post=76041"}],"curies":[{"name":"wp","href":"https:\/\/api.w.org\/{rel}","templated":true}]}}