{"id":76025,"date":"2012-08-02T20:54:31","date_gmt":"2012-08-02T18:54:31","guid":{"rendered":"http:\/\/www.mojabochnia.pl\/?p=76025"},"modified":"2012-08-02T21:48:53","modified_gmt":"2012-08-02T19:48:53","slug":"bochenska-scena-letnia-w-sobote-chor-gospel-hope-singers","status":"publish","type":"post","link":"https:\/\/www.mojabochnia.pl\/?p=76025","title":{"rendered":"Boche\u0144ska Scena Letnia: w sobot\u0119 ch\u00f3r gospel Hope Singers i zesp\u00f3\u0142 Jaborbel"},"content":{"rendered":"<p>4 sierpnia, sobota, Rynek, Bochnia<\/p>\n<p>17.00 Hope Singers<\/p>\n<p>19.00 Jaborbel<\/p>\n<p><strong>Hope Singers:<\/strong><\/p>\n<p>Ameryka\u0144ski Ch\u00f3r Menonit\u00f3w, liczy 38 os\u00f3b i prezentuje program, sk\u0142adaj\u0105cy si\u0119 ze \u015bpiewanych w j\u0119zyku angielskim, polskim, rosyjskim i niemieckim tradycyjnych chrze\u015bcija\u0144skich hymn\u00f3w, aran\u017cacji pie\u015bni chrze\u015bcija\u0144skich, tak ameryka\u0144skich, jak i europejskich oraz innych pie\u015bni ch\u00f3ralnych. Ponad po\u0142owa pie\u015bni podczas koncertu b\u0119dzie wykonana w j\u0119zyku polskim. &#8222;Prezentacja przez angloj\u0119zyczny ch\u00f3r pie\u015bni w j\u0119zyku polskim mo\u017ce by\u0107 ciekawym do\u015bwiadczeniem dla mieszka\u0144c\u00f3w Bochni, a na pewno jest wyczynem godnym podziwu, poniewa\u017c j\u0119zyk polski przez lingwist\u00f3w jest plasowany na trzecim miejscu w\u015br\u00f3d najtrudniejszych j\u0119zyk\u00f3w \u015bwiata.&#8221;<\/p>\n<p>Przed i w trakcie koncertu w pobli\u017cu sceny b\u0119dzie rozdawany program wyst\u0119pu zawieraj\u0105cy r\u00f3wnie\u017c wykaz \u015bpiewak\u00f3w oraz tegoroczn\u0105 tras\u0119 koncertow\u0105 Ch\u00f3ru Hope Singers.<br \/>\nCh\u00f3r przyjecha\u0142 do Bochni na zaproszenie tutejszego Zboru Baptyst\u00f3w.<\/p>\n<p><strong>Jaborbel:<\/strong><\/p>\n<p>To m\u0142ody trzyosobowy boche\u0144ski zesp\u00f3\u0142, kt\u00f3rego muzyka oscyluje mi\u0119dzy reggae a heavy metalem. Ich nazwa to akronim pochodz\u0105cy od imienia i ksywek cz\u0142onk\u00f3w zespo\u0142u.<\/p>\n<p>Tak pisz\u0105 o sobie:<\/p>\n<p>&#8222;Kiedy zderzaj\u0105 si\u0119 trzy r\u00f3\u017cne \u015bwiaty nast\u0119puje wielka eksplozja daj\u0105ca pocz\u0105tek czemu\u015b nowemu. Jaborbel jest zderzeniem trzech zupe\u0142nie r\u00f3\u017cnych rzeczywisto\u015bci: mrocznej, pogodnej i refleksyjnej, kt\u00f3re w po\u0142\u0105czeniu daj\u0105 trudny do zaklasyfikowania gatunek muzyczny z pogranicza reggae, ska, rocka i heavy metalu.<\/p>\n<p>Ca\u0142kiem niedawno tr\u00f3jka kreatywnych muzyk\u00f3w postanowi\u0142a stworzy\u0107 zesp\u00f3\u0142 w kt\u00f3rym ka\u017cdy wyrazi\u0142by siebie najlepiej jak potrafi. Wsp\u00f3lne pr\u00f3by zaowocowa\u0142y kilkoma w\u0142asnymi kawa\u0142kami, kt\u00f3re pierwszy raz \u015bwiat\u0142o dzienne ujrz\u0105 na Boche\u0144skiej Scenie Letniej.&#8221;<\/p>\n<p>Sk\u0142ad:<br \/>\nJan Smaga &#8211; gitara elektryczna &#8211; &#8222;dzi\u0119ki niemu nasza muzyka \u017cyje i ma ten swoisty klimat. Sol\u00f3wki gitarowe i nietypowe harmonie to jego specjalno\u015b\u0107&#8221;<br \/>\nMateusz Borowiec (Boro) &#8211; perkusja &#8211; &#8222;mroczna dusza, kt\u00f3ra nadaje naszym kawa\u0142kom ostry klimat&#8221;<br \/>\nPawe\u0142 Goli\u0144ski (Belmond) &#8211; klawisze &#8211; &#8222;autor wi\u0119kszo\u015bci tekst\u00f3w i podstawowej melodii&#8221;.<\/p>\n<p>&#8212;&#8212;&#8212;&#8212;&#8212;&#8212;&#8212;&#8212;&#8212;&#8212;&#8212;&#8212;&#8212;&#8212;&#8212;&#8212;&#8212;&#8212;&#8212;&#8212;&#8212;&#8212;&#8212;&#8212;&#8212;&#8212;&#8212;-<br \/>\nStowarzyszenie \u201eDla Muzyki\u201d wraz ze stowarzyszeniem \u201eKot\u0142ownia\u201d przy wsparciu boche\u0144skiego Wydzia\u0142u Promocji i Rozwoju Miasta rozpoczynaj\u0105 realizacj\u0119 projektu \u201eBOCHE\u0143SKA SCENA LETNIA\u201d.<\/p>\n<p>6 lipca ruszy\u0142 cykl pokaz\u00f3w i koncert\u00f3w maj\u0105cych na celu promowanie amatorskiej tw\u00f3rczo\u015bci dzieci, m\u0142odzie\u017cy i doros\u0142ych a tak\u017ce uczni\u00f3w Szko\u0142y Muzycznej I Stopnia im. J. \u017burawlewa (z terenu Bochni i okolic) oraz amatorskich grup zainteresowa\u0144 m.in. sportowych i tanecznych.<\/p>\n<p>Prezentacja poszczeg\u00f3lnych grup, zespo\u0142\u00f3w czy formacji b\u0119dzie si\u0119 odbywa\u0107 w ka\u017cdy kolejny pi\u0105tek lipca i sierpnia 2012r. na scenie boche\u0144skiego rynku. Przez Boche\u0144sk\u0105 Scen\u0119 Letni\u0105 przewinie si\u0119 szereg utalentowanych zar\u00f3wno m\u0142odych, pocz\u0105tkuj\u0105cych zdolnych ludzi jak i do\u015bwiadczonych w swych dziedzinach starszych koleg\u00f3w z naszego regionu. B\u0119dzie bardzo r\u00f3\u017cnorodnie zatem wierzymy, \u017ce pi\u0105tkowe wieczory umil\u0105 Wam czas odpoczynku.<\/p>\n<p>Projekt zosta\u0142 dofinansowany ze \u015brodk\u00f3w bud\u017cetowych Gminy Miasta Bochnia.<\/p>\n","protected":false},"excerpt":{"rendered":"<p>Nie w pi\u0105tek, jak dot\u0105d, ale w najbli\u017csz\u0105 sobot\u0119 na Rynku w Bochni us\u0142yszymy Ch\u00f3r Menonit\u00f3w Hope Singers z USA. Nie zabraknie i lokalnego akcentu, bowiem zaraz po nich wyst\u0105pi debiutuj\u0105cy boche\u0144ski Jaborbel. Pocz\u0105tek ju\u017c o 17.00. <\/p>\n","protected":false},"author":13,"featured_media":0,"comment_status":"open","ping_status":"closed","sticky":false,"template":"","format":"standard","meta":{"_acf_changed":false,"footnotes":""},"categories":[5,92,6250],"tags":[11261,18135,17490,2159,17108,17348],"class_list":["post-76025","post","type-post","status-publish","format-standard","hentry","category-biezace-wydarzenia","category-kultura","category-tematyka","tag-baptysci","tag-bochenska-scena-letnia","tag-chor","tag-gospel","tag-koncert","tag-rynek","main_tag-koncert"],"acf":[],"yoast_head":"<!-- This site is optimized with the Yoast SEO plugin v26.9 - https:\/\/yoast.com\/product\/yoast-seo-wordpress\/ -->\n<title>Boche\u0144ska Scena Letnia: w sobot\u0119 ch\u00f3r gospel Hope Singers i zesp\u00f3\u0142 Jaborbel - mojabochnia.pl - portal informacyjny<\/title>\n<meta name=\"robots\" content=\"index, follow, max-snippet:-1, max-image-preview:large, max-video-preview:-1\" \/>\n<link rel=\"canonical\" href=\"https:\/\/www.mojabochnia.pl\/?p=76025\" \/>\n<meta property=\"og:locale\" content=\"pl_PL\" \/>\n<meta property=\"og:type\" content=\"article\" \/>\n<meta property=\"og:title\" content=\"Boche\u0144ska Scena Letnia: w sobot\u0119 ch\u00f3r gospel Hope Singers i zesp\u00f3\u0142 Jaborbel - mojabochnia.pl - portal informacyjny\" \/>\n<meta property=\"og:description\" content=\"Nie w pi\u0105tek, jak dot\u0105d, ale w najbli\u017csz\u0105 sobot\u0119 na Rynku w Bochni us\u0142yszymy Ch\u00f3r Menonit\u00f3w Hope Singers z USA. Nie zabraknie i lokalnego akcentu, bowiem zaraz po nich wyst\u0105pi debiutuj\u0105cy boche\u0144ski Jaborbel. Pocz\u0105tek ju\u017c o 17.00.\" \/>\n<meta property=\"og:url\" content=\"https:\/\/www.mojabochnia.pl\/?p=76025\" \/>\n<meta property=\"og:site_name\" content=\"mojabochnia.pl - portal informacyjny\" \/>\n<meta property=\"article:publisher\" content=\"https:\/\/www.facebook.com\/mojabochnia\" \/>\n<meta property=\"article:published_time\" content=\"2012-08-02T18:54:31+00:00\" \/>\n<meta property=\"article:modified_time\" content=\"2012-08-02T19:48:53+00:00\" \/>\n<meta name=\"author\" content=\"redakcja\" \/>\n<meta name=\"twitter:card\" content=\"summary_large_image\" \/>\n<meta name=\"twitter:label1\" content=\"Written by\" \/>\n\t<meta name=\"twitter:data1\" content=\"redakcja\" \/>\n\t<meta name=\"twitter:label2\" content=\"Est. reading time\" \/>\n\t<meta name=\"twitter:data2\" content=\"3 minuty\" \/>\n<script type=\"application\/ld+json\" class=\"yoast-schema-graph\">{\"@context\":\"https:\/\/schema.org\",\"@graph\":[{\"@type\":\"Article\",\"@id\":\"https:\/\/www.mojabochnia.pl\/?p=76025#article\",\"isPartOf\":{\"@id\":\"https:\/\/www.mojabochnia.pl\/?p=76025\"},\"author\":{\"name\":\"redakcja\",\"@id\":\"https:\/\/www.mojabochnia.pl\/#\/schema\/person\/7e2f20ead9902216a3384f13606c0ab7\"},\"headline\":\"Boche\u0144ska Scena Letnia: w sobot\u0119 ch\u00f3r gospel Hope Singers i zesp\u00f3\u0142 Jaborbel\",\"datePublished\":\"2012-08-02T18:54:31+00:00\",\"dateModified\":\"2012-08-02T19:48:53+00:00\",\"mainEntityOfPage\":{\"@id\":\"https:\/\/www.mojabochnia.pl\/?p=76025\"},\"wordCount\":534,\"commentCount\":0,\"publisher\":{\"@id\":\"https:\/\/www.mojabochnia.pl\/#organization\"},\"keywords\":[\"bapty\u015bci\",\"boche\u0144ska scena letnia\",\"ch\u00f3r\",\"gospel\",\"koncert\",\"rynek\"],\"articleSection\":[\"2_ostatnie\",\"kultura\",\"tematyka\"],\"inLanguage\":\"pl-PL\",\"potentialAction\":[{\"@type\":\"CommentAction\",\"name\":\"Comment\",\"target\":[\"https:\/\/www.mojabochnia.pl\/?p=76025#respond\"]}]},{\"@type\":\"WebPage\",\"@id\":\"https:\/\/www.mojabochnia.pl\/?p=76025\",\"url\":\"https:\/\/www.mojabochnia.pl\/?p=76025\",\"name\":\"Boche\u0144ska Scena Letnia: w sobot\u0119 ch\u00f3r gospel Hope Singers i zesp\u00f3\u0142 Jaborbel - mojabochnia.pl - portal informacyjny\",\"isPartOf\":{\"@id\":\"https:\/\/www.mojabochnia.pl\/#website\"},\"datePublished\":\"2012-08-02T18:54:31+00:00\",\"dateModified\":\"2012-08-02T19:48:53+00:00\",\"breadcrumb\":{\"@id\":\"https:\/\/www.mojabochnia.pl\/?p=76025#breadcrumb\"},\"inLanguage\":\"pl-PL\",\"potentialAction\":[{\"@type\":\"ReadAction\",\"target\":[\"https:\/\/www.mojabochnia.pl\/?p=76025\"]}]},{\"@type\":\"BreadcrumbList\",\"@id\":\"https:\/\/www.mojabochnia.pl\/?p=76025#breadcrumb\",\"itemListElement\":[{\"@type\":\"ListItem\",\"position\":1,\"name\":\"Home\",\"item\":\"https:\/\/www.mojabochnia.pl\/\"},{\"@type\":\"ListItem\",\"position\":2,\"name\":\"Boche\u0144ska Scena Letnia: w sobot\u0119 ch\u00f3r gospel Hope Singers i zesp\u00f3\u0142 Jaborbel\"}]},{\"@type\":\"WebSite\",\"@id\":\"https:\/\/www.mojabochnia.pl\/#website\",\"url\":\"https:\/\/www.mojabochnia.pl\/\",\"name\":\"mojabochnia.pl - portal informacyjny\",\"description\":\"mojaBochnia to portal informacyjny o Bochni. Codziennie o Bochni piszemy i pokazujemy najwa\u017cniejsze wydarzenia\",\"publisher\":{\"@id\":\"https:\/\/www.mojabochnia.pl\/#organization\"},\"potentialAction\":[{\"@type\":\"SearchAction\",\"target\":{\"@type\":\"EntryPoint\",\"urlTemplate\":\"https:\/\/www.mojabochnia.pl\/?s={search_term_string}\"},\"query-input\":{\"@type\":\"PropertyValueSpecification\",\"valueRequired\":true,\"valueName\":\"search_term_string\"}}],\"inLanguage\":\"pl-PL\"},{\"@type\":\"Organization\",\"@id\":\"https:\/\/www.mojabochnia.pl\/#organization\",\"name\":\"mojabochnia.pl - portal informacyjny\",\"url\":\"https:\/\/www.mojabochnia.pl\/\",\"logo\":{\"@type\":\"ImageObject\",\"inLanguage\":\"pl-PL\",\"@id\":\"https:\/\/www.mojabochnia.pl\/#\/schema\/logo\/image\/\",\"url\":\"https:\/\/www.mojabochnia.pl\/wp-content\/uploads\/2017\/08\/logo-mb-opt.png\",\"contentUrl\":\"https:\/\/www.mojabochnia.pl\/wp-content\/uploads\/2017\/08\/logo-mb-opt.png\",\"width\":250,\"height\":48,\"caption\":\"mojabochnia.pl - portal informacyjny\"},\"image\":{\"@id\":\"https:\/\/www.mojabochnia.pl\/#\/schema\/logo\/image\/\"},\"sameAs\":[\"https:\/\/www.facebook.com\/mojabochnia\"]},{\"@type\":\"Person\",\"@id\":\"https:\/\/www.mojabochnia.pl\/#\/schema\/person\/7e2f20ead9902216a3384f13606c0ab7\",\"name\":\"redakcja\",\"sameAs\":[\"http:\/\/\"],\"url\":\"https:\/\/www.mojabochnia.pl\/?author=13\"}]}<\/script>\n<!-- \/ Yoast SEO plugin. -->","yoast_head_json":{"title":"Boche\u0144ska Scena Letnia: w sobot\u0119 ch\u00f3r gospel Hope Singers i zesp\u00f3\u0142 Jaborbel - mojabochnia.pl - portal informacyjny","robots":{"index":"index","follow":"follow","max-snippet":"max-snippet:-1","max-image-preview":"max-image-preview:large","max-video-preview":"max-video-preview:-1"},"canonical":"https:\/\/www.mojabochnia.pl\/?p=76025","og_locale":"pl_PL","og_type":"article","og_title":"Boche\u0144ska Scena Letnia: w sobot\u0119 ch\u00f3r gospel Hope Singers i zesp\u00f3\u0142 Jaborbel - mojabochnia.pl - portal informacyjny","og_description":"Nie w pi\u0105tek, jak dot\u0105d, ale w najbli\u017csz\u0105 sobot\u0119 na Rynku w Bochni us\u0142yszymy Ch\u00f3r Menonit\u00f3w Hope Singers z USA. Nie zabraknie i lokalnego akcentu, bowiem zaraz po nich wyst\u0105pi debiutuj\u0105cy boche\u0144ski Jaborbel. Pocz\u0105tek ju\u017c o 17.00.","og_url":"https:\/\/www.mojabochnia.pl\/?p=76025","og_site_name":"mojabochnia.pl - portal informacyjny","article_publisher":"https:\/\/www.facebook.com\/mojabochnia","article_published_time":"2012-08-02T18:54:31+00:00","article_modified_time":"2012-08-02T19:48:53+00:00","author":"redakcja","twitter_card":"summary_large_image","twitter_misc":{"Written by":"redakcja","Est. reading time":"3 minuty"},"schema":{"@context":"https:\/\/schema.org","@graph":[{"@type":"Article","@id":"https:\/\/www.mojabochnia.pl\/?p=76025#article","isPartOf":{"@id":"https:\/\/www.mojabochnia.pl\/?p=76025"},"author":{"name":"redakcja","@id":"https:\/\/www.mojabochnia.pl\/#\/schema\/person\/7e2f20ead9902216a3384f13606c0ab7"},"headline":"Boche\u0144ska Scena Letnia: w sobot\u0119 ch\u00f3r gospel Hope Singers i zesp\u00f3\u0142 Jaborbel","datePublished":"2012-08-02T18:54:31+00:00","dateModified":"2012-08-02T19:48:53+00:00","mainEntityOfPage":{"@id":"https:\/\/www.mojabochnia.pl\/?p=76025"},"wordCount":534,"commentCount":0,"publisher":{"@id":"https:\/\/www.mojabochnia.pl\/#organization"},"keywords":["bapty\u015bci","boche\u0144ska scena letnia","ch\u00f3r","gospel","koncert","rynek"],"articleSection":["2_ostatnie","kultura","tematyka"],"inLanguage":"pl-PL","potentialAction":[{"@type":"CommentAction","name":"Comment","target":["https:\/\/www.mojabochnia.pl\/?p=76025#respond"]}]},{"@type":"WebPage","@id":"https:\/\/www.mojabochnia.pl\/?p=76025","url":"https:\/\/www.mojabochnia.pl\/?p=76025","name":"Boche\u0144ska Scena Letnia: w sobot\u0119 ch\u00f3r gospel Hope Singers i zesp\u00f3\u0142 Jaborbel - mojabochnia.pl - portal informacyjny","isPartOf":{"@id":"https:\/\/www.mojabochnia.pl\/#website"},"datePublished":"2012-08-02T18:54:31+00:00","dateModified":"2012-08-02T19:48:53+00:00","breadcrumb":{"@id":"https:\/\/www.mojabochnia.pl\/?p=76025#breadcrumb"},"inLanguage":"pl-PL","potentialAction":[{"@type":"ReadAction","target":["https:\/\/www.mojabochnia.pl\/?p=76025"]}]},{"@type":"BreadcrumbList","@id":"https:\/\/www.mojabochnia.pl\/?p=76025#breadcrumb","itemListElement":[{"@type":"ListItem","position":1,"name":"Home","item":"https:\/\/www.mojabochnia.pl\/"},{"@type":"ListItem","position":2,"name":"Boche\u0144ska Scena Letnia: w sobot\u0119 ch\u00f3r gospel Hope Singers i zesp\u00f3\u0142 Jaborbel"}]},{"@type":"WebSite","@id":"https:\/\/www.mojabochnia.pl\/#website","url":"https:\/\/www.mojabochnia.pl\/","name":"mojabochnia.pl - portal informacyjny","description":"mojaBochnia to portal informacyjny o Bochni. Codziennie o Bochni piszemy i pokazujemy najwa\u017cniejsze wydarzenia","publisher":{"@id":"https:\/\/www.mojabochnia.pl\/#organization"},"potentialAction":[{"@type":"SearchAction","target":{"@type":"EntryPoint","urlTemplate":"https:\/\/www.mojabochnia.pl\/?s={search_term_string}"},"query-input":{"@type":"PropertyValueSpecification","valueRequired":true,"valueName":"search_term_string"}}],"inLanguage":"pl-PL"},{"@type":"Organization","@id":"https:\/\/www.mojabochnia.pl\/#organization","name":"mojabochnia.pl - portal informacyjny","url":"https:\/\/www.mojabochnia.pl\/","logo":{"@type":"ImageObject","inLanguage":"pl-PL","@id":"https:\/\/www.mojabochnia.pl\/#\/schema\/logo\/image\/","url":"https:\/\/www.mojabochnia.pl\/wp-content\/uploads\/2017\/08\/logo-mb-opt.png","contentUrl":"https:\/\/www.mojabochnia.pl\/wp-content\/uploads\/2017\/08\/logo-mb-opt.png","width":250,"height":48,"caption":"mojabochnia.pl - portal informacyjny"},"image":{"@id":"https:\/\/www.mojabochnia.pl\/#\/schema\/logo\/image\/"},"sameAs":["https:\/\/www.facebook.com\/mojabochnia"]},{"@type":"Person","@id":"https:\/\/www.mojabochnia.pl\/#\/schema\/person\/7e2f20ead9902216a3384f13606c0ab7","name":"redakcja","sameAs":["http:\/\/"],"url":"https:\/\/www.mojabochnia.pl\/?author=13"}]}},"_links":{"self":[{"href":"https:\/\/www.mojabochnia.pl\/index.php?rest_route=\/wp\/v2\/posts\/76025","targetHints":{"allow":["GET"]}}],"collection":[{"href":"https:\/\/www.mojabochnia.pl\/index.php?rest_route=\/wp\/v2\/posts"}],"about":[{"href":"https:\/\/www.mojabochnia.pl\/index.php?rest_route=\/wp\/v2\/types\/post"}],"author":[{"embeddable":true,"href":"https:\/\/www.mojabochnia.pl\/index.php?rest_route=\/wp\/v2\/users\/13"}],"replies":[{"embeddable":true,"href":"https:\/\/www.mojabochnia.pl\/index.php?rest_route=%2Fwp%2Fv2%2Fcomments&post=76025"}],"version-history":[{"count":10,"href":"https:\/\/www.mojabochnia.pl\/index.php?rest_route=\/wp\/v2\/posts\/76025\/revisions"}],"predecessor-version":[{"id":76036,"href":"https:\/\/www.mojabochnia.pl\/index.php?rest_route=\/wp\/v2\/posts\/76025\/revisions\/76036"}],"wp:attachment":[{"href":"https:\/\/www.mojabochnia.pl\/index.php?rest_route=%2Fwp%2Fv2%2Fmedia&parent=76025"}],"wp:term":[{"taxonomy":"category","embeddable":true,"href":"https:\/\/www.mojabochnia.pl\/index.php?rest_route=%2Fwp%2Fv2%2Fcategories&post=76025"},{"taxonomy":"post_tag","embeddable":true,"href":"https:\/\/www.mojabochnia.pl\/index.php?rest_route=%2Fwp%2Fv2%2Ftags&post=76025"}],"curies":[{"name":"wp","href":"https:\/\/api.w.org\/{rel}","templated":true}]}}