{"id":75979,"date":"2012-08-03T09:41:09","date_gmt":"2012-08-03T07:41:09","guid":{"rendered":"http:\/\/www.mojabochnia.pl\/?p=75979"},"modified":"2012-08-02T22:43:36","modified_gmt":"2012-08-02T20:43:36","slug":"gm-bochnia-biblioteki-z-dotacja-od-fundacji-orange","status":"publish","type":"post","link":"https:\/\/www.mojabochnia.pl\/?p=75979","title":{"rendered":"Gm. Bochnia: biblioteki z dotacj\u0105 od Fundacji Orange"},"content":{"rendered":"<p>Program \u201eAkademia Orange dla bibliotek&#8221; prowadzi Fundacja Orange. Jego celem jest wspieranie rozwoju spo\u0142ecze\u0144stwa informacyjnego poprzez zwi\u0119kszenie dost\u0119pu do nowych technologii komunikacyjnych i promocj\u0119 ich wykorzystania, a w konsekwencji do przekszta\u0142cenia bibliotek publicznych w nowoczesne, wielofunkcyjne centra informacyjne, kulturalne i edukacyjne. <\/p>\n<p>Do programu przyst\u0105pi\u0142a r\u00f3wnie\u017c Gminna Biblioteka Publiczna w \u0141apczycy wraz z filiami, dzia\u0142aj\u0105ca w strukturach Gminnego Centrum Kultury Czytelnictwa i Sportu w Bochni. W ramach programu Akademia Orange dla bibliotek uzyska\u0142a od Fundacji Orange dotacj\u0119 w wysoko\u015bci 2 091,31 z\u0142. <\/p>\n<p>Dotacja ta jest przeznaczona na op\u0142at\u0119 \u0142\u0105czy internetowych w bibliotekach w 2012 roku, oraz na zakup materia\u0142\u00f3w i prowadzenie projekt\u00f3w o charakterze edukacyjnym. Celem dotacji jest edukacja, a tak\u017ce popularyzacja i zwi\u0119kszenie wykorzystania Internetu w\u015br\u00f3d pracownik\u00f3w i u\u017cytkownik\u00f3w bibliotek. Ma ona pozytywny wp\u0142yw na rozw\u00f3j spo\u0142ecze\u0144stwa informacyjnego w bibliotekach znajduj\u0105cych si\u0119 w gminie Bochnia. <\/p>\n<p>Dzi\u0119ki niej u\u017cytkownicy bibliotek mog\u0105 bezp\u0142atnie korzysta\u0107 z Internetu, a tak\u017ce bra\u0107 udzia\u0142 w bezp\u0142atnych zaj\u0119ciach komputerowych, takich jak: nauka obs\u0142ugi komputera i Internetu, urz\u0105dzenia wielofunkcyjnego, program\u00f3w komputerowych, zak\u0142adanie poczty internetowej, konta na portalach spo\u0142eczno\u015bciowych, u\u017cywania przegl\u0105darek i wyszukiwarek internetowych, wyszukiwanie wszelkiego typu potrzebnych informacji, bezpiecznego korzystania z Internetu. Dzia\u0142ania te sprawiaj\u0105, \u017ce biblioteki w naszej gminie przyczyniaj\u0105 si\u0119 do tworzenia spo\u0142ecze\u0144stwa informacyjnego.<\/p>\n<p>Gminna Biblioteka Publiczna w \u0141apczycy wraz z filiami w: Baczkowie, Brze\u017anicy, Buczynie, Cikowicach, Majkowicach, Siedlcu oraz Woli Nieszkowskiej, zapraszaj\u0105 do bezp\u0142atnego korzystania z Internetu. Szczeg\u00f3\u0142owe informacje na temat bezp\u0142atnych zaj\u0119\u0107, w trakcie kt\u00f3rych mo\u017cna m.in. nauczy\u0107 si\u0119 obs\u0142ugi komputera i Internetu, program\u00f3w komputerowych dost\u0119pne s\u0105 w bibliotekach.<\/p>\n","protected":false},"excerpt":{"rendered":"<p>Biblioteki gminy Bochnia dosta\u0142y wsparcie finansowe od Fundacji Orange. Dzi\u0119ki temu czytelnicy mog\u0105 bezp\u0142atnie korzysta\u0107 z Internetu, a tak\u017ce bra\u0107 udzia\u0142 w bezp\u0142atnych zaj\u0119ciach komputerowych.<\/p>\n","protected":false},"author":13,"featured_media":0,"comment_status":"open","ping_status":"closed","sticky":false,"template":"","format":"standard","meta":{"_acf_changed":false,"footnotes":""},"categories":[5,6251,6250],"tags":[17162,17253,11260,17225,3071],"class_list":["post-75979","post","type-post","status-publish","format-standard","hentry","category-biezace-wydarzenia","category-polityka-i-wydarzenia","category-tematyka","tag-biblioteka","tag-dotacja","tag-fundacja-orange","tag-gmina-bochnia","tag-gminne-centrum-kultury-czytelnictwa-i-sportu","main_tag-gmina-bochnia"],"acf":[],"yoast_head":"<!-- This site is optimized with the Yoast SEO plugin v26.9 - https:\/\/yoast.com\/product\/yoast-seo-wordpress\/ -->\n<title>Gm. Bochnia: biblioteki z dotacj\u0105 od Fundacji Orange - mojabochnia.pl - portal informacyjny<\/title>\n<meta name=\"robots\" content=\"index, follow, max-snippet:-1, max-image-preview:large, max-video-preview:-1\" \/>\n<link rel=\"canonical\" href=\"https:\/\/www.mojabochnia.pl\/?p=75979\" \/>\n<meta property=\"og:locale\" content=\"pl_PL\" \/>\n<meta property=\"og:type\" content=\"article\" \/>\n<meta property=\"og:title\" content=\"Gm. Bochnia: biblioteki z dotacj\u0105 od Fundacji Orange - mojabochnia.pl - portal informacyjny\" \/>\n<meta property=\"og:description\" content=\"Biblioteki gminy Bochnia dosta\u0142y wsparcie finansowe od Fundacji Orange. Dzi\u0119ki temu czytelnicy mog\u0105 bezp\u0142atnie korzysta\u0107 z Internetu, a tak\u017ce bra\u0107 udzia\u0142 w bezp\u0142atnych zaj\u0119ciach komputerowych.\" \/>\n<meta property=\"og:url\" content=\"https:\/\/www.mojabochnia.pl\/?p=75979\" \/>\n<meta property=\"og:site_name\" content=\"mojabochnia.pl - portal informacyjny\" \/>\n<meta property=\"article:publisher\" content=\"https:\/\/www.facebook.com\/mojabochnia\" \/>\n<meta property=\"article:published_time\" content=\"2012-08-03T07:41:09+00:00\" \/>\n<meta name=\"author\" content=\"redakcja\" \/>\n<meta name=\"twitter:card\" content=\"summary_large_image\" \/>\n<meta name=\"twitter:label1\" content=\"Written by\" \/>\n\t<meta name=\"twitter:data1\" content=\"redakcja\" \/>\n\t<meta name=\"twitter:label2\" content=\"Est. reading time\" \/>\n\t<meta name=\"twitter:data2\" content=\"1 minuta\" \/>\n<script type=\"application\/ld+json\" class=\"yoast-schema-graph\">{\"@context\":\"https:\/\/schema.org\",\"@graph\":[{\"@type\":\"Article\",\"@id\":\"https:\/\/www.mojabochnia.pl\/?p=75979#article\",\"isPartOf\":{\"@id\":\"https:\/\/www.mojabochnia.pl\/?p=75979\"},\"author\":{\"name\":\"redakcja\",\"@id\":\"https:\/\/www.mojabochnia.pl\/#\/schema\/person\/7e2f20ead9902216a3384f13606c0ab7\"},\"headline\":\"Gm. Bochnia: biblioteki z dotacj\u0105 od Fundacji Orange\",\"datePublished\":\"2012-08-03T07:41:09+00:00\",\"mainEntityOfPage\":{\"@id\":\"https:\/\/www.mojabochnia.pl\/?p=75979\"},\"wordCount\":304,\"commentCount\":0,\"publisher\":{\"@id\":\"https:\/\/www.mojabochnia.pl\/#organization\"},\"keywords\":[\"biblioteka\",\"dotacja\",\"fundacja orange\",\"gmina bochnia\",\"gminne centrum kultury czytelnictwa i sportu\"],\"articleSection\":[\"2_ostatnie\",\"polityka i wydarzenia\",\"tematyka\"],\"inLanguage\":\"pl-PL\",\"potentialAction\":[{\"@type\":\"CommentAction\",\"name\":\"Comment\",\"target\":[\"https:\/\/www.mojabochnia.pl\/?p=75979#respond\"]}]},{\"@type\":\"WebPage\",\"@id\":\"https:\/\/www.mojabochnia.pl\/?p=75979\",\"url\":\"https:\/\/www.mojabochnia.pl\/?p=75979\",\"name\":\"Gm. Bochnia: biblioteki z dotacj\u0105 od Fundacji Orange - mojabochnia.pl - portal informacyjny\",\"isPartOf\":{\"@id\":\"https:\/\/www.mojabochnia.pl\/#website\"},\"datePublished\":\"2012-08-03T07:41:09+00:00\",\"breadcrumb\":{\"@id\":\"https:\/\/www.mojabochnia.pl\/?p=75979#breadcrumb\"},\"inLanguage\":\"pl-PL\",\"potentialAction\":[{\"@type\":\"ReadAction\",\"target\":[\"https:\/\/www.mojabochnia.pl\/?p=75979\"]}]},{\"@type\":\"BreadcrumbList\",\"@id\":\"https:\/\/www.mojabochnia.pl\/?p=75979#breadcrumb\",\"itemListElement\":[{\"@type\":\"ListItem\",\"position\":1,\"name\":\"Home\",\"item\":\"https:\/\/www.mojabochnia.pl\/\"},{\"@type\":\"ListItem\",\"position\":2,\"name\":\"Gm. Bochnia: biblioteki z dotacj\u0105 od Fundacji Orange\"}]},{\"@type\":\"WebSite\",\"@id\":\"https:\/\/www.mojabochnia.pl\/#website\",\"url\":\"https:\/\/www.mojabochnia.pl\/\",\"name\":\"mojabochnia.pl - portal informacyjny\",\"description\":\"mojaBochnia to portal informacyjny o Bochni. Codziennie o Bochni piszemy i pokazujemy najwa\u017cniejsze wydarzenia\",\"publisher\":{\"@id\":\"https:\/\/www.mojabochnia.pl\/#organization\"},\"potentialAction\":[{\"@type\":\"SearchAction\",\"target\":{\"@type\":\"EntryPoint\",\"urlTemplate\":\"https:\/\/www.mojabochnia.pl\/?s={search_term_string}\"},\"query-input\":{\"@type\":\"PropertyValueSpecification\",\"valueRequired\":true,\"valueName\":\"search_term_string\"}}],\"inLanguage\":\"pl-PL\"},{\"@type\":\"Organization\",\"@id\":\"https:\/\/www.mojabochnia.pl\/#organization\",\"name\":\"mojabochnia.pl - portal informacyjny\",\"url\":\"https:\/\/www.mojabochnia.pl\/\",\"logo\":{\"@type\":\"ImageObject\",\"inLanguage\":\"pl-PL\",\"@id\":\"https:\/\/www.mojabochnia.pl\/#\/schema\/logo\/image\/\",\"url\":\"https:\/\/www.mojabochnia.pl\/wp-content\/uploads\/2017\/08\/logo-mb-opt.png\",\"contentUrl\":\"https:\/\/www.mojabochnia.pl\/wp-content\/uploads\/2017\/08\/logo-mb-opt.png\",\"width\":250,\"height\":48,\"caption\":\"mojabochnia.pl - portal informacyjny\"},\"image\":{\"@id\":\"https:\/\/www.mojabochnia.pl\/#\/schema\/logo\/image\/\"},\"sameAs\":[\"https:\/\/www.facebook.com\/mojabochnia\"]},{\"@type\":\"Person\",\"@id\":\"https:\/\/www.mojabochnia.pl\/#\/schema\/person\/7e2f20ead9902216a3384f13606c0ab7\",\"name\":\"redakcja\",\"sameAs\":[\"http:\/\/\"],\"url\":\"https:\/\/www.mojabochnia.pl\/?author=13\"}]}<\/script>\n<!-- \/ Yoast SEO plugin. -->","yoast_head_json":{"title":"Gm. Bochnia: biblioteki z dotacj\u0105 od Fundacji Orange - mojabochnia.pl - portal informacyjny","robots":{"index":"index","follow":"follow","max-snippet":"max-snippet:-1","max-image-preview":"max-image-preview:large","max-video-preview":"max-video-preview:-1"},"canonical":"https:\/\/www.mojabochnia.pl\/?p=75979","og_locale":"pl_PL","og_type":"article","og_title":"Gm. Bochnia: biblioteki z dotacj\u0105 od Fundacji Orange - mojabochnia.pl - portal informacyjny","og_description":"Biblioteki gminy Bochnia dosta\u0142y wsparcie finansowe od Fundacji Orange. Dzi\u0119ki temu czytelnicy mog\u0105 bezp\u0142atnie korzysta\u0107 z Internetu, a tak\u017ce bra\u0107 udzia\u0142 w bezp\u0142atnych zaj\u0119ciach komputerowych.","og_url":"https:\/\/www.mojabochnia.pl\/?p=75979","og_site_name":"mojabochnia.pl - portal informacyjny","article_publisher":"https:\/\/www.facebook.com\/mojabochnia","article_published_time":"2012-08-03T07:41:09+00:00","author":"redakcja","twitter_card":"summary_large_image","twitter_misc":{"Written by":"redakcja","Est. reading time":"1 minuta"},"schema":{"@context":"https:\/\/schema.org","@graph":[{"@type":"Article","@id":"https:\/\/www.mojabochnia.pl\/?p=75979#article","isPartOf":{"@id":"https:\/\/www.mojabochnia.pl\/?p=75979"},"author":{"name":"redakcja","@id":"https:\/\/www.mojabochnia.pl\/#\/schema\/person\/7e2f20ead9902216a3384f13606c0ab7"},"headline":"Gm. Bochnia: biblioteki z dotacj\u0105 od Fundacji Orange","datePublished":"2012-08-03T07:41:09+00:00","mainEntityOfPage":{"@id":"https:\/\/www.mojabochnia.pl\/?p=75979"},"wordCount":304,"commentCount":0,"publisher":{"@id":"https:\/\/www.mojabochnia.pl\/#organization"},"keywords":["biblioteka","dotacja","fundacja orange","gmina bochnia","gminne centrum kultury czytelnictwa i sportu"],"articleSection":["2_ostatnie","polityka i wydarzenia","tematyka"],"inLanguage":"pl-PL","potentialAction":[{"@type":"CommentAction","name":"Comment","target":["https:\/\/www.mojabochnia.pl\/?p=75979#respond"]}]},{"@type":"WebPage","@id":"https:\/\/www.mojabochnia.pl\/?p=75979","url":"https:\/\/www.mojabochnia.pl\/?p=75979","name":"Gm. Bochnia: biblioteki z dotacj\u0105 od Fundacji Orange - mojabochnia.pl - portal informacyjny","isPartOf":{"@id":"https:\/\/www.mojabochnia.pl\/#website"},"datePublished":"2012-08-03T07:41:09+00:00","breadcrumb":{"@id":"https:\/\/www.mojabochnia.pl\/?p=75979#breadcrumb"},"inLanguage":"pl-PL","potentialAction":[{"@type":"ReadAction","target":["https:\/\/www.mojabochnia.pl\/?p=75979"]}]},{"@type":"BreadcrumbList","@id":"https:\/\/www.mojabochnia.pl\/?p=75979#breadcrumb","itemListElement":[{"@type":"ListItem","position":1,"name":"Home","item":"https:\/\/www.mojabochnia.pl\/"},{"@type":"ListItem","position":2,"name":"Gm. Bochnia: biblioteki z dotacj\u0105 od Fundacji Orange"}]},{"@type":"WebSite","@id":"https:\/\/www.mojabochnia.pl\/#website","url":"https:\/\/www.mojabochnia.pl\/","name":"mojabochnia.pl - portal informacyjny","description":"mojaBochnia to portal informacyjny o Bochni. Codziennie o Bochni piszemy i pokazujemy najwa\u017cniejsze wydarzenia","publisher":{"@id":"https:\/\/www.mojabochnia.pl\/#organization"},"potentialAction":[{"@type":"SearchAction","target":{"@type":"EntryPoint","urlTemplate":"https:\/\/www.mojabochnia.pl\/?s={search_term_string}"},"query-input":{"@type":"PropertyValueSpecification","valueRequired":true,"valueName":"search_term_string"}}],"inLanguage":"pl-PL"},{"@type":"Organization","@id":"https:\/\/www.mojabochnia.pl\/#organization","name":"mojabochnia.pl - portal informacyjny","url":"https:\/\/www.mojabochnia.pl\/","logo":{"@type":"ImageObject","inLanguage":"pl-PL","@id":"https:\/\/www.mojabochnia.pl\/#\/schema\/logo\/image\/","url":"https:\/\/www.mojabochnia.pl\/wp-content\/uploads\/2017\/08\/logo-mb-opt.png","contentUrl":"https:\/\/www.mojabochnia.pl\/wp-content\/uploads\/2017\/08\/logo-mb-opt.png","width":250,"height":48,"caption":"mojabochnia.pl - portal informacyjny"},"image":{"@id":"https:\/\/www.mojabochnia.pl\/#\/schema\/logo\/image\/"},"sameAs":["https:\/\/www.facebook.com\/mojabochnia"]},{"@type":"Person","@id":"https:\/\/www.mojabochnia.pl\/#\/schema\/person\/7e2f20ead9902216a3384f13606c0ab7","name":"redakcja","sameAs":["http:\/\/"],"url":"https:\/\/www.mojabochnia.pl\/?author=13"}]}},"_links":{"self":[{"href":"https:\/\/www.mojabochnia.pl\/index.php?rest_route=\/wp\/v2\/posts\/75979","targetHints":{"allow":["GET"]}}],"collection":[{"href":"https:\/\/www.mojabochnia.pl\/index.php?rest_route=\/wp\/v2\/posts"}],"about":[{"href":"https:\/\/www.mojabochnia.pl\/index.php?rest_route=\/wp\/v2\/types\/post"}],"author":[{"embeddable":true,"href":"https:\/\/www.mojabochnia.pl\/index.php?rest_route=\/wp\/v2\/users\/13"}],"replies":[{"embeddable":true,"href":"https:\/\/www.mojabochnia.pl\/index.php?rest_route=%2Fwp%2Fv2%2Fcomments&post=75979"}],"version-history":[{"count":4,"href":"https:\/\/www.mojabochnia.pl\/index.php?rest_route=\/wp\/v2\/posts\/75979\/revisions"}],"predecessor-version":[{"id":76037,"href":"https:\/\/www.mojabochnia.pl\/index.php?rest_route=\/wp\/v2\/posts\/75979\/revisions\/76037"}],"wp:attachment":[{"href":"https:\/\/www.mojabochnia.pl\/index.php?rest_route=%2Fwp%2Fv2%2Fmedia&parent=75979"}],"wp:term":[{"taxonomy":"category","embeddable":true,"href":"https:\/\/www.mojabochnia.pl\/index.php?rest_route=%2Fwp%2Fv2%2Fcategories&post=75979"},{"taxonomy":"post_tag","embeddable":true,"href":"https:\/\/www.mojabochnia.pl\/index.php?rest_route=%2Fwp%2Fv2%2Ftags&post=75979"}],"curies":[{"name":"wp","href":"https:\/\/api.w.org\/{rel}","templated":true}]}}