{"id":7591,"date":"2009-04-13T08:30:45","date_gmt":"2009-04-13T06:30:45","guid":{"rendered":"http:\/\/www.mojabochnia.pl\/?p=7591"},"modified":"2009-04-14T11:18:24","modified_gmt":"2009-04-14T09:18:24","slug":"msze-z-modlitwa-o-uzdrowienie-w-bochni","status":"publish","type":"post","link":"https:\/\/www.mojabochnia.pl\/?p=7591","title":{"rendered":"Msze \u015bwi\u0119te z modlitw\u0105 o uzdrowienie w Bochni"},"content":{"rendered":"<p>Spotkania modlitewne organizowane s\u0105 raz w miesi\u0105cu, w ka\u017cdy drugi wtorek miesi\u0105ca i adresowane do wiernych z ca\u0142ej diecezji. \u2013 <em>Wiemy, \u017ce jedn\u0105 z wa\u017cniejszych misji Jezusa na ziemi 2 tysi\u0105ce lat temu, by\u0142a pos\u0142uga uzdrawiania. Ko\u015bci\u00f3\u0142 od wiek\u00f3w podejmuj\u0119 t\u0119 pos\u0142ug\u0119<\/em> \u2013 m\u00f3wi ks. Waldemar Sosnowski, wikariusz parafii \u015bw. Miko\u0142aja w Bochni.<\/p>\n<p>Na og\u00f3\u0142 s\u0142owo \u201euzdrowienie\u201d odnosimy do przywr\u00f3cenia zdrowia w fizycznym sensie. Religijny sens uzdrowienia jest jednak szerszy. \u2013 <em>Przede wszystkim uzdrowienie duchowe, emocjonalne, uzdrowienie relacji z innymi lud\u017ami, w ko\u0144cu uzdrowienie fizyczne. Wychodz\u0105c naprzeciw zainteresowaniu, postanowili\u015bmy w naszej diecezji zorganizowa\u0107 tak\u0105 Msz\u0119 \u015bw. po\u0142\u0105czon\u0105 z modlitw\u0105 o uzdrowienie<\/em> \u2013 dodaje ks. Sosnowski.<\/p>\n<p>Msze \u015bwi\u0119te z modlitw\u0105 o uzdrowienie w parafii \u015bw. Miko\u0142aja w Bochni odbywaj\u0105 si\u0119 w ka\u017cdy drugi wtorek miesi\u0105ca. O godz. 17.30 jest r\u00f3\u017caniec, p\u00f3\u017aniej o 18 Msza \u015bw., a po niej wystawienie Naj\u015bwi\u0119tszego Sakramentu i modlitwy o uzdrowienia.<\/p>\n","protected":false},"excerpt":{"rendered":"<p>W Bochni odbywaj\u0105 si\u0119 Msze \u015bwi\u0119te z modlitw\u0105 o uzdrowienie. Organizuje je ruch Odnowy w Duchu \u015awi\u0119tym parafii \u015bw. Miko\u0142aja. <\/p>\n","protected":false},"author":4,"featured_media":0,"comment_status":"open","ping_status":"closed","sticky":false,"template":"","format":"standard","meta":{"_acf_changed":false,"footnotes":""},"categories":[1342],"tags":[17608,378,3090,2320,17515,1428,27,2705],"class_list":["post-7591","post","type-post","status-publish","format-standard","hentry","category-zycie-religijne","tag-bazylika","tag-bazylika-sw-mikolaja","tag-ks-waldemar-sosnowski","tag-ksiega-prosb-o-modlitwe","tag-modlitwa","tag-msza-sw","tag-parafia-sw-mikolaja","tag-zycie-duchowe"],"acf":[],"yoast_head":"<!-- This site is optimized with the Yoast SEO plugin v26.9 - https:\/\/yoast.com\/product\/yoast-seo-wordpress\/ -->\n<title>Msze \u015bwi\u0119te z modlitw\u0105 o uzdrowienie w Bochni - mojabochnia.pl - portal informacyjny<\/title>\n<meta name=\"robots\" content=\"index, follow, max-snippet:-1, max-image-preview:large, max-video-preview:-1\" \/>\n<link rel=\"canonical\" href=\"https:\/\/www.mojabochnia.pl\/?p=7591\" \/>\n<meta property=\"og:locale\" content=\"pl_PL\" \/>\n<meta property=\"og:type\" content=\"article\" \/>\n<meta property=\"og:title\" content=\"Msze \u015bwi\u0119te z modlitw\u0105 o uzdrowienie w Bochni - mojabochnia.pl - portal informacyjny\" \/>\n<meta property=\"og:description\" content=\"W Bochni odbywaj\u0105 si\u0119 Msze \u015bwi\u0119te z modlitw\u0105 o uzdrowienie. Organizuje je ruch Odnowy w Duchu \u015awi\u0119tym parafii \u015bw. Miko\u0142aja.\" \/>\n<meta property=\"og:url\" content=\"https:\/\/www.mojabochnia.pl\/?p=7591\" \/>\n<meta property=\"og:site_name\" content=\"mojabochnia.pl - portal informacyjny\" \/>\n<meta property=\"article:publisher\" content=\"https:\/\/www.facebook.com\/mojabochnia\" \/>\n<meta property=\"article:published_time\" content=\"2009-04-13T06:30:45+00:00\" \/>\n<meta property=\"article:modified_time\" content=\"2009-04-14T09:18:24+00:00\" \/>\n<meta name=\"author\" content=\"Pawe\u0142 Michalczyk\" \/>\n<meta name=\"twitter:card\" content=\"summary_large_image\" \/>\n<meta name=\"twitter:label1\" content=\"Written by\" \/>\n\t<meta name=\"twitter:data1\" content=\"Pawe\u0142 Michalczyk\" \/>\n\t<meta name=\"twitter:label2\" content=\"Est. reading time\" \/>\n\t<meta name=\"twitter:data2\" content=\"1 minuta\" \/>\n<script type=\"application\/ld+json\" class=\"yoast-schema-graph\">{\"@context\":\"https:\/\/schema.org\",\"@graph\":[{\"@type\":\"Article\",\"@id\":\"https:\/\/www.mojabochnia.pl\/?p=7591#article\",\"isPartOf\":{\"@id\":\"https:\/\/www.mojabochnia.pl\/?p=7591\"},\"author\":{\"name\":\"Pawe\u0142 Michalczyk\",\"@id\":\"https:\/\/www.mojabochnia.pl\/#\/schema\/person\/ea042e4724a77627963f02166828ead4\"},\"headline\":\"Msze \u015bwi\u0119te z modlitw\u0105 o uzdrowienie w Bochni\",\"datePublished\":\"2009-04-13T06:30:45+00:00\",\"dateModified\":\"2009-04-14T09:18:24+00:00\",\"mainEntityOfPage\":{\"@id\":\"https:\/\/www.mojabochnia.pl\/?p=7591\"},\"wordCount\":174,\"commentCount\":0,\"publisher\":{\"@id\":\"https:\/\/www.mojabochnia.pl\/#organization\"},\"keywords\":[\"bazylika\",\"bazylika \u015bw. miko\u0142aja\",\"ks. waldemar sosnowski\",\"ksi\u0119ga pr\u00f3\u015bb o modlitw\u0119\",\"modlitwa\",\"msza \u015bw.\",\"Parafia \u015bw. Miko\u0142aja\",\"\u017cycie duchowe\"],\"articleSection\":[\"\u017bycie religijne\"],\"inLanguage\":\"pl-PL\",\"potentialAction\":[{\"@type\":\"CommentAction\",\"name\":\"Comment\",\"target\":[\"https:\/\/www.mojabochnia.pl\/?p=7591#respond\"]}]},{\"@type\":\"WebPage\",\"@id\":\"https:\/\/www.mojabochnia.pl\/?p=7591\",\"url\":\"https:\/\/www.mojabochnia.pl\/?p=7591\",\"name\":\"Msze \u015bwi\u0119te z modlitw\u0105 o uzdrowienie w Bochni - mojabochnia.pl - portal informacyjny\",\"isPartOf\":{\"@id\":\"https:\/\/www.mojabochnia.pl\/#website\"},\"datePublished\":\"2009-04-13T06:30:45+00:00\",\"dateModified\":\"2009-04-14T09:18:24+00:00\",\"breadcrumb\":{\"@id\":\"https:\/\/www.mojabochnia.pl\/?p=7591#breadcrumb\"},\"inLanguage\":\"pl-PL\",\"potentialAction\":[{\"@type\":\"ReadAction\",\"target\":[\"https:\/\/www.mojabochnia.pl\/?p=7591\"]}]},{\"@type\":\"BreadcrumbList\",\"@id\":\"https:\/\/www.mojabochnia.pl\/?p=7591#breadcrumb\",\"itemListElement\":[{\"@type\":\"ListItem\",\"position\":1,\"name\":\"Home\",\"item\":\"https:\/\/www.mojabochnia.pl\/\"},{\"@type\":\"ListItem\",\"position\":2,\"name\":\"Msze \u015bwi\u0119te z modlitw\u0105 o uzdrowienie w Bochni\"}]},{\"@type\":\"WebSite\",\"@id\":\"https:\/\/www.mojabochnia.pl\/#website\",\"url\":\"https:\/\/www.mojabochnia.pl\/\",\"name\":\"mojabochnia.pl - portal informacyjny\",\"description\":\"mojaBochnia to portal informacyjny o Bochni. Codziennie o Bochni piszemy i pokazujemy najwa\u017cniejsze wydarzenia\",\"publisher\":{\"@id\":\"https:\/\/www.mojabochnia.pl\/#organization\"},\"potentialAction\":[{\"@type\":\"SearchAction\",\"target\":{\"@type\":\"EntryPoint\",\"urlTemplate\":\"https:\/\/www.mojabochnia.pl\/?s={search_term_string}\"},\"query-input\":{\"@type\":\"PropertyValueSpecification\",\"valueRequired\":true,\"valueName\":\"search_term_string\"}}],\"inLanguage\":\"pl-PL\"},{\"@type\":\"Organization\",\"@id\":\"https:\/\/www.mojabochnia.pl\/#organization\",\"name\":\"mojabochnia.pl - portal informacyjny\",\"url\":\"https:\/\/www.mojabochnia.pl\/\",\"logo\":{\"@type\":\"ImageObject\",\"inLanguage\":\"pl-PL\",\"@id\":\"https:\/\/www.mojabochnia.pl\/#\/schema\/logo\/image\/\",\"url\":\"https:\/\/www.mojabochnia.pl\/wp-content\/uploads\/2017\/08\/logo-mb-opt.png\",\"contentUrl\":\"https:\/\/www.mojabochnia.pl\/wp-content\/uploads\/2017\/08\/logo-mb-opt.png\",\"width\":250,\"height\":48,\"caption\":\"mojabochnia.pl - portal informacyjny\"},\"image\":{\"@id\":\"https:\/\/www.mojabochnia.pl\/#\/schema\/logo\/image\/\"},\"sameAs\":[\"https:\/\/www.facebook.com\/mojabochnia\"]},{\"@type\":\"Person\",\"@id\":\"https:\/\/www.mojabochnia.pl\/#\/schema\/person\/ea042e4724a77627963f02166828ead4\",\"name\":\"Pawe\u0142 Michalczyk\",\"url\":\"https:\/\/www.mojabochnia.pl\/?author=4\"}]}<\/script>\n<!-- \/ Yoast SEO plugin. -->","yoast_head_json":{"title":"Msze \u015bwi\u0119te z modlitw\u0105 o uzdrowienie w Bochni - mojabochnia.pl - portal informacyjny","robots":{"index":"index","follow":"follow","max-snippet":"max-snippet:-1","max-image-preview":"max-image-preview:large","max-video-preview":"max-video-preview:-1"},"canonical":"https:\/\/www.mojabochnia.pl\/?p=7591","og_locale":"pl_PL","og_type":"article","og_title":"Msze \u015bwi\u0119te z modlitw\u0105 o uzdrowienie w Bochni - mojabochnia.pl - portal informacyjny","og_description":"W Bochni odbywaj\u0105 si\u0119 Msze \u015bwi\u0119te z modlitw\u0105 o uzdrowienie. Organizuje je ruch Odnowy w Duchu \u015awi\u0119tym parafii \u015bw. Miko\u0142aja.","og_url":"https:\/\/www.mojabochnia.pl\/?p=7591","og_site_name":"mojabochnia.pl - portal informacyjny","article_publisher":"https:\/\/www.facebook.com\/mojabochnia","article_published_time":"2009-04-13T06:30:45+00:00","article_modified_time":"2009-04-14T09:18:24+00:00","author":"Pawe\u0142 Michalczyk","twitter_card":"summary_large_image","twitter_misc":{"Written by":"Pawe\u0142 Michalczyk","Est. reading time":"1 minuta"},"schema":{"@context":"https:\/\/schema.org","@graph":[{"@type":"Article","@id":"https:\/\/www.mojabochnia.pl\/?p=7591#article","isPartOf":{"@id":"https:\/\/www.mojabochnia.pl\/?p=7591"},"author":{"name":"Pawe\u0142 Michalczyk","@id":"https:\/\/www.mojabochnia.pl\/#\/schema\/person\/ea042e4724a77627963f02166828ead4"},"headline":"Msze \u015bwi\u0119te z modlitw\u0105 o uzdrowienie w Bochni","datePublished":"2009-04-13T06:30:45+00:00","dateModified":"2009-04-14T09:18:24+00:00","mainEntityOfPage":{"@id":"https:\/\/www.mojabochnia.pl\/?p=7591"},"wordCount":174,"commentCount":0,"publisher":{"@id":"https:\/\/www.mojabochnia.pl\/#organization"},"keywords":["bazylika","bazylika \u015bw. miko\u0142aja","ks. waldemar sosnowski","ksi\u0119ga pr\u00f3\u015bb o modlitw\u0119","modlitwa","msza \u015bw.","Parafia \u015bw. Miko\u0142aja","\u017cycie duchowe"],"articleSection":["\u017bycie religijne"],"inLanguage":"pl-PL","potentialAction":[{"@type":"CommentAction","name":"Comment","target":["https:\/\/www.mojabochnia.pl\/?p=7591#respond"]}]},{"@type":"WebPage","@id":"https:\/\/www.mojabochnia.pl\/?p=7591","url":"https:\/\/www.mojabochnia.pl\/?p=7591","name":"Msze \u015bwi\u0119te z modlitw\u0105 o uzdrowienie w Bochni - mojabochnia.pl - portal informacyjny","isPartOf":{"@id":"https:\/\/www.mojabochnia.pl\/#website"},"datePublished":"2009-04-13T06:30:45+00:00","dateModified":"2009-04-14T09:18:24+00:00","breadcrumb":{"@id":"https:\/\/www.mojabochnia.pl\/?p=7591#breadcrumb"},"inLanguage":"pl-PL","potentialAction":[{"@type":"ReadAction","target":["https:\/\/www.mojabochnia.pl\/?p=7591"]}]},{"@type":"BreadcrumbList","@id":"https:\/\/www.mojabochnia.pl\/?p=7591#breadcrumb","itemListElement":[{"@type":"ListItem","position":1,"name":"Home","item":"https:\/\/www.mojabochnia.pl\/"},{"@type":"ListItem","position":2,"name":"Msze \u015bwi\u0119te z modlitw\u0105 o uzdrowienie w Bochni"}]},{"@type":"WebSite","@id":"https:\/\/www.mojabochnia.pl\/#website","url":"https:\/\/www.mojabochnia.pl\/","name":"mojabochnia.pl - portal informacyjny","description":"mojaBochnia to portal informacyjny o Bochni. Codziennie o Bochni piszemy i pokazujemy najwa\u017cniejsze wydarzenia","publisher":{"@id":"https:\/\/www.mojabochnia.pl\/#organization"},"potentialAction":[{"@type":"SearchAction","target":{"@type":"EntryPoint","urlTemplate":"https:\/\/www.mojabochnia.pl\/?s={search_term_string}"},"query-input":{"@type":"PropertyValueSpecification","valueRequired":true,"valueName":"search_term_string"}}],"inLanguage":"pl-PL"},{"@type":"Organization","@id":"https:\/\/www.mojabochnia.pl\/#organization","name":"mojabochnia.pl - portal informacyjny","url":"https:\/\/www.mojabochnia.pl\/","logo":{"@type":"ImageObject","inLanguage":"pl-PL","@id":"https:\/\/www.mojabochnia.pl\/#\/schema\/logo\/image\/","url":"https:\/\/www.mojabochnia.pl\/wp-content\/uploads\/2017\/08\/logo-mb-opt.png","contentUrl":"https:\/\/www.mojabochnia.pl\/wp-content\/uploads\/2017\/08\/logo-mb-opt.png","width":250,"height":48,"caption":"mojabochnia.pl - portal informacyjny"},"image":{"@id":"https:\/\/www.mojabochnia.pl\/#\/schema\/logo\/image\/"},"sameAs":["https:\/\/www.facebook.com\/mojabochnia"]},{"@type":"Person","@id":"https:\/\/www.mojabochnia.pl\/#\/schema\/person\/ea042e4724a77627963f02166828ead4","name":"Pawe\u0142 Michalczyk","url":"https:\/\/www.mojabochnia.pl\/?author=4"}]}},"_links":{"self":[{"href":"https:\/\/www.mojabochnia.pl\/index.php?rest_route=\/wp\/v2\/posts\/7591","targetHints":{"allow":["GET"]}}],"collection":[{"href":"https:\/\/www.mojabochnia.pl\/index.php?rest_route=\/wp\/v2\/posts"}],"about":[{"href":"https:\/\/www.mojabochnia.pl\/index.php?rest_route=\/wp\/v2\/types\/post"}],"author":[{"embeddable":true,"href":"https:\/\/www.mojabochnia.pl\/index.php?rest_route=\/wp\/v2\/users\/4"}],"replies":[{"embeddable":true,"href":"https:\/\/www.mojabochnia.pl\/index.php?rest_route=%2Fwp%2Fv2%2Fcomments&post=7591"}],"version-history":[{"count":0,"href":"https:\/\/www.mojabochnia.pl\/index.php?rest_route=\/wp\/v2\/posts\/7591\/revisions"}],"wp:attachment":[{"href":"https:\/\/www.mojabochnia.pl\/index.php?rest_route=%2Fwp%2Fv2%2Fmedia&parent=7591"}],"wp:term":[{"taxonomy":"category","embeddable":true,"href":"https:\/\/www.mojabochnia.pl\/index.php?rest_route=%2Fwp%2Fv2%2Fcategories&post=7591"},{"taxonomy":"post_tag","embeddable":true,"href":"https:\/\/www.mojabochnia.pl\/index.php?rest_route=%2Fwp%2Fv2%2Ftags&post=7591"}],"curies":[{"name":"wp","href":"https:\/\/api.w.org\/{rel}","templated":true}]}}