{"id":75899,"date":"2012-08-01T13:36:07","date_gmt":"2012-08-01T11:36:07","guid":{"rendered":"http:\/\/www.mojabochnia.pl\/?p=75899"},"modified":"2012-08-02T09:40:43","modified_gmt":"2012-08-02T07:40:43","slug":"chelm-ks-marek-krupa-juz-nie-jest-proboszczem","status":"publish","type":"post","link":"https:\/\/www.mojabochnia.pl\/?p=75899","title":{"rendered":"Che\u0142m: parafianie po\u017cegnali ks. Marka Krup\u0119"},"content":{"rendered":"<p>W podboche\u0144skim Che\u0142mie ks. Marek Krupa pracowa\u0142 5,5 roku. Tutaj zrobi\u0142 doktorat na Uniwersytecie Papieskim Jana Paw\u0142a II (dawniej Papieska Akademia Teologiczna). M\u00f3wi, \u017ce che\u0142mskie wzg\u00f3rze b\u0119dzie dobrze wspomina\u0142. <em>Ca\u0142\u0105 parafi\u0119 Che\u0142m b\u0119d\u0119 stara\u0142 si\u0119 otacza\u0107 modlitw\u0105 i ch\u0119tnie tu wraca\u0107, poniewa\u017c jest to pi\u0119kna parafia, panuje tu pi\u0119kny klimat, wsp\u00f3\u0142praca, solidarno\u015b\u0107<\/em>. <\/p>\n<p>W niedziel\u0119 29 lipca parafianie w Che\u0142mie po\u017cegnali swojego proboszcza, kt\u00f3ry od dzi\u015b oficjalnie pe\u0142ni t\u0119 funkcj\u0119 w Skrzydlnej na terenie Beskidu Wyspowego. <em>Id\u0119 tam, aby pe\u0142ni\u0107 opiek\u0119 duszpastersk\u0105, a wiem \u017ce b\u0119d\u0105 i prace zwi\u0105zane z remontem nowego ko\u015bcio\u0142a oraz starego zabytkowego ko\u015bcio\u0142a, kt\u00f3ry pochodzi z XVI w<\/em>. <\/p>\n<p>Ks. Marek Krupa przyj\u0105\u0142 \u015bwi\u0119cenia kap\u0142a\u0144skie w 1989 r. Pracowa\u0142 w parafiach: Ochotnica (4 lata), Tarn\u00f3w \u2013 Dobrego Pasterza (6 lat), Limanowa \u2013 Sowliny (1 rok), tu\u017c przed przybyciem do Che\u0142mu by\u0142 kapelanem szpitala \u015bw. \u0141ukasza w Tarnowie (6,5 roku). <\/p>\n<p>Nowym proboszczem w Che\u0142mie jest ks. Andrzej Krajewski. Do tej pory by\u0142 wikariuszem parafii \u015bw. Kazimierza w Nowym S\u0105czu. <em>Kiedy odchodzi\u0142em z mojej pierwszej parafii w Ochotnicy, on by\u0142 moim nast\u0119pc\u0105, pracowa\u0142 tam przez 2 lata. Tak\u017ce teraz, gdy odchodz\u0119 z Che\u0142mu, te\u017c on jest moim nast\u0119pc\u0105, ale ju\u017c jako proboszcz<\/em> \u2013 dodaje ks. Marek Krupa. <\/p>\n\t  \r\n\t\r\n\t    <div class=\"mb-gallery\">\r\n\t    <a href=\"https:\/\/www.mojabochnia.pl\/?attachment_id=75901\" class=\"\"><img loading=\"lazy\" decoding=\"async\" width=\"100\" height=\"56\" src=\"https:\/\/www.mojabochnia.pl\/wp-content\/uploads\/2012\/08\/IMG_7878-120x67.jpg\" class=\"attachment-100x100 size-100x100\" alt=\"\" srcset=\"https:\/\/www.mojabochnia.pl\/wp-content\/uploads\/2012\/08\/IMG_7878-120x67.jpg 120w, https:\/\/www.mojabochnia.pl\/wp-content\/uploads\/2012\/08\/IMG_7878-468x263.jpg 468w, https:\/\/www.mojabochnia.pl\/wp-content\/uploads\/2012\/08\/IMG_7878-660x371.jpg 660w, https:\/\/www.mojabochnia.pl\/wp-content\/uploads\/2012\/08\/IMG_7878.jpg 800w\" sizes=\"auto, (max-width: 100px) 100vw, 100px\" \/><\/a><a href=\"https:\/\/www.mojabochnia.pl\/?attachment_id=75902\" class=\"\"><img loading=\"lazy\" decoding=\"async\" width=\"100\" height=\"56\" src=\"https:\/\/www.mojabochnia.pl\/wp-content\/uploads\/2012\/08\/IMG_7890-120x67.jpg\" class=\"attachment-100x100 size-100x100\" alt=\"\" srcset=\"https:\/\/www.mojabochnia.pl\/wp-content\/uploads\/2012\/08\/IMG_7890-120x67.jpg 120w, https:\/\/www.mojabochnia.pl\/wp-content\/uploads\/2012\/08\/IMG_7890-468x263.jpg 468w, https:\/\/www.mojabochnia.pl\/wp-content\/uploads\/2012\/08\/IMG_7890-660x371.jpg 660w, https:\/\/www.mojabochnia.pl\/wp-content\/uploads\/2012\/08\/IMG_7890.jpg 800w\" sizes=\"auto, (max-width: 100px) 100vw, 100px\" \/><\/a>\t    <\/div>\r\n\t    ","protected":false},"excerpt":{"rendered":"<p>Z dniem 1 sierpnia ks. Marek Krupa odchodzi z parafii Che\u0142m. Decyzj\u0105 biskupa ordynariusza zosta\u0142 mianowany proboszczem w Skrzydlnej (powiat limanowski).<\/p>\n","protected":false},"author":4,"featured_media":0,"comment_status":"open","ping_status":"closed","sticky":false,"template":"","format":"standard","meta":{"_acf_changed":false,"footnotes":""},"categories":[5,6250,1342],"tags":[17244,11256,9562,17552,11257],"class_list":["post-75899","post","type-post","status-publish","format-standard","hentry","category-biezace-wydarzenia","category-tematyka","category-zycie-religijne","tag-chelm","tag-ks-andrzej-krajewski","tag-ks-marek-krupa","tag-proboszcz","tag-skrzydlna","main_tag-chelm"],"acf":[],"yoast_head":"<!-- This site is optimized with the Yoast SEO plugin v26.9 - https:\/\/yoast.com\/product\/yoast-seo-wordpress\/ -->\n<title>Che\u0142m: parafianie po\u017cegnali ks. Marka Krup\u0119 - mojabochnia.pl - portal informacyjny<\/title>\n<meta name=\"robots\" content=\"index, follow, max-snippet:-1, max-image-preview:large, max-video-preview:-1\" \/>\n<link rel=\"canonical\" href=\"https:\/\/www.mojabochnia.pl\/?p=75899\" \/>\n<meta property=\"og:locale\" content=\"pl_PL\" \/>\n<meta property=\"og:type\" content=\"article\" \/>\n<meta property=\"og:title\" content=\"Che\u0142m: parafianie po\u017cegnali ks. Marka Krup\u0119 - mojabochnia.pl - portal informacyjny\" \/>\n<meta property=\"og:description\" content=\"Z dniem 1 sierpnia ks. Marek Krupa odchodzi z parafii Che\u0142m. Decyzj\u0105 biskupa ordynariusza zosta\u0142 mianowany proboszczem w Skrzydlnej (powiat limanowski).\" \/>\n<meta property=\"og:url\" content=\"https:\/\/www.mojabochnia.pl\/?p=75899\" \/>\n<meta property=\"og:site_name\" content=\"mojabochnia.pl - portal informacyjny\" \/>\n<meta property=\"article:publisher\" content=\"https:\/\/www.facebook.com\/mojabochnia\" \/>\n<meta property=\"article:published_time\" content=\"2012-08-01T11:36:07+00:00\" \/>\n<meta property=\"article:modified_time\" content=\"2012-08-02T07:40:43+00:00\" \/>\n<meta name=\"author\" content=\"Pawe\u0142 Michalczyk\" \/>\n<meta name=\"twitter:card\" content=\"summary_large_image\" \/>\n<meta name=\"twitter:label1\" content=\"Written by\" \/>\n\t<meta name=\"twitter:data1\" content=\"Pawe\u0142 Michalczyk\" \/>\n\t<meta name=\"twitter:label2\" content=\"Est. reading time\" \/>\n\t<meta name=\"twitter:data2\" content=\"1 minuta\" \/>\n<script type=\"application\/ld+json\" class=\"yoast-schema-graph\">{\"@context\":\"https:\/\/schema.org\",\"@graph\":[{\"@type\":\"Article\",\"@id\":\"https:\/\/www.mojabochnia.pl\/?p=75899#article\",\"isPartOf\":{\"@id\":\"https:\/\/www.mojabochnia.pl\/?p=75899\"},\"author\":{\"name\":\"Pawe\u0142 Michalczyk\",\"@id\":\"https:\/\/www.mojabochnia.pl\/#\/schema\/person\/ea042e4724a77627963f02166828ead4\"},\"headline\":\"Che\u0142m: parafianie po\u017cegnali ks. Marka Krup\u0119\",\"datePublished\":\"2012-08-01T11:36:07+00:00\",\"dateModified\":\"2012-08-02T07:40:43+00:00\",\"mainEntityOfPage\":{\"@id\":\"https:\/\/www.mojabochnia.pl\/?p=75899\"},\"wordCount\":231,\"commentCount\":0,\"publisher\":{\"@id\":\"https:\/\/www.mojabochnia.pl\/#organization\"},\"keywords\":[\"che\u0142m\",\"ks. andrzej krajewski\",\"ks. marek krupa\",\"proboszcz\",\"skrzydlna\"],\"articleSection\":[\"2_ostatnie\",\"tematyka\",\"\u017bycie religijne\"],\"inLanguage\":\"pl-PL\",\"potentialAction\":[{\"@type\":\"CommentAction\",\"name\":\"Comment\",\"target\":[\"https:\/\/www.mojabochnia.pl\/?p=75899#respond\"]}]},{\"@type\":\"WebPage\",\"@id\":\"https:\/\/www.mojabochnia.pl\/?p=75899\",\"url\":\"https:\/\/www.mojabochnia.pl\/?p=75899\",\"name\":\"Che\u0142m: parafianie po\u017cegnali ks. Marka Krup\u0119 - mojabochnia.pl - portal informacyjny\",\"isPartOf\":{\"@id\":\"https:\/\/www.mojabochnia.pl\/#website\"},\"datePublished\":\"2012-08-01T11:36:07+00:00\",\"dateModified\":\"2012-08-02T07:40:43+00:00\",\"breadcrumb\":{\"@id\":\"https:\/\/www.mojabochnia.pl\/?p=75899#breadcrumb\"},\"inLanguage\":\"pl-PL\",\"potentialAction\":[{\"@type\":\"ReadAction\",\"target\":[\"https:\/\/www.mojabochnia.pl\/?p=75899\"]}]},{\"@type\":\"BreadcrumbList\",\"@id\":\"https:\/\/www.mojabochnia.pl\/?p=75899#breadcrumb\",\"itemListElement\":[{\"@type\":\"ListItem\",\"position\":1,\"name\":\"Home\",\"item\":\"https:\/\/www.mojabochnia.pl\/\"},{\"@type\":\"ListItem\",\"position\":2,\"name\":\"Che\u0142m: parafianie po\u017cegnali ks. Marka Krup\u0119\"}]},{\"@type\":\"WebSite\",\"@id\":\"https:\/\/www.mojabochnia.pl\/#website\",\"url\":\"https:\/\/www.mojabochnia.pl\/\",\"name\":\"mojabochnia.pl - portal informacyjny\",\"description\":\"mojaBochnia to portal informacyjny o Bochni. Codziennie o Bochni piszemy i pokazujemy najwa\u017cniejsze wydarzenia\",\"publisher\":{\"@id\":\"https:\/\/www.mojabochnia.pl\/#organization\"},\"potentialAction\":[{\"@type\":\"SearchAction\",\"target\":{\"@type\":\"EntryPoint\",\"urlTemplate\":\"https:\/\/www.mojabochnia.pl\/?s={search_term_string}\"},\"query-input\":{\"@type\":\"PropertyValueSpecification\",\"valueRequired\":true,\"valueName\":\"search_term_string\"}}],\"inLanguage\":\"pl-PL\"},{\"@type\":\"Organization\",\"@id\":\"https:\/\/www.mojabochnia.pl\/#organization\",\"name\":\"mojabochnia.pl - portal informacyjny\",\"url\":\"https:\/\/www.mojabochnia.pl\/\",\"logo\":{\"@type\":\"ImageObject\",\"inLanguage\":\"pl-PL\",\"@id\":\"https:\/\/www.mojabochnia.pl\/#\/schema\/logo\/image\/\",\"url\":\"https:\/\/www.mojabochnia.pl\/wp-content\/uploads\/2017\/08\/logo-mb-opt.png\",\"contentUrl\":\"https:\/\/www.mojabochnia.pl\/wp-content\/uploads\/2017\/08\/logo-mb-opt.png\",\"width\":250,\"height\":48,\"caption\":\"mojabochnia.pl - portal informacyjny\"},\"image\":{\"@id\":\"https:\/\/www.mojabochnia.pl\/#\/schema\/logo\/image\/\"},\"sameAs\":[\"https:\/\/www.facebook.com\/mojabochnia\"]},{\"@type\":\"Person\",\"@id\":\"https:\/\/www.mojabochnia.pl\/#\/schema\/person\/ea042e4724a77627963f02166828ead4\",\"name\":\"Pawe\u0142 Michalczyk\",\"url\":\"https:\/\/www.mojabochnia.pl\/?author=4\"}]}<\/script>\n<!-- \/ Yoast SEO plugin. -->","yoast_head_json":{"title":"Che\u0142m: parafianie po\u017cegnali ks. Marka Krup\u0119 - mojabochnia.pl - portal informacyjny","robots":{"index":"index","follow":"follow","max-snippet":"max-snippet:-1","max-image-preview":"max-image-preview:large","max-video-preview":"max-video-preview:-1"},"canonical":"https:\/\/www.mojabochnia.pl\/?p=75899","og_locale":"pl_PL","og_type":"article","og_title":"Che\u0142m: parafianie po\u017cegnali ks. Marka Krup\u0119 - mojabochnia.pl - portal informacyjny","og_description":"Z dniem 1 sierpnia ks. Marek Krupa odchodzi z parafii Che\u0142m. Decyzj\u0105 biskupa ordynariusza zosta\u0142 mianowany proboszczem w Skrzydlnej (powiat limanowski).","og_url":"https:\/\/www.mojabochnia.pl\/?p=75899","og_site_name":"mojabochnia.pl - portal informacyjny","article_publisher":"https:\/\/www.facebook.com\/mojabochnia","article_published_time":"2012-08-01T11:36:07+00:00","article_modified_time":"2012-08-02T07:40:43+00:00","author":"Pawe\u0142 Michalczyk","twitter_card":"summary_large_image","twitter_misc":{"Written by":"Pawe\u0142 Michalczyk","Est. reading time":"1 minuta"},"schema":{"@context":"https:\/\/schema.org","@graph":[{"@type":"Article","@id":"https:\/\/www.mojabochnia.pl\/?p=75899#article","isPartOf":{"@id":"https:\/\/www.mojabochnia.pl\/?p=75899"},"author":{"name":"Pawe\u0142 Michalczyk","@id":"https:\/\/www.mojabochnia.pl\/#\/schema\/person\/ea042e4724a77627963f02166828ead4"},"headline":"Che\u0142m: parafianie po\u017cegnali ks. Marka Krup\u0119","datePublished":"2012-08-01T11:36:07+00:00","dateModified":"2012-08-02T07:40:43+00:00","mainEntityOfPage":{"@id":"https:\/\/www.mojabochnia.pl\/?p=75899"},"wordCount":231,"commentCount":0,"publisher":{"@id":"https:\/\/www.mojabochnia.pl\/#organization"},"keywords":["che\u0142m","ks. andrzej krajewski","ks. marek krupa","proboszcz","skrzydlna"],"articleSection":["2_ostatnie","tematyka","\u017bycie religijne"],"inLanguage":"pl-PL","potentialAction":[{"@type":"CommentAction","name":"Comment","target":["https:\/\/www.mojabochnia.pl\/?p=75899#respond"]}]},{"@type":"WebPage","@id":"https:\/\/www.mojabochnia.pl\/?p=75899","url":"https:\/\/www.mojabochnia.pl\/?p=75899","name":"Che\u0142m: parafianie po\u017cegnali ks. Marka Krup\u0119 - mojabochnia.pl - portal informacyjny","isPartOf":{"@id":"https:\/\/www.mojabochnia.pl\/#website"},"datePublished":"2012-08-01T11:36:07+00:00","dateModified":"2012-08-02T07:40:43+00:00","breadcrumb":{"@id":"https:\/\/www.mojabochnia.pl\/?p=75899#breadcrumb"},"inLanguage":"pl-PL","potentialAction":[{"@type":"ReadAction","target":["https:\/\/www.mojabochnia.pl\/?p=75899"]}]},{"@type":"BreadcrumbList","@id":"https:\/\/www.mojabochnia.pl\/?p=75899#breadcrumb","itemListElement":[{"@type":"ListItem","position":1,"name":"Home","item":"https:\/\/www.mojabochnia.pl\/"},{"@type":"ListItem","position":2,"name":"Che\u0142m: parafianie po\u017cegnali ks. Marka Krup\u0119"}]},{"@type":"WebSite","@id":"https:\/\/www.mojabochnia.pl\/#website","url":"https:\/\/www.mojabochnia.pl\/","name":"mojabochnia.pl - portal informacyjny","description":"mojaBochnia to portal informacyjny o Bochni. Codziennie o Bochni piszemy i pokazujemy najwa\u017cniejsze wydarzenia","publisher":{"@id":"https:\/\/www.mojabochnia.pl\/#organization"},"potentialAction":[{"@type":"SearchAction","target":{"@type":"EntryPoint","urlTemplate":"https:\/\/www.mojabochnia.pl\/?s={search_term_string}"},"query-input":{"@type":"PropertyValueSpecification","valueRequired":true,"valueName":"search_term_string"}}],"inLanguage":"pl-PL"},{"@type":"Organization","@id":"https:\/\/www.mojabochnia.pl\/#organization","name":"mojabochnia.pl - portal informacyjny","url":"https:\/\/www.mojabochnia.pl\/","logo":{"@type":"ImageObject","inLanguage":"pl-PL","@id":"https:\/\/www.mojabochnia.pl\/#\/schema\/logo\/image\/","url":"https:\/\/www.mojabochnia.pl\/wp-content\/uploads\/2017\/08\/logo-mb-opt.png","contentUrl":"https:\/\/www.mojabochnia.pl\/wp-content\/uploads\/2017\/08\/logo-mb-opt.png","width":250,"height":48,"caption":"mojabochnia.pl - portal informacyjny"},"image":{"@id":"https:\/\/www.mojabochnia.pl\/#\/schema\/logo\/image\/"},"sameAs":["https:\/\/www.facebook.com\/mojabochnia"]},{"@type":"Person","@id":"https:\/\/www.mojabochnia.pl\/#\/schema\/person\/ea042e4724a77627963f02166828ead4","name":"Pawe\u0142 Michalczyk","url":"https:\/\/www.mojabochnia.pl\/?author=4"}]}},"_links":{"self":[{"href":"https:\/\/www.mojabochnia.pl\/index.php?rest_route=\/wp\/v2\/posts\/75899","targetHints":{"allow":["GET"]}}],"collection":[{"href":"https:\/\/www.mojabochnia.pl\/index.php?rest_route=\/wp\/v2\/posts"}],"about":[{"href":"https:\/\/www.mojabochnia.pl\/index.php?rest_route=\/wp\/v2\/types\/post"}],"author":[{"embeddable":true,"href":"https:\/\/www.mojabochnia.pl\/index.php?rest_route=\/wp\/v2\/users\/4"}],"replies":[{"embeddable":true,"href":"https:\/\/www.mojabochnia.pl\/index.php?rest_route=%2Fwp%2Fv2%2Fcomments&post=75899"}],"version-history":[{"count":3,"href":"https:\/\/www.mojabochnia.pl\/index.php?rest_route=\/wp\/v2\/posts\/75899\/revisions"}],"predecessor-version":[{"id":75953,"href":"https:\/\/www.mojabochnia.pl\/index.php?rest_route=\/wp\/v2\/posts\/75899\/revisions\/75953"}],"wp:attachment":[{"href":"https:\/\/www.mojabochnia.pl\/index.php?rest_route=%2Fwp%2Fv2%2Fmedia&parent=75899"}],"wp:term":[{"taxonomy":"category","embeddable":true,"href":"https:\/\/www.mojabochnia.pl\/index.php?rest_route=%2Fwp%2Fv2%2Fcategories&post=75899"},{"taxonomy":"post_tag","embeddable":true,"href":"https:\/\/www.mojabochnia.pl\/index.php?rest_route=%2Fwp%2Fv2%2Ftags&post=75899"}],"curies":[{"name":"wp","href":"https:\/\/api.w.org\/{rel}","templated":true}]}}