{"id":75893,"date":"2012-08-01T13:16:29","date_gmt":"2012-08-01T11:16:29","guid":{"rendered":"http:\/\/www.mojabochnia.pl\/?p=75893"},"modified":"2012-08-01T13:16:57","modified_gmt":"2012-08-01T11:16:57","slug":"galeria-chelm-w-sobote-wernisaz-elki-ciepki","status":"publish","type":"post","link":"https:\/\/www.mojabochnia.pl\/?p=75893","title":{"rendered":"Galeria Che\u0142m: w sobot\u0119 wernisa\u017c Elki Ci\u0119pki"},"content":{"rendered":"<p>Elka Ci\u0119pka, autorka wystawy \u201eBli\u017cej Natury\u201d jest absolwentk\u0105 Liceum Plastycznego w Nowym Wi\u015bniczu. Dalsz\u0105 edukacj\u0119 artystyczn\u0105 kontynuowa\u0142a w studium aran\u017cacji wn\u0119trz, ale swoj\u0105 prawdziw\u0105 pasj\u0119 odnalaz\u0142a dopiero w grafice na Wydziale Sztuki Uniwersytetu Pedagogicznego w Krakowie.<\/p>\n<p>Na co dzie\u0144 w \u017cyciu zawodowym zajmuje si\u0119 grafik\u0105 projektow\u0105 i u\u017cytkow\u0105, a tak\u017ce ilustruje ksi\u0105\u017ceczki dla dzieci i podr\u0119czniki. Nic wi\u0119c dziwnego, \u017ce w wolnych chwilach poch\u0142ania j\u0105 malarstwo, rysunek oraz grafika warsztatowa. Najcz\u0119\u015bciej w swoich pracach oddaje pok\u0142on naturze, bowiem kontakt z przyrod\u0105 stanowi bardzo wa\u017cny element w jej \u017cyciu. Najlepszym tego wyrazem s\u0105 prace malarskie, rysunkowe i graficzne zebrane do prezentowanej wystawy \u201eBli\u017cej Natury\u201d.<\/p>\n<p>Otwarcie wystawy w sobot\u0119 4 sierpnia o godzinie 18:00 w galerii Che\u0142m.<\/p>\n","protected":false},"excerpt":{"rendered":"<p>Gminne Centrum Kultury Czytelnictwa i Sportu w Bochni oraz Galeria Che\u0142m zapraszaj\u0105 na wystaw\u0119 \u201eBli\u017cej Natury\u201d Elki Ci\u0119pki. Wernisa\u017c odb\u0119dzie si\u0119 w najbli\u017csz\u0105 sobot\u0119.<\/p>\n","protected":false},"author":13,"featured_media":0,"comment_status":"open","ping_status":"closed","sticky":false,"template":"","format":"standard","meta":{"_acf_changed":false,"footnotes":""},"categories":[5,92,6250],"tags":[17244,11255,17275,17225,17159,17157],"class_list":["post-75893","post","type-post","status-publish","format-standard","hentry","category-biezace-wydarzenia","category-kultura","category-tematyka","tag-chelm","tag-elka-ciepka","tag-galeria-chelm","tag-gmina-bochnia","tag-wernisaz","tag-wystawa","main_tag-chelm"],"acf":[],"yoast_head":"<!-- This site is optimized with the Yoast SEO plugin v26.9 - https:\/\/yoast.com\/product\/yoast-seo-wordpress\/ -->\n<title>Galeria Che\u0142m: w sobot\u0119 wernisa\u017c Elki Ci\u0119pki - mojabochnia.pl - portal informacyjny<\/title>\n<meta name=\"robots\" content=\"index, follow, max-snippet:-1, max-image-preview:large, max-video-preview:-1\" \/>\n<link rel=\"canonical\" href=\"https:\/\/www.mojabochnia.pl\/?p=75893\" \/>\n<meta property=\"og:locale\" content=\"pl_PL\" \/>\n<meta property=\"og:type\" content=\"article\" \/>\n<meta property=\"og:title\" content=\"Galeria Che\u0142m: w sobot\u0119 wernisa\u017c Elki Ci\u0119pki - mojabochnia.pl - portal informacyjny\" \/>\n<meta property=\"og:description\" content=\"Gminne Centrum Kultury Czytelnictwa i Sportu w Bochni oraz Galeria Che\u0142m zapraszaj\u0105 na wystaw\u0119 \u201eBli\u017cej Natury\u201d Elki Ci\u0119pki. Wernisa\u017c odb\u0119dzie si\u0119 w najbli\u017csz\u0105 sobot\u0119.\" \/>\n<meta property=\"og:url\" content=\"https:\/\/www.mojabochnia.pl\/?p=75893\" \/>\n<meta property=\"og:site_name\" content=\"mojabochnia.pl - portal informacyjny\" \/>\n<meta property=\"article:publisher\" content=\"https:\/\/www.facebook.com\/mojabochnia\" \/>\n<meta property=\"article:published_time\" content=\"2012-08-01T11:16:29+00:00\" \/>\n<meta property=\"article:modified_time\" content=\"2012-08-01T11:16:57+00:00\" \/>\n<meta name=\"author\" content=\"redakcja\" \/>\n<meta name=\"twitter:card\" content=\"summary_large_image\" \/>\n<meta name=\"twitter:label1\" content=\"Written by\" \/>\n\t<meta name=\"twitter:data1\" content=\"redakcja\" \/>\n\t<meta name=\"twitter:label2\" content=\"Est. reading time\" \/>\n\t<meta name=\"twitter:data2\" content=\"1 minuta\" \/>\n<script type=\"application\/ld+json\" class=\"yoast-schema-graph\">{\"@context\":\"https:\/\/schema.org\",\"@graph\":[{\"@type\":\"Article\",\"@id\":\"https:\/\/www.mojabochnia.pl\/?p=75893#article\",\"isPartOf\":{\"@id\":\"https:\/\/www.mojabochnia.pl\/?p=75893\"},\"author\":{\"name\":\"redakcja\",\"@id\":\"https:\/\/www.mojabochnia.pl\/#\/schema\/person\/7e2f20ead9902216a3384f13606c0ab7\"},\"headline\":\"Galeria Che\u0142m: w sobot\u0119 wernisa\u017c Elki Ci\u0119pki\",\"datePublished\":\"2012-08-01T11:16:29+00:00\",\"dateModified\":\"2012-08-01T11:16:57+00:00\",\"mainEntityOfPage\":{\"@id\":\"https:\/\/www.mojabochnia.pl\/?p=75893\"},\"wordCount\":140,\"commentCount\":0,\"publisher\":{\"@id\":\"https:\/\/www.mojabochnia.pl\/#organization\"},\"keywords\":[\"che\u0142m\",\"elka ci\u0119pka\",\"galeria che\u0142m\",\"gmina bochnia\",\"wernisa\u017c\",\"wystawa\"],\"articleSection\":[\"2_ostatnie\",\"kultura\",\"tematyka\"],\"inLanguage\":\"pl-PL\",\"potentialAction\":[{\"@type\":\"CommentAction\",\"name\":\"Comment\",\"target\":[\"https:\/\/www.mojabochnia.pl\/?p=75893#respond\"]}]},{\"@type\":\"WebPage\",\"@id\":\"https:\/\/www.mojabochnia.pl\/?p=75893\",\"url\":\"https:\/\/www.mojabochnia.pl\/?p=75893\",\"name\":\"Galeria Che\u0142m: w sobot\u0119 wernisa\u017c Elki Ci\u0119pki - mojabochnia.pl - portal informacyjny\",\"isPartOf\":{\"@id\":\"https:\/\/www.mojabochnia.pl\/#website\"},\"datePublished\":\"2012-08-01T11:16:29+00:00\",\"dateModified\":\"2012-08-01T11:16:57+00:00\",\"breadcrumb\":{\"@id\":\"https:\/\/www.mojabochnia.pl\/?p=75893#breadcrumb\"},\"inLanguage\":\"pl-PL\",\"potentialAction\":[{\"@type\":\"ReadAction\",\"target\":[\"https:\/\/www.mojabochnia.pl\/?p=75893\"]}]},{\"@type\":\"BreadcrumbList\",\"@id\":\"https:\/\/www.mojabochnia.pl\/?p=75893#breadcrumb\",\"itemListElement\":[{\"@type\":\"ListItem\",\"position\":1,\"name\":\"Home\",\"item\":\"https:\/\/www.mojabochnia.pl\/\"},{\"@type\":\"ListItem\",\"position\":2,\"name\":\"Galeria Che\u0142m: w sobot\u0119 wernisa\u017c Elki Ci\u0119pki\"}]},{\"@type\":\"WebSite\",\"@id\":\"https:\/\/www.mojabochnia.pl\/#website\",\"url\":\"https:\/\/www.mojabochnia.pl\/\",\"name\":\"mojabochnia.pl - portal informacyjny\",\"description\":\"mojaBochnia to portal informacyjny o Bochni. Codziennie o Bochni piszemy i pokazujemy najwa\u017cniejsze wydarzenia\",\"publisher\":{\"@id\":\"https:\/\/www.mojabochnia.pl\/#organization\"},\"potentialAction\":[{\"@type\":\"SearchAction\",\"target\":{\"@type\":\"EntryPoint\",\"urlTemplate\":\"https:\/\/www.mojabochnia.pl\/?s={search_term_string}\"},\"query-input\":{\"@type\":\"PropertyValueSpecification\",\"valueRequired\":true,\"valueName\":\"search_term_string\"}}],\"inLanguage\":\"pl-PL\"},{\"@type\":\"Organization\",\"@id\":\"https:\/\/www.mojabochnia.pl\/#organization\",\"name\":\"mojabochnia.pl - portal informacyjny\",\"url\":\"https:\/\/www.mojabochnia.pl\/\",\"logo\":{\"@type\":\"ImageObject\",\"inLanguage\":\"pl-PL\",\"@id\":\"https:\/\/www.mojabochnia.pl\/#\/schema\/logo\/image\/\",\"url\":\"https:\/\/www.mojabochnia.pl\/wp-content\/uploads\/2017\/08\/logo-mb-opt.png\",\"contentUrl\":\"https:\/\/www.mojabochnia.pl\/wp-content\/uploads\/2017\/08\/logo-mb-opt.png\",\"width\":250,\"height\":48,\"caption\":\"mojabochnia.pl - portal informacyjny\"},\"image\":{\"@id\":\"https:\/\/www.mojabochnia.pl\/#\/schema\/logo\/image\/\"},\"sameAs\":[\"https:\/\/www.facebook.com\/mojabochnia\"]},{\"@type\":\"Person\",\"@id\":\"https:\/\/www.mojabochnia.pl\/#\/schema\/person\/7e2f20ead9902216a3384f13606c0ab7\",\"name\":\"redakcja\",\"sameAs\":[\"http:\/\/\"],\"url\":\"https:\/\/www.mojabochnia.pl\/?author=13\"}]}<\/script>\n<!-- \/ Yoast SEO plugin. -->","yoast_head_json":{"title":"Galeria Che\u0142m: w sobot\u0119 wernisa\u017c Elki Ci\u0119pki - mojabochnia.pl - portal informacyjny","robots":{"index":"index","follow":"follow","max-snippet":"max-snippet:-1","max-image-preview":"max-image-preview:large","max-video-preview":"max-video-preview:-1"},"canonical":"https:\/\/www.mojabochnia.pl\/?p=75893","og_locale":"pl_PL","og_type":"article","og_title":"Galeria Che\u0142m: w sobot\u0119 wernisa\u017c Elki Ci\u0119pki - mojabochnia.pl - portal informacyjny","og_description":"Gminne Centrum Kultury Czytelnictwa i Sportu w Bochni oraz Galeria Che\u0142m zapraszaj\u0105 na wystaw\u0119 \u201eBli\u017cej Natury\u201d Elki Ci\u0119pki. Wernisa\u017c odb\u0119dzie si\u0119 w najbli\u017csz\u0105 sobot\u0119.","og_url":"https:\/\/www.mojabochnia.pl\/?p=75893","og_site_name":"mojabochnia.pl - portal informacyjny","article_publisher":"https:\/\/www.facebook.com\/mojabochnia","article_published_time":"2012-08-01T11:16:29+00:00","article_modified_time":"2012-08-01T11:16:57+00:00","author":"redakcja","twitter_card":"summary_large_image","twitter_misc":{"Written by":"redakcja","Est. reading time":"1 minuta"},"schema":{"@context":"https:\/\/schema.org","@graph":[{"@type":"Article","@id":"https:\/\/www.mojabochnia.pl\/?p=75893#article","isPartOf":{"@id":"https:\/\/www.mojabochnia.pl\/?p=75893"},"author":{"name":"redakcja","@id":"https:\/\/www.mojabochnia.pl\/#\/schema\/person\/7e2f20ead9902216a3384f13606c0ab7"},"headline":"Galeria Che\u0142m: w sobot\u0119 wernisa\u017c Elki Ci\u0119pki","datePublished":"2012-08-01T11:16:29+00:00","dateModified":"2012-08-01T11:16:57+00:00","mainEntityOfPage":{"@id":"https:\/\/www.mojabochnia.pl\/?p=75893"},"wordCount":140,"commentCount":0,"publisher":{"@id":"https:\/\/www.mojabochnia.pl\/#organization"},"keywords":["che\u0142m","elka ci\u0119pka","galeria che\u0142m","gmina bochnia","wernisa\u017c","wystawa"],"articleSection":["2_ostatnie","kultura","tematyka"],"inLanguage":"pl-PL","potentialAction":[{"@type":"CommentAction","name":"Comment","target":["https:\/\/www.mojabochnia.pl\/?p=75893#respond"]}]},{"@type":"WebPage","@id":"https:\/\/www.mojabochnia.pl\/?p=75893","url":"https:\/\/www.mojabochnia.pl\/?p=75893","name":"Galeria Che\u0142m: w sobot\u0119 wernisa\u017c Elki Ci\u0119pki - mojabochnia.pl - portal informacyjny","isPartOf":{"@id":"https:\/\/www.mojabochnia.pl\/#website"},"datePublished":"2012-08-01T11:16:29+00:00","dateModified":"2012-08-01T11:16:57+00:00","breadcrumb":{"@id":"https:\/\/www.mojabochnia.pl\/?p=75893#breadcrumb"},"inLanguage":"pl-PL","potentialAction":[{"@type":"ReadAction","target":["https:\/\/www.mojabochnia.pl\/?p=75893"]}]},{"@type":"BreadcrumbList","@id":"https:\/\/www.mojabochnia.pl\/?p=75893#breadcrumb","itemListElement":[{"@type":"ListItem","position":1,"name":"Home","item":"https:\/\/www.mojabochnia.pl\/"},{"@type":"ListItem","position":2,"name":"Galeria Che\u0142m: w sobot\u0119 wernisa\u017c Elki Ci\u0119pki"}]},{"@type":"WebSite","@id":"https:\/\/www.mojabochnia.pl\/#website","url":"https:\/\/www.mojabochnia.pl\/","name":"mojabochnia.pl - portal informacyjny","description":"mojaBochnia to portal informacyjny o Bochni. Codziennie o Bochni piszemy i pokazujemy najwa\u017cniejsze wydarzenia","publisher":{"@id":"https:\/\/www.mojabochnia.pl\/#organization"},"potentialAction":[{"@type":"SearchAction","target":{"@type":"EntryPoint","urlTemplate":"https:\/\/www.mojabochnia.pl\/?s={search_term_string}"},"query-input":{"@type":"PropertyValueSpecification","valueRequired":true,"valueName":"search_term_string"}}],"inLanguage":"pl-PL"},{"@type":"Organization","@id":"https:\/\/www.mojabochnia.pl\/#organization","name":"mojabochnia.pl - portal informacyjny","url":"https:\/\/www.mojabochnia.pl\/","logo":{"@type":"ImageObject","inLanguage":"pl-PL","@id":"https:\/\/www.mojabochnia.pl\/#\/schema\/logo\/image\/","url":"https:\/\/www.mojabochnia.pl\/wp-content\/uploads\/2017\/08\/logo-mb-opt.png","contentUrl":"https:\/\/www.mojabochnia.pl\/wp-content\/uploads\/2017\/08\/logo-mb-opt.png","width":250,"height":48,"caption":"mojabochnia.pl - portal informacyjny"},"image":{"@id":"https:\/\/www.mojabochnia.pl\/#\/schema\/logo\/image\/"},"sameAs":["https:\/\/www.facebook.com\/mojabochnia"]},{"@type":"Person","@id":"https:\/\/www.mojabochnia.pl\/#\/schema\/person\/7e2f20ead9902216a3384f13606c0ab7","name":"redakcja","sameAs":["http:\/\/"],"url":"https:\/\/www.mojabochnia.pl\/?author=13"}]}},"_links":{"self":[{"href":"https:\/\/www.mojabochnia.pl\/index.php?rest_route=\/wp\/v2\/posts\/75893","targetHints":{"allow":["GET"]}}],"collection":[{"href":"https:\/\/www.mojabochnia.pl\/index.php?rest_route=\/wp\/v2\/posts"}],"about":[{"href":"https:\/\/www.mojabochnia.pl\/index.php?rest_route=\/wp\/v2\/types\/post"}],"author":[{"embeddable":true,"href":"https:\/\/www.mojabochnia.pl\/index.php?rest_route=\/wp\/v2\/users\/13"}],"replies":[{"embeddable":true,"href":"https:\/\/www.mojabochnia.pl\/index.php?rest_route=%2Fwp%2Fv2%2Fcomments&post=75893"}],"version-history":[{"count":4,"href":"https:\/\/www.mojabochnia.pl\/index.php?rest_route=\/wp\/v2\/posts\/75893\/revisions"}],"predecessor-version":[{"id":75898,"href":"https:\/\/www.mojabochnia.pl\/index.php?rest_route=\/wp\/v2\/posts\/75893\/revisions\/75898"}],"wp:attachment":[{"href":"https:\/\/www.mojabochnia.pl\/index.php?rest_route=%2Fwp%2Fv2%2Fmedia&parent=75893"}],"wp:term":[{"taxonomy":"category","embeddable":true,"href":"https:\/\/www.mojabochnia.pl\/index.php?rest_route=%2Fwp%2Fv2%2Fcategories&post=75893"},{"taxonomy":"post_tag","embeddable":true,"href":"https:\/\/www.mojabochnia.pl\/index.php?rest_route=%2Fwp%2Fv2%2Ftags&post=75893"}],"curies":[{"name":"wp","href":"https:\/\/api.w.org\/{rel}","templated":true}]}}