{"id":7585,"date":"2009-04-10T12:07:03","date_gmt":"2009-04-10T10:07:03","guid":{"rendered":"http:\/\/www.mojabochnia.pl\/?p=7585"},"modified":"2009-11-16T18:36:53","modified_gmt":"2009-11-16T17:36:53","slug":"jerzy-lysy-o-inwestycjach-w-gminie-i-sytuacji-w-rpk","status":"publish","type":"post","link":"https:\/\/www.mojabochnia.pl\/?p=7585","title":{"rendered":"Jerzy Lysy o inwestycjach w gminie, sytuacji w RPK oraz o p\u00f3\u0142metku kadencji burmistrza i starosty"},"content":{"rendered":"<p><strong>cz\u0119\u015b\u0107 II o RPK<\/strong><\/p>\n<p><object classid=\"clsid:d27cdb6e-ae6d-11cf-96b8-444553540000\" width=\"320\" height=\"240\" codebase=\"http:\/\/download.macromedia.com\/pub\/shockwave\/cabs\/flash\/swflash.cab#version=6,0,40,0\"><param name=\"allowFullScreen\" value=\"true\" \/><param name=\"allowscriptaccess\" value=\"always\" \/><param name=\"src\" value=\"http:\/\/www.youtube.com\/v\/UnaCzACZpdw&amp;hl=pl&amp;fs=1\" \/><embed type=\"application\/x-shockwave-flash\" width=\"320\" height=\"240\" src=\"http:\/\/www.youtube.com\/v\/UnaCzACZpdw&amp;hl=pl&amp;fs=1\" allowscriptaccess=\"always\" allowfullscreen=\"true\"><\/embed><\/object><\/p>\n<p><strong>cz\u0119\u015b\u0107 III o p\u00f3\u0142metku kadencji starosty i burmistrza<\/strong><\/p>\n<p><object classid=\"clsid:d27cdb6e-ae6d-11cf-96b8-444553540000\" width=\"320\" height=\"240\" codebase=\"http:\/\/download.macromedia.com\/pub\/shockwave\/cabs\/flash\/swflash.cab#version=6,0,40,0\"><param name=\"allowFullScreen\" value=\"true\" \/><param name=\"allowscriptaccess\" value=\"always\" \/><param name=\"src\" value=\"http:\/\/www.youtube.com\/v\/wSDFlu5IRh4&amp;hl=pl&amp;fs=1\" \/><embed type=\"application\/x-shockwave-flash\" width=\"320\" height=\"240\" src=\"http:\/\/www.youtube.com\/v\/wSDFlu5IRh4&amp;hl=pl&amp;fs=1\" allowscriptaccess=\"always\" allowfullscreen=\"true\"><\/embed><\/object><\/p>\n","protected":false},"excerpt":{"rendered":"<p>Poranna kawa mojejBochni z w\u00f3jtem gminy Bochnia Jerzym Lysym.<\/p>\n","protected":false},"author":2,"featured_media":0,"comment_status":"open","ping_status":"closed","sticky":false,"template":"","format":"standard","meta":{"_acf_changed":false,"footnotes":""},"categories":[3633,1501],"tags":[17336,128,17215,1901,17494,17318,17714,17573,17493],"class_list":["post-7585","post","type-post","status-publish","format-standard","hentry","category-tv","category-poranna-kawa","tag-budzet","tag-inwestycje","tag-jerzy-lysy","tag-polmetek","tag-starosta","tag-telewizja","tag-tv","tag-tv-poranna-kawa","tag-wojt"],"acf":[],"yoast_head":"<!-- This site is optimized with the Yoast SEO plugin v26.9 - https:\/\/yoast.com\/product\/yoast-seo-wordpress\/ -->\n<title>Jerzy Lysy o inwestycjach w gminie, sytuacji w RPK oraz o p\u00f3\u0142metku kadencji burmistrza i starosty - mojabochnia.pl - portal informacyjny<\/title>\n<meta name=\"robots\" content=\"index, follow, max-snippet:-1, max-image-preview:large, max-video-preview:-1\" \/>\n<link rel=\"canonical\" href=\"https:\/\/www.mojabochnia.pl\/?p=7585\" \/>\n<meta property=\"og:locale\" content=\"pl_PL\" \/>\n<meta property=\"og:type\" content=\"article\" \/>\n<meta property=\"og:title\" content=\"Jerzy Lysy o inwestycjach w gminie, sytuacji w RPK oraz o p\u00f3\u0142metku kadencji burmistrza i starosty - mojabochnia.pl - portal informacyjny\" \/>\n<meta property=\"og:description\" content=\"Poranna kawa mojejBochni z w\u00f3jtem gminy Bochnia Jerzym Lysym.\" \/>\n<meta property=\"og:url\" content=\"https:\/\/www.mojabochnia.pl\/?p=7585\" \/>\n<meta property=\"og:site_name\" content=\"mojabochnia.pl - portal informacyjny\" \/>\n<meta property=\"article:publisher\" content=\"https:\/\/www.facebook.com\/mojabochnia\" \/>\n<meta property=\"article:published_time\" content=\"2009-04-10T10:07:03+00:00\" \/>\n<meta property=\"article:modified_time\" content=\"2009-11-16T17:36:53+00:00\" \/>\n<meta name=\"author\" content=\"Jacek Kucharski\" \/>\n<meta name=\"twitter:card\" content=\"summary_large_image\" \/>\n<meta name=\"twitter:label1\" content=\"Written by\" \/>\n\t<meta name=\"twitter:data1\" content=\"Jacek Kucharski\" \/>\n<script type=\"application\/ld+json\" class=\"yoast-schema-graph\">{\"@context\":\"https:\/\/schema.org\",\"@graph\":[{\"@type\":\"Article\",\"@id\":\"https:\/\/www.mojabochnia.pl\/?p=7585#article\",\"isPartOf\":{\"@id\":\"https:\/\/www.mojabochnia.pl\/?p=7585\"},\"author\":{\"name\":\"Jacek Kucharski\",\"@id\":\"https:\/\/www.mojabochnia.pl\/#\/schema\/person\/cbf2046fc62995d3796f0c0160613698\"},\"headline\":\"Jerzy Lysy o inwestycjach w gminie, sytuacji w RPK oraz o p\u00f3\u0142metku kadencji burmistrza i starosty\",\"datePublished\":\"2009-04-10T10:07:03+00:00\",\"dateModified\":\"2009-11-16T17:36:53+00:00\",\"mainEntityOfPage\":{\"@id\":\"https:\/\/www.mojabochnia.pl\/?p=7585\"},\"wordCount\":30,\"commentCount\":4,\"publisher\":{\"@id\":\"https:\/\/www.mojabochnia.pl\/#organization\"},\"keywords\":[\"bud\u017cet\",\"inwestycje\",\"jerzy lysy\",\"p\u00f3\u0142metek\",\"starosta\",\"telewizja\",\"TV\",\"TV Poranna kawa\",\"w\u00f3jt\"],\"articleSection\":[\"TV\",\"TV Poranna kawa\"],\"inLanguage\":\"pl-PL\",\"potentialAction\":[{\"@type\":\"CommentAction\",\"name\":\"Comment\",\"target\":[\"https:\/\/www.mojabochnia.pl\/?p=7585#respond\"]}]},{\"@type\":\"WebPage\",\"@id\":\"https:\/\/www.mojabochnia.pl\/?p=7585\",\"url\":\"https:\/\/www.mojabochnia.pl\/?p=7585\",\"name\":\"Jerzy Lysy o inwestycjach w gminie, sytuacji w RPK oraz o p\u00f3\u0142metku kadencji burmistrza i starosty - mojabochnia.pl - portal informacyjny\",\"isPartOf\":{\"@id\":\"https:\/\/www.mojabochnia.pl\/#website\"},\"datePublished\":\"2009-04-10T10:07:03+00:00\",\"dateModified\":\"2009-11-16T17:36:53+00:00\",\"breadcrumb\":{\"@id\":\"https:\/\/www.mojabochnia.pl\/?p=7585#breadcrumb\"},\"inLanguage\":\"pl-PL\",\"potentialAction\":[{\"@type\":\"ReadAction\",\"target\":[\"https:\/\/www.mojabochnia.pl\/?p=7585\"]}]},{\"@type\":\"BreadcrumbList\",\"@id\":\"https:\/\/www.mojabochnia.pl\/?p=7585#breadcrumb\",\"itemListElement\":[{\"@type\":\"ListItem\",\"position\":1,\"name\":\"Home\",\"item\":\"https:\/\/www.mojabochnia.pl\/\"},{\"@type\":\"ListItem\",\"position\":2,\"name\":\"Jerzy Lysy o inwestycjach w gminie, sytuacji w RPK oraz o p\u00f3\u0142metku kadencji burmistrza i starosty\"}]},{\"@type\":\"WebSite\",\"@id\":\"https:\/\/www.mojabochnia.pl\/#website\",\"url\":\"https:\/\/www.mojabochnia.pl\/\",\"name\":\"mojabochnia.pl - portal informacyjny\",\"description\":\"mojaBochnia to portal informacyjny o Bochni. Codziennie o Bochni piszemy i pokazujemy najwa\u017cniejsze wydarzenia\",\"publisher\":{\"@id\":\"https:\/\/www.mojabochnia.pl\/#organization\"},\"potentialAction\":[{\"@type\":\"SearchAction\",\"target\":{\"@type\":\"EntryPoint\",\"urlTemplate\":\"https:\/\/www.mojabochnia.pl\/?s={search_term_string}\"},\"query-input\":{\"@type\":\"PropertyValueSpecification\",\"valueRequired\":true,\"valueName\":\"search_term_string\"}}],\"inLanguage\":\"pl-PL\"},{\"@type\":\"Organization\",\"@id\":\"https:\/\/www.mojabochnia.pl\/#organization\",\"name\":\"mojabochnia.pl - portal informacyjny\",\"url\":\"https:\/\/www.mojabochnia.pl\/\",\"logo\":{\"@type\":\"ImageObject\",\"inLanguage\":\"pl-PL\",\"@id\":\"https:\/\/www.mojabochnia.pl\/#\/schema\/logo\/image\/\",\"url\":\"https:\/\/www.mojabochnia.pl\/wp-content\/uploads\/2017\/08\/logo-mb-opt.png\",\"contentUrl\":\"https:\/\/www.mojabochnia.pl\/wp-content\/uploads\/2017\/08\/logo-mb-opt.png\",\"width\":250,\"height\":48,\"caption\":\"mojabochnia.pl - portal informacyjny\"},\"image\":{\"@id\":\"https:\/\/www.mojabochnia.pl\/#\/schema\/logo\/image\/\"},\"sameAs\":[\"https:\/\/www.facebook.com\/mojabochnia\"]},{\"@type\":\"Person\",\"@id\":\"https:\/\/www.mojabochnia.pl\/#\/schema\/person\/cbf2046fc62995d3796f0c0160613698\",\"name\":\"Jacek Kucharski\",\"url\":\"https:\/\/www.mojabochnia.pl\/?author=2\"}]}<\/script>\n<!-- \/ Yoast SEO plugin. -->","yoast_head_json":{"title":"Jerzy Lysy o inwestycjach w gminie, sytuacji w RPK oraz o p\u00f3\u0142metku kadencji burmistrza i starosty - mojabochnia.pl - portal informacyjny","robots":{"index":"index","follow":"follow","max-snippet":"max-snippet:-1","max-image-preview":"max-image-preview:large","max-video-preview":"max-video-preview:-1"},"canonical":"https:\/\/www.mojabochnia.pl\/?p=7585","og_locale":"pl_PL","og_type":"article","og_title":"Jerzy Lysy o inwestycjach w gminie, sytuacji w RPK oraz o p\u00f3\u0142metku kadencji burmistrza i starosty - mojabochnia.pl - portal informacyjny","og_description":"Poranna kawa mojejBochni z w\u00f3jtem gminy Bochnia Jerzym Lysym.","og_url":"https:\/\/www.mojabochnia.pl\/?p=7585","og_site_name":"mojabochnia.pl - portal informacyjny","article_publisher":"https:\/\/www.facebook.com\/mojabochnia","article_published_time":"2009-04-10T10:07:03+00:00","article_modified_time":"2009-11-16T17:36:53+00:00","author":"Jacek Kucharski","twitter_card":"summary_large_image","twitter_misc":{"Written by":"Jacek Kucharski"},"schema":{"@context":"https:\/\/schema.org","@graph":[{"@type":"Article","@id":"https:\/\/www.mojabochnia.pl\/?p=7585#article","isPartOf":{"@id":"https:\/\/www.mojabochnia.pl\/?p=7585"},"author":{"name":"Jacek Kucharski","@id":"https:\/\/www.mojabochnia.pl\/#\/schema\/person\/cbf2046fc62995d3796f0c0160613698"},"headline":"Jerzy Lysy o inwestycjach w gminie, sytuacji w RPK oraz o p\u00f3\u0142metku kadencji burmistrza i starosty","datePublished":"2009-04-10T10:07:03+00:00","dateModified":"2009-11-16T17:36:53+00:00","mainEntityOfPage":{"@id":"https:\/\/www.mojabochnia.pl\/?p=7585"},"wordCount":30,"commentCount":4,"publisher":{"@id":"https:\/\/www.mojabochnia.pl\/#organization"},"keywords":["bud\u017cet","inwestycje","jerzy lysy","p\u00f3\u0142metek","starosta","telewizja","TV","TV Poranna kawa","w\u00f3jt"],"articleSection":["TV","TV Poranna kawa"],"inLanguage":"pl-PL","potentialAction":[{"@type":"CommentAction","name":"Comment","target":["https:\/\/www.mojabochnia.pl\/?p=7585#respond"]}]},{"@type":"WebPage","@id":"https:\/\/www.mojabochnia.pl\/?p=7585","url":"https:\/\/www.mojabochnia.pl\/?p=7585","name":"Jerzy Lysy o inwestycjach w gminie, sytuacji w RPK oraz o p\u00f3\u0142metku kadencji burmistrza i starosty - mojabochnia.pl - portal informacyjny","isPartOf":{"@id":"https:\/\/www.mojabochnia.pl\/#website"},"datePublished":"2009-04-10T10:07:03+00:00","dateModified":"2009-11-16T17:36:53+00:00","breadcrumb":{"@id":"https:\/\/www.mojabochnia.pl\/?p=7585#breadcrumb"},"inLanguage":"pl-PL","potentialAction":[{"@type":"ReadAction","target":["https:\/\/www.mojabochnia.pl\/?p=7585"]}]},{"@type":"BreadcrumbList","@id":"https:\/\/www.mojabochnia.pl\/?p=7585#breadcrumb","itemListElement":[{"@type":"ListItem","position":1,"name":"Home","item":"https:\/\/www.mojabochnia.pl\/"},{"@type":"ListItem","position":2,"name":"Jerzy Lysy o inwestycjach w gminie, sytuacji w RPK oraz o p\u00f3\u0142metku kadencji burmistrza i starosty"}]},{"@type":"WebSite","@id":"https:\/\/www.mojabochnia.pl\/#website","url":"https:\/\/www.mojabochnia.pl\/","name":"mojabochnia.pl - portal informacyjny","description":"mojaBochnia to portal informacyjny o Bochni. Codziennie o Bochni piszemy i pokazujemy najwa\u017cniejsze wydarzenia","publisher":{"@id":"https:\/\/www.mojabochnia.pl\/#organization"},"potentialAction":[{"@type":"SearchAction","target":{"@type":"EntryPoint","urlTemplate":"https:\/\/www.mojabochnia.pl\/?s={search_term_string}"},"query-input":{"@type":"PropertyValueSpecification","valueRequired":true,"valueName":"search_term_string"}}],"inLanguage":"pl-PL"},{"@type":"Organization","@id":"https:\/\/www.mojabochnia.pl\/#organization","name":"mojabochnia.pl - portal informacyjny","url":"https:\/\/www.mojabochnia.pl\/","logo":{"@type":"ImageObject","inLanguage":"pl-PL","@id":"https:\/\/www.mojabochnia.pl\/#\/schema\/logo\/image\/","url":"https:\/\/www.mojabochnia.pl\/wp-content\/uploads\/2017\/08\/logo-mb-opt.png","contentUrl":"https:\/\/www.mojabochnia.pl\/wp-content\/uploads\/2017\/08\/logo-mb-opt.png","width":250,"height":48,"caption":"mojabochnia.pl - portal informacyjny"},"image":{"@id":"https:\/\/www.mojabochnia.pl\/#\/schema\/logo\/image\/"},"sameAs":["https:\/\/www.facebook.com\/mojabochnia"]},{"@type":"Person","@id":"https:\/\/www.mojabochnia.pl\/#\/schema\/person\/cbf2046fc62995d3796f0c0160613698","name":"Jacek Kucharski","url":"https:\/\/www.mojabochnia.pl\/?author=2"}]}},"_links":{"self":[{"href":"https:\/\/www.mojabochnia.pl\/index.php?rest_route=\/wp\/v2\/posts\/7585","targetHints":{"allow":["GET"]}}],"collection":[{"href":"https:\/\/www.mojabochnia.pl\/index.php?rest_route=\/wp\/v2\/posts"}],"about":[{"href":"https:\/\/www.mojabochnia.pl\/index.php?rest_route=\/wp\/v2\/types\/post"}],"author":[{"embeddable":true,"href":"https:\/\/www.mojabochnia.pl\/index.php?rest_route=\/wp\/v2\/users\/2"}],"replies":[{"embeddable":true,"href":"https:\/\/www.mojabochnia.pl\/index.php?rest_route=%2Fwp%2Fv2%2Fcomments&post=7585"}],"version-history":[{"count":0,"href":"https:\/\/www.mojabochnia.pl\/index.php?rest_route=\/wp\/v2\/posts\/7585\/revisions"}],"wp:attachment":[{"href":"https:\/\/www.mojabochnia.pl\/index.php?rest_route=%2Fwp%2Fv2%2Fmedia&parent=7585"}],"wp:term":[{"taxonomy":"category","embeddable":true,"href":"https:\/\/www.mojabochnia.pl\/index.php?rest_route=%2Fwp%2Fv2%2Fcategories&post=7585"},{"taxonomy":"post_tag","embeddable":true,"href":"https:\/\/www.mojabochnia.pl\/index.php?rest_route=%2Fwp%2Fv2%2Ftags&post=7585"}],"curies":[{"name":"wp","href":"https:\/\/api.w.org\/{rel}","templated":true}]}}