{"id":7582,"date":"2009-04-10T11:01:57","date_gmt":"2009-04-10T09:01:57","guid":{"rendered":"http:\/\/www.mojabochnia.pl\/?p=7582"},"modified":"2009-04-16T12:35:03","modified_gmt":"2009-04-16T10:35:03","slug":"dabrowka-%e2%80%93-niedzieliska-droga-jak-ser-szwajcarski","status":"publish","type":"post","link":"https:\/\/www.mojabochnia.pl\/?p=7582","title":{"rendered":"D\u0105br\u00f3wka \u2013 Niedzieliska: droga jak ser szwajcarski"},"content":{"rendered":"<p>Administratorem traktu D\u0105br\u00f3wka \u2013 Niedzieliska jest powiat boche\u0144ski, jak m\u00f3wi pan J\u00f3zef, powiat chyba zapomnia\u0142 o remoncie dwuip\u00f3\u0142kilometrowego odcinka w p\u00f3\u0142nocnej cz\u0119\u015bci powiatu. \u2013 <em>Odcinek zosta\u0142 wykonany 33 lata temu do by\u0142ego sklepu GS. Droga w tej chwili wygl\u0105da katastrofalnie, poruszaj\u0105 si\u0119 ni\u0105 samochody o bardzo du\u017cym tona\u017cu, z betoniarni, nadle\u015bnictwo wywozi drewno z lasu bratucickiego r\u00f3wnie\u017c t\u0105 drog\u0105. Domagamy si\u0119 kapitalnego remontu tej drogi<\/em> \u2013 m\u00f3wi pan J\u00f3zef.<\/p>\n<p><img decoding=\"async\" src=\"http:\/\/www.mojabochnia.pl\/f\/2009\/04\/090410_xx_dabrowka1.jpg\" \/><\/p>\n<p>Starosta Jacek Paj\u0105k zapewnia, \u017ce w najbli\u017cszym czasie zostan\u0105 za\u0142atane dziury m.in. na wskazanym odcinku. \u2013 <em>Droga D\u0105br\u00f3wka \u2013 Niedzieliska znajdzie si\u0119 na pewno jako jeden z najpilniejszych obszar\u00f3w do wyremontowania. Przyznaj\u0119 uczciwie, \u017ce stan tej drogi, nieremontowanej wiele, wiele lat, jest zatrwa\u017caj\u0105cy i zagra\u017caj\u0105cy bezpiecze\u0144stwu publicznemu. Ale przyznaj\u0119 te\u017c uczciwie, \u017ce kompleksowy remont, jaki wykonujemy np. w przypadku schetyn\u00f3wek, jest niewykonalny w tym roku. Apeluj\u0119 o wytrzyma\u0142o\u015b\u0107, b\u0119dziemy z roku na rok te najwa\u017cniejsze obszary remontowa\u0107 w spos\u00f3b bardziej kompleksowy czy to ze \u015brodk\u00f3w w\u0142asnych czy ze wsp\u00f3\u0142finansowaniem gmin b\u0105d\u017a \u015brodk\u00f3w zewn\u0119trznych<\/em> \u2013 m\u00f3wi starosta. <\/p>\n<p>Starosta zapewnia, \u017ce dziury zostan\u0105 za\u0142atane zaraz po \u015bwi\u0119tach.<\/p>\n<p><img decoding=\"async\" src=\"http:\/\/www.mojabochnia.pl\/f\/2009\/04\/090410_xx_dabrowka2.jpg\" \/><\/p>\n","protected":false},"excerpt":{"rendered":"<p>Mieszka\u0144cy D\u0105br\u00f3wki w powiecie boche\u0144skim s\u0105 oburzeni stanem technicznym ich drogi na trasie D\u0105br\u00f3wka \u2013 Niedzieliska. <\/p>\n","protected":false},"author":4,"featured_media":0,"comment_status":"open","ping_status":"closed","sticky":false,"template":"","format":"standard","meta":{"_acf_changed":false,"footnotes":""},"categories":[5,11],"tags":[17583,1331,17136,17300,17152,2867,17494,17174,2419],"class_list":["post-7582","post","type-post","status-publish","format-standard","hentry","category-biezace-wydarzenia","category-top-temat","tag-dabrowka","tag-droga-powiatowa","tag-jacek-pajak","tag-remont","tag-remont-drogi","tag-remonty-czastkowe","tag-starosta","tag-starostwo-powiatowe","tag-wicestarosta"],"acf":[],"yoast_head":"<!-- This site is optimized with the Yoast SEO plugin v26.9 - https:\/\/yoast.com\/product\/yoast-seo-wordpress\/ -->\n<title>D\u0105br\u00f3wka \u2013 Niedzieliska: droga jak ser szwajcarski - mojabochnia.pl - portal informacyjny<\/title>\n<meta name=\"robots\" content=\"index, follow, max-snippet:-1, max-image-preview:large, max-video-preview:-1\" \/>\n<link rel=\"canonical\" href=\"https:\/\/www.mojabochnia.pl\/?p=7582\" \/>\n<meta property=\"og:locale\" content=\"pl_PL\" \/>\n<meta property=\"og:type\" content=\"article\" \/>\n<meta property=\"og:title\" content=\"D\u0105br\u00f3wka \u2013 Niedzieliska: droga jak ser szwajcarski - mojabochnia.pl - portal informacyjny\" \/>\n<meta property=\"og:description\" content=\"Mieszka\u0144cy D\u0105br\u00f3wki w powiecie boche\u0144skim s\u0105 oburzeni stanem technicznym ich drogi na trasie D\u0105br\u00f3wka \u2013 Niedzieliska.\" \/>\n<meta property=\"og:url\" content=\"https:\/\/www.mojabochnia.pl\/?p=7582\" \/>\n<meta property=\"og:site_name\" content=\"mojabochnia.pl - portal informacyjny\" \/>\n<meta property=\"article:publisher\" content=\"https:\/\/www.facebook.com\/mojabochnia\" \/>\n<meta property=\"article:published_time\" content=\"2009-04-10T09:01:57+00:00\" \/>\n<meta property=\"article:modified_time\" content=\"2009-04-16T10:35:03+00:00\" \/>\n<meta property=\"og:image\" content=\"http:\/\/www.mojabochnia.pl\/f\/2009\/04\/090410_xx_dabrowka1.jpg\" \/>\n<meta name=\"author\" content=\"Pawe\u0142 Michalczyk\" \/>\n<meta name=\"twitter:card\" content=\"summary_large_image\" \/>\n<meta name=\"twitter:label1\" content=\"Written by\" \/>\n\t<meta name=\"twitter:data1\" content=\"Pawe\u0142 Michalczyk\" \/>\n\t<meta name=\"twitter:label2\" content=\"Est. reading time\" \/>\n\t<meta name=\"twitter:data2\" content=\"1 minuta\" \/>\n<script type=\"application\/ld+json\" class=\"yoast-schema-graph\">{\"@context\":\"https:\/\/schema.org\",\"@graph\":[{\"@type\":\"Article\",\"@id\":\"https:\/\/www.mojabochnia.pl\/?p=7582#article\",\"isPartOf\":{\"@id\":\"https:\/\/www.mojabochnia.pl\/?p=7582\"},\"author\":{\"name\":\"Pawe\u0142 Michalczyk\",\"@id\":\"https:\/\/www.mojabochnia.pl\/#\/schema\/person\/ea042e4724a77627963f02166828ead4\"},\"headline\":\"D\u0105br\u00f3wka \u2013 Niedzieliska: droga jak ser szwajcarski\",\"datePublished\":\"2009-04-10T09:01:57+00:00\",\"dateModified\":\"2009-04-16T10:35:03+00:00\",\"mainEntityOfPage\":{\"@id\":\"https:\/\/www.mojabochnia.pl\/?p=7582\"},\"wordCount\":217,\"commentCount\":1,\"publisher\":{\"@id\":\"https:\/\/www.mojabochnia.pl\/#organization\"},\"image\":{\"@id\":\"https:\/\/www.mojabochnia.pl\/?p=7582#primaryimage\"},\"thumbnailUrl\":\"http:\/\/www.mojabochnia.pl\/f\/2009\/04\/090410_xx_dabrowka1.jpg\",\"keywords\":[\"d\u0105br\u00f3wka\",\"droga powiatowa\",\"jacek paj\u0105k\",\"remont\",\"remont drogi\",\"remonty cz\u0105stkowe\",\"starosta\",\"starostwo powiatowe\",\"wicestarosta\"],\"articleSection\":[\"2_ostatnie\",\"3_w centrum uwagi\"],\"inLanguage\":\"pl-PL\",\"potentialAction\":[{\"@type\":\"CommentAction\",\"name\":\"Comment\",\"target\":[\"https:\/\/www.mojabochnia.pl\/?p=7582#respond\"]}]},{\"@type\":\"WebPage\",\"@id\":\"https:\/\/www.mojabochnia.pl\/?p=7582\",\"url\":\"https:\/\/www.mojabochnia.pl\/?p=7582\",\"name\":\"D\u0105br\u00f3wka \u2013 Niedzieliska: droga jak ser szwajcarski - mojabochnia.pl - portal informacyjny\",\"isPartOf\":{\"@id\":\"https:\/\/www.mojabochnia.pl\/#website\"},\"primaryImageOfPage\":{\"@id\":\"https:\/\/www.mojabochnia.pl\/?p=7582#primaryimage\"},\"image\":{\"@id\":\"https:\/\/www.mojabochnia.pl\/?p=7582#primaryimage\"},\"thumbnailUrl\":\"http:\/\/www.mojabochnia.pl\/f\/2009\/04\/090410_xx_dabrowka1.jpg\",\"datePublished\":\"2009-04-10T09:01:57+00:00\",\"dateModified\":\"2009-04-16T10:35:03+00:00\",\"breadcrumb\":{\"@id\":\"https:\/\/www.mojabochnia.pl\/?p=7582#breadcrumb\"},\"inLanguage\":\"pl-PL\",\"potentialAction\":[{\"@type\":\"ReadAction\",\"target\":[\"https:\/\/www.mojabochnia.pl\/?p=7582\"]}]},{\"@type\":\"ImageObject\",\"inLanguage\":\"pl-PL\",\"@id\":\"https:\/\/www.mojabochnia.pl\/?p=7582#primaryimage\",\"url\":\"http:\/\/www.mojabochnia.pl\/f\/2009\/04\/090410_xx_dabrowka1.jpg\",\"contentUrl\":\"http:\/\/www.mojabochnia.pl\/f\/2009\/04\/090410_xx_dabrowka1.jpg\"},{\"@type\":\"BreadcrumbList\",\"@id\":\"https:\/\/www.mojabochnia.pl\/?p=7582#breadcrumb\",\"itemListElement\":[{\"@type\":\"ListItem\",\"position\":1,\"name\":\"Home\",\"item\":\"https:\/\/www.mojabochnia.pl\/\"},{\"@type\":\"ListItem\",\"position\":2,\"name\":\"D\u0105br\u00f3wka \u2013 Niedzieliska: droga jak ser szwajcarski\"}]},{\"@type\":\"WebSite\",\"@id\":\"https:\/\/www.mojabochnia.pl\/#website\",\"url\":\"https:\/\/www.mojabochnia.pl\/\",\"name\":\"mojabochnia.pl - portal informacyjny\",\"description\":\"mojaBochnia to portal informacyjny o Bochni. Codziennie o Bochni piszemy i pokazujemy najwa\u017cniejsze wydarzenia\",\"publisher\":{\"@id\":\"https:\/\/www.mojabochnia.pl\/#organization\"},\"potentialAction\":[{\"@type\":\"SearchAction\",\"target\":{\"@type\":\"EntryPoint\",\"urlTemplate\":\"https:\/\/www.mojabochnia.pl\/?s={search_term_string}\"},\"query-input\":{\"@type\":\"PropertyValueSpecification\",\"valueRequired\":true,\"valueName\":\"search_term_string\"}}],\"inLanguage\":\"pl-PL\"},{\"@type\":\"Organization\",\"@id\":\"https:\/\/www.mojabochnia.pl\/#organization\",\"name\":\"mojabochnia.pl - portal informacyjny\",\"url\":\"https:\/\/www.mojabochnia.pl\/\",\"logo\":{\"@type\":\"ImageObject\",\"inLanguage\":\"pl-PL\",\"@id\":\"https:\/\/www.mojabochnia.pl\/#\/schema\/logo\/image\/\",\"url\":\"https:\/\/www.mojabochnia.pl\/wp-content\/uploads\/2017\/08\/logo-mb-opt.png\",\"contentUrl\":\"https:\/\/www.mojabochnia.pl\/wp-content\/uploads\/2017\/08\/logo-mb-opt.png\",\"width\":250,\"height\":48,\"caption\":\"mojabochnia.pl - portal informacyjny\"},\"image\":{\"@id\":\"https:\/\/www.mojabochnia.pl\/#\/schema\/logo\/image\/\"},\"sameAs\":[\"https:\/\/www.facebook.com\/mojabochnia\"]},{\"@type\":\"Person\",\"@id\":\"https:\/\/www.mojabochnia.pl\/#\/schema\/person\/ea042e4724a77627963f02166828ead4\",\"name\":\"Pawe\u0142 Michalczyk\",\"url\":\"https:\/\/www.mojabochnia.pl\/?author=4\"}]}<\/script>\n<!-- \/ Yoast SEO plugin. -->","yoast_head_json":{"title":"D\u0105br\u00f3wka \u2013 Niedzieliska: droga jak ser szwajcarski - mojabochnia.pl - portal informacyjny","robots":{"index":"index","follow":"follow","max-snippet":"max-snippet:-1","max-image-preview":"max-image-preview:large","max-video-preview":"max-video-preview:-1"},"canonical":"https:\/\/www.mojabochnia.pl\/?p=7582","og_locale":"pl_PL","og_type":"article","og_title":"D\u0105br\u00f3wka \u2013 Niedzieliska: droga jak ser szwajcarski - mojabochnia.pl - portal informacyjny","og_description":"Mieszka\u0144cy D\u0105br\u00f3wki w powiecie boche\u0144skim s\u0105 oburzeni stanem technicznym ich drogi na trasie D\u0105br\u00f3wka \u2013 Niedzieliska.","og_url":"https:\/\/www.mojabochnia.pl\/?p=7582","og_site_name":"mojabochnia.pl - portal informacyjny","article_publisher":"https:\/\/www.facebook.com\/mojabochnia","article_published_time":"2009-04-10T09:01:57+00:00","article_modified_time":"2009-04-16T10:35:03+00:00","og_image":[{"url":"http:\/\/www.mojabochnia.pl\/f\/2009\/04\/090410_xx_dabrowka1.jpg","type":"","width":"","height":""}],"author":"Pawe\u0142 Michalczyk","twitter_card":"summary_large_image","twitter_misc":{"Written by":"Pawe\u0142 Michalczyk","Est. reading time":"1 minuta"},"schema":{"@context":"https:\/\/schema.org","@graph":[{"@type":"Article","@id":"https:\/\/www.mojabochnia.pl\/?p=7582#article","isPartOf":{"@id":"https:\/\/www.mojabochnia.pl\/?p=7582"},"author":{"name":"Pawe\u0142 Michalczyk","@id":"https:\/\/www.mojabochnia.pl\/#\/schema\/person\/ea042e4724a77627963f02166828ead4"},"headline":"D\u0105br\u00f3wka \u2013 Niedzieliska: droga jak ser szwajcarski","datePublished":"2009-04-10T09:01:57+00:00","dateModified":"2009-04-16T10:35:03+00:00","mainEntityOfPage":{"@id":"https:\/\/www.mojabochnia.pl\/?p=7582"},"wordCount":217,"commentCount":1,"publisher":{"@id":"https:\/\/www.mojabochnia.pl\/#organization"},"image":{"@id":"https:\/\/www.mojabochnia.pl\/?p=7582#primaryimage"},"thumbnailUrl":"http:\/\/www.mojabochnia.pl\/f\/2009\/04\/090410_xx_dabrowka1.jpg","keywords":["d\u0105br\u00f3wka","droga powiatowa","jacek paj\u0105k","remont","remont drogi","remonty cz\u0105stkowe","starosta","starostwo powiatowe","wicestarosta"],"articleSection":["2_ostatnie","3_w centrum uwagi"],"inLanguage":"pl-PL","potentialAction":[{"@type":"CommentAction","name":"Comment","target":["https:\/\/www.mojabochnia.pl\/?p=7582#respond"]}]},{"@type":"WebPage","@id":"https:\/\/www.mojabochnia.pl\/?p=7582","url":"https:\/\/www.mojabochnia.pl\/?p=7582","name":"D\u0105br\u00f3wka \u2013 Niedzieliska: droga jak ser szwajcarski - mojabochnia.pl - portal informacyjny","isPartOf":{"@id":"https:\/\/www.mojabochnia.pl\/#website"},"primaryImageOfPage":{"@id":"https:\/\/www.mojabochnia.pl\/?p=7582#primaryimage"},"image":{"@id":"https:\/\/www.mojabochnia.pl\/?p=7582#primaryimage"},"thumbnailUrl":"http:\/\/www.mojabochnia.pl\/f\/2009\/04\/090410_xx_dabrowka1.jpg","datePublished":"2009-04-10T09:01:57+00:00","dateModified":"2009-04-16T10:35:03+00:00","breadcrumb":{"@id":"https:\/\/www.mojabochnia.pl\/?p=7582#breadcrumb"},"inLanguage":"pl-PL","potentialAction":[{"@type":"ReadAction","target":["https:\/\/www.mojabochnia.pl\/?p=7582"]}]},{"@type":"ImageObject","inLanguage":"pl-PL","@id":"https:\/\/www.mojabochnia.pl\/?p=7582#primaryimage","url":"http:\/\/www.mojabochnia.pl\/f\/2009\/04\/090410_xx_dabrowka1.jpg","contentUrl":"http:\/\/www.mojabochnia.pl\/f\/2009\/04\/090410_xx_dabrowka1.jpg"},{"@type":"BreadcrumbList","@id":"https:\/\/www.mojabochnia.pl\/?p=7582#breadcrumb","itemListElement":[{"@type":"ListItem","position":1,"name":"Home","item":"https:\/\/www.mojabochnia.pl\/"},{"@type":"ListItem","position":2,"name":"D\u0105br\u00f3wka \u2013 Niedzieliska: droga jak ser szwajcarski"}]},{"@type":"WebSite","@id":"https:\/\/www.mojabochnia.pl\/#website","url":"https:\/\/www.mojabochnia.pl\/","name":"mojabochnia.pl - portal informacyjny","description":"mojaBochnia to portal informacyjny o Bochni. Codziennie o Bochni piszemy i pokazujemy najwa\u017cniejsze wydarzenia","publisher":{"@id":"https:\/\/www.mojabochnia.pl\/#organization"},"potentialAction":[{"@type":"SearchAction","target":{"@type":"EntryPoint","urlTemplate":"https:\/\/www.mojabochnia.pl\/?s={search_term_string}"},"query-input":{"@type":"PropertyValueSpecification","valueRequired":true,"valueName":"search_term_string"}}],"inLanguage":"pl-PL"},{"@type":"Organization","@id":"https:\/\/www.mojabochnia.pl\/#organization","name":"mojabochnia.pl - portal informacyjny","url":"https:\/\/www.mojabochnia.pl\/","logo":{"@type":"ImageObject","inLanguage":"pl-PL","@id":"https:\/\/www.mojabochnia.pl\/#\/schema\/logo\/image\/","url":"https:\/\/www.mojabochnia.pl\/wp-content\/uploads\/2017\/08\/logo-mb-opt.png","contentUrl":"https:\/\/www.mojabochnia.pl\/wp-content\/uploads\/2017\/08\/logo-mb-opt.png","width":250,"height":48,"caption":"mojabochnia.pl - portal informacyjny"},"image":{"@id":"https:\/\/www.mojabochnia.pl\/#\/schema\/logo\/image\/"},"sameAs":["https:\/\/www.facebook.com\/mojabochnia"]},{"@type":"Person","@id":"https:\/\/www.mojabochnia.pl\/#\/schema\/person\/ea042e4724a77627963f02166828ead4","name":"Pawe\u0142 Michalczyk","url":"https:\/\/www.mojabochnia.pl\/?author=4"}]}},"_links":{"self":[{"href":"https:\/\/www.mojabochnia.pl\/index.php?rest_route=\/wp\/v2\/posts\/7582","targetHints":{"allow":["GET"]}}],"collection":[{"href":"https:\/\/www.mojabochnia.pl\/index.php?rest_route=\/wp\/v2\/posts"}],"about":[{"href":"https:\/\/www.mojabochnia.pl\/index.php?rest_route=\/wp\/v2\/types\/post"}],"author":[{"embeddable":true,"href":"https:\/\/www.mojabochnia.pl\/index.php?rest_route=\/wp\/v2\/users\/4"}],"replies":[{"embeddable":true,"href":"https:\/\/www.mojabochnia.pl\/index.php?rest_route=%2Fwp%2Fv2%2Fcomments&post=7582"}],"version-history":[{"count":0,"href":"https:\/\/www.mojabochnia.pl\/index.php?rest_route=\/wp\/v2\/posts\/7582\/revisions"}],"wp:attachment":[{"href":"https:\/\/www.mojabochnia.pl\/index.php?rest_route=%2Fwp%2Fv2%2Fmedia&parent=7582"}],"wp:term":[{"taxonomy":"category","embeddable":true,"href":"https:\/\/www.mojabochnia.pl\/index.php?rest_route=%2Fwp%2Fv2%2Fcategories&post=7582"},{"taxonomy":"post_tag","embeddable":true,"href":"https:\/\/www.mojabochnia.pl\/index.php?rest_route=%2Fwp%2Fv2%2Ftags&post=7582"}],"curies":[{"name":"wp","href":"https:\/\/api.w.org\/{rel}","templated":true}]}}