{"id":75808,"date":"2012-07-31T10:49:43","date_gmt":"2012-07-31T08:49:43","guid":{"rendered":"http:\/\/www.mojabochnia.pl\/?p=75808"},"modified":"2012-07-31T10:49:43","modified_gmt":"2012-07-31T08:49:43","slug":"1-podatku-coraz-mniej-osob-wspiera-rodzime-instytucje","status":"publish","type":"post","link":"https:\/\/www.mojabochnia.pl\/?p=75808","title":{"rendered":"1% podatku. Coraz mniej os\u00f3b wspiera rodzime instytucje"},"content":{"rendered":"<p>Na 43 tysi\u0105ce z\u0142o\u017conych pit\u00f3w w blisko po\u0142owie podatnicy zdecydowali o przekazaniu jednego procenta jakiej\u015b organizacji. <em>Najwi\u0119ksze wsparcie, jakie dosta\u0142a organizacja po\u017cytku publicznego od naszego podatnika to kwota 28 tys. z\u0142<\/em> &#8211; m\u00f3wi Gra\u017cyna Czado-R\u0105pa\u0142a, naczelnik Urz\u0119du Skarbowego w Bochni. Pieni\u0105dze te przekaza\u0142a osoba fizyczna na rzecz Caritas Diecezji Tarnowskiej.<\/p>\n<p>Podatnicy z Boche\u0144szczyzny przekazali w tym roku w formie jednego procenta podatku organizacjom po\u017cytku publicznego 903 tys. z\u0142. W 2011 r. by\u0142o to 816 tys. z\u0142, a w 2010 r. \u2013 708 tys. z\u0142. Jak wida\u0107, kwota ta systematycznie wzrasta. Wzrasta te\u017c liczba os\u00f3b przekazuj\u0105cych jeden procent podatku. W tym roku by\u0142o to 20 100 os\u00f3b, rok temu 17 830 os\u00f3b, a w roku 2010 \u2013 14 900 podatnik\u00f3w.<\/p>\n<p>Niestety, cho\u0107 liczba podatnik\u00f3w przekazuj\u0105cych jeden procent wzros\u0142a (podobnie jak suma pieni\u0119dzy), znacz\u0105co spad\u0142a liczba os\u00f3b, kt\u00f3re przekaza\u0142y jeden procent rodzimym organizacjom po\u017cytku publicznego. W tym roku by\u0142o to 1765 podatnik\u00f3w. W 2011 r. \u2013 2200 os\u00f3b. To spadek o 435 os\u00f3b.<\/p>\n<p>Do instytucji dzia\u0142aj\u0105cych na terenie powiatu boche\u0144skiego trafi\u0142o w tym roku 92 tys. z\u0142. Najwi\u0119cej podatnik\u00f3w wspar\u0142o Hospicjum Domowe im. b\u0142. Edmunda Bojanowskiego (861 os\u00f3b, rok wcze\u015bniej 1301), Fundacj\u0119 im. Anny Trzaski-Wilko\u0144skiej (258 podatnik\u00f3w, rok wcze\u015bniej 347), Stowarzyszenie \u201eOtwarte Serca\u201d z \u0141apanowa (202, rok temu 206) oraz Ch\u00f3r Pueri Cantores Santi Nicolai z Bochni (175, rok temu 222 osoby). <\/p>\n<p>Organizacje og\u00f3lnopolskie cieszy\u0142y si\u0119 du\u017co wi\u0119kszym zainteresowaniem podatnik\u00f3w. Na pierwszym miejscu by\u0142a Fundacja \u201eZd\u0105\u017cy\u0107 z pomoc\u0105\u201d dosta\u0142a wsparcie od 5508 os\u00f3b (rok temu niespe\u0142na 4000), za\u015b na drugim Caritas Diecezji Tarnowskiej od 1418 os\u00f3b (rok wcze\u015bniej blisko 1500). <\/p>\n","protected":false},"excerpt":{"rendered":"<p>Drastycznie spad\u0142a liczba os\u00f3b wspieraj\u0105cych lokalne organizacje po\u017cytku publicznego. Cho\u0107 podatnicy coraz ch\u0119tniej oddaj\u0105 jeden procent swojego podatku instytucjom dobroczynnym, w tym roku zaniedbali te dzia\u0142aj\u0105ce na terenie powiatu boche\u0144skiego.<\/p>\n","protected":false},"author":4,"featured_media":0,"comment_status":"open","ping_status":"closed","sticky":true,"template":"","format":"standard","meta":{"_acf_changed":false,"footnotes":""},"categories":[5,6251,6250],"tags":[17307,3745,17760,2956,17880,17618],"class_list":["post-75808","post","type-post","status-publish","format-standard","hentry","category-biezace-wydarzenia","category-polityka-i-wydarzenia","category-tematyka","tag-caritas","tag-grazyna-czado-rapala","tag-jeden-procent","tag-organizacja-pozytku-publicznego","tag-podatek","tag-urzad-skarbowy","main_tag-urzad-skarbowy"],"acf":[],"yoast_head":"<!-- This site is optimized with the Yoast SEO plugin v26.9 - https:\/\/yoast.com\/product\/yoast-seo-wordpress\/ -->\n<title>1% podatku. Coraz mniej os\u00f3b wspiera rodzime instytucje - mojabochnia.pl - portal informacyjny<\/title>\n<meta name=\"robots\" content=\"index, follow, max-snippet:-1, max-image-preview:large, max-video-preview:-1\" \/>\n<link rel=\"canonical\" href=\"https:\/\/www.mojabochnia.pl\/?p=75808\" \/>\n<meta property=\"og:locale\" content=\"pl_PL\" \/>\n<meta property=\"og:type\" content=\"article\" \/>\n<meta property=\"og:title\" content=\"1% podatku. Coraz mniej os\u00f3b wspiera rodzime instytucje - mojabochnia.pl - portal informacyjny\" \/>\n<meta property=\"og:description\" content=\"Drastycznie spad\u0142a liczba os\u00f3b wspieraj\u0105cych lokalne organizacje po\u017cytku publicznego. Cho\u0107 podatnicy coraz ch\u0119tniej oddaj\u0105 jeden procent swojego podatku instytucjom dobroczynnym, w tym roku zaniedbali te dzia\u0142aj\u0105ce na terenie powiatu boche\u0144skiego.\" \/>\n<meta property=\"og:url\" content=\"https:\/\/www.mojabochnia.pl\/?p=75808\" \/>\n<meta property=\"og:site_name\" content=\"mojabochnia.pl - portal informacyjny\" \/>\n<meta property=\"article:publisher\" content=\"https:\/\/www.facebook.com\/mojabochnia\" \/>\n<meta property=\"article:published_time\" content=\"2012-07-31T08:49:43+00:00\" \/>\n<meta name=\"author\" content=\"Pawe\u0142 Michalczyk\" \/>\n<meta name=\"twitter:card\" content=\"summary_large_image\" \/>\n<meta name=\"twitter:label1\" content=\"Written by\" \/>\n\t<meta name=\"twitter:data1\" content=\"Pawe\u0142 Michalczyk\" \/>\n\t<meta name=\"twitter:label2\" content=\"Est. reading time\" \/>\n\t<meta name=\"twitter:data2\" content=\"1 minuta\" \/>\n<script type=\"application\/ld+json\" class=\"yoast-schema-graph\">{\"@context\":\"https:\/\/schema.org\",\"@graph\":[{\"@type\":\"Article\",\"@id\":\"https:\/\/www.mojabochnia.pl\/?p=75808#article\",\"isPartOf\":{\"@id\":\"https:\/\/www.mojabochnia.pl\/?p=75808\"},\"author\":{\"name\":\"Pawe\u0142 Michalczyk\",\"@id\":\"https:\/\/www.mojabochnia.pl\/#\/schema\/person\/ea042e4724a77627963f02166828ead4\"},\"headline\":\"1% podatku. Coraz mniej os\u00f3b wspiera rodzime instytucje\",\"datePublished\":\"2012-07-31T08:49:43+00:00\",\"mainEntityOfPage\":{\"@id\":\"https:\/\/www.mojabochnia.pl\/?p=75808\"},\"wordCount\":295,\"commentCount\":0,\"publisher\":{\"@id\":\"https:\/\/www.mojabochnia.pl\/#organization\"},\"keywords\":[\"caritas\",\"Gra\u017cyna Czado - R\u0105pa\u0142a\",\"jeden procent\",\"organizacja po\u017cytku publicznego\",\"podatek\",\"urz\u0105d skarbowy\"],\"articleSection\":[\"2_ostatnie\",\"polityka i wydarzenia\",\"tematyka\"],\"inLanguage\":\"pl-PL\",\"potentialAction\":[{\"@type\":\"CommentAction\",\"name\":\"Comment\",\"target\":[\"https:\/\/www.mojabochnia.pl\/?p=75808#respond\"]}]},{\"@type\":\"WebPage\",\"@id\":\"https:\/\/www.mojabochnia.pl\/?p=75808\",\"url\":\"https:\/\/www.mojabochnia.pl\/?p=75808\",\"name\":\"1% podatku. Coraz mniej os\u00f3b wspiera rodzime instytucje - mojabochnia.pl - portal informacyjny\",\"isPartOf\":{\"@id\":\"https:\/\/www.mojabochnia.pl\/#website\"},\"datePublished\":\"2012-07-31T08:49:43+00:00\",\"breadcrumb\":{\"@id\":\"https:\/\/www.mojabochnia.pl\/?p=75808#breadcrumb\"},\"inLanguage\":\"pl-PL\",\"potentialAction\":[{\"@type\":\"ReadAction\",\"target\":[\"https:\/\/www.mojabochnia.pl\/?p=75808\"]}]},{\"@type\":\"BreadcrumbList\",\"@id\":\"https:\/\/www.mojabochnia.pl\/?p=75808#breadcrumb\",\"itemListElement\":[{\"@type\":\"ListItem\",\"position\":1,\"name\":\"Home\",\"item\":\"https:\/\/www.mojabochnia.pl\/\"},{\"@type\":\"ListItem\",\"position\":2,\"name\":\"1% podatku. Coraz mniej os\u00f3b wspiera rodzime instytucje\"}]},{\"@type\":\"WebSite\",\"@id\":\"https:\/\/www.mojabochnia.pl\/#website\",\"url\":\"https:\/\/www.mojabochnia.pl\/\",\"name\":\"mojabochnia.pl - portal informacyjny\",\"description\":\"mojaBochnia to portal informacyjny o Bochni. Codziennie o Bochni piszemy i pokazujemy najwa\u017cniejsze wydarzenia\",\"publisher\":{\"@id\":\"https:\/\/www.mojabochnia.pl\/#organization\"},\"potentialAction\":[{\"@type\":\"SearchAction\",\"target\":{\"@type\":\"EntryPoint\",\"urlTemplate\":\"https:\/\/www.mojabochnia.pl\/?s={search_term_string}\"},\"query-input\":{\"@type\":\"PropertyValueSpecification\",\"valueRequired\":true,\"valueName\":\"search_term_string\"}}],\"inLanguage\":\"pl-PL\"},{\"@type\":\"Organization\",\"@id\":\"https:\/\/www.mojabochnia.pl\/#organization\",\"name\":\"mojabochnia.pl - portal informacyjny\",\"url\":\"https:\/\/www.mojabochnia.pl\/\",\"logo\":{\"@type\":\"ImageObject\",\"inLanguage\":\"pl-PL\",\"@id\":\"https:\/\/www.mojabochnia.pl\/#\/schema\/logo\/image\/\",\"url\":\"https:\/\/www.mojabochnia.pl\/wp-content\/uploads\/2017\/08\/logo-mb-opt.png\",\"contentUrl\":\"https:\/\/www.mojabochnia.pl\/wp-content\/uploads\/2017\/08\/logo-mb-opt.png\",\"width\":250,\"height\":48,\"caption\":\"mojabochnia.pl - portal informacyjny\"},\"image\":{\"@id\":\"https:\/\/www.mojabochnia.pl\/#\/schema\/logo\/image\/\"},\"sameAs\":[\"https:\/\/www.facebook.com\/mojabochnia\"]},{\"@type\":\"Person\",\"@id\":\"https:\/\/www.mojabochnia.pl\/#\/schema\/person\/ea042e4724a77627963f02166828ead4\",\"name\":\"Pawe\u0142 Michalczyk\",\"url\":\"https:\/\/www.mojabochnia.pl\/?author=4\"}]}<\/script>\n<!-- \/ Yoast SEO plugin. -->","yoast_head_json":{"title":"1% podatku. Coraz mniej os\u00f3b wspiera rodzime instytucje - mojabochnia.pl - portal informacyjny","robots":{"index":"index","follow":"follow","max-snippet":"max-snippet:-1","max-image-preview":"max-image-preview:large","max-video-preview":"max-video-preview:-1"},"canonical":"https:\/\/www.mojabochnia.pl\/?p=75808","og_locale":"pl_PL","og_type":"article","og_title":"1% podatku. Coraz mniej os\u00f3b wspiera rodzime instytucje - mojabochnia.pl - portal informacyjny","og_description":"Drastycznie spad\u0142a liczba os\u00f3b wspieraj\u0105cych lokalne organizacje po\u017cytku publicznego. Cho\u0107 podatnicy coraz ch\u0119tniej oddaj\u0105 jeden procent swojego podatku instytucjom dobroczynnym, w tym roku zaniedbali te dzia\u0142aj\u0105ce na terenie powiatu boche\u0144skiego.","og_url":"https:\/\/www.mojabochnia.pl\/?p=75808","og_site_name":"mojabochnia.pl - portal informacyjny","article_publisher":"https:\/\/www.facebook.com\/mojabochnia","article_published_time":"2012-07-31T08:49:43+00:00","author":"Pawe\u0142 Michalczyk","twitter_card":"summary_large_image","twitter_misc":{"Written by":"Pawe\u0142 Michalczyk","Est. reading time":"1 minuta"},"schema":{"@context":"https:\/\/schema.org","@graph":[{"@type":"Article","@id":"https:\/\/www.mojabochnia.pl\/?p=75808#article","isPartOf":{"@id":"https:\/\/www.mojabochnia.pl\/?p=75808"},"author":{"name":"Pawe\u0142 Michalczyk","@id":"https:\/\/www.mojabochnia.pl\/#\/schema\/person\/ea042e4724a77627963f02166828ead4"},"headline":"1% podatku. Coraz mniej os\u00f3b wspiera rodzime instytucje","datePublished":"2012-07-31T08:49:43+00:00","mainEntityOfPage":{"@id":"https:\/\/www.mojabochnia.pl\/?p=75808"},"wordCount":295,"commentCount":0,"publisher":{"@id":"https:\/\/www.mojabochnia.pl\/#organization"},"keywords":["caritas","Gra\u017cyna Czado - R\u0105pa\u0142a","jeden procent","organizacja po\u017cytku publicznego","podatek","urz\u0105d skarbowy"],"articleSection":["2_ostatnie","polityka i wydarzenia","tematyka"],"inLanguage":"pl-PL","potentialAction":[{"@type":"CommentAction","name":"Comment","target":["https:\/\/www.mojabochnia.pl\/?p=75808#respond"]}]},{"@type":"WebPage","@id":"https:\/\/www.mojabochnia.pl\/?p=75808","url":"https:\/\/www.mojabochnia.pl\/?p=75808","name":"1% podatku. Coraz mniej os\u00f3b wspiera rodzime instytucje - mojabochnia.pl - portal informacyjny","isPartOf":{"@id":"https:\/\/www.mojabochnia.pl\/#website"},"datePublished":"2012-07-31T08:49:43+00:00","breadcrumb":{"@id":"https:\/\/www.mojabochnia.pl\/?p=75808#breadcrumb"},"inLanguage":"pl-PL","potentialAction":[{"@type":"ReadAction","target":["https:\/\/www.mojabochnia.pl\/?p=75808"]}]},{"@type":"BreadcrumbList","@id":"https:\/\/www.mojabochnia.pl\/?p=75808#breadcrumb","itemListElement":[{"@type":"ListItem","position":1,"name":"Home","item":"https:\/\/www.mojabochnia.pl\/"},{"@type":"ListItem","position":2,"name":"1% podatku. Coraz mniej os\u00f3b wspiera rodzime instytucje"}]},{"@type":"WebSite","@id":"https:\/\/www.mojabochnia.pl\/#website","url":"https:\/\/www.mojabochnia.pl\/","name":"mojabochnia.pl - portal informacyjny","description":"mojaBochnia to portal informacyjny o Bochni. Codziennie o Bochni piszemy i pokazujemy najwa\u017cniejsze wydarzenia","publisher":{"@id":"https:\/\/www.mojabochnia.pl\/#organization"},"potentialAction":[{"@type":"SearchAction","target":{"@type":"EntryPoint","urlTemplate":"https:\/\/www.mojabochnia.pl\/?s={search_term_string}"},"query-input":{"@type":"PropertyValueSpecification","valueRequired":true,"valueName":"search_term_string"}}],"inLanguage":"pl-PL"},{"@type":"Organization","@id":"https:\/\/www.mojabochnia.pl\/#organization","name":"mojabochnia.pl - portal informacyjny","url":"https:\/\/www.mojabochnia.pl\/","logo":{"@type":"ImageObject","inLanguage":"pl-PL","@id":"https:\/\/www.mojabochnia.pl\/#\/schema\/logo\/image\/","url":"https:\/\/www.mojabochnia.pl\/wp-content\/uploads\/2017\/08\/logo-mb-opt.png","contentUrl":"https:\/\/www.mojabochnia.pl\/wp-content\/uploads\/2017\/08\/logo-mb-opt.png","width":250,"height":48,"caption":"mojabochnia.pl - portal informacyjny"},"image":{"@id":"https:\/\/www.mojabochnia.pl\/#\/schema\/logo\/image\/"},"sameAs":["https:\/\/www.facebook.com\/mojabochnia"]},{"@type":"Person","@id":"https:\/\/www.mojabochnia.pl\/#\/schema\/person\/ea042e4724a77627963f02166828ead4","name":"Pawe\u0142 Michalczyk","url":"https:\/\/www.mojabochnia.pl\/?author=4"}]}},"_links":{"self":[{"href":"https:\/\/www.mojabochnia.pl\/index.php?rest_route=\/wp\/v2\/posts\/75808","targetHints":{"allow":["GET"]}}],"collection":[{"href":"https:\/\/www.mojabochnia.pl\/index.php?rest_route=\/wp\/v2\/posts"}],"about":[{"href":"https:\/\/www.mojabochnia.pl\/index.php?rest_route=\/wp\/v2\/types\/post"}],"author":[{"embeddable":true,"href":"https:\/\/www.mojabochnia.pl\/index.php?rest_route=\/wp\/v2\/users\/4"}],"replies":[{"embeddable":true,"href":"https:\/\/www.mojabochnia.pl\/index.php?rest_route=%2Fwp%2Fv2%2Fcomments&post=75808"}],"version-history":[{"count":3,"href":"https:\/\/www.mojabochnia.pl\/index.php?rest_route=\/wp\/v2\/posts\/75808\/revisions"}],"predecessor-version":[{"id":75811,"href":"https:\/\/www.mojabochnia.pl\/index.php?rest_route=\/wp\/v2\/posts\/75808\/revisions\/75811"}],"wp:attachment":[{"href":"https:\/\/www.mojabochnia.pl\/index.php?rest_route=%2Fwp%2Fv2%2Fmedia&parent=75808"}],"wp:term":[{"taxonomy":"category","embeddable":true,"href":"https:\/\/www.mojabochnia.pl\/index.php?rest_route=%2Fwp%2Fv2%2Fcategories&post=75808"},{"taxonomy":"post_tag","embeddable":true,"href":"https:\/\/www.mojabochnia.pl\/index.php?rest_route=%2Fwp%2Fv2%2Ftags&post=75808"}],"curies":[{"name":"wp","href":"https:\/\/api.w.org\/{rel}","templated":true}]}}