{"id":75758,"date":"2012-07-30T11:36:54","date_gmt":"2012-07-30T09:36:54","guid":{"rendered":"http:\/\/www.mojabochnia.pl\/?p=75758"},"modified":"2012-07-30T10:37:52","modified_gmt":"2012-07-30T08:37:52","slug":"zakonczenie-ii-edycji-letniej-ligi-pilki-noznej","status":"publish","type":"post","link":"https:\/\/www.mojabochnia.pl\/?p=75758","title":{"rendered":"Zako\u0144czenie II edycji Letniej Ligi Pi\u0142ki No\u017cnej"},"content":{"rendered":"<p>Spo\u015br\u00f3d 8 dru\u017cyn bior\u0105cych udzia\u0142 w tegorocznym turnieju najlepsi okazali si\u0119 zawodnicy NPDL, drugie miejsce zaj\u0105\u0142 zesp\u00f3\u0142 Gandale, a Ch\u0142opcy z Ferajny zamkn\u0119li podium.<\/p>\n<p>Tytu\u0142 najlepszego strzelca wywalczy\u0142 Micha\u0142 Cempa (NPDL), a najlepszego bramkarza Sylwester Goc (Gandale). Nagroda Fair Play zosta\u0142a przyznana zespo\u0142owi Widmat.<\/p>\n<p>Nagrody wr\u0119czyli Burmistrz Miasta Bochnia Stefan Kolawi\u0144ski  oraz  Przewodnicz\u0105cy Rady Miasta Kazimierz \u015acis\u0142o.<\/p>\n<p>Zwyci\u0119zcom serdecznie gratulujemy i \u017cyczymy dalszych sukces\u00f3w.<\/p>\n\t  \r\n\t\r\n\t    <div class=\"mb-gallery\">\r\n\t    <a href=\"https:\/\/www.mojabochnia.pl\/?attachment_id=75760\" class=\"\"><img loading=\"lazy\" decoding=\"async\" width=\"100\" height=\"56\" src=\"https:\/\/www.mojabochnia.pl\/wp-content\/uploads\/2012\/07\/0-120x67.jpg\" class=\"attachment-100x100 size-100x100\" alt=\"\" srcset=\"https:\/\/www.mojabochnia.pl\/wp-content\/uploads\/2012\/07\/0-120x67.jpg 120w, https:\/\/www.mojabochnia.pl\/wp-content\/uploads\/2012\/07\/0-468x263.jpg 468w, https:\/\/www.mojabochnia.pl\/wp-content\/uploads\/2012\/07\/0-660x371.jpg 660w, https:\/\/www.mojabochnia.pl\/wp-content\/uploads\/2012\/07\/0.jpg 800w\" sizes=\"auto, (max-width: 100px) 100vw, 100px\" \/><\/a><a href=\"https:\/\/www.mojabochnia.pl\/?attachment_id=75761\" class=\"\"><img loading=\"lazy\" decoding=\"async\" width=\"100\" height=\"56\" src=\"https:\/\/www.mojabochnia.pl\/wp-content\/uploads\/2012\/07\/1-120x67.jpg\" class=\"attachment-100x100 size-100x100\" alt=\"\" srcset=\"https:\/\/www.mojabochnia.pl\/wp-content\/uploads\/2012\/07\/1-120x67.jpg 120w, https:\/\/www.mojabochnia.pl\/wp-content\/uploads\/2012\/07\/1-468x263.jpg 468w, https:\/\/www.mojabochnia.pl\/wp-content\/uploads\/2012\/07\/1-660x371.jpg 660w, https:\/\/www.mojabochnia.pl\/wp-content\/uploads\/2012\/07\/1.jpg 800w\" sizes=\"auto, (max-width: 100px) 100vw, 100px\" \/><\/a><a href=\"https:\/\/www.mojabochnia.pl\/?attachment_id=75762\" class=\"\"><img loading=\"lazy\" decoding=\"async\" width=\"100\" height=\"56\" src=\"https:\/\/www.mojabochnia.pl\/wp-content\/uploads\/2012\/07\/2-120x67.jpg\" class=\"attachment-100x100 size-100x100\" alt=\"\" srcset=\"https:\/\/www.mojabochnia.pl\/wp-content\/uploads\/2012\/07\/2-120x67.jpg 120w, https:\/\/www.mojabochnia.pl\/wp-content\/uploads\/2012\/07\/2-468x263.jpg 468w, https:\/\/www.mojabochnia.pl\/wp-content\/uploads\/2012\/07\/2-660x371.jpg 660w, https:\/\/www.mojabochnia.pl\/wp-content\/uploads\/2012\/07\/2.jpg 800w\" sizes=\"auto, (max-width: 100px) 100vw, 100px\" \/><\/a><a href=\"https:\/\/www.mojabochnia.pl\/?attachment_id=75763\" class=\"\"><img loading=\"lazy\" decoding=\"async\" width=\"100\" height=\"56\" src=\"https:\/\/www.mojabochnia.pl\/wp-content\/uploads\/2012\/07\/3-120x67.jpg\" class=\"attachment-100x100 size-100x100\" alt=\"\" srcset=\"https:\/\/www.mojabochnia.pl\/wp-content\/uploads\/2012\/07\/3-120x67.jpg 120w, https:\/\/www.mojabochnia.pl\/wp-content\/uploads\/2012\/07\/3-468x263.jpg 468w, https:\/\/www.mojabochnia.pl\/wp-content\/uploads\/2012\/07\/3-660x371.jpg 660w, https:\/\/www.mojabochnia.pl\/wp-content\/uploads\/2012\/07\/3.jpg 800w\" sizes=\"auto, (max-width: 100px) 100vw, 100px\" \/><\/a><a href=\"https:\/\/www.mojabochnia.pl\/?attachment_id=75764\" class=\"\"><img loading=\"lazy\" decoding=\"async\" width=\"100\" height=\"56\" src=\"https:\/\/www.mojabochnia.pl\/wp-content\/uploads\/2012\/07\/41-120x67.jpg\" class=\"attachment-100x100 size-100x100\" alt=\"\" srcset=\"https:\/\/www.mojabochnia.pl\/wp-content\/uploads\/2012\/07\/41-120x67.jpg 120w, https:\/\/www.mojabochnia.pl\/wp-content\/uploads\/2012\/07\/41-468x263.jpg 468w, https:\/\/www.mojabochnia.pl\/wp-content\/uploads\/2012\/07\/41-660x371.jpg 660w, https:\/\/www.mojabochnia.pl\/wp-content\/uploads\/2012\/07\/41.jpg 800w\" sizes=\"auto, (max-width: 100px) 100vw, 100px\" \/><\/a><a href=\"https:\/\/www.mojabochnia.pl\/?attachment_id=75765\" class=\"\"><img loading=\"lazy\" decoding=\"async\" width=\"100\" height=\"56\" src=\"https:\/\/www.mojabochnia.pl\/wp-content\/uploads\/2012\/07\/5-120x67.jpg\" class=\"attachment-100x100 size-100x100\" alt=\"\" srcset=\"https:\/\/www.mojabochnia.pl\/wp-content\/uploads\/2012\/07\/5-120x67.jpg 120w, https:\/\/www.mojabochnia.pl\/wp-content\/uploads\/2012\/07\/5-468x263.jpg 468w, https:\/\/www.mojabochnia.pl\/wp-content\/uploads\/2012\/07\/5-660x371.jpg 660w, https:\/\/www.mojabochnia.pl\/wp-content\/uploads\/2012\/07\/5.jpg 800w\" sizes=\"auto, (max-width: 100px) 100vw, 100px\" \/><\/a><a href=\"https:\/\/www.mojabochnia.pl\/?attachment_id=75766\" class=\"\"><img loading=\"lazy\" decoding=\"async\" width=\"100\" height=\"56\" src=\"https:\/\/www.mojabochnia.pl\/wp-content\/uploads\/2012\/07\/6-120x67.jpg\" class=\"attachment-100x100 size-100x100\" alt=\"\" srcset=\"https:\/\/www.mojabochnia.pl\/wp-content\/uploads\/2012\/07\/6-120x67.jpg 120w, https:\/\/www.mojabochnia.pl\/wp-content\/uploads\/2012\/07\/6-468x263.jpg 468w, https:\/\/www.mojabochnia.pl\/wp-content\/uploads\/2012\/07\/6-660x371.jpg 660w, https:\/\/www.mojabochnia.pl\/wp-content\/uploads\/2012\/07\/6.jpg 800w\" sizes=\"auto, (max-width: 100px) 100vw, 100px\" \/><\/a><a href=\"https:\/\/www.mojabochnia.pl\/?attachment_id=75767\" class=\"\"><img loading=\"lazy\" decoding=\"async\" width=\"100\" height=\"56\" src=\"https:\/\/www.mojabochnia.pl\/wp-content\/uploads\/2012\/07\/7-120x67.jpg\" class=\"attachment-100x100 size-100x100\" alt=\"\" srcset=\"https:\/\/www.mojabochnia.pl\/wp-content\/uploads\/2012\/07\/7-120x67.jpg 120w, https:\/\/www.mojabochnia.pl\/wp-content\/uploads\/2012\/07\/7-468x263.jpg 468w, https:\/\/www.mojabochnia.pl\/wp-content\/uploads\/2012\/07\/7-660x371.jpg 660w, https:\/\/www.mojabochnia.pl\/wp-content\/uploads\/2012\/07\/7.jpg 800w\" sizes=\"auto, (max-width: 100px) 100vw, 100px\" \/><\/a><a href=\"https:\/\/www.mojabochnia.pl\/?attachment_id=75768\" class=\"\"><img loading=\"lazy\" decoding=\"async\" width=\"100\" height=\"56\" src=\"https:\/\/www.mojabochnia.pl\/wp-content\/uploads\/2012\/07\/8-120x67.jpg\" class=\"attachment-100x100 size-100x100\" alt=\"\" srcset=\"https:\/\/www.mojabochnia.pl\/wp-content\/uploads\/2012\/07\/8-120x67.jpg 120w, https:\/\/www.mojabochnia.pl\/wp-content\/uploads\/2012\/07\/8-468x263.jpg 468w, https:\/\/www.mojabochnia.pl\/wp-content\/uploads\/2012\/07\/8-660x371.jpg 660w, https:\/\/www.mojabochnia.pl\/wp-content\/uploads\/2012\/07\/8.jpg 800w\" sizes=\"auto, (max-width: 100px) 100vw, 100px\" \/><\/a><a href=\"https:\/\/www.mojabochnia.pl\/?attachment_id=75769\" class=\"\"><img loading=\"lazy\" decoding=\"async\" width=\"100\" height=\"56\" src=\"https:\/\/www.mojabochnia.pl\/wp-content\/uploads\/2012\/07\/9-120x67.jpg\" class=\"attachment-100x100 size-100x100\" alt=\"\" srcset=\"https:\/\/www.mojabochnia.pl\/wp-content\/uploads\/2012\/07\/9-120x67.jpg 120w, https:\/\/www.mojabochnia.pl\/wp-content\/uploads\/2012\/07\/9-468x263.jpg 468w, https:\/\/www.mojabochnia.pl\/wp-content\/uploads\/2012\/07\/9-660x371.jpg 660w, https:\/\/www.mojabochnia.pl\/wp-content\/uploads\/2012\/07\/9.jpg 800w\" sizes=\"auto, (max-width: 100px) 100vw, 100px\" \/><\/a><a href=\"https:\/\/www.mojabochnia.pl\/?attachment_id=75770\" class=\"\"><img loading=\"lazy\" decoding=\"async\" width=\"100\" height=\"56\" src=\"https:\/\/www.mojabochnia.pl\/wp-content\/uploads\/2012\/07\/10-120x67.jpg\" class=\"attachment-100x100 size-100x100\" alt=\"\" srcset=\"https:\/\/www.mojabochnia.pl\/wp-content\/uploads\/2012\/07\/10-120x67.jpg 120w, https:\/\/www.mojabochnia.pl\/wp-content\/uploads\/2012\/07\/10-468x263.jpg 468w, https:\/\/www.mojabochnia.pl\/wp-content\/uploads\/2012\/07\/10-660x371.jpg 660w, https:\/\/www.mojabochnia.pl\/wp-content\/uploads\/2012\/07\/10.jpg 800w\" sizes=\"auto, (max-width: 100px) 100vw, 100px\" \/><\/a>\t    <\/div>\r\n\t    ","protected":false},"excerpt":{"rendered":"<p>26 lipca zako\u0144czy\u0142a si\u0119 druga edycja rozgrywek Letniej Ligi Pi\u0142ki No\u017cnej pod Patronatem Burmistrza Miasta Bochnia, kt\u00f3rej organizatorem by\u0142o TS MOSIR.<\/p>\n","protected":false},"author":8,"featured_media":0,"comment_status":"open","ping_status":"closed","sticky":false,"template":"","format":"standard","meta":{"_acf_changed":false,"footnotes":""},"categories":[5,6247,6246,29,6250],"tags":[9178,178,17393,17181,17106],"class_list":["post-75758","post","type-post","status-publish","format-standard","hentry","category-biezace-wydarzenia","category-fotogaleria","category-medium","category-sport","category-tematyka","tag-letnia-liga-pilki-noznej","tag-mosir","tag-orlik","tag-pilka-nozna","tag-sport","main_tag-pilka-nozna"],"acf":[],"yoast_head":"<!-- This site is optimized with the Yoast SEO plugin v26.9 - https:\/\/yoast.com\/product\/yoast-seo-wordpress\/ -->\n<title>Zako\u0144czenie II edycji Letniej Ligi Pi\u0142ki No\u017cnej - mojabochnia.pl - portal informacyjny<\/title>\n<meta name=\"robots\" content=\"index, follow, max-snippet:-1, max-image-preview:large, max-video-preview:-1\" \/>\n<link rel=\"canonical\" href=\"https:\/\/www.mojabochnia.pl\/?p=75758\" \/>\n<meta property=\"og:locale\" content=\"pl_PL\" \/>\n<meta property=\"og:type\" content=\"article\" \/>\n<meta property=\"og:title\" content=\"Zako\u0144czenie II edycji Letniej Ligi Pi\u0142ki No\u017cnej - mojabochnia.pl - portal informacyjny\" \/>\n<meta property=\"og:description\" content=\"26 lipca zako\u0144czy\u0142a si\u0119 druga edycja rozgrywek Letniej Ligi Pi\u0142ki No\u017cnej pod Patronatem Burmistrza Miasta Bochnia, kt\u00f3rej organizatorem by\u0142o TS MOSIR.\" \/>\n<meta property=\"og:url\" content=\"https:\/\/www.mojabochnia.pl\/?p=75758\" \/>\n<meta property=\"og:site_name\" content=\"mojabochnia.pl - portal informacyjny\" \/>\n<meta property=\"article:publisher\" content=\"https:\/\/www.facebook.com\/mojabochnia\" \/>\n<meta property=\"article:published_time\" content=\"2012-07-30T09:36:54+00:00\" \/>\n<meta name=\"author\" content=\"informacja prasowa\" \/>\n<meta name=\"twitter:card\" content=\"summary_large_image\" \/>\n<meta name=\"twitter:label1\" content=\"Written by\" \/>\n\t<meta name=\"twitter:data1\" content=\"informacja prasowa\" \/>\n<script type=\"application\/ld+json\" class=\"yoast-schema-graph\">{\"@context\":\"https:\/\/schema.org\",\"@graph\":[{\"@type\":\"Article\",\"@id\":\"https:\/\/www.mojabochnia.pl\/?p=75758#article\",\"isPartOf\":{\"@id\":\"https:\/\/www.mojabochnia.pl\/?p=75758\"},\"author\":{\"name\":\"informacja prasowa\",\"@id\":\"https:\/\/www.mojabochnia.pl\/#\/schema\/person\/9e15cf1bcb74043790f124a3130fe41e\"},\"headline\":\"Zako\u0144czenie II edycji Letniej Ligi Pi\u0142ki No\u017cnej\",\"datePublished\":\"2012-07-30T09:36:54+00:00\",\"mainEntityOfPage\":{\"@id\":\"https:\/\/www.mojabochnia.pl\/?p=75758\"},\"wordCount\":87,\"commentCount\":0,\"publisher\":{\"@id\":\"https:\/\/www.mojabochnia.pl\/#organization\"},\"keywords\":[\"Letnia Liga Pi\u0142ki No\u017cnej\",\"MOSiR\",\"orlik\",\"pi\u0142ka no\u017cna\",\"sport\"],\"articleSection\":[\"2_ostatnie\",\"fotogaleria\",\"Medium\",\"sport\",\"tematyka\"],\"inLanguage\":\"pl-PL\",\"potentialAction\":[{\"@type\":\"CommentAction\",\"name\":\"Comment\",\"target\":[\"https:\/\/www.mojabochnia.pl\/?p=75758#respond\"]}]},{\"@type\":\"WebPage\",\"@id\":\"https:\/\/www.mojabochnia.pl\/?p=75758\",\"url\":\"https:\/\/www.mojabochnia.pl\/?p=75758\",\"name\":\"Zako\u0144czenie II edycji Letniej Ligi Pi\u0142ki No\u017cnej - mojabochnia.pl - portal informacyjny\",\"isPartOf\":{\"@id\":\"https:\/\/www.mojabochnia.pl\/#website\"},\"datePublished\":\"2012-07-30T09:36:54+00:00\",\"breadcrumb\":{\"@id\":\"https:\/\/www.mojabochnia.pl\/?p=75758#breadcrumb\"},\"inLanguage\":\"pl-PL\",\"potentialAction\":[{\"@type\":\"ReadAction\",\"target\":[\"https:\/\/www.mojabochnia.pl\/?p=75758\"]}]},{\"@type\":\"BreadcrumbList\",\"@id\":\"https:\/\/www.mojabochnia.pl\/?p=75758#breadcrumb\",\"itemListElement\":[{\"@type\":\"ListItem\",\"position\":1,\"name\":\"Home\",\"item\":\"https:\/\/www.mojabochnia.pl\/\"},{\"@type\":\"ListItem\",\"position\":2,\"name\":\"Zako\u0144czenie II edycji Letniej Ligi Pi\u0142ki No\u017cnej\"}]},{\"@type\":\"WebSite\",\"@id\":\"https:\/\/www.mojabochnia.pl\/#website\",\"url\":\"https:\/\/www.mojabochnia.pl\/\",\"name\":\"mojabochnia.pl - portal informacyjny\",\"description\":\"mojaBochnia to portal informacyjny o Bochni. Codziennie o Bochni piszemy i pokazujemy najwa\u017cniejsze wydarzenia\",\"publisher\":{\"@id\":\"https:\/\/www.mojabochnia.pl\/#organization\"},\"potentialAction\":[{\"@type\":\"SearchAction\",\"target\":{\"@type\":\"EntryPoint\",\"urlTemplate\":\"https:\/\/www.mojabochnia.pl\/?s={search_term_string}\"},\"query-input\":{\"@type\":\"PropertyValueSpecification\",\"valueRequired\":true,\"valueName\":\"search_term_string\"}}],\"inLanguage\":\"pl-PL\"},{\"@type\":\"Organization\",\"@id\":\"https:\/\/www.mojabochnia.pl\/#organization\",\"name\":\"mojabochnia.pl - portal informacyjny\",\"url\":\"https:\/\/www.mojabochnia.pl\/\",\"logo\":{\"@type\":\"ImageObject\",\"inLanguage\":\"pl-PL\",\"@id\":\"https:\/\/www.mojabochnia.pl\/#\/schema\/logo\/image\/\",\"url\":\"https:\/\/www.mojabochnia.pl\/wp-content\/uploads\/2017\/08\/logo-mb-opt.png\",\"contentUrl\":\"https:\/\/www.mojabochnia.pl\/wp-content\/uploads\/2017\/08\/logo-mb-opt.png\",\"width\":250,\"height\":48,\"caption\":\"mojabochnia.pl - portal informacyjny\"},\"image\":{\"@id\":\"https:\/\/www.mojabochnia.pl\/#\/schema\/logo\/image\/\"},\"sameAs\":[\"https:\/\/www.facebook.com\/mojabochnia\"]},{\"@type\":\"Person\",\"@id\":\"https:\/\/www.mojabochnia.pl\/#\/schema\/person\/9e15cf1bcb74043790f124a3130fe41e\",\"name\":\"informacja prasowa\",\"sameAs\":[\"http:\/\/\"],\"url\":\"https:\/\/www.mojabochnia.pl\/?author=8\"}]}<\/script>\n<!-- \/ Yoast SEO plugin. -->","yoast_head_json":{"title":"Zako\u0144czenie II edycji Letniej Ligi Pi\u0142ki No\u017cnej - mojabochnia.pl - portal informacyjny","robots":{"index":"index","follow":"follow","max-snippet":"max-snippet:-1","max-image-preview":"max-image-preview:large","max-video-preview":"max-video-preview:-1"},"canonical":"https:\/\/www.mojabochnia.pl\/?p=75758","og_locale":"pl_PL","og_type":"article","og_title":"Zako\u0144czenie II edycji Letniej Ligi Pi\u0142ki No\u017cnej - mojabochnia.pl - portal informacyjny","og_description":"26 lipca zako\u0144czy\u0142a si\u0119 druga edycja rozgrywek Letniej Ligi Pi\u0142ki No\u017cnej pod Patronatem Burmistrza Miasta Bochnia, kt\u00f3rej organizatorem by\u0142o TS MOSIR.","og_url":"https:\/\/www.mojabochnia.pl\/?p=75758","og_site_name":"mojabochnia.pl - portal informacyjny","article_publisher":"https:\/\/www.facebook.com\/mojabochnia","article_published_time":"2012-07-30T09:36:54+00:00","author":"informacja prasowa","twitter_card":"summary_large_image","twitter_misc":{"Written by":"informacja prasowa"},"schema":{"@context":"https:\/\/schema.org","@graph":[{"@type":"Article","@id":"https:\/\/www.mojabochnia.pl\/?p=75758#article","isPartOf":{"@id":"https:\/\/www.mojabochnia.pl\/?p=75758"},"author":{"name":"informacja prasowa","@id":"https:\/\/www.mojabochnia.pl\/#\/schema\/person\/9e15cf1bcb74043790f124a3130fe41e"},"headline":"Zako\u0144czenie II edycji Letniej Ligi Pi\u0142ki No\u017cnej","datePublished":"2012-07-30T09:36:54+00:00","mainEntityOfPage":{"@id":"https:\/\/www.mojabochnia.pl\/?p=75758"},"wordCount":87,"commentCount":0,"publisher":{"@id":"https:\/\/www.mojabochnia.pl\/#organization"},"keywords":["Letnia Liga Pi\u0142ki No\u017cnej","MOSiR","orlik","pi\u0142ka no\u017cna","sport"],"articleSection":["2_ostatnie","fotogaleria","Medium","sport","tematyka"],"inLanguage":"pl-PL","potentialAction":[{"@type":"CommentAction","name":"Comment","target":["https:\/\/www.mojabochnia.pl\/?p=75758#respond"]}]},{"@type":"WebPage","@id":"https:\/\/www.mojabochnia.pl\/?p=75758","url":"https:\/\/www.mojabochnia.pl\/?p=75758","name":"Zako\u0144czenie II edycji Letniej Ligi Pi\u0142ki No\u017cnej - mojabochnia.pl - portal informacyjny","isPartOf":{"@id":"https:\/\/www.mojabochnia.pl\/#website"},"datePublished":"2012-07-30T09:36:54+00:00","breadcrumb":{"@id":"https:\/\/www.mojabochnia.pl\/?p=75758#breadcrumb"},"inLanguage":"pl-PL","potentialAction":[{"@type":"ReadAction","target":["https:\/\/www.mojabochnia.pl\/?p=75758"]}]},{"@type":"BreadcrumbList","@id":"https:\/\/www.mojabochnia.pl\/?p=75758#breadcrumb","itemListElement":[{"@type":"ListItem","position":1,"name":"Home","item":"https:\/\/www.mojabochnia.pl\/"},{"@type":"ListItem","position":2,"name":"Zako\u0144czenie II edycji Letniej Ligi Pi\u0142ki No\u017cnej"}]},{"@type":"WebSite","@id":"https:\/\/www.mojabochnia.pl\/#website","url":"https:\/\/www.mojabochnia.pl\/","name":"mojabochnia.pl - portal informacyjny","description":"mojaBochnia to portal informacyjny o Bochni. Codziennie o Bochni piszemy i pokazujemy najwa\u017cniejsze wydarzenia","publisher":{"@id":"https:\/\/www.mojabochnia.pl\/#organization"},"potentialAction":[{"@type":"SearchAction","target":{"@type":"EntryPoint","urlTemplate":"https:\/\/www.mojabochnia.pl\/?s={search_term_string}"},"query-input":{"@type":"PropertyValueSpecification","valueRequired":true,"valueName":"search_term_string"}}],"inLanguage":"pl-PL"},{"@type":"Organization","@id":"https:\/\/www.mojabochnia.pl\/#organization","name":"mojabochnia.pl - portal informacyjny","url":"https:\/\/www.mojabochnia.pl\/","logo":{"@type":"ImageObject","inLanguage":"pl-PL","@id":"https:\/\/www.mojabochnia.pl\/#\/schema\/logo\/image\/","url":"https:\/\/www.mojabochnia.pl\/wp-content\/uploads\/2017\/08\/logo-mb-opt.png","contentUrl":"https:\/\/www.mojabochnia.pl\/wp-content\/uploads\/2017\/08\/logo-mb-opt.png","width":250,"height":48,"caption":"mojabochnia.pl - portal informacyjny"},"image":{"@id":"https:\/\/www.mojabochnia.pl\/#\/schema\/logo\/image\/"},"sameAs":["https:\/\/www.facebook.com\/mojabochnia"]},{"@type":"Person","@id":"https:\/\/www.mojabochnia.pl\/#\/schema\/person\/9e15cf1bcb74043790f124a3130fe41e","name":"informacja prasowa","sameAs":["http:\/\/"],"url":"https:\/\/www.mojabochnia.pl\/?author=8"}]}},"_links":{"self":[{"href":"https:\/\/www.mojabochnia.pl\/index.php?rest_route=\/wp\/v2\/posts\/75758","targetHints":{"allow":["GET"]}}],"collection":[{"href":"https:\/\/www.mojabochnia.pl\/index.php?rest_route=\/wp\/v2\/posts"}],"about":[{"href":"https:\/\/www.mojabochnia.pl\/index.php?rest_route=\/wp\/v2\/types\/post"}],"author":[{"embeddable":true,"href":"https:\/\/www.mojabochnia.pl\/index.php?rest_route=\/wp\/v2\/users\/8"}],"replies":[{"embeddable":true,"href":"https:\/\/www.mojabochnia.pl\/index.php?rest_route=%2Fwp%2Fv2%2Fcomments&post=75758"}],"version-history":[{"count":3,"href":"https:\/\/www.mojabochnia.pl\/index.php?rest_route=\/wp\/v2\/posts\/75758\/revisions"}],"predecessor-version":[{"id":75772,"href":"https:\/\/www.mojabochnia.pl\/index.php?rest_route=\/wp\/v2\/posts\/75758\/revisions\/75772"}],"wp:attachment":[{"href":"https:\/\/www.mojabochnia.pl\/index.php?rest_route=%2Fwp%2Fv2%2Fmedia&parent=75758"}],"wp:term":[{"taxonomy":"category","embeddable":true,"href":"https:\/\/www.mojabochnia.pl\/index.php?rest_route=%2Fwp%2Fv2%2Fcategories&post=75758"},{"taxonomy":"post_tag","embeddable":true,"href":"https:\/\/www.mojabochnia.pl\/index.php?rest_route=%2Fwp%2Fv2%2Ftags&post=75758"}],"curies":[{"name":"wp","href":"https:\/\/api.w.org\/{rel}","templated":true}]}}