{"id":75517,"date":"2012-07-27T15:09:58","date_gmt":"2012-07-27T13:09:58","guid":{"rendered":"http:\/\/www.mojabochnia.pl\/?p=75517"},"modified":"2012-07-27T21:58:43","modified_gmt":"2012-07-27T19:58:43","slug":"swieto-policji-lista-awansow-i-odznaczen","status":"publish","type":"post","link":"https:\/\/www.mojabochnia.pl\/?p=75517","title":{"rendered":"\u015awi\u0119to Policji &#8211; lista awans\u00f3w i odznacze\u0144"},"content":{"rendered":"<p><strong>MEDALE I ODZNAKI \u2013 2012 r.<\/strong><br \/>\n<strong><br \/>\nZ\u0142oty medal za d\u0142ugoletni\u0105  s\u0142u\u017cb\u0119<\/strong> otrzyma\u0142 kom. Lucjan SKOCZEK  Naczelnik Wydzia\u0142u Prewencji KPP w Bochni.<\/p>\n<p><strong>Srebrny medal  za  d\u0142ugoletni\u0105  s\u0142u\u017cb\u0119<\/strong> otrzyma\u0142 podinsp. Adam W\u0141ODEK Naczelnik Wydzia\u0142u Kryminalnego KPP w Bochni<\/p>\n<p><strong>Z\u0142oty medal za zas\u0142ugi dla policji <\/strong>otrzyma\u0142 Jacek PAJ\u0104K &#8211; Starosta Boche\u0144ski. <\/p>\n<p><strong>Br\u0105zowy medal za zas\u0142ugi dla  policji <\/strong>otrzyma\u0142 mjr W\u0142odzimierz WI\u0118CKOWSKI \u2013 Dyrektor Zak\u0142adu Karnego Nowy Wi\u015bnicz<\/p>\n<p><strong>Srebrn\u0105   odznak\u0119      \u201ezas\u0142u\u017cony   policjant\u201d<\/strong> otrzyma\u0142 m\u0142. insp. Jerzy BIE\u017bYCHUDEK \u2013 Zast\u0119pca Komendanta Powiatowego Policji w Bochni <\/p>\n<p><strong>Br\u0105zow\u0105   odznak\u0105      \u201ezas\u0142u\u017cony   policjant\u201d <\/strong> wyr\u00f3\u017cnieni zostali:<\/p>\n<p>1.\tpodinsp. Robert DUDEK  &#8211; Naczelnik Wydzia\u0142u Dochodzeniowo \u2013 \u015aledczego KPP w Bochni<br \/>\n2.\tpodinsp. Marek PAPIER \u2013 Naczelnik Wydzia\u0142u do Walki z Przest\u0119pczo\u015bci\u0105 Gospodarcz\u0105 KPP w Bochni<br \/>\n3.\tst. asp. Adam KRZYWDA \u2013 Sztab Policji KPP w Bochni<br \/>\n4.\t st. asp. Jacek KOWALSKI  &#8211; Komisariat Policji w Nowym Wi\u015bniczu<br \/>\n5.\t asp. Grzegorza STRACH \u2013  Wydzia\u0142 Ruchu Drogowego KPP w Bochni <\/p>\n<p>Komendant Powiatowy Policji w Bochni insp. Marek Rudnik uhonorowa\u0142 bryg. Krzysztofa Kokoszk\u0119 Komendanta Powiatowego Pa\u0144stwowej Stra\u017cy Po\u017carnej w Bochni okoliczno\u015bciowym <strong>ryngrafem \u201eZas\u0142u\u017cony dla Komedy Powiatowej Policji w Bochni\u201d <\/strong>\u201ew uznaniu za systematyczne i wieloletnie zaanga\u017cowanie na rzecz poprawy bezpiecze\u0144stwa powiatu boche\u0144skiego\u201d .<\/p>\n<p><strong>Dyplomy uznania<\/strong> za aktywn\u0105 dzia\u0142alno\u015b\u0107 na rzecz bezpiecze\u0144stwa mieszka\u0144c\u00f3w i turyst\u00f3w powiatu boche\u0144skiego otrzymali:<\/p>\n<p>1.\tTomasz Ca\u0142ka \u2013 Wicestarosta Boche\u0144ski<br \/>\n2.\tWies\u0142aw Cholewa &#8211; Cz\u0142onek Zarz\u0105du Powiatu Boche\u0144skiego<br \/>\n3.\tAleksander Dziadowiec &#8211; Cz\u0142onek Zarz\u0105du Powiatu Boche\u0144skiego<br \/>\n4.\tRobert Roj &#8211; Cz\u0142onek Zarz\u0105du Powiatu Boche\u0144skiego<br \/>\n5.\tWies\u0142aw Kukla &#8211; Radny Powiatu Boche\u0144skiego<br \/>\n6.\tpp\u0142k Mariusz Kopczak &#8211; Komendant Plac\u00f3wki Karpackiego Oddzia\u0142u Stra\u017cy Granicznej  w Tarnowie<br \/>\n7.\tpp\u0142k Zbigniew Skurnowicz &#8211; Komendant Wojskowej Komendy Uzupe\u0142nie\u0144 w Tarnowie<br \/>\n8.\tStanis\u0142aw M\u0105dry &#8211; Prezes Stowarzyszenia Emeryt\u00f3w i Rencist\u00f3w Policyjnych przy Komendzie Powiatowej Policji w Bochni<br \/>\n9.\tSabina Bajda  &#8211; Dyrektor Miejskiego O\u015brodka Sportu i Rekreacji w Bochni<br \/>\n10.\t Robert Ho\u0142da  &#8211; Dyrektor Krytej P\u0142ywalni w Bochni<br \/>\n11.\t Jan Jeli\u0144ski &#8211; Prezes Ko\u0142a \u0141owieckiego \u201e\u0141O\u015a\u201d w Bochni<br \/>\n12.\t Zbigniew Rachwa\u0142  &#8211; Prezes MPWiK<br \/>\n13.\t Wojciech  Szafra\u0144ski &#8211; Dyrektor Samodzielnego Publicznego Zak\u0142adu Opieki Zdrowotnej w Bochni im. b\u0142. Marty Wieckiej \u201eSzpital Powiatowy\u201d<br \/>\n14.\t Robert Twardosz \u2013 Dyrektor Zespo\u0142u Szk\u00f3\u0142 im. prof. Jana Zdzis\u0142awa W\u0142odka w  D\u0105browicy<br \/>\n15.\t Krzysztof Zi\u0119ba \u2013 Kopalnia Soli w Bochni<\/p>\n<p><strong>Podzi\u0119kowania<\/strong> \u201eZa zaanga\u017cowanie w s\u0142u\u017cbie, rzetelno\u015b\u0107 w wykonywaniu swoich obowi\u0105zk\u00f3w, uczynno\u015b\u0107 i bezinteresowno\u015b\u0107 a tak\u017ce profesjonalizm\u201d.<\/p>\n<p>1.\tasp. Marcin \u0106WIKOWSKI \u2013 Wydzia\u0142 Dochodzeniowo \u2013 \u015aledczy KPP w Bochni<br \/>\n2.\tasp. Grzegorz STRACH \u2013 Wydzia\u0142 Ruchu Drogowego KPP w Bochni<br \/>\n3.\tAdam PASZKOT \u2013 Pracownik KPP w Bochni<\/p>\n<p><strong>Awanse na wy\u017csze stopnie policyjne funkcjonariuszy Komendy Powiatowej Policji w Bochni:<\/strong><\/p>\n<p>na stopie\u0144 podinspektora policji<br \/>\n&#8211; nadkom. DYMURA Mariusz<\/p>\n<p>na stopie\u0144 komisarza policji<br \/>\n&#8211;  podkom. STRACH Miros\u0142aw <\/p>\n<p>na stopie\u0144 aspiranta sztabowego policji<br \/>\n&#8211; st. asp. DYMURA Tomasz<br \/>\n&#8211; st. asp. G\u00d3RA Robert<br \/>\n&#8211; st. asp. KALISZ Marek<br \/>\n&#8211; st. asp. KICKA Robert<br \/>\n&#8211; st. asp. MACHAJ Leszek<br \/>\n&#8211; st. asp. TRZECIAK Jacek<br \/>\n&#8211; st. asp. WILK Grzegorz<\/p>\n<p>na stopie\u0144  straszego aspiranta policji<br \/>\n&#8211; asp. BO\u017bY\u0143SKI Grzegorz<br \/>\n&#8211; asp. GRABOWSKI Janusz<br \/>\n&#8211; asp. MARDOSZ Mariusz<br \/>\n&#8211; asp. STOPCZY\u0143SKI Krzysztof<\/p>\n<p>na stopie\u0144 aspiranta policji<br \/>\n&#8211; m\u0142. asp. JAWIE\u0143 Pawe\u0142<br \/>\n&#8211; m\u0142. asp. W\u0141ODEK Marcin<\/p>\n<p>na stopie\u0144 m\u0142odszego aspiranta policji<br \/>\n&#8211; sier\u017c. szt. POLEK Leszek<br \/>\n&#8211;  sier\u017c. szt. RY\u015a Tomasz<\/p>\n<p>na stopie\u0144 sier\u017canta sztabowego policji<br \/>\n&#8211; st. sier\u017c. FILIPEK Dawid<br \/>\n&#8211; st. sier\u017c. HE\u0141MECKI Krzysztof<br \/>\n&#8211; st. sier\u017c. KACZMAREK \u2013 MAJ Katarzyna<br \/>\n&#8211; st. sier\u017c. KOLARZ Robert<br \/>\n&#8211; st. sier\u017c. NOWAK Pawe\u0142<br \/>\n&#8211; st. sier\u017c. ROSIEK Mateusz<\/p>\n<p> na stopie\u0144 starszego sier\u017canta policji<br \/>\n&#8211; sier\u017c. D\u0104BROWSKA \u2013 BIGAS Dominika sier\u017c. WI\u015aNIOWSKA Magdalena<br \/>\n&#8211; sier\u017c. HEBDA Jaros\u0142aw<br \/>\n&#8211; sier\u017c. JUSZCZYK Grzegorz<br \/>\n&#8211; sier\u017c. MOTAK PAWE\u0141<br \/>\n&#8211; sier\u017c. MROCZEK Piotr<\/p>\n<p> na stopie\u0144 sier\u017canta policji<br \/>\n&#8211; st. post. KWIECIE\u0143 Robert<br \/>\n&#8211; st. post. SUDA Kornelisz<\/p>\n<p>na stopie\u0144 starszego posterunkowego policji<br \/>\n&#8211; post. ALBIN Mieczys\u0142aw<br \/>\n&#8211;  post. DUDZIAK Marcin<\/p>\n<p>&#8212;&#8212;&#8212;&#8212;&#8212;&#8212;&#8212;&#8212;&#8212;&#8212;&#8212;&#8212;&#8212;&#8212;&#8212;&#8212;&#8212;&#8212;&#8212;&#8212;&#8212;&#8212;&#8212;&#8212;&#8212;&#8212;&#8212;&#8212;&#8212;&#8212;&#8212;&#8212;&#8212;&#8212;-<\/p>\n<p><strong>Awanse<\/strong><br \/>\nUstawa o Policji okre\u015bla zasady nadawania stopni policyjnych, kt\u00f3rych jest 23 podzielonych na 6 korpus\u00f3w. Nazewnictwo aktualnych stopni zaczerpni\u0119to w g\u0142\u00f3wnej mierze z Policji Pa\u0144stwowej utworzonej na mocy ustawy z dnia 24 lipca 1919 roku o Policji Pa\u0144stwowej. Stopie\u0144 przodownika zast\u0105piono stopniem sier\u017canta oraz rozszerzono korpus aspirant\u00f3w.<\/p>\n<p>Mianowanie w poszczeg\u00f3lnych korpusach odbywa si\u0119:<br \/>\n&#8211;  na podstawie postanowienia Prezydenta RP w przypadku nadania stopnia oficerskiego,<br \/>\n&#8211; rozkazu personalnego Komendanta Wojew\u00f3dzkiego Policji w przypadku korpusu aspirant\u00f3w i podoficer\u00f3w Policji,<br \/>\n&#8211;  rozkazu personalnego Komendanta Powiatowego Policji w przypadku korpusu szeregowych Policji.<\/p>\n<p>Z dniem mianowania na stanowisko s\u0142u\u017cbowe policjant otrzymuje stopie\u0144 posterunkowego. Po uko\u0144czeniu szkolenia zawodowego z biegiem lat zajmuj\u0105c okre\u015blone stanowiska s\u0142u\u017cbowe mo\u017ce na wniosek prze\u0142o\u017conych awansowa\u0107 do kolejnych korpus\u00f3w. Awans stanowi swoiste wyr\u00f3\u017cnienie i docenienie sumiennie wykonywanych obowi\u0105zk\u00f3w na rzecz bezpiecze\u0144stwa obywateli. <\/p>\n<p>Na pierwszy stopie\u0144 policyjny w korpusie podoficer\u00f3w Policji mo\u017ce by\u0107 mianowany policjant, kt\u00f3ry uko\u0144czy\u0142 szkolenie zawodowe podstawowe i zosta\u0142 mianowany lub powo\u0142any na stanowisko, dla kt\u00f3rego zosta\u0142 okre\u015blony stopie\u0144 w korpusach podoficer\u00f3w, aspirant\u00f3w lub oficer\u00f3w Policji.<\/p>\n<p>Na pierwszy stopie\u0144 policyjny w korpusie aspirant\u00f3w Policji mo\u017ce by\u0107 mianowany podoficer Policji, kt\u00f3ry zosta\u0142 mianowany lub powo\u0142any na stanowisko, dla kt\u00f3rego zosta\u0142 okre\u015blony stopie\u0144 w korpusach aspirant\u00f3w lub oficer\u00f3w Policji.<\/p>\n<p>Na pierwszy stopie\u0144 w korpusie oficera m\u0142odszego Policji mo\u017ce by\u0107 mianowany policjant, kt\u00f3ry uko\u0144czy\u0142 studia w Wy\u017cszej Szkole Policji lub szkolenie zawodowe dla absolwent\u00f3w szk\u00f3\u0142 wy\u017cszych, zosta\u0142 mianowany lub powo\u0142any na stanowisko, dla kt\u00f3rego zosta\u0142 okre\u015blony stopie\u0144 w korpusie oficer\u00f3w Policji, i z\u0142o\u017cy\u0142 egzamin oficerski.<\/p>\n<p>1. Mianowanie na kolejny wy\u017cszy stopie\u0144 nast\u0119puje stosownie do zajmowanego stanowiska s\u0142u\u017cbowego oraz w zale\u017cno\u015bci od opinii s\u0142u\u017cbowej. Nadanie tego stopnia nie mo\u017ce jednak nast\u0105pi\u0107 wcze\u015bniej ni\u017c po przes\u0142u\u017ceniu w dotychczasowym stopniu:<\/p>\n<p>&#8211; posterunkowego &#8211; 1 roku,<br \/>\n&#8211; starszego posterunkowego &#8211; 1 roku,<br \/>\n&#8211; sier\u017canta &#8211; 2 lat,<br \/>\n&#8211; starszego sier\u017canta &#8211; 2 lat,<br \/>\n&#8211; sier\u017canta sztabowego &#8211; 2 lat,<br \/>\n&#8211; m\u0142odszego aspiranta &#8211; 3 lat,<br \/>\n&#8211; aspiranta &#8211; 3 lat,<br \/>\n&#8211; starszego aspiranta &#8211; 2 lat,<br \/>\n&#8211; aspiranta sztabowego &#8211; 4 lat,<br \/>\n&#8211; podkomisarza &#8211; 3 lat,<br \/>\n&#8211; komisarza &#8211; 4 lat,<br \/>\n&#8211; nadkomisarza &#8211; 4 lat,<br \/>\n&#8211; podinspektora &#8211; 3 lat,<br \/>\n&#8211; m\u0142odszego inspektora &#8211; 4 lat,<br \/>\n&#8211; inspektora &#8211; 4 lat.<\/p>\n","protected":false},"excerpt":{"rendered":"<p>Dw\u00f3ch funkcjonariuszy dosta\u0142o medale od prezydenta RP Bronis\u0142awa Komorowskiego, sze\u015bciu zosta\u0142o uhonorowanych odznakami &#8222;Zas\u0142u\u017cony Policjant&#8221;, za\u015b trzydziestu trzech policjant\u00f3w awansowa\u0142o na wy\u017cszy stopie\u0144. Okazja do wr\u0119czenia powy\u017cszych by\u0142a dzi\u015b podczas \u015awi\u0119ta Policji w Bochni.<\/p>\n","protected":false},"author":4,"featured_media":0,"comment_status":"open","ping_status":"closed","sticky":false,"template":"","format":"standard","meta":{"_acf_changed":false,"footnotes":""},"categories":[5,6251,6250],"tags":[17230,17238,17235,17155,17909],"class_list":["post-75517","post","type-post","status-publish","format-standard","hentry","category-biezace-wydarzenia","category-polityka-i-wydarzenia","category-tematyka","tag-awans","tag-leszek-machaj","tag-marek-rudnik","tag-policja","tag-swieto-policji","main_tag-policja"],"acf":[],"yoast_head":"<!-- This site is optimized with the Yoast SEO plugin v26.9 - https:\/\/yoast.com\/product\/yoast-seo-wordpress\/ -->\n<title>\u015awi\u0119to Policji - lista awans\u00f3w i odznacze\u0144 - mojabochnia.pl - portal informacyjny<\/title>\n<meta name=\"robots\" content=\"index, follow, max-snippet:-1, max-image-preview:large, max-video-preview:-1\" \/>\n<link rel=\"canonical\" href=\"https:\/\/www.mojabochnia.pl\/?p=75517\" \/>\n<meta property=\"og:locale\" content=\"pl_PL\" \/>\n<meta property=\"og:type\" content=\"article\" \/>\n<meta property=\"og:title\" content=\"\u015awi\u0119to Policji - lista awans\u00f3w i odznacze\u0144 - mojabochnia.pl - portal informacyjny\" \/>\n<meta property=\"og:description\" content=\"Dw\u00f3ch funkcjonariuszy dosta\u0142o medale od prezydenta RP Bronis\u0142awa Komorowskiego, sze\u015bciu zosta\u0142o uhonorowanych odznakami &quot;Zas\u0142u\u017cony Policjant&quot;, za\u015b trzydziestu trzech policjant\u00f3w awansowa\u0142o na wy\u017cszy stopie\u0144. Okazja do wr\u0119czenia powy\u017cszych by\u0142a dzi\u015b podczas \u015awi\u0119ta Policji w Bochni.\" \/>\n<meta property=\"og:url\" content=\"https:\/\/www.mojabochnia.pl\/?p=75517\" \/>\n<meta property=\"og:site_name\" content=\"mojabochnia.pl - portal informacyjny\" \/>\n<meta property=\"article:publisher\" content=\"https:\/\/www.facebook.com\/mojabochnia\" \/>\n<meta property=\"article:published_time\" content=\"2012-07-27T13:09:58+00:00\" \/>\n<meta property=\"article:modified_time\" content=\"2012-07-27T19:58:43+00:00\" \/>\n<meta name=\"author\" content=\"Pawe\u0142 Michalczyk\" \/>\n<meta name=\"twitter:card\" content=\"summary_large_image\" \/>\n<meta name=\"twitter:label1\" content=\"Written by\" \/>\n\t<meta name=\"twitter:data1\" content=\"Pawe\u0142 Michalczyk\" \/>\n\t<meta name=\"twitter:label2\" content=\"Est. reading time\" \/>\n\t<meta name=\"twitter:data2\" content=\"5 minut\" \/>\n<script type=\"application\/ld+json\" class=\"yoast-schema-graph\">{\"@context\":\"https:\/\/schema.org\",\"@graph\":[{\"@type\":\"Article\",\"@id\":\"https:\/\/www.mojabochnia.pl\/?p=75517#article\",\"isPartOf\":{\"@id\":\"https:\/\/www.mojabochnia.pl\/?p=75517\"},\"author\":{\"name\":\"Pawe\u0142 Michalczyk\",\"@id\":\"https:\/\/www.mojabochnia.pl\/#\/schema\/person\/ea042e4724a77627963f02166828ead4\"},\"headline\":\"\u015awi\u0119to Policji &#8211; lista awans\u00f3w i odznacze\u0144\",\"datePublished\":\"2012-07-27T13:09:58+00:00\",\"dateModified\":\"2012-07-27T19:58:43+00:00\",\"mainEntityOfPage\":{\"@id\":\"https:\/\/www.mojabochnia.pl\/?p=75517\"},\"wordCount\":1106,\"commentCount\":0,\"publisher\":{\"@id\":\"https:\/\/www.mojabochnia.pl\/#organization\"},\"keywords\":[\"awans\",\"leszek machaj\",\"marek rudnik\",\"policja\",\"\u015bwi\u0119to policji\"],\"articleSection\":[\"2_ostatnie\",\"polityka i wydarzenia\",\"tematyka\"],\"inLanguage\":\"pl-PL\",\"potentialAction\":[{\"@type\":\"CommentAction\",\"name\":\"Comment\",\"target\":[\"https:\/\/www.mojabochnia.pl\/?p=75517#respond\"]}]},{\"@type\":\"WebPage\",\"@id\":\"https:\/\/www.mojabochnia.pl\/?p=75517\",\"url\":\"https:\/\/www.mojabochnia.pl\/?p=75517\",\"name\":\"\u015awi\u0119to Policji - lista awans\u00f3w i odznacze\u0144 - mojabochnia.pl - portal informacyjny\",\"isPartOf\":{\"@id\":\"https:\/\/www.mojabochnia.pl\/#website\"},\"datePublished\":\"2012-07-27T13:09:58+00:00\",\"dateModified\":\"2012-07-27T19:58:43+00:00\",\"breadcrumb\":{\"@id\":\"https:\/\/www.mojabochnia.pl\/?p=75517#breadcrumb\"},\"inLanguage\":\"pl-PL\",\"potentialAction\":[{\"@type\":\"ReadAction\",\"target\":[\"https:\/\/www.mojabochnia.pl\/?p=75517\"]}]},{\"@type\":\"BreadcrumbList\",\"@id\":\"https:\/\/www.mojabochnia.pl\/?p=75517#breadcrumb\",\"itemListElement\":[{\"@type\":\"ListItem\",\"position\":1,\"name\":\"Home\",\"item\":\"https:\/\/www.mojabochnia.pl\/\"},{\"@type\":\"ListItem\",\"position\":2,\"name\":\"\u015awi\u0119to Policji &#8211; lista awans\u00f3w i odznacze\u0144\"}]},{\"@type\":\"WebSite\",\"@id\":\"https:\/\/www.mojabochnia.pl\/#website\",\"url\":\"https:\/\/www.mojabochnia.pl\/\",\"name\":\"mojabochnia.pl - portal informacyjny\",\"description\":\"mojaBochnia to portal informacyjny o Bochni. Codziennie o Bochni piszemy i pokazujemy najwa\u017cniejsze wydarzenia\",\"publisher\":{\"@id\":\"https:\/\/www.mojabochnia.pl\/#organization\"},\"potentialAction\":[{\"@type\":\"SearchAction\",\"target\":{\"@type\":\"EntryPoint\",\"urlTemplate\":\"https:\/\/www.mojabochnia.pl\/?s={search_term_string}\"},\"query-input\":{\"@type\":\"PropertyValueSpecification\",\"valueRequired\":true,\"valueName\":\"search_term_string\"}}],\"inLanguage\":\"pl-PL\"},{\"@type\":\"Organization\",\"@id\":\"https:\/\/www.mojabochnia.pl\/#organization\",\"name\":\"mojabochnia.pl - portal informacyjny\",\"url\":\"https:\/\/www.mojabochnia.pl\/\",\"logo\":{\"@type\":\"ImageObject\",\"inLanguage\":\"pl-PL\",\"@id\":\"https:\/\/www.mojabochnia.pl\/#\/schema\/logo\/image\/\",\"url\":\"https:\/\/www.mojabochnia.pl\/wp-content\/uploads\/2017\/08\/logo-mb-opt.png\",\"contentUrl\":\"https:\/\/www.mojabochnia.pl\/wp-content\/uploads\/2017\/08\/logo-mb-opt.png\",\"width\":250,\"height\":48,\"caption\":\"mojabochnia.pl - portal informacyjny\"},\"image\":{\"@id\":\"https:\/\/www.mojabochnia.pl\/#\/schema\/logo\/image\/\"},\"sameAs\":[\"https:\/\/www.facebook.com\/mojabochnia\"]},{\"@type\":\"Person\",\"@id\":\"https:\/\/www.mojabochnia.pl\/#\/schema\/person\/ea042e4724a77627963f02166828ead4\",\"name\":\"Pawe\u0142 Michalczyk\",\"url\":\"https:\/\/www.mojabochnia.pl\/?author=4\"}]}<\/script>\n<!-- \/ Yoast SEO plugin. -->","yoast_head_json":{"title":"\u015awi\u0119to Policji - lista awans\u00f3w i odznacze\u0144 - mojabochnia.pl - portal informacyjny","robots":{"index":"index","follow":"follow","max-snippet":"max-snippet:-1","max-image-preview":"max-image-preview:large","max-video-preview":"max-video-preview:-1"},"canonical":"https:\/\/www.mojabochnia.pl\/?p=75517","og_locale":"pl_PL","og_type":"article","og_title":"\u015awi\u0119to Policji - lista awans\u00f3w i odznacze\u0144 - mojabochnia.pl - portal informacyjny","og_description":"Dw\u00f3ch funkcjonariuszy dosta\u0142o medale od prezydenta RP Bronis\u0142awa Komorowskiego, sze\u015bciu zosta\u0142o uhonorowanych odznakami \"Zas\u0142u\u017cony Policjant\", za\u015b trzydziestu trzech policjant\u00f3w awansowa\u0142o na wy\u017cszy stopie\u0144. Okazja do wr\u0119czenia powy\u017cszych by\u0142a dzi\u015b podczas \u015awi\u0119ta Policji w Bochni.","og_url":"https:\/\/www.mojabochnia.pl\/?p=75517","og_site_name":"mojabochnia.pl - portal informacyjny","article_publisher":"https:\/\/www.facebook.com\/mojabochnia","article_published_time":"2012-07-27T13:09:58+00:00","article_modified_time":"2012-07-27T19:58:43+00:00","author":"Pawe\u0142 Michalczyk","twitter_card":"summary_large_image","twitter_misc":{"Written by":"Pawe\u0142 Michalczyk","Est. reading time":"5 minut"},"schema":{"@context":"https:\/\/schema.org","@graph":[{"@type":"Article","@id":"https:\/\/www.mojabochnia.pl\/?p=75517#article","isPartOf":{"@id":"https:\/\/www.mojabochnia.pl\/?p=75517"},"author":{"name":"Pawe\u0142 Michalczyk","@id":"https:\/\/www.mojabochnia.pl\/#\/schema\/person\/ea042e4724a77627963f02166828ead4"},"headline":"\u015awi\u0119to Policji &#8211; lista awans\u00f3w i odznacze\u0144","datePublished":"2012-07-27T13:09:58+00:00","dateModified":"2012-07-27T19:58:43+00:00","mainEntityOfPage":{"@id":"https:\/\/www.mojabochnia.pl\/?p=75517"},"wordCount":1106,"commentCount":0,"publisher":{"@id":"https:\/\/www.mojabochnia.pl\/#organization"},"keywords":["awans","leszek machaj","marek rudnik","policja","\u015bwi\u0119to policji"],"articleSection":["2_ostatnie","polityka i wydarzenia","tematyka"],"inLanguage":"pl-PL","potentialAction":[{"@type":"CommentAction","name":"Comment","target":["https:\/\/www.mojabochnia.pl\/?p=75517#respond"]}]},{"@type":"WebPage","@id":"https:\/\/www.mojabochnia.pl\/?p=75517","url":"https:\/\/www.mojabochnia.pl\/?p=75517","name":"\u015awi\u0119to Policji - lista awans\u00f3w i odznacze\u0144 - mojabochnia.pl - portal informacyjny","isPartOf":{"@id":"https:\/\/www.mojabochnia.pl\/#website"},"datePublished":"2012-07-27T13:09:58+00:00","dateModified":"2012-07-27T19:58:43+00:00","breadcrumb":{"@id":"https:\/\/www.mojabochnia.pl\/?p=75517#breadcrumb"},"inLanguage":"pl-PL","potentialAction":[{"@type":"ReadAction","target":["https:\/\/www.mojabochnia.pl\/?p=75517"]}]},{"@type":"BreadcrumbList","@id":"https:\/\/www.mojabochnia.pl\/?p=75517#breadcrumb","itemListElement":[{"@type":"ListItem","position":1,"name":"Home","item":"https:\/\/www.mojabochnia.pl\/"},{"@type":"ListItem","position":2,"name":"\u015awi\u0119to Policji &#8211; lista awans\u00f3w i odznacze\u0144"}]},{"@type":"WebSite","@id":"https:\/\/www.mojabochnia.pl\/#website","url":"https:\/\/www.mojabochnia.pl\/","name":"mojabochnia.pl - portal informacyjny","description":"mojaBochnia to portal informacyjny o Bochni. Codziennie o Bochni piszemy i pokazujemy najwa\u017cniejsze wydarzenia","publisher":{"@id":"https:\/\/www.mojabochnia.pl\/#organization"},"potentialAction":[{"@type":"SearchAction","target":{"@type":"EntryPoint","urlTemplate":"https:\/\/www.mojabochnia.pl\/?s={search_term_string}"},"query-input":{"@type":"PropertyValueSpecification","valueRequired":true,"valueName":"search_term_string"}}],"inLanguage":"pl-PL"},{"@type":"Organization","@id":"https:\/\/www.mojabochnia.pl\/#organization","name":"mojabochnia.pl - portal informacyjny","url":"https:\/\/www.mojabochnia.pl\/","logo":{"@type":"ImageObject","inLanguage":"pl-PL","@id":"https:\/\/www.mojabochnia.pl\/#\/schema\/logo\/image\/","url":"https:\/\/www.mojabochnia.pl\/wp-content\/uploads\/2017\/08\/logo-mb-opt.png","contentUrl":"https:\/\/www.mojabochnia.pl\/wp-content\/uploads\/2017\/08\/logo-mb-opt.png","width":250,"height":48,"caption":"mojabochnia.pl - portal informacyjny"},"image":{"@id":"https:\/\/www.mojabochnia.pl\/#\/schema\/logo\/image\/"},"sameAs":["https:\/\/www.facebook.com\/mojabochnia"]},{"@type":"Person","@id":"https:\/\/www.mojabochnia.pl\/#\/schema\/person\/ea042e4724a77627963f02166828ead4","name":"Pawe\u0142 Michalczyk","url":"https:\/\/www.mojabochnia.pl\/?author=4"}]}},"_links":{"self":[{"href":"https:\/\/www.mojabochnia.pl\/index.php?rest_route=\/wp\/v2\/posts\/75517","targetHints":{"allow":["GET"]}}],"collection":[{"href":"https:\/\/www.mojabochnia.pl\/index.php?rest_route=\/wp\/v2\/posts"}],"about":[{"href":"https:\/\/www.mojabochnia.pl\/index.php?rest_route=\/wp\/v2\/types\/post"}],"author":[{"embeddable":true,"href":"https:\/\/www.mojabochnia.pl\/index.php?rest_route=\/wp\/v2\/users\/4"}],"replies":[{"embeddable":true,"href":"https:\/\/www.mojabochnia.pl\/index.php?rest_route=%2Fwp%2Fv2%2Fcomments&post=75517"}],"version-history":[{"count":7,"href":"https:\/\/www.mojabochnia.pl\/index.php?rest_route=\/wp\/v2\/posts\/75517\/revisions"}],"predecessor-version":[{"id":75585,"href":"https:\/\/www.mojabochnia.pl\/index.php?rest_route=\/wp\/v2\/posts\/75517\/revisions\/75585"}],"wp:attachment":[{"href":"https:\/\/www.mojabochnia.pl\/index.php?rest_route=%2Fwp%2Fv2%2Fmedia&parent=75517"}],"wp:term":[{"taxonomy":"category","embeddable":true,"href":"https:\/\/www.mojabochnia.pl\/index.php?rest_route=%2Fwp%2Fv2%2Fcategories&post=75517"},{"taxonomy":"post_tag","embeddable":true,"href":"https:\/\/www.mojabochnia.pl\/index.php?rest_route=%2Fwp%2Fv2%2Ftags&post=75517"}],"curies":[{"name":"wp","href":"https:\/\/api.w.org\/{rel}","templated":true}]}}