{"id":75375,"date":"2012-07-24T09:58:33","date_gmt":"2012-07-24T07:58:33","guid":{"rendered":"http:\/\/www.mojabochnia.pl\/?p=75375"},"modified":"2012-07-24T09:58:33","modified_gmt":"2012-07-24T07:58:33","slug":"pokaz-modeli-latajacych-w-bochni","status":"publish","type":"post","link":"https:\/\/www.mojabochnia.pl\/?p=75375","title":{"rendered":"Pokaz modeli lataj\u0105cych w Bochni"},"content":{"rendered":"<p><em>Na ten dzie\u0144 oczekiwa\u0142y z du\u017c\u0105 niecierpliwo\u015bci\u0105, poniewa\u017c pokazy modeli lataj\u0105cych wzbudza\u0142y w nich wielkie zainteresowanie i wiele domys\u0142\u00f3w. Dlatego widok przyby\u0142ych go\u015bci, kt\u00f3rzy tak jak obiecywali ich nie zawiedli oraz d\u0142ugo wnoszonych przez nich bardzo ciekawych i r\u00f3\u017cnorodnych modeli lataj\u0105cych oraz kilku samochod\u00f3w wraz z uzyskanymi pucharami i innymi trofeami wzbudzi\u0142 w nich wielkie o\u017cywienie i entuzjazm<\/em> \u2013 relacjonuje Katarzyna Cie\u015bla, dyrektor plac\u00f3wki.<\/p>\n<p><em>Z ogromnym przej\u0119ciem i zaciekawieniem dzieci podziwia\u0142y prace modelarzy i wys\u0142ucha\u0142y skierowanej do nich kr\u00f3tkiej pogadanki. Mia\u0142y te\u017c mo\u017cliwo\u015b\u0107 zada\u0107 zaproszonym go\u015bciom pytania, na kt\u00f3re Ci ch\u0119tnie i wyczerpuj\u0105co indywidualnie im odpowiadali. Nast\u0119pnie dzieci wraz z Micha\u0142em Gorczyc\u0105 z zapa\u0142em \u0107wiczy\u0142y wyrzuty prostego modelu samolotu, a towarzystwo starszego kolegi, kt\u00f3ry tak ch\u0119tnie wyja\u015bnia\u0142 im zasady wznoszenia si\u0119 samolotu bardzo im imponowa\u0142o <\/em>\u2013 dodaje Katarzyna Cie\u015bla.<\/p>\n<p>Organizatorzy pokazu licz\u0105, \u017ce maluchy kiedy\u015b powr\u00f3c\u0105 do modelarstwa, by\u0107 mo\u017ce w oparciu o sekcj\u0119 dzia\u0142aj\u0105c\u0105 w Miejskim Domu Kultury. Tam mo\u017cna rozwija\u0107 swoje zainteresowania i umiej\u0119tno\u015bci konstruktorskie. <em>Mo\u017ce, kt\u00f3re\u015b z dzieci odkryje swoj\u0105 pasj\u0119 i b\u0119dzie j\u0105 wykorzystywa\u0142o podobnie, jak przybyli do przedszkola go\u015bcie, kt\u00f3rym serdecznie dzi\u0119kujemy za tak \u017cyczliwe podzielenie si\u0119 ni\u0105 z dzie\u0107mi z naszego miasta. Jednocze\u015bnie gratulujemy im imponuj\u0105cych dotychczasowych osi\u0105gni\u0119\u0107, o kt\u00f3rych nam z rado\u015bci\u0105 i dum\u0105 opowiadali<\/em> \u2013 konkluduje dyrektor Przedszkola nr 1 w Bochni.<\/p>\n<p>&#8212;&#8212;&#8212;&#8212;&#8212;&#8212;&#8212;&#8212;&#8212;&#8212;&#8212;&#8212;&#8212;&#8212;&#8212;&#8212;&#8212;&#8212;&#8212;&#8212;&#8212;&#8212;&#8212;&#8212;&#8212;&#8212;&#8212;&#8212;&#8212;&#8212;&#8212;&#8212;&#8211;<br \/>\n<strong><br \/>\nKLUB MODELARSTWA LOTNICZEGO W MDK BOCHNIA<\/strong><\/p>\n<p>Klub Modelarstwa Lotniczego istnieje w Bochni od 1962 roku. Ostatnie lata tego klubu obfitowa\u0142y w liczne sukcesy modelarzy reprezentuj\u0105cych nasze miasto w r\u00f3\u017cnych bardzo ciekawych konkursach o zasi\u0119gu og\u00f3lnopolskim. Ich najwi\u0119ksze osi\u0105gni\u0119cia, z kt\u00f3rych w spos\u00f3b szczeg\u00f3lny s\u0105 dumni to:<\/p>\n<p>2010 r.<\/p>\n<p>I miejsce i Tytu\u0142 Mistrza Polski w kl. F1N (modele halowe) uzyskane przez Mateusza B\u00f3l<br \/>\nII miejsce w klasie F1H to zespo\u0142owe osi\u0105gni\u0119cie Grzegorza Data, Micha\u0142a Gorczyca i Adriana St\u0119pie\u0144.<br \/>\nII miejsce uzyskane zespo\u0142owo (Mateusz B\u00f3l i Filip Majka) w klasie F1N<br \/>\nIII miejsce i Tytu\u0142 II Wicemistrza Polski dla Filipa Majka<br \/>\nIII miejsce w klasyfikacji Pucharu Polski F1H zdobyte przez Grzegorza Data<br \/>\nIII miejsce w Mistrzostwach Polski modeli swobodnie lataj\u0105cych ma\u0142ych form w klasie F1H  w Gliwicach, kt\u00f3re sta\u0142o si\u0119 sukcesem Pana Grzegorza Data. <\/p>\n<p>W roku 2011 do najwi\u0119kszych sukces\u00f3w zaliczy\u0107 nale\u017cy:<\/p>\n<p>I miejsce i Tytu\u0142 Mistrza Polski Filipa Majka w klasie F1N<br \/>\nI miejsce zdobyte zespo\u0142owo (Filip Majka, Filip Badylak i Bartosz D\u017awigaj) w klasie F1N<br \/>\nII miejsce w klasyfikacji Pucharu Polski w klasie F1H uzyskane przez Micha\u0142a Gorczyca <\/p>\n<p>Natomiast w obecnym roku 2012<\/p>\n<p>Podczas Mistrzostw Polski modeli swobodnie lataj\u0105cych w F1H i F1S zespo\u0142owo zdobyli:<\/p>\n<p>II miejsce F1S \u2013 zdoby\u0142 Micha\u0142 Gorczyca, Adrian St\u0119pie\u0144 i Grzegorz Data<br \/>\nII miejsce F1H\u2013 Grzegorz Data, Micha\u0142 Gorczyca i Adrian St\u0119pie\u0144 <\/p>\n<p>Z kolei podczas Mistrzostw modeli swobodnie lataj\u0105cych klasy F1A zorganizowanych w 2012 r. w Suwa\u0142kach<\/p>\n<p>III miejsce i Tytu\u0142  II Wicemistrza Polski zdoby\u0142 Filip Badylak, a miejsce III miejsce uzyskali dru\u017cynowo:<br \/>\nMicha\u0142 Gorczyca,<br \/>\nBartosz D\u017awigaj<br \/>\ni Filip Badylak.<\/p>\n<p>I miejsce w klasyfikacji Pucharu Polski w klasie F1N nale\u017ca\u0142o do Filipa Majki, a w Pucharze Polski zorganizowanym w Kro\u015bnie w kl. F1S III miejsce ponownie uzyska\u0142 mieszkaniec naszego miasta Micha\u0142 Gorczyca.<\/p>\n\t  \r\n\t\r\n\t    <div class=\"mb-gallery\">\r\n\t    <a href=\"https:\/\/www.mojabochnia.pl\/?attachment_id=75436\" class=\"\"><img loading=\"lazy\" decoding=\"async\" width=\"100\" height=\"56\" src=\"https:\/\/www.mojabochnia.pl\/wp-content\/uploads\/2012\/07\/DSCF3823-120x67.jpg\" class=\"attachment-100x100 size-100x100\" alt=\"\" srcset=\"https:\/\/www.mojabochnia.pl\/wp-content\/uploads\/2012\/07\/DSCF3823-120x67.jpg 120w, https:\/\/www.mojabochnia.pl\/wp-content\/uploads\/2012\/07\/DSCF3823-468x263.jpg 468w, https:\/\/www.mojabochnia.pl\/wp-content\/uploads\/2012\/07\/DSCF3823-660x371.jpg 660w, https:\/\/www.mojabochnia.pl\/wp-content\/uploads\/2012\/07\/DSCF3823.jpg 800w\" sizes=\"auto, (max-width: 100px) 100vw, 100px\" \/><\/a><a href=\"https:\/\/www.mojabochnia.pl\/?attachment_id=75437\" class=\"\"><img loading=\"lazy\" decoding=\"async\" width=\"100\" height=\"56\" src=\"https:\/\/www.mojabochnia.pl\/wp-content\/uploads\/2012\/07\/DSCF3828-120x67.jpg\" class=\"attachment-100x100 size-100x100\" alt=\"\" srcset=\"https:\/\/www.mojabochnia.pl\/wp-content\/uploads\/2012\/07\/DSCF3828-120x67.jpg 120w, https:\/\/www.mojabochnia.pl\/wp-content\/uploads\/2012\/07\/DSCF3828-468x263.jpg 468w, https:\/\/www.mojabochnia.pl\/wp-content\/uploads\/2012\/07\/DSCF3828-660x371.jpg 660w, https:\/\/www.mojabochnia.pl\/wp-content\/uploads\/2012\/07\/DSCF3828.jpg 800w\" sizes=\"auto, (max-width: 100px) 100vw, 100px\" \/><\/a><a href=\"https:\/\/www.mojabochnia.pl\/?attachment_id=75438\" class=\"\"><img loading=\"lazy\" decoding=\"async\" width=\"100\" height=\"56\" src=\"https:\/\/www.mojabochnia.pl\/wp-content\/uploads\/2012\/07\/DSCF3853-120x67.jpg\" class=\"attachment-100x100 size-100x100\" alt=\"\" srcset=\"https:\/\/www.mojabochnia.pl\/wp-content\/uploads\/2012\/07\/DSCF3853-120x67.jpg 120w, https:\/\/www.mojabochnia.pl\/wp-content\/uploads\/2012\/07\/DSCF3853-468x263.jpg 468w, https:\/\/www.mojabochnia.pl\/wp-content\/uploads\/2012\/07\/DSCF3853-660x371.jpg 660w, https:\/\/www.mojabochnia.pl\/wp-content\/uploads\/2012\/07\/DSCF3853.jpg 800w\" sizes=\"auto, (max-width: 100px) 100vw, 100px\" \/><\/a><a href=\"https:\/\/www.mojabochnia.pl\/?attachment_id=75439\" class=\"\"><img loading=\"lazy\" decoding=\"async\" width=\"100\" height=\"56\" src=\"https:\/\/www.mojabochnia.pl\/wp-content\/uploads\/2012\/07\/DSCF3865-120x67.jpg\" class=\"attachment-100x100 size-100x100\" alt=\"\" srcset=\"https:\/\/www.mojabochnia.pl\/wp-content\/uploads\/2012\/07\/DSCF3865-120x67.jpg 120w, https:\/\/www.mojabochnia.pl\/wp-content\/uploads\/2012\/07\/DSCF3865-468x263.jpg 468w, https:\/\/www.mojabochnia.pl\/wp-content\/uploads\/2012\/07\/DSCF3865-660x371.jpg 660w, https:\/\/www.mojabochnia.pl\/wp-content\/uploads\/2012\/07\/DSCF3865.jpg 800w\" sizes=\"auto, (max-width: 100px) 100vw, 100px\" \/><\/a><a href=\"https:\/\/www.mojabochnia.pl\/?attachment_id=75440\" class=\"\"><img loading=\"lazy\" decoding=\"async\" width=\"100\" height=\"56\" src=\"https:\/\/www.mojabochnia.pl\/wp-content\/uploads\/2012\/07\/DSCF3873-120x67.jpg\" class=\"attachment-100x100 size-100x100\" alt=\"\" srcset=\"https:\/\/www.mojabochnia.pl\/wp-content\/uploads\/2012\/07\/DSCF3873-120x67.jpg 120w, https:\/\/www.mojabochnia.pl\/wp-content\/uploads\/2012\/07\/DSCF3873-468x263.jpg 468w, https:\/\/www.mojabochnia.pl\/wp-content\/uploads\/2012\/07\/DSCF3873-660x371.jpg 660w, https:\/\/www.mojabochnia.pl\/wp-content\/uploads\/2012\/07\/DSCF3873.jpg 800w\" sizes=\"auto, (max-width: 100px) 100vw, 100px\" \/><\/a><a href=\"https:\/\/www.mojabochnia.pl\/?attachment_id=75441\" class=\"\"><img loading=\"lazy\" decoding=\"async\" width=\"100\" height=\"56\" src=\"https:\/\/www.mojabochnia.pl\/wp-content\/uploads\/2012\/07\/DSCF3911-120x67.jpg\" class=\"attachment-100x100 size-100x100\" alt=\"\" srcset=\"https:\/\/www.mojabochnia.pl\/wp-content\/uploads\/2012\/07\/DSCF3911-120x67.jpg 120w, https:\/\/www.mojabochnia.pl\/wp-content\/uploads\/2012\/07\/DSCF3911-468x263.jpg 468w, https:\/\/www.mojabochnia.pl\/wp-content\/uploads\/2012\/07\/DSCF3911-660x371.jpg 660w, https:\/\/www.mojabochnia.pl\/wp-content\/uploads\/2012\/07\/DSCF3911.jpg 800w\" sizes=\"auto, (max-width: 100px) 100vw, 100px\" \/><\/a><a href=\"https:\/\/www.mojabochnia.pl\/?attachment_id=75442\" class=\"\"><img loading=\"lazy\" decoding=\"async\" width=\"100\" height=\"56\" src=\"https:\/\/www.mojabochnia.pl\/wp-content\/uploads\/2012\/07\/DSCF3838-120x67.jpg\" class=\"attachment-100x100 size-100x100\" alt=\"\" srcset=\"https:\/\/www.mojabochnia.pl\/wp-content\/uploads\/2012\/07\/DSCF3838-120x67.jpg 120w, https:\/\/www.mojabochnia.pl\/wp-content\/uploads\/2012\/07\/DSCF3838-468x263.jpg 468w, https:\/\/www.mojabochnia.pl\/wp-content\/uploads\/2012\/07\/DSCF3838-660x371.jpg 660w, https:\/\/www.mojabochnia.pl\/wp-content\/uploads\/2012\/07\/DSCF3838.jpg 800w\" sizes=\"auto, (max-width: 100px) 100vw, 100px\" \/><\/a>\t    <\/div>\r\n\t    ","protected":false},"excerpt":{"rendered":"<p>Dzieci z przedszkola nr 1 w Bochni mog\u0142y podziwia\u0107 modele samolot\u00f3w wykonane w Klubie Modelarstwa Lotniczego w MDK Bochnia. <\/p>\n","protected":false},"author":13,"featured_media":0,"comment_status":"open","ping_status":"closed","sticky":false,"template":"","format":"standard","meta":{"_acf_changed":false,"footnotes":""},"categories":[5,6247,6246,6251,6250],"tags":[5838,17713,17279,3789],"class_list":["post-75375","post","type-post","status-publish","format-standard","hentry","category-biezace-wydarzenia","category-fotogaleria","category-medium","category-polityka-i-wydarzenia","category-tematyka","tag-modele-latajace","tag-pokaz","tag-przedszkole","tag-samolot","main_tag-przedszkole"],"acf":[],"yoast_head":"<!-- This site is optimized with the Yoast SEO plugin v26.9 - https:\/\/yoast.com\/product\/yoast-seo-wordpress\/ -->\n<title>Pokaz modeli lataj\u0105cych w Bochni - mojabochnia.pl - portal informacyjny<\/title>\n<meta name=\"robots\" content=\"index, follow, max-snippet:-1, max-image-preview:large, max-video-preview:-1\" \/>\n<link rel=\"canonical\" href=\"https:\/\/www.mojabochnia.pl\/?p=75375\" \/>\n<meta property=\"og:locale\" content=\"pl_PL\" \/>\n<meta property=\"og:type\" content=\"article\" \/>\n<meta property=\"og:title\" content=\"Pokaz modeli lataj\u0105cych w Bochni - mojabochnia.pl - portal informacyjny\" \/>\n<meta property=\"og:description\" content=\"Dzieci z przedszkola nr 1 w Bochni mog\u0142y podziwia\u0107 modele samolot\u00f3w wykonane w Klubie Modelarstwa Lotniczego w MDK Bochnia.\" \/>\n<meta property=\"og:url\" content=\"https:\/\/www.mojabochnia.pl\/?p=75375\" \/>\n<meta property=\"og:site_name\" content=\"mojabochnia.pl - portal informacyjny\" \/>\n<meta property=\"article:publisher\" content=\"https:\/\/www.facebook.com\/mojabochnia\" \/>\n<meta property=\"article:published_time\" content=\"2012-07-24T07:58:33+00:00\" \/>\n<meta name=\"author\" content=\"redakcja\" \/>\n<meta name=\"twitter:card\" content=\"summary_large_image\" \/>\n<meta name=\"twitter:label1\" content=\"Written by\" \/>\n\t<meta name=\"twitter:data1\" content=\"redakcja\" \/>\n\t<meta name=\"twitter:label2\" content=\"Est. reading time\" \/>\n\t<meta name=\"twitter:data2\" content=\"3 minuty\" \/>\n<script type=\"application\/ld+json\" class=\"yoast-schema-graph\">{\"@context\":\"https:\/\/schema.org\",\"@graph\":[{\"@type\":\"Article\",\"@id\":\"https:\/\/www.mojabochnia.pl\/?p=75375#article\",\"isPartOf\":{\"@id\":\"https:\/\/www.mojabochnia.pl\/?p=75375\"},\"author\":{\"name\":\"redakcja\",\"@id\":\"https:\/\/www.mojabochnia.pl\/#\/schema\/person\/7e2f20ead9902216a3384f13606c0ab7\"},\"headline\":\"Pokaz modeli lataj\u0105cych w Bochni\",\"datePublished\":\"2012-07-24T07:58:33+00:00\",\"mainEntityOfPage\":{\"@id\":\"https:\/\/www.mojabochnia.pl\/?p=75375\"},\"wordCount\":605,\"commentCount\":0,\"publisher\":{\"@id\":\"https:\/\/www.mojabochnia.pl\/#organization\"},\"keywords\":[\"modele lataj\u0105ce\",\"pokaz\",\"przedszkole\",\"samolot\"],\"articleSection\":[\"2_ostatnie\",\"fotogaleria\",\"Medium\",\"polityka i wydarzenia\",\"tematyka\"],\"inLanguage\":\"pl-PL\",\"potentialAction\":[{\"@type\":\"CommentAction\",\"name\":\"Comment\",\"target\":[\"https:\/\/www.mojabochnia.pl\/?p=75375#respond\"]}]},{\"@type\":\"WebPage\",\"@id\":\"https:\/\/www.mojabochnia.pl\/?p=75375\",\"url\":\"https:\/\/www.mojabochnia.pl\/?p=75375\",\"name\":\"Pokaz modeli lataj\u0105cych w Bochni - mojabochnia.pl - portal informacyjny\",\"isPartOf\":{\"@id\":\"https:\/\/www.mojabochnia.pl\/#website\"},\"datePublished\":\"2012-07-24T07:58:33+00:00\",\"breadcrumb\":{\"@id\":\"https:\/\/www.mojabochnia.pl\/?p=75375#breadcrumb\"},\"inLanguage\":\"pl-PL\",\"potentialAction\":[{\"@type\":\"ReadAction\",\"target\":[\"https:\/\/www.mojabochnia.pl\/?p=75375\"]}]},{\"@type\":\"BreadcrumbList\",\"@id\":\"https:\/\/www.mojabochnia.pl\/?p=75375#breadcrumb\",\"itemListElement\":[{\"@type\":\"ListItem\",\"position\":1,\"name\":\"Home\",\"item\":\"https:\/\/www.mojabochnia.pl\/\"},{\"@type\":\"ListItem\",\"position\":2,\"name\":\"Pokaz modeli lataj\u0105cych w Bochni\"}]},{\"@type\":\"WebSite\",\"@id\":\"https:\/\/www.mojabochnia.pl\/#website\",\"url\":\"https:\/\/www.mojabochnia.pl\/\",\"name\":\"mojabochnia.pl - portal informacyjny\",\"description\":\"mojaBochnia to portal informacyjny o Bochni. Codziennie o Bochni piszemy i pokazujemy najwa\u017cniejsze wydarzenia\",\"publisher\":{\"@id\":\"https:\/\/www.mojabochnia.pl\/#organization\"},\"potentialAction\":[{\"@type\":\"SearchAction\",\"target\":{\"@type\":\"EntryPoint\",\"urlTemplate\":\"https:\/\/www.mojabochnia.pl\/?s={search_term_string}\"},\"query-input\":{\"@type\":\"PropertyValueSpecification\",\"valueRequired\":true,\"valueName\":\"search_term_string\"}}],\"inLanguage\":\"pl-PL\"},{\"@type\":\"Organization\",\"@id\":\"https:\/\/www.mojabochnia.pl\/#organization\",\"name\":\"mojabochnia.pl - portal informacyjny\",\"url\":\"https:\/\/www.mojabochnia.pl\/\",\"logo\":{\"@type\":\"ImageObject\",\"inLanguage\":\"pl-PL\",\"@id\":\"https:\/\/www.mojabochnia.pl\/#\/schema\/logo\/image\/\",\"url\":\"https:\/\/www.mojabochnia.pl\/wp-content\/uploads\/2017\/08\/logo-mb-opt.png\",\"contentUrl\":\"https:\/\/www.mojabochnia.pl\/wp-content\/uploads\/2017\/08\/logo-mb-opt.png\",\"width\":250,\"height\":48,\"caption\":\"mojabochnia.pl - portal informacyjny\"},\"image\":{\"@id\":\"https:\/\/www.mojabochnia.pl\/#\/schema\/logo\/image\/\"},\"sameAs\":[\"https:\/\/www.facebook.com\/mojabochnia\"]},{\"@type\":\"Person\",\"@id\":\"https:\/\/www.mojabochnia.pl\/#\/schema\/person\/7e2f20ead9902216a3384f13606c0ab7\",\"name\":\"redakcja\",\"sameAs\":[\"http:\/\/\"],\"url\":\"https:\/\/www.mojabochnia.pl\/?author=13\"}]}<\/script>\n<!-- \/ Yoast SEO plugin. -->","yoast_head_json":{"title":"Pokaz modeli lataj\u0105cych w Bochni - mojabochnia.pl - portal informacyjny","robots":{"index":"index","follow":"follow","max-snippet":"max-snippet:-1","max-image-preview":"max-image-preview:large","max-video-preview":"max-video-preview:-1"},"canonical":"https:\/\/www.mojabochnia.pl\/?p=75375","og_locale":"pl_PL","og_type":"article","og_title":"Pokaz modeli lataj\u0105cych w Bochni - mojabochnia.pl - portal informacyjny","og_description":"Dzieci z przedszkola nr 1 w Bochni mog\u0142y podziwia\u0107 modele samolot\u00f3w wykonane w Klubie Modelarstwa Lotniczego w MDK Bochnia.","og_url":"https:\/\/www.mojabochnia.pl\/?p=75375","og_site_name":"mojabochnia.pl - portal informacyjny","article_publisher":"https:\/\/www.facebook.com\/mojabochnia","article_published_time":"2012-07-24T07:58:33+00:00","author":"redakcja","twitter_card":"summary_large_image","twitter_misc":{"Written by":"redakcja","Est. reading time":"3 minuty"},"schema":{"@context":"https:\/\/schema.org","@graph":[{"@type":"Article","@id":"https:\/\/www.mojabochnia.pl\/?p=75375#article","isPartOf":{"@id":"https:\/\/www.mojabochnia.pl\/?p=75375"},"author":{"name":"redakcja","@id":"https:\/\/www.mojabochnia.pl\/#\/schema\/person\/7e2f20ead9902216a3384f13606c0ab7"},"headline":"Pokaz modeli lataj\u0105cych w Bochni","datePublished":"2012-07-24T07:58:33+00:00","mainEntityOfPage":{"@id":"https:\/\/www.mojabochnia.pl\/?p=75375"},"wordCount":605,"commentCount":0,"publisher":{"@id":"https:\/\/www.mojabochnia.pl\/#organization"},"keywords":["modele lataj\u0105ce","pokaz","przedszkole","samolot"],"articleSection":["2_ostatnie","fotogaleria","Medium","polityka i wydarzenia","tematyka"],"inLanguage":"pl-PL","potentialAction":[{"@type":"CommentAction","name":"Comment","target":["https:\/\/www.mojabochnia.pl\/?p=75375#respond"]}]},{"@type":"WebPage","@id":"https:\/\/www.mojabochnia.pl\/?p=75375","url":"https:\/\/www.mojabochnia.pl\/?p=75375","name":"Pokaz modeli lataj\u0105cych w Bochni - mojabochnia.pl - portal informacyjny","isPartOf":{"@id":"https:\/\/www.mojabochnia.pl\/#website"},"datePublished":"2012-07-24T07:58:33+00:00","breadcrumb":{"@id":"https:\/\/www.mojabochnia.pl\/?p=75375#breadcrumb"},"inLanguage":"pl-PL","potentialAction":[{"@type":"ReadAction","target":["https:\/\/www.mojabochnia.pl\/?p=75375"]}]},{"@type":"BreadcrumbList","@id":"https:\/\/www.mojabochnia.pl\/?p=75375#breadcrumb","itemListElement":[{"@type":"ListItem","position":1,"name":"Home","item":"https:\/\/www.mojabochnia.pl\/"},{"@type":"ListItem","position":2,"name":"Pokaz modeli lataj\u0105cych w Bochni"}]},{"@type":"WebSite","@id":"https:\/\/www.mojabochnia.pl\/#website","url":"https:\/\/www.mojabochnia.pl\/","name":"mojabochnia.pl - portal informacyjny","description":"mojaBochnia to portal informacyjny o Bochni. Codziennie o Bochni piszemy i pokazujemy najwa\u017cniejsze wydarzenia","publisher":{"@id":"https:\/\/www.mojabochnia.pl\/#organization"},"potentialAction":[{"@type":"SearchAction","target":{"@type":"EntryPoint","urlTemplate":"https:\/\/www.mojabochnia.pl\/?s={search_term_string}"},"query-input":{"@type":"PropertyValueSpecification","valueRequired":true,"valueName":"search_term_string"}}],"inLanguage":"pl-PL"},{"@type":"Organization","@id":"https:\/\/www.mojabochnia.pl\/#organization","name":"mojabochnia.pl - portal informacyjny","url":"https:\/\/www.mojabochnia.pl\/","logo":{"@type":"ImageObject","inLanguage":"pl-PL","@id":"https:\/\/www.mojabochnia.pl\/#\/schema\/logo\/image\/","url":"https:\/\/www.mojabochnia.pl\/wp-content\/uploads\/2017\/08\/logo-mb-opt.png","contentUrl":"https:\/\/www.mojabochnia.pl\/wp-content\/uploads\/2017\/08\/logo-mb-opt.png","width":250,"height":48,"caption":"mojabochnia.pl - portal informacyjny"},"image":{"@id":"https:\/\/www.mojabochnia.pl\/#\/schema\/logo\/image\/"},"sameAs":["https:\/\/www.facebook.com\/mojabochnia"]},{"@type":"Person","@id":"https:\/\/www.mojabochnia.pl\/#\/schema\/person\/7e2f20ead9902216a3384f13606c0ab7","name":"redakcja","sameAs":["http:\/\/"],"url":"https:\/\/www.mojabochnia.pl\/?author=13"}]}},"_links":{"self":[{"href":"https:\/\/www.mojabochnia.pl\/index.php?rest_route=\/wp\/v2\/posts\/75375","targetHints":{"allow":["GET"]}}],"collection":[{"href":"https:\/\/www.mojabochnia.pl\/index.php?rest_route=\/wp\/v2\/posts"}],"about":[{"href":"https:\/\/www.mojabochnia.pl\/index.php?rest_route=\/wp\/v2\/types\/post"}],"author":[{"embeddable":true,"href":"https:\/\/www.mojabochnia.pl\/index.php?rest_route=\/wp\/v2\/users\/13"}],"replies":[{"embeddable":true,"href":"https:\/\/www.mojabochnia.pl\/index.php?rest_route=%2Fwp%2Fv2%2Fcomments&post=75375"}],"version-history":[{"count":5,"href":"https:\/\/www.mojabochnia.pl\/index.php?rest_route=\/wp\/v2\/posts\/75375\/revisions"}],"predecessor-version":[{"id":75446,"href":"https:\/\/www.mojabochnia.pl\/index.php?rest_route=\/wp\/v2\/posts\/75375\/revisions\/75446"}],"wp:attachment":[{"href":"https:\/\/www.mojabochnia.pl\/index.php?rest_route=%2Fwp%2Fv2%2Fmedia&parent=75375"}],"wp:term":[{"taxonomy":"category","embeddable":true,"href":"https:\/\/www.mojabochnia.pl\/index.php?rest_route=%2Fwp%2Fv2%2Fcategories&post=75375"},{"taxonomy":"post_tag","embeddable":true,"href":"https:\/\/www.mojabochnia.pl\/index.php?rest_route=%2Fwp%2Fv2%2Ftags&post=75375"}],"curies":[{"name":"wp","href":"https:\/\/api.w.org\/{rel}","templated":true}]}}