{"id":7519,"date":"2009-04-12T05:54:55","date_gmt":"2009-04-12T03:54:55","guid":{"rendered":"http:\/\/www.mojabochnia.pl\/?p=7519"},"modified":"2009-04-16T12:34:51","modified_gmt":"2009-04-16T10:34:51","slug":"wiary-nadziei-i-milosci","status":"publish","type":"post","link":"https:\/\/www.mojabochnia.pl\/?p=7519","title":{"rendered":"Wiary, nadziei i mi\u0142o\u015bci&#8230;"},"content":{"rendered":"","protected":false},"excerpt":{"rendered":"<p>Niech Dzie\u0144 Zmartwychwstania przyniesie nam szczeg\u00f3ln\u0105 rado\u015b\u0107, kt\u00f3r\u0105 b\u0119dziemy w sobie nosi\u0107 i dzieli\u0107 si\u0119 z innymi przez ca\u0142y rok. Niech Ten, kt\u00f3ry potrafi pokona\u0107 \u015bmier\u0107, obudzi w nas to co jeszcze u\u015bpione, o\u017cywi to, co jeszcze w nas martwe, a \u015bwiat\u0142o Jego s\u0142owa niech prowadzi nas przez \u017cycie w pokoju.<\/p>\n","protected":false},"author":13,"featured_media":0,"comment_status":"open","ping_status":"closed","sticky":false,"template":"","format":"standard","meta":{"_acf_changed":false,"footnotes":""},"categories":[5,11],"tags":[2058,1624,3343,17557,17633,17684,3399,17627,17550,3338],"class_list":["post-7519","post","type-post","status-publish","format-standard","hentry","category-biezace-wydarzenia","category-top-temat","tag-dobro","tag-jezus-chrystus","tag-lany-poniedzialek","tag-maryja","tag-niedziela-palmowa","tag-palmy","tag-swieta-wielkanocne","tag-wielkanoc","tag-zyczenia","tag-zyczenia-swiateczne"],"acf":[],"yoast_head":"<!-- This site is optimized with the Yoast SEO plugin v26.9 - https:\/\/yoast.com\/product\/yoast-seo-wordpress\/ -->\n<title>Wiary, nadziei i mi\u0142o\u015bci... - mojabochnia.pl - portal informacyjny<\/title>\n<meta name=\"robots\" content=\"index, follow, max-snippet:-1, max-image-preview:large, max-video-preview:-1\" \/>\n<link rel=\"canonical\" href=\"https:\/\/www.mojabochnia.pl\/?p=7519\" \/>\n<meta property=\"og:locale\" content=\"pl_PL\" \/>\n<meta property=\"og:type\" content=\"article\" \/>\n<meta property=\"og:title\" content=\"Wiary, nadziei i mi\u0142o\u015bci... - mojabochnia.pl - portal informacyjny\" \/>\n<meta property=\"og:description\" content=\"Niech Dzie\u0144 Zmartwychwstania przyniesie nam szczeg\u00f3ln\u0105 rado\u015b\u0107, kt\u00f3r\u0105 b\u0119dziemy w sobie nosi\u0107 i dzieli\u0107 si\u0119 z innymi przez ca\u0142y rok. Niech Ten, kt\u00f3ry potrafi pokona\u0107 \u015bmier\u0107, obudzi w nas to co jeszcze u\u015bpione, o\u017cywi to, co jeszcze w nas martwe, a \u015bwiat\u0142o Jego s\u0142owa niech prowadzi nas przez \u017cycie w pokoju.\" \/>\n<meta property=\"og:url\" content=\"https:\/\/www.mojabochnia.pl\/?p=7519\" \/>\n<meta property=\"og:site_name\" content=\"mojabochnia.pl - portal informacyjny\" \/>\n<meta property=\"article:publisher\" content=\"https:\/\/www.facebook.com\/mojabochnia\" \/>\n<meta property=\"article:published_time\" content=\"2009-04-12T03:54:55+00:00\" \/>\n<meta property=\"article:modified_time\" content=\"2009-04-16T10:34:51+00:00\" \/>\n<meta name=\"author\" content=\"redakcja\" \/>\n<meta name=\"twitter:card\" content=\"summary_large_image\" \/>\n<meta name=\"twitter:label1\" content=\"Written by\" \/>\n\t<meta name=\"twitter:data1\" content=\"redakcja\" \/>\n<script type=\"application\/ld+json\" class=\"yoast-schema-graph\">{\"@context\":\"https:\/\/schema.org\",\"@graph\":[{\"@type\":\"Article\",\"@id\":\"https:\/\/www.mojabochnia.pl\/?p=7519#article\",\"isPartOf\":{\"@id\":\"https:\/\/www.mojabochnia.pl\/?p=7519\"},\"author\":{\"name\":\"redakcja\",\"@id\":\"https:\/\/www.mojabochnia.pl\/#\/schema\/person\/7e2f20ead9902216a3384f13606c0ab7\"},\"headline\":\"Wiary, nadziei i mi\u0142o\u015bci&#8230;\",\"datePublished\":\"2009-04-12T03:54:55+00:00\",\"dateModified\":\"2009-04-16T10:34:51+00:00\",\"mainEntityOfPage\":{\"@id\":\"https:\/\/www.mojabochnia.pl\/?p=7519\"},\"wordCount\":6,\"commentCount\":0,\"publisher\":{\"@id\":\"https:\/\/www.mojabochnia.pl\/#organization\"},\"keywords\":[\"dobro\",\"jezus chrystus\",\"lany poniedzia\u0142ek\",\"maryja\",\"niedziela palmowa\",\"palmy\",\"\u015bwi\u0119ta wielkanocne\",\"wielkanoc\",\"\u017cyczenia\",\"\u017cyczenia \u015bwi\u0105teczne\"],\"articleSection\":[\"2_ostatnie\",\"3_w centrum uwagi\"],\"inLanguage\":\"pl-PL\",\"potentialAction\":[{\"@type\":\"CommentAction\",\"name\":\"Comment\",\"target\":[\"https:\/\/www.mojabochnia.pl\/?p=7519#respond\"]}]},{\"@type\":\"WebPage\",\"@id\":\"https:\/\/www.mojabochnia.pl\/?p=7519\",\"url\":\"https:\/\/www.mojabochnia.pl\/?p=7519\",\"name\":\"Wiary, nadziei i mi\u0142o\u015bci... - mojabochnia.pl - portal informacyjny\",\"isPartOf\":{\"@id\":\"https:\/\/www.mojabochnia.pl\/#website\"},\"datePublished\":\"2009-04-12T03:54:55+00:00\",\"dateModified\":\"2009-04-16T10:34:51+00:00\",\"breadcrumb\":{\"@id\":\"https:\/\/www.mojabochnia.pl\/?p=7519#breadcrumb\"},\"inLanguage\":\"pl-PL\",\"potentialAction\":[{\"@type\":\"ReadAction\",\"target\":[\"https:\/\/www.mojabochnia.pl\/?p=7519\"]}]},{\"@type\":\"BreadcrumbList\",\"@id\":\"https:\/\/www.mojabochnia.pl\/?p=7519#breadcrumb\",\"itemListElement\":[{\"@type\":\"ListItem\",\"position\":1,\"name\":\"Home\",\"item\":\"https:\/\/www.mojabochnia.pl\/\"},{\"@type\":\"ListItem\",\"position\":2,\"name\":\"Wiary, nadziei i mi\u0142o\u015bci&#8230;\"}]},{\"@type\":\"WebSite\",\"@id\":\"https:\/\/www.mojabochnia.pl\/#website\",\"url\":\"https:\/\/www.mojabochnia.pl\/\",\"name\":\"mojabochnia.pl - portal informacyjny\",\"description\":\"mojaBochnia to portal informacyjny o Bochni. Codziennie o Bochni piszemy i pokazujemy najwa\u017cniejsze wydarzenia\",\"publisher\":{\"@id\":\"https:\/\/www.mojabochnia.pl\/#organization\"},\"potentialAction\":[{\"@type\":\"SearchAction\",\"target\":{\"@type\":\"EntryPoint\",\"urlTemplate\":\"https:\/\/www.mojabochnia.pl\/?s={search_term_string}\"},\"query-input\":{\"@type\":\"PropertyValueSpecification\",\"valueRequired\":true,\"valueName\":\"search_term_string\"}}],\"inLanguage\":\"pl-PL\"},{\"@type\":\"Organization\",\"@id\":\"https:\/\/www.mojabochnia.pl\/#organization\",\"name\":\"mojabochnia.pl - portal informacyjny\",\"url\":\"https:\/\/www.mojabochnia.pl\/\",\"logo\":{\"@type\":\"ImageObject\",\"inLanguage\":\"pl-PL\",\"@id\":\"https:\/\/www.mojabochnia.pl\/#\/schema\/logo\/image\/\",\"url\":\"https:\/\/www.mojabochnia.pl\/wp-content\/uploads\/2017\/08\/logo-mb-opt.png\",\"contentUrl\":\"https:\/\/www.mojabochnia.pl\/wp-content\/uploads\/2017\/08\/logo-mb-opt.png\",\"width\":250,\"height\":48,\"caption\":\"mojabochnia.pl - portal informacyjny\"},\"image\":{\"@id\":\"https:\/\/www.mojabochnia.pl\/#\/schema\/logo\/image\/\"},\"sameAs\":[\"https:\/\/www.facebook.com\/mojabochnia\"]},{\"@type\":\"Person\",\"@id\":\"https:\/\/www.mojabochnia.pl\/#\/schema\/person\/7e2f20ead9902216a3384f13606c0ab7\",\"name\":\"redakcja\",\"sameAs\":[\"http:\/\/\"],\"url\":\"https:\/\/www.mojabochnia.pl\/?author=13\"}]}<\/script>\n<!-- \/ Yoast SEO plugin. -->","yoast_head_json":{"title":"Wiary, nadziei i mi\u0142o\u015bci... - mojabochnia.pl - portal informacyjny","robots":{"index":"index","follow":"follow","max-snippet":"max-snippet:-1","max-image-preview":"max-image-preview:large","max-video-preview":"max-video-preview:-1"},"canonical":"https:\/\/www.mojabochnia.pl\/?p=7519","og_locale":"pl_PL","og_type":"article","og_title":"Wiary, nadziei i mi\u0142o\u015bci... - mojabochnia.pl - portal informacyjny","og_description":"Niech Dzie\u0144 Zmartwychwstania przyniesie nam szczeg\u00f3ln\u0105 rado\u015b\u0107, kt\u00f3r\u0105 b\u0119dziemy w sobie nosi\u0107 i dzieli\u0107 si\u0119 z innymi przez ca\u0142y rok. Niech Ten, kt\u00f3ry potrafi pokona\u0107 \u015bmier\u0107, obudzi w nas to co jeszcze u\u015bpione, o\u017cywi to, co jeszcze w nas martwe, a \u015bwiat\u0142o Jego s\u0142owa niech prowadzi nas przez \u017cycie w pokoju.","og_url":"https:\/\/www.mojabochnia.pl\/?p=7519","og_site_name":"mojabochnia.pl - portal informacyjny","article_publisher":"https:\/\/www.facebook.com\/mojabochnia","article_published_time":"2009-04-12T03:54:55+00:00","article_modified_time":"2009-04-16T10:34:51+00:00","author":"redakcja","twitter_card":"summary_large_image","twitter_misc":{"Written by":"redakcja"},"schema":{"@context":"https:\/\/schema.org","@graph":[{"@type":"Article","@id":"https:\/\/www.mojabochnia.pl\/?p=7519#article","isPartOf":{"@id":"https:\/\/www.mojabochnia.pl\/?p=7519"},"author":{"name":"redakcja","@id":"https:\/\/www.mojabochnia.pl\/#\/schema\/person\/7e2f20ead9902216a3384f13606c0ab7"},"headline":"Wiary, nadziei i mi\u0142o\u015bci&#8230;","datePublished":"2009-04-12T03:54:55+00:00","dateModified":"2009-04-16T10:34:51+00:00","mainEntityOfPage":{"@id":"https:\/\/www.mojabochnia.pl\/?p=7519"},"wordCount":6,"commentCount":0,"publisher":{"@id":"https:\/\/www.mojabochnia.pl\/#organization"},"keywords":["dobro","jezus chrystus","lany poniedzia\u0142ek","maryja","niedziela palmowa","palmy","\u015bwi\u0119ta wielkanocne","wielkanoc","\u017cyczenia","\u017cyczenia \u015bwi\u0105teczne"],"articleSection":["2_ostatnie","3_w centrum uwagi"],"inLanguage":"pl-PL","potentialAction":[{"@type":"CommentAction","name":"Comment","target":["https:\/\/www.mojabochnia.pl\/?p=7519#respond"]}]},{"@type":"WebPage","@id":"https:\/\/www.mojabochnia.pl\/?p=7519","url":"https:\/\/www.mojabochnia.pl\/?p=7519","name":"Wiary, nadziei i mi\u0142o\u015bci... - mojabochnia.pl - portal informacyjny","isPartOf":{"@id":"https:\/\/www.mojabochnia.pl\/#website"},"datePublished":"2009-04-12T03:54:55+00:00","dateModified":"2009-04-16T10:34:51+00:00","breadcrumb":{"@id":"https:\/\/www.mojabochnia.pl\/?p=7519#breadcrumb"},"inLanguage":"pl-PL","potentialAction":[{"@type":"ReadAction","target":["https:\/\/www.mojabochnia.pl\/?p=7519"]}]},{"@type":"BreadcrumbList","@id":"https:\/\/www.mojabochnia.pl\/?p=7519#breadcrumb","itemListElement":[{"@type":"ListItem","position":1,"name":"Home","item":"https:\/\/www.mojabochnia.pl\/"},{"@type":"ListItem","position":2,"name":"Wiary, nadziei i mi\u0142o\u015bci&#8230;"}]},{"@type":"WebSite","@id":"https:\/\/www.mojabochnia.pl\/#website","url":"https:\/\/www.mojabochnia.pl\/","name":"mojabochnia.pl - portal informacyjny","description":"mojaBochnia to portal informacyjny o Bochni. Codziennie o Bochni piszemy i pokazujemy najwa\u017cniejsze wydarzenia","publisher":{"@id":"https:\/\/www.mojabochnia.pl\/#organization"},"potentialAction":[{"@type":"SearchAction","target":{"@type":"EntryPoint","urlTemplate":"https:\/\/www.mojabochnia.pl\/?s={search_term_string}"},"query-input":{"@type":"PropertyValueSpecification","valueRequired":true,"valueName":"search_term_string"}}],"inLanguage":"pl-PL"},{"@type":"Organization","@id":"https:\/\/www.mojabochnia.pl\/#organization","name":"mojabochnia.pl - portal informacyjny","url":"https:\/\/www.mojabochnia.pl\/","logo":{"@type":"ImageObject","inLanguage":"pl-PL","@id":"https:\/\/www.mojabochnia.pl\/#\/schema\/logo\/image\/","url":"https:\/\/www.mojabochnia.pl\/wp-content\/uploads\/2017\/08\/logo-mb-opt.png","contentUrl":"https:\/\/www.mojabochnia.pl\/wp-content\/uploads\/2017\/08\/logo-mb-opt.png","width":250,"height":48,"caption":"mojabochnia.pl - portal informacyjny"},"image":{"@id":"https:\/\/www.mojabochnia.pl\/#\/schema\/logo\/image\/"},"sameAs":["https:\/\/www.facebook.com\/mojabochnia"]},{"@type":"Person","@id":"https:\/\/www.mojabochnia.pl\/#\/schema\/person\/7e2f20ead9902216a3384f13606c0ab7","name":"redakcja","sameAs":["http:\/\/"],"url":"https:\/\/www.mojabochnia.pl\/?author=13"}]}},"_links":{"self":[{"href":"https:\/\/www.mojabochnia.pl\/index.php?rest_route=\/wp\/v2\/posts\/7519","targetHints":{"allow":["GET"]}}],"collection":[{"href":"https:\/\/www.mojabochnia.pl\/index.php?rest_route=\/wp\/v2\/posts"}],"about":[{"href":"https:\/\/www.mojabochnia.pl\/index.php?rest_route=\/wp\/v2\/types\/post"}],"author":[{"embeddable":true,"href":"https:\/\/www.mojabochnia.pl\/index.php?rest_route=\/wp\/v2\/users\/13"}],"replies":[{"embeddable":true,"href":"https:\/\/www.mojabochnia.pl\/index.php?rest_route=%2Fwp%2Fv2%2Fcomments&post=7519"}],"version-history":[{"count":0,"href":"https:\/\/www.mojabochnia.pl\/index.php?rest_route=\/wp\/v2\/posts\/7519\/revisions"}],"wp:attachment":[{"href":"https:\/\/www.mojabochnia.pl\/index.php?rest_route=%2Fwp%2Fv2%2Fmedia&parent=7519"}],"wp:term":[{"taxonomy":"category","embeddable":true,"href":"https:\/\/www.mojabochnia.pl\/index.php?rest_route=%2Fwp%2Fv2%2Fcategories&post=7519"},{"taxonomy":"post_tag","embeddable":true,"href":"https:\/\/www.mojabochnia.pl\/index.php?rest_route=%2Fwp%2Fv2%2Ftags&post=7519"}],"curies":[{"name":"wp","href":"https:\/\/api.w.org\/{rel}","templated":true}]}}